{"id":15112,"date":"2019-08-25T16:55:08","date_gmt":"2019-08-25T14:55:08","guid":{"rendered":"http:\/\/esponsorama.ad\/?p=15112"},"modified":"2019-08-25T17:54:55","modified_gmt":"2019-08-25T15:54:55","slug":"los-pilotos-del-reale-avintia-racing-team-se-marchan-satisfechos-silverstone","status":"publish","type":"post","link":"http:\/\/esponsorama.ad\/es\/los-pilotos-del-reale-avintia-racing-team-se-marchan-satisfechos-silverstone\/","title":{"rendered":"Los pilotos del Reale Avintia Racing Team se marchan satisfechos de Silverstone"},"content":{"rendered":"<p>El circuito de Silverstone deja a los pilotos del Reale Avintia Racing Team con un buen sabor de boca. Por una parte, Tito Rabat, que regresaba al circuito donde el a\u00f1o pasado sufri\u00f3 una seria lesi\u00f3n en su pierna derecha, sal\u00eda desde la 16\u00aa posici\u00f3n en parrilla y estuvo rodando en posiciones de puntos durante algunas vueltas, pero desafortunadamente sufri\u00f3 una ca\u00edda cuando peleaba por avanzar posiciones. Karel Abraham, por su parte, logr\u00f3 otro punto al entrar 15\u00ba despu\u00e9s de un s\u00e1bado complicado en el que clasific\u00f3 \u00faltimo tras sufrir una ca\u00edda y algunos problemas t\u00e9cnicos.<br \/>\nLa pr\u00f3xima carrera se disputar\u00e1 en el Circuito de Misano dentro de tres semanas los d\u00edas 13, 14 y 15 de septiembre.<\/p>\n\n<p>\u201cEl s\u00e1bado cre\u00edamos que no me dejar\u00edan correr la carrera despu\u00e9s de la ca\u00edda pero finalmente me dieron el alta. Durante la carrera ten\u00eda dolores en los m\u00fasculos de las manos, que estaban tocados de la ca\u00edda del viernes. Estuve cerca de retirarme de la carrera pero pens\u00e9 en quedarme por si alguien se ca\u00eda y pod\u00edamos conseguir alg\u00fan punto y as\u00ed fue. Despu\u00e9s de caer, Tito me ha ido recuperando segundos poco a poco y ten\u00eda miedo de hacer demasiado esfuerzo porque estaba cerca de desmayarme, pero al final pude entrar en los puntos por delante de \u00e9l. Espero estar recuperado f\u00edsicamente de cara al test de Misano del jueves.\u201d<\/p>\n\n<p>\u201cLa ca\u00edda ha sido una l\u00e1stima porque hicimos una gran QP, un gran warm-up y estaba luchando con el grupo de Zarco, Petrucci y Espargar\u00f3 pero he cometido un error por forzar demasiado, me he ido largo y, al intentar pasar a Guintoli, se me ha cerrado el tren delantero. Hac\u00eda mucho calor y el grip de las ruedas cambi\u00f3 mucho. Quiero pedir disculpas al equipo porque lo est\u00e1bamos haciendo bien pero ha sido un error por mi parte.\u201d<\/p>\n","protected":false},"excerpt":{"rendered":"<p>El circuito de Silverstone deja a los pilotos del Reale Avintia Racing Team con un buen sabor de boca. Por una parte, Tito Rabat, que regresaba al circuito donde el a\u00f1o pasado sufri\u00f3 una seria lesi\u00f3n en su pierna derecha, sal\u00eda desde la 16\u00aa posici\u00f3n en parrilla y estuvo rodando en posiciones de puntos durante [&hellip;]<\/p>\n","protected":false},"author":6,"featured_media":15097,"comment_status":"closed","ping_status":"closed","sticky":false,"template":"","format":"standard","meta":{"footnotes":""},"categories":[3],"tags":[62,13],"class_list":["post-15112","post","type-post","status-publish","format-standard","has-post-thumbnail","hentry","category-motogp","tag-britishgp","tag-motogp"],"yoast_head":"<!-- This site is optimized with the Yoast SEO plugin v27.1.1 - https:\/\/yoast.com\/product\/yoast-seo-wordpress\/ -->\n<title>Los pilotos del Reale Avintia Racing Team se marchan satisfechos de Silverstone - Esponsorama<\/title>\n<meta name=\"robots\" content=\"index, follow, max-snippet:-1, max-image-preview:large, max-video-preview:-1\" \/>\n<link rel=\"canonical\" href=\"http:\/\/esponsorama.ad\/es\/los-pilotos-del-reale-avintia-racing-team-se-marchan-satisfechos-silverstone\/\" \/>\n<meta property=\"og:locale\" content=\"es_ES\" \/>\n<meta property=\"og:type\" content=\"article\" \/>\n<meta property=\"og:title\" content=\"Los pilotos del Reale Avintia Racing Team se marchan satisfechos de Silverstone - Esponsorama\" \/>\n<meta property=\"og:description\" content=\"El circuito de Silverstone deja a los pilotos del Reale Avintia Racing Team con un buen sabor de boca. Por una parte, Tito Rabat, que regresaba al circuito donde el a\u00f1o pasado sufri\u00f3 una seria lesi\u00f3n en su pierna derecha, sal\u00eda desde la 16\u00aa posici\u00f3n en parrilla y estuvo rodando en posiciones de puntos durante [&hellip;]\" \/>\n<meta property=\"og:url\" content=\"http:\/\/esponsorama.ad\/es\/los-pilotos-del-reale-avintia-racing-team-se-marchan-satisfechos-silverstone\/\" \/>\n<meta property=\"og:site_name\" content=\"Esponsorama\" \/>\n<meta property=\"article:published_time\" content=\"2019-08-25T14:55:08+00:00\" \/>\n<meta property=\"article:modified_time\" content=\"2019-08-25T15:54:55+00:00\" \/>\n<meta property=\"og:image\" content=\"http:\/\/esponsorama.ad\/wp-content\/uploads\/2019\/08\/12GranBretana19MgpEsponsorama_AX26109-1024x683.jpg\" \/>\n\t<meta property=\"og:image:width\" content=\"1024\" \/>\n\t<meta property=\"og:image:height\" content=\"683\" \/>\n\t<meta property=\"og:image:type\" content=\"image\/jpeg\" \/>\n<meta name=\"author\" content=\"Xavi Andornet\" \/>\n<meta name=\"twitter:card\" content=\"summary_large_image\" \/>\n<meta name=\"twitter:label1\" content=\"Escrito por\" \/>\n\t<meta name=\"twitter:data1\" content=\"Xavi Andornet\" \/>\n\t<meta name=\"twitter:label2\" content=\"Tiempo de lectura\" \/>\n\t<meta name=\"twitter:data2\" content=\"2 minutos\" \/>\n<script type=\"application\/ld+json\" class=\"yoast-schema-graph\">{\"@context\":\"https:\/\/schema.org\",\"@graph\":[{\"@type\":\"Article\",\"@id\":\"http:\/\/esponsorama.ad\/es\/los-pilotos-del-reale-avintia-racing-team-se-marchan-satisfechos-silverstone\/#article\",\"isPartOf\":{\"@id\":\"http:\/\/esponsorama.ad\/es\/los-pilotos-del-reale-avintia-racing-team-se-marchan-satisfechos-silverstone\/\"},\"author\":{\"name\":\"Xavi Andornet\",\"@id\":\"http:\/\/esponsorama.ad\/es\/#\/schema\/person\/a5cde74945183d737066e46b61c6f9c4\"},\"headline\":\"Los pilotos del Reale Avintia Racing Team se marchan satisfechos de Silverstone\",\"datePublished\":\"2019-08-25T14:55:08+00:00\",\"dateModified\":\"2019-08-25T15:54:55+00:00\",\"mainEntityOfPage\":{\"@id\":\"http:\/\/esponsorama.ad\/es\/los-pilotos-del-reale-avintia-racing-team-se-marchan-satisfechos-silverstone\/\"},\"wordCount\":350,\"image\":{\"@id\":\"http:\/\/esponsorama.ad\/es\/los-pilotos-del-reale-avintia-racing-team-se-marchan-satisfechos-silverstone\/#primaryimage\"},\"thumbnailUrl\":\"http:\/\/esponsorama.ad\/wp-content\/uploads\/2019\/08\/12GranBretana19MgpEsponsorama_AX26109.jpg\",\"keywords\":[\"britishgp\",\"MotoGP\"],\"articleSection\":[\"MotoGP\"],\"inLanguage\":\"es\"},{\"@type\":\"WebPage\",\"@id\":\"http:\/\/esponsorama.ad\/es\/los-pilotos-del-reale-avintia-racing-team-se-marchan-satisfechos-silverstone\/\",\"url\":\"http:\/\/esponsorama.ad\/es\/los-pilotos-del-reale-avintia-racing-team-se-marchan-satisfechos-silverstone\/\",\"name\":\"Los pilotos del Reale Avintia Racing Team se marchan satisfechos de Silverstone - Esponsorama\",\"isPartOf\":{\"@id\":\"http:\/\/esponsorama.ad\/es\/#website\"},\"primaryImageOfPage\":{\"@id\":\"http:\/\/esponsorama.ad\/es\/los-pilotos-del-reale-avintia-racing-team-se-marchan-satisfechos-silverstone\/#primaryimage\"},\"image\":{\"@id\":\"http:\/\/esponsorama.ad\/es\/los-pilotos-del-reale-avintia-racing-team-se-marchan-satisfechos-silverstone\/#primaryimage\"},\"thumbnailUrl\":\"http:\/\/esponsorama.ad\/wp-content\/uploads\/2019\/08\/12GranBretana19MgpEsponsorama_AX26109.jpg\",\"datePublished\":\"2019-08-25T14:55:08+00:00\",\"dateModified\":\"2019-08-25T15:54:55+00:00\",\"author\":{\"@id\":\"http:\/\/esponsorama.ad\/es\/#\/schema\/person\/a5cde74945183d737066e46b61c6f9c4\"},\"breadcrumb\":{\"@id\":\"http:\/\/esponsorama.ad\/es\/los-pilotos-del-reale-avintia-racing-team-se-marchan-satisfechos-silverstone\/#breadcrumb\"},\"inLanguage\":\"es\",\"potentialAction\":[{\"@type\":\"ReadAction\",\"target\":[\"http:\/\/esponsorama.ad\/es\/los-pilotos-del-reale-avintia-racing-team-se-marchan-satisfechos-silverstone\/\"]}]},{\"@type\":\"ImageObject\",\"inLanguage\":\"es\",\"@id\":\"http:\/\/esponsorama.ad\/es\/los-pilotos-del-reale-avintia-racing-team-se-marchan-satisfechos-silverstone\/#primaryimage\",\"url\":\"http:\/\/esponsorama.ad\/wp-content\/uploads\/2019\/08\/12GranBretana19MgpEsponsorama_AX26109.jpg\",\"contentUrl\":\"http:\/\/esponsorama.ad\/wp-content\/uploads\/2019\/08\/12GranBretana19MgpEsponsorama_AX26109.jpg\",\"width\":5472,\"height\":3648,\"caption\":\"12 GranBretana GP 22, 23, 24 y 25 de agosto de 2019, circuito de Silverstone, Inglaterra Motogp, MGP, Mgp, MotoGP\"},{\"@type\":\"BreadcrumbList\",\"@id\":\"http:\/\/esponsorama.ad\/es\/los-pilotos-del-reale-avintia-racing-team-se-marchan-satisfechos-silverstone\/#breadcrumb\",\"itemListElement\":[{\"@type\":\"ListItem\",\"position\":1,\"name\":\"Home\",\"item\":\"http:\/\/esponsorama.ad\/es\/\"},{\"@type\":\"ListItem\",\"position\":2,\"name\":\"Los pilotos del Reale Avintia Racing Team se marchan satisfechos de Silverstone\"}]},{\"@type\":\"WebSite\",\"@id\":\"http:\/\/esponsorama.ad\/es\/#website\",\"url\":\"http:\/\/esponsorama.ad\/es\/\",\"name\":\"Esponsorama\",\"description\":\"Specialist in motorsport sponsorship and event promotions\",\"potentialAction\":[{\"@type\":\"SearchAction\",\"target\":{\"@type\":\"EntryPoint\",\"urlTemplate\":\"http:\/\/esponsorama.ad\/es\/?s={search_term_string}\"},\"query-input\":{\"@type\":\"PropertyValueSpecification\",\"valueRequired\":true,\"valueName\":\"search_term_string\"}}],\"inLanguage\":\"es\"},{\"@type\":\"Person\",\"@id\":\"http:\/\/esponsorama.ad\/es\/#\/schema\/person\/a5cde74945183d737066e46b61c6f9c4\",\"name\":\"Xavi Andornet\",\"image\":{\"@type\":\"ImageObject\",\"inLanguage\":\"es\",\"@id\":\"http:\/\/esponsorama.ad\/es\/#\/schema\/person\/image\/\",\"url\":\"https:\/\/secure.gravatar.com\/avatar\/f10eaf9ad601244a2357c9fd7cd9805ed166cfaaf76d5d9ab08a9d873e70147a?s=96&d=mm&r=g\",\"contentUrl\":\"https:\/\/secure.gravatar.com\/avatar\/f10eaf9ad601244a2357c9fd7cd9805ed166cfaaf76d5d9ab08a9d873e70147a?s=96&d=mm&r=g\",\"caption\":\"Xavi Andornet\"},\"sameAs\":[\"http:\/\/www.andornet.ad\"],\"url\":\"http:\/\/esponsorama.ad\/es\/author\/andornet\/\"}]}<\/script>\n<!-- \/ Yoast SEO plugin. -->","yoast_head_json":{"title":"Los pilotos del Reale Avintia Racing Team se marchan satisfechos de Silverstone - Esponsorama","robots":{"index":"index","follow":"follow","max-snippet":"max-snippet:-1","max-image-preview":"max-image-preview:large","max-video-preview":"max-video-preview:-1"},"canonical":"http:\/\/esponsorama.ad\/es\/los-pilotos-del-reale-avintia-racing-team-se-marchan-satisfechos-silverstone\/","og_locale":"es_ES","og_type":"article","og_title":"Los pilotos del Reale Avintia Racing Team se marchan satisfechos de Silverstone - Esponsorama","og_description":"El circuito de Silverstone deja a los pilotos del Reale Avintia Racing Team con un buen sabor de boca. Por una parte, Tito Rabat, que regresaba al circuito donde el a\u00f1o pasado sufri\u00f3 una seria lesi\u00f3n en su pierna derecha, sal\u00eda desde la 16\u00aa posici\u00f3n en parrilla y estuvo rodando en posiciones de puntos durante [&hellip;]","og_url":"http:\/\/esponsorama.ad\/es\/los-pilotos-del-reale-avintia-racing-team-se-marchan-satisfechos-silverstone\/","og_site_name":"Esponsorama","article_published_time":"2019-08-25T14:55:08+00:00","article_modified_time":"2019-08-25T15:54:55+00:00","og_image":[{"width":1024,"height":683,"url":"http:\/\/esponsorama.ad\/wp-content\/uploads\/2019\/08\/12GranBretana19MgpEsponsorama_AX26109-1024x683.jpg","type":"image\/jpeg"}],"author":"Xavi Andornet","twitter_card":"summary_large_image","twitter_misc":{"Escrito por":"Xavi Andornet","Tiempo de lectura":"2 minutos"},"schema":{"@context":"https:\/\/schema.org","@graph":[{"@type":"Article","@id":"http:\/\/esponsorama.ad\/es\/los-pilotos-del-reale-avintia-racing-team-se-marchan-satisfechos-silverstone\/#article","isPartOf":{"@id":"http:\/\/esponsorama.ad\/es\/los-pilotos-del-reale-avintia-racing-team-se-marchan-satisfechos-silverstone\/"},"author":{"name":"Xavi Andornet","@id":"http:\/\/esponsorama.ad\/es\/#\/schema\/person\/a5cde74945183d737066e46b61c6f9c4"},"headline":"Los pilotos del Reale Avintia Racing Team se marchan satisfechos de Silverstone","datePublished":"2019-08-25T14:55:08+00:00","dateModified":"2019-08-25T15:54:55+00:00","mainEntityOfPage":{"@id":"http:\/\/esponsorama.ad\/es\/los-pilotos-del-reale-avintia-racing-team-se-marchan-satisfechos-silverstone\/"},"wordCount":350,"image":{"@id":"http:\/\/esponsorama.ad\/es\/los-pilotos-del-reale-avintia-racing-team-se-marchan-satisfechos-silverstone\/#primaryimage"},"thumbnailUrl":"http:\/\/esponsorama.ad\/wp-content\/uploads\/2019\/08\/12GranBretana19MgpEsponsorama_AX26109.jpg","keywords":["britishgp","MotoGP"],"articleSection":["MotoGP"],"inLanguage":"es"},{"@type":"WebPage","@id":"http:\/\/esponsorama.ad\/es\/los-pilotos-del-reale-avintia-racing-team-se-marchan-satisfechos-silverstone\/","url":"http:\/\/esponsorama.ad\/es\/los-pilotos-del-reale-avintia-racing-team-se-marchan-satisfechos-silverstone\/","name":"Los pilotos del Reale Avintia Racing Team se marchan satisfechos de Silverstone - Esponsorama","isPartOf":{"@id":"http:\/\/esponsorama.ad\/es\/#website"},"primaryImageOfPage":{"@id":"http:\/\/esponsorama.ad\/es\/los-pilotos-del-reale-avintia-racing-team-se-marchan-satisfechos-silverstone\/#primaryimage"},"image":{"@id":"http:\/\/esponsorama.ad\/es\/los-pilotos-del-reale-avintia-racing-team-se-marchan-satisfechos-silverstone\/#primaryimage"},"thumbnailUrl":"http:\/\/esponsorama.ad\/wp-content\/uploads\/2019\/08\/12GranBretana19MgpEsponsorama_AX26109.jpg","datePublished":"2019-08-25T14:55:08+00:00","dateModified":"2019-08-25T15:54:55+00:00","author":{"@id":"http:\/\/esponsorama.ad\/es\/#\/schema\/person\/a5cde74945183d737066e46b61c6f9c4"},"breadcrumb":{"@id":"http:\/\/esponsorama.ad\/es\/los-pilotos-del-reale-avintia-racing-team-se-marchan-satisfechos-silverstone\/#breadcrumb"},"inLanguage":"es","potentialAction":[{"@type":"ReadAction","target":["http:\/\/esponsorama.ad\/es\/los-pilotos-del-reale-avintia-racing-team-se-marchan-satisfechos-silverstone\/"]}]},{"@type":"ImageObject","inLanguage":"es","@id":"http:\/\/esponsorama.ad\/es\/los-pilotos-del-reale-avintia-racing-team-se-marchan-satisfechos-silverstone\/#primaryimage","url":"http:\/\/esponsorama.ad\/wp-content\/uploads\/2019\/08\/12GranBretana19MgpEsponsorama_AX26109.jpg","contentUrl":"http:\/\/esponsorama.ad\/wp-content\/uploads\/2019\/08\/12GranBretana19MgpEsponsorama_AX26109.jpg","width":5472,"height":3648,"caption":"12 GranBretana GP 22, 23, 24 y 25 de agosto de 2019, circuito de Silverstone, Inglaterra Motogp, MGP, Mgp, MotoGP"},{"@type":"BreadcrumbList","@id":"http:\/\/esponsorama.ad\/es\/los-pilotos-del-reale-avintia-racing-team-se-marchan-satisfechos-silverstone\/#breadcrumb","itemListElement":[{"@type":"ListItem","position":1,"name":"Home","item":"http:\/\/esponsorama.ad\/es\/"},{"@type":"ListItem","position":2,"name":"Los pilotos del Reale Avintia Racing Team se marchan satisfechos de Silverstone"}]},{"@type":"WebSite","@id":"http:\/\/esponsorama.ad\/es\/#website","url":"http:\/\/esponsorama.ad\/es\/","name":"Esponsorama","description":"Specialist in motorsport sponsorship and event promotions","potentialAction":[{"@type":"SearchAction","target":{"@type":"EntryPoint","urlTemplate":"http:\/\/esponsorama.ad\/es\/?s={search_term_string}"},"query-input":{"@type":"PropertyValueSpecification","valueRequired":true,"valueName":"search_term_string"}}],"inLanguage":"es"},{"@type":"Person","@id":"http:\/\/esponsorama.ad\/es\/#\/schema\/person\/a5cde74945183d737066e46b61c6f9c4","name":"Xavi Andornet","image":{"@type":"ImageObject","inLanguage":"es","@id":"http:\/\/esponsorama.ad\/es\/#\/schema\/person\/image\/","url":"https:\/\/secure.gravatar.com\/avatar\/f10eaf9ad601244a2357c9fd7cd9805ed166cfaaf76d5d9ab08a9d873e70147a?s=96&d=mm&r=g","contentUrl":"https:\/\/secure.gravatar.com\/avatar\/f10eaf9ad601244a2357c9fd7cd9805ed166cfaaf76d5d9ab08a9d873e70147a?s=96&d=mm&r=g","caption":"Xavi Andornet"},"sameAs":["http:\/\/www.andornet.ad"],"url":"http:\/\/esponsorama.ad\/es\/author\/andornet\/"}]}},"_links":{"self":[{"href":"http:\/\/esponsorama.ad\/es\/wp-json\/wp\/v2\/posts\/15112","targetHints":{"allow":["GET"]}}],"collection":[{"href":"http:\/\/esponsorama.ad\/es\/wp-json\/wp\/v2\/posts"}],"about":[{"href":"http:\/\/esponsorama.ad\/es\/wp-json\/wp\/v2\/types\/post"}],"author":[{"embeddable":true,"href":"http:\/\/esponsorama.ad\/es\/wp-json\/wp\/v2\/users\/6"}],"replies":[{"embeddable":true,"href":"http:\/\/esponsorama.ad\/es\/wp-json\/wp\/v2\/comments?post=15112"}],"version-history":[{"count":0,"href":"http:\/\/esponsorama.ad\/es\/wp-json\/wp\/v2\/posts\/15112\/revisions"}],"wp:featuredmedia":[{"embeddable":true,"href":"http:\/\/esponsorama.ad\/es\/wp-json\/wp\/v2\/media\/15097"}],"wp:attachment":[{"href":"http:\/\/esponsorama.ad\/es\/wp-json\/wp\/v2\/media?parent=15112"}],"wp:term":[{"taxonomy":"category","embeddable":true,"href":"http:\/\/esponsorama.ad\/es\/wp-json\/wp\/v2\/categories?post=15112"},{"taxonomy":"post_tag","embeddable":true,"href":"http:\/\/esponsorama.ad\/es\/wp-json\/wp\/v2\/tags?post=15112"}],"curies":[{"name":"wp","href":"https:\/\/api.w.org\/{rel}","templated":true}]}}