{"id":15156,"date":"2019-09-15T13:54:02","date_gmt":"2019-09-15T11:54:02","guid":{"rendered":"http:\/\/esponsorama.ad\/?p=15156"},"modified":"2019-09-15T14:32:22","modified_gmt":"2019-09-15T12:32:22","slug":"stefano-nepa-consigue-primeros-puntos-mundialistas-misano","status":"publish","type":"post","link":"http:\/\/esponsorama.ad\/es\/stefano-nepa-consigue-primeros-puntos-mundialistas-misano\/","title":{"rendered":"Stefano Nepa consigue sus primeros puntos mundialistas en Misano"},"content":{"rendered":"<p>El piloto italiano del Reale Avintia Arizona 77 cierra su mejor fin de semana en el mundial con una 11\u00aa posici\u00f3n en su carrera de casa, un escenario inmejorable. A pesar de cruzar meta 10\u00ba, Nepa fue sancionado por exceder los l\u00edmites de la pista en la \u00faltima vuelta y perdi\u00f3 una posici\u00f3n. Con todo, consigui\u00f3 finalizar dentro del Top 15 por primera vez en su carrera deportiva dentro del campeonato del mundo de Moto3 y se marcha del Misano con sus primeros 5 puntos.<\/p>\n<p>No\u00a0fue una carrera f\u00e1cil para Nepa que sal\u00eda 20\u00ba y ya en la primera vuelta\u00a0tuvo que evitar a un piloto que cay\u00f3 en la curva 8 ante \u00e9l por lo que se vio obligado a tener que salir por la escapatoria, perdiendo consecuentemente mucho tiempo. Sin embargo,\u00a0pudo ir remontando posiciones, en parte favorecido en parte por las ca\u00eddas que se iban sucediendo por delante debido al reducido agarre que ofrec\u00eda la pista de Misano, hasta llegar a un peque\u00f1o grupo con el que ha pele\u00f3 por la und\u00e9cima posici\u00f3n.<\/p>\n<p>El Reale Avintia Arizona 77 piensa ya en la pr\u00f3xima carrera que tendr\u00e1 lugar en Motorland Arag\u00f3n en tan solo siete d\u00edas.<\/p>\n\n<p>\u00abHa sido un fin de semana complicado desde el inicio porque no consegu\u00ed encontrar buenas sensaciones con la moto para empujar al 100%. En la clasificaci\u00f3n no lo hicimos mal pero en carrera tuve\u00a0un contacto con otro dos pilotos y pas\u00e9\u00a0\u00faltimo en la primera vuelta pero di el m\u00e1ximo hasta llegar al segundo grupo y por fin conseguimos nuestro objetivo de conseguir puntos. L\u00e1stima de la penalizaci\u00f3n por exceder los l\u00edmites en la \u00faltima vuelta que me\u00a0hizo\u00a0perder una posici\u00f3n, pero estoy contento con el rendimiento.\u00a0Quiero dar las gracias al equipo y a mi familia, nos vemos en Arag\u00f3n\u00bb.<\/p>\n","protected":false},"excerpt":{"rendered":"<p>El piloto italiano del Reale Avintia Arizona 77 cierra su mejor fin de semana en el mundial con una 11\u00aa posici\u00f3n en su carrera de casa, un escenario inmejorable. A pesar de cruzar meta 10\u00ba, Nepa fue sancionado por exceder los l\u00edmites de la pista en la \u00faltima vuelta y perdi\u00f3 una posici\u00f3n. Con todo, [&hellip;]<\/p>\n","protected":false},"author":6,"featured_media":15162,"comment_status":"closed","ping_status":"closed","sticky":false,"template":"","format":"standard","meta":{"footnotes":""},"categories":[12],"tags":[63,27],"class_list":["post-15156","post","type-post","status-publish","format-standard","has-post-thumbnail","hentry","category-moto3","tag-misano","tag-moto3"],"yoast_head":"<!-- This site is optimized with the Yoast SEO plugin v27.1.1 - https:\/\/yoast.com\/product\/yoast-seo-wordpress\/ -->\n<title>Stefano Nepa consigue sus primeros puntos mundialistas en Misano - Esponsorama<\/title>\n<meta name=\"robots\" content=\"index, follow, max-snippet:-1, max-image-preview:large, max-video-preview:-1\" \/>\n<link rel=\"canonical\" href=\"http:\/\/esponsorama.ad\/es\/stefano-nepa-consigue-primeros-puntos-mundialistas-misano\/\" \/>\n<meta property=\"og:locale\" content=\"es_ES\" \/>\n<meta property=\"og:type\" content=\"article\" \/>\n<meta property=\"og:title\" content=\"Stefano Nepa consigue sus primeros puntos mundialistas en Misano - Esponsorama\" \/>\n<meta property=\"og:description\" content=\"El piloto italiano del Reale Avintia Arizona 77 cierra su mejor fin de semana en el mundial con una 11\u00aa posici\u00f3n en su carrera de casa, un escenario inmejorable. A pesar de cruzar meta 10\u00ba, Nepa fue sancionado por exceder los l\u00edmites de la pista en la \u00faltima vuelta y perdi\u00f3 una posici\u00f3n. Con todo, [&hellip;]\" \/>\n<meta property=\"og:url\" content=\"http:\/\/esponsorama.ad\/es\/stefano-nepa-consigue-primeros-puntos-mundialistas-misano\/\" \/>\n<meta property=\"og:site_name\" content=\"Esponsorama\" \/>\n<meta property=\"article:published_time\" content=\"2019-09-15T11:54:02+00:00\" \/>\n<meta property=\"article:modified_time\" content=\"2019-09-15T12:32:22+00:00\" \/>\n<meta property=\"og:image\" content=\"http:\/\/esponsorama.ad\/wp-content\/uploads\/2019\/09\/13Misano19M3Esponsorama_JOC6027-1024x683.jpg\" \/>\n\t<meta property=\"og:image:width\" content=\"1024\" \/>\n\t<meta property=\"og:image:height\" content=\"683\" \/>\n\t<meta property=\"og:image:type\" content=\"image\/jpeg\" \/>\n<meta name=\"author\" content=\"Xavi Andornet\" \/>\n<meta name=\"twitter:card\" content=\"summary_large_image\" \/>\n<meta name=\"twitter:label1\" content=\"Escrito por\" \/>\n\t<meta name=\"twitter:data1\" content=\"Xavi Andornet\" \/>\n\t<meta name=\"twitter:label2\" content=\"Tiempo de lectura\" \/>\n\t<meta name=\"twitter:data2\" content=\"2 minutos\" \/>\n<script type=\"application\/ld+json\" class=\"yoast-schema-graph\">{\"@context\":\"https:\/\/schema.org\",\"@graph\":[{\"@type\":\"Article\",\"@id\":\"http:\/\/esponsorama.ad\/es\/stefano-nepa-consigue-primeros-puntos-mundialistas-misano\/#article\",\"isPartOf\":{\"@id\":\"http:\/\/esponsorama.ad\/es\/stefano-nepa-consigue-primeros-puntos-mundialistas-misano\/\"},\"author\":{\"name\":\"Xavi Andornet\",\"@id\":\"http:\/\/esponsorama.ad\/es\/#\/schema\/person\/a5cde74945183d737066e46b61c6f9c4\"},\"headline\":\"Stefano Nepa consigue sus primeros puntos mundialistas en Misano\",\"datePublished\":\"2019-09-15T11:54:02+00:00\",\"dateModified\":\"2019-09-15T12:32:22+00:00\",\"mainEntityOfPage\":{\"@id\":\"http:\/\/esponsorama.ad\/es\/stefano-nepa-consigue-primeros-puntos-mundialistas-misano\/\"},\"wordCount\":325,\"image\":{\"@id\":\"http:\/\/esponsorama.ad\/es\/stefano-nepa-consigue-primeros-puntos-mundialistas-misano\/#primaryimage\"},\"thumbnailUrl\":\"http:\/\/esponsorama.ad\/wp-content\/uploads\/2019\/09\/13Misano19M3Esponsorama_JOC6027.jpg\",\"keywords\":[\"misano\",\"moto3\"],\"articleSection\":[\"Moto3\"],\"inLanguage\":\"es\"},{\"@type\":\"WebPage\",\"@id\":\"http:\/\/esponsorama.ad\/es\/stefano-nepa-consigue-primeros-puntos-mundialistas-misano\/\",\"url\":\"http:\/\/esponsorama.ad\/es\/stefano-nepa-consigue-primeros-puntos-mundialistas-misano\/\",\"name\":\"Stefano Nepa consigue sus primeros puntos mundialistas en Misano - Esponsorama\",\"isPartOf\":{\"@id\":\"http:\/\/esponsorama.ad\/es\/#website\"},\"primaryImageOfPage\":{\"@id\":\"http:\/\/esponsorama.ad\/es\/stefano-nepa-consigue-primeros-puntos-mundialistas-misano\/#primaryimage\"},\"image\":{\"@id\":\"http:\/\/esponsorama.ad\/es\/stefano-nepa-consigue-primeros-puntos-mundialistas-misano\/#primaryimage\"},\"thumbnailUrl\":\"http:\/\/esponsorama.ad\/wp-content\/uploads\/2019\/09\/13Misano19M3Esponsorama_JOC6027.jpg\",\"datePublished\":\"2019-09-15T11:54:02+00:00\",\"dateModified\":\"2019-09-15T12:32:22+00:00\",\"author\":{\"@id\":\"http:\/\/esponsorama.ad\/es\/#\/schema\/person\/a5cde74945183d737066e46b61c6f9c4\"},\"breadcrumb\":{\"@id\":\"http:\/\/esponsorama.ad\/es\/stefano-nepa-consigue-primeros-puntos-mundialistas-misano\/#breadcrumb\"},\"inLanguage\":\"es\",\"potentialAction\":[{\"@type\":\"ReadAction\",\"target\":[\"http:\/\/esponsorama.ad\/es\/stefano-nepa-consigue-primeros-puntos-mundialistas-misano\/\"]}]},{\"@type\":\"ImageObject\",\"inLanguage\":\"es\",\"@id\":\"http:\/\/esponsorama.ad\/es\/stefano-nepa-consigue-primeros-puntos-mundialistas-misano\/#primaryimage\",\"url\":\"http:\/\/esponsorama.ad\/wp-content\/uploads\/2019\/09\/13Misano19M3Esponsorama_JOC6027.jpg\",\"contentUrl\":\"http:\/\/esponsorama.ad\/wp-content\/uploads\/2019\/09\/13Misano19M3Esponsorama_JOC6027.jpg\",\"width\":5472,\"height\":3648,\"caption\":\"13 Misano GP 12, 13, 14 y 15 de septiembre de 2019, circuito de Marco Simoncelli, ITALIA Motogp, MGP, Mgp, MotoGP\"},{\"@type\":\"BreadcrumbList\",\"@id\":\"http:\/\/esponsorama.ad\/es\/stefano-nepa-consigue-primeros-puntos-mundialistas-misano\/#breadcrumb\",\"itemListElement\":[{\"@type\":\"ListItem\",\"position\":1,\"name\":\"Home\",\"item\":\"http:\/\/esponsorama.ad\/es\/\"},{\"@type\":\"ListItem\",\"position\":2,\"name\":\"Stefano Nepa consigue sus primeros puntos mundialistas en Misano\"}]},{\"@type\":\"WebSite\",\"@id\":\"http:\/\/esponsorama.ad\/es\/#website\",\"url\":\"http:\/\/esponsorama.ad\/es\/\",\"name\":\"Esponsorama\",\"description\":\"Specialist in motorsport sponsorship and event promotions\",\"potentialAction\":[{\"@type\":\"SearchAction\",\"target\":{\"@type\":\"EntryPoint\",\"urlTemplate\":\"http:\/\/esponsorama.ad\/es\/?s={search_term_string}\"},\"query-input\":{\"@type\":\"PropertyValueSpecification\",\"valueRequired\":true,\"valueName\":\"search_term_string\"}}],\"inLanguage\":\"es\"},{\"@type\":\"Person\",\"@id\":\"http:\/\/esponsorama.ad\/es\/#\/schema\/person\/a5cde74945183d737066e46b61c6f9c4\",\"name\":\"Xavi Andornet\",\"image\":{\"@type\":\"ImageObject\",\"inLanguage\":\"es\",\"@id\":\"http:\/\/esponsorama.ad\/es\/#\/schema\/person\/image\/\",\"url\":\"https:\/\/secure.gravatar.com\/avatar\/f10eaf9ad601244a2357c9fd7cd9805ed166cfaaf76d5d9ab08a9d873e70147a?s=96&d=mm&r=g\",\"contentUrl\":\"https:\/\/secure.gravatar.com\/avatar\/f10eaf9ad601244a2357c9fd7cd9805ed166cfaaf76d5d9ab08a9d873e70147a?s=96&d=mm&r=g\",\"caption\":\"Xavi Andornet\"},\"sameAs\":[\"http:\/\/www.andornet.ad\"],\"url\":\"http:\/\/esponsorama.ad\/es\/author\/andornet\/\"}]}<\/script>\n<!-- \/ Yoast SEO plugin. -->","yoast_head_json":{"title":"Stefano Nepa consigue sus primeros puntos mundialistas en Misano - Esponsorama","robots":{"index":"index","follow":"follow","max-snippet":"max-snippet:-1","max-image-preview":"max-image-preview:large","max-video-preview":"max-video-preview:-1"},"canonical":"http:\/\/esponsorama.ad\/es\/stefano-nepa-consigue-primeros-puntos-mundialistas-misano\/","og_locale":"es_ES","og_type":"article","og_title":"Stefano Nepa consigue sus primeros puntos mundialistas en Misano - Esponsorama","og_description":"El piloto italiano del Reale Avintia Arizona 77 cierra su mejor fin de semana en el mundial con una 11\u00aa posici\u00f3n en su carrera de casa, un escenario inmejorable. A pesar de cruzar meta 10\u00ba, Nepa fue sancionado por exceder los l\u00edmites de la pista en la \u00faltima vuelta y perdi\u00f3 una posici\u00f3n. Con todo, [&hellip;]","og_url":"http:\/\/esponsorama.ad\/es\/stefano-nepa-consigue-primeros-puntos-mundialistas-misano\/","og_site_name":"Esponsorama","article_published_time":"2019-09-15T11:54:02+00:00","article_modified_time":"2019-09-15T12:32:22+00:00","og_image":[{"width":1024,"height":683,"url":"http:\/\/esponsorama.ad\/wp-content\/uploads\/2019\/09\/13Misano19M3Esponsorama_JOC6027-1024x683.jpg","type":"image\/jpeg"}],"author":"Xavi Andornet","twitter_card":"summary_large_image","twitter_misc":{"Escrito por":"Xavi Andornet","Tiempo de lectura":"2 minutos"},"schema":{"@context":"https:\/\/schema.org","@graph":[{"@type":"Article","@id":"http:\/\/esponsorama.ad\/es\/stefano-nepa-consigue-primeros-puntos-mundialistas-misano\/#article","isPartOf":{"@id":"http:\/\/esponsorama.ad\/es\/stefano-nepa-consigue-primeros-puntos-mundialistas-misano\/"},"author":{"name":"Xavi Andornet","@id":"http:\/\/esponsorama.ad\/es\/#\/schema\/person\/a5cde74945183d737066e46b61c6f9c4"},"headline":"Stefano Nepa consigue sus primeros puntos mundialistas en Misano","datePublished":"2019-09-15T11:54:02+00:00","dateModified":"2019-09-15T12:32:22+00:00","mainEntityOfPage":{"@id":"http:\/\/esponsorama.ad\/es\/stefano-nepa-consigue-primeros-puntos-mundialistas-misano\/"},"wordCount":325,"image":{"@id":"http:\/\/esponsorama.ad\/es\/stefano-nepa-consigue-primeros-puntos-mundialistas-misano\/#primaryimage"},"thumbnailUrl":"http:\/\/esponsorama.ad\/wp-content\/uploads\/2019\/09\/13Misano19M3Esponsorama_JOC6027.jpg","keywords":["misano","moto3"],"articleSection":["Moto3"],"inLanguage":"es"},{"@type":"WebPage","@id":"http:\/\/esponsorama.ad\/es\/stefano-nepa-consigue-primeros-puntos-mundialistas-misano\/","url":"http:\/\/esponsorama.ad\/es\/stefano-nepa-consigue-primeros-puntos-mundialistas-misano\/","name":"Stefano Nepa consigue sus primeros puntos mundialistas en Misano - Esponsorama","isPartOf":{"@id":"http:\/\/esponsorama.ad\/es\/#website"},"primaryImageOfPage":{"@id":"http:\/\/esponsorama.ad\/es\/stefano-nepa-consigue-primeros-puntos-mundialistas-misano\/#primaryimage"},"image":{"@id":"http:\/\/esponsorama.ad\/es\/stefano-nepa-consigue-primeros-puntos-mundialistas-misano\/#primaryimage"},"thumbnailUrl":"http:\/\/esponsorama.ad\/wp-content\/uploads\/2019\/09\/13Misano19M3Esponsorama_JOC6027.jpg","datePublished":"2019-09-15T11:54:02+00:00","dateModified":"2019-09-15T12:32:22+00:00","author":{"@id":"http:\/\/esponsorama.ad\/es\/#\/schema\/person\/a5cde74945183d737066e46b61c6f9c4"},"breadcrumb":{"@id":"http:\/\/esponsorama.ad\/es\/stefano-nepa-consigue-primeros-puntos-mundialistas-misano\/#breadcrumb"},"inLanguage":"es","potentialAction":[{"@type":"ReadAction","target":["http:\/\/esponsorama.ad\/es\/stefano-nepa-consigue-primeros-puntos-mundialistas-misano\/"]}]},{"@type":"ImageObject","inLanguage":"es","@id":"http:\/\/esponsorama.ad\/es\/stefano-nepa-consigue-primeros-puntos-mundialistas-misano\/#primaryimage","url":"http:\/\/esponsorama.ad\/wp-content\/uploads\/2019\/09\/13Misano19M3Esponsorama_JOC6027.jpg","contentUrl":"http:\/\/esponsorama.ad\/wp-content\/uploads\/2019\/09\/13Misano19M3Esponsorama_JOC6027.jpg","width":5472,"height":3648,"caption":"13 Misano GP 12, 13, 14 y 15 de septiembre de 2019, circuito de Marco Simoncelli, ITALIA Motogp, MGP, Mgp, MotoGP"},{"@type":"BreadcrumbList","@id":"http:\/\/esponsorama.ad\/es\/stefano-nepa-consigue-primeros-puntos-mundialistas-misano\/#breadcrumb","itemListElement":[{"@type":"ListItem","position":1,"name":"Home","item":"http:\/\/esponsorama.ad\/es\/"},{"@type":"ListItem","position":2,"name":"Stefano Nepa consigue sus primeros puntos mundialistas en Misano"}]},{"@type":"WebSite","@id":"http:\/\/esponsorama.ad\/es\/#website","url":"http:\/\/esponsorama.ad\/es\/","name":"Esponsorama","description":"Specialist in motorsport sponsorship and event promotions","potentialAction":[{"@type":"SearchAction","target":{"@type":"EntryPoint","urlTemplate":"http:\/\/esponsorama.ad\/es\/?s={search_term_string}"},"query-input":{"@type":"PropertyValueSpecification","valueRequired":true,"valueName":"search_term_string"}}],"inLanguage":"es"},{"@type":"Person","@id":"http:\/\/esponsorama.ad\/es\/#\/schema\/person\/a5cde74945183d737066e46b61c6f9c4","name":"Xavi Andornet","image":{"@type":"ImageObject","inLanguage":"es","@id":"http:\/\/esponsorama.ad\/es\/#\/schema\/person\/image\/","url":"https:\/\/secure.gravatar.com\/avatar\/f10eaf9ad601244a2357c9fd7cd9805ed166cfaaf76d5d9ab08a9d873e70147a?s=96&d=mm&r=g","contentUrl":"https:\/\/secure.gravatar.com\/avatar\/f10eaf9ad601244a2357c9fd7cd9805ed166cfaaf76d5d9ab08a9d873e70147a?s=96&d=mm&r=g","caption":"Xavi Andornet"},"sameAs":["http:\/\/www.andornet.ad"],"url":"http:\/\/esponsorama.ad\/es\/author\/andornet\/"}]}},"_links":{"self":[{"href":"http:\/\/esponsorama.ad\/es\/wp-json\/wp\/v2\/posts\/15156","targetHints":{"allow":["GET"]}}],"collection":[{"href":"http:\/\/esponsorama.ad\/es\/wp-json\/wp\/v2\/posts"}],"about":[{"href":"http:\/\/esponsorama.ad\/es\/wp-json\/wp\/v2\/types\/post"}],"author":[{"embeddable":true,"href":"http:\/\/esponsorama.ad\/es\/wp-json\/wp\/v2\/users\/6"}],"replies":[{"embeddable":true,"href":"http:\/\/esponsorama.ad\/es\/wp-json\/wp\/v2\/comments?post=15156"}],"version-history":[{"count":0,"href":"http:\/\/esponsorama.ad\/es\/wp-json\/wp\/v2\/posts\/15156\/revisions"}],"wp:featuredmedia":[{"embeddable":true,"href":"http:\/\/esponsorama.ad\/es\/wp-json\/wp\/v2\/media\/15162"}],"wp:attachment":[{"href":"http:\/\/esponsorama.ad\/es\/wp-json\/wp\/v2\/media?parent=15156"}],"wp:term":[{"taxonomy":"category","embeddable":true,"href":"http:\/\/esponsorama.ad\/es\/wp-json\/wp\/v2\/categories?post=15156"},{"taxonomy":"post_tag","embeddable":true,"href":"http:\/\/esponsorama.ad\/es\/wp-json\/wp\/v2\/tags?post=15156"}],"curies":[{"name":"wp","href":"https:\/\/api.w.org\/{rel}","templated":true}]}}