{"id":15178,"date":"2019-09-15T16:48:55","date_gmt":"2019-09-15T14:48:55","guid":{"rendered":"http:\/\/esponsorama.ad\/?p=15178"},"modified":"2019-09-16T13:49:51","modified_gmt":"2019-09-16T11:49:51","slug":"reale-avintia-racing-team-finaliza-positivamente-gp-san-marino","status":"publish","type":"post","link":"http:\/\/esponsorama.ad\/es\/reale-avintia-racing-team-finaliza-positivamente-gp-san-marino\/","title":{"rendered":"El  Reale Avintia Racing Team finaliza positivamente el GP de San Marino"},"content":{"rendered":"<p>El Reale Avintia Racing Team\u00a0concluye\u00a0la decimotercera carrera de la temporada celebrada este fin de semana con motivo del GP de San Marino.<\/p>\n<p>Durante la sesi\u00f3n de clasificaci\u00f3n del s\u00e1bado, Tito Rabat sufri\u00f3 una aver\u00eda en su Ducati y solo pudo ser 22\u00ba. Sin embargo, en la carrera del domingo volvi\u00f3 a mostrar su ritmo y pudo remontar hasta una fenomenal 13\u00aa posici\u00f3n para anotarse as\u00ed otros 3 puntos en su casillero.<\/p>\n<p>Por su parte,\u00a0Karel Abraham,\u00a0que ha estado enfermo durante lo \u00faltimos d\u00edas, clasific\u00f3 21\u00ba el s\u00e1bado, posici\u00f3n que pudo mejorar en carrera remontando hasta ser 17\u00ba, una meritoria actuaci\u00f3n teniendo en cuenta que el checo no\u00a0llegaba a la prueba\u00a0al 100% f\u00edsicamente.<\/p>\n<p>El circuito de Motorland Arag\u00f3n en Alca\u00f1iz acoger\u00e1 el pr\u00f3ximo fin de semana la decimocuarta prueba de la temporada 2019 justo antes de que el mundial viaje hasta Tailandia, donde dar\u00e1 comienzo la gira asi\u00e1tica que comprender\u00e1 4 carreras en 5 fines de semana.<\/p>\n\n<p>\u00abHa sido un fin de semana complicado despu\u00e9s de salir \u00faltimos tras el problema mec\u00e1nico que tuvimos en clasificaci\u00f3n. He podido hacer una buena salida, remontando y he podido hacer una carrera decente consiguiendo 3 puntos, algo que me alegra mucho. Si bien es cierto que hemos puntuado, creo que a\u00fan necesitamos dar un pasito hacia adelante\u00bb.<\/p>\n\n<p>\u00abHa sido una carrera muy dura porque he estado enfermo estos \u00faltimos d\u00edas y, a pesar de haber tomado medicamentos, mi situaci\u00f3n f\u00edsica no ha mejorado. Tras pocas vueltas no pod\u00eda seguir al grupo porque no ten\u00eda fuerza alguna. Por desgracia, tenemos otra carrera la semana que viene y no tendr\u00e9 demasiado tiempo para recuperarme, pero intentar\u00e9 llegar lo mejor posible\u00bb.<\/p>\n","protected":false},"excerpt":{"rendered":"<p>El Reale Avintia Racing Team\u00a0concluye\u00a0la decimotercera carrera de la temporada celebrada este fin de semana con motivo del GP de San Marino. Durante la sesi\u00f3n de clasificaci\u00f3n del s\u00e1bado, Tito Rabat sufri\u00f3 una aver\u00eda en su Ducati y solo pudo ser 22\u00ba. Sin embargo, en la carrera del domingo volvi\u00f3 a mostrar su ritmo y [&hellip;]<\/p>\n","protected":false},"author":6,"featured_media":15183,"comment_status":"closed","ping_status":"closed","sticky":false,"template":"","format":"standard","meta":{"footnotes":""},"categories":[3],"tags":[13,64],"class_list":["post-15178","post","type-post","status-publish","format-standard","has-post-thumbnail","hentry","category-motogp","tag-motogp","tag-san-marino"],"yoast_head":"<!-- This site is optimized with the Yoast SEO plugin v27.1.1 - https:\/\/yoast.com\/product\/yoast-seo-wordpress\/ -->\n<title>El Reale Avintia Racing Team finaliza positivamente el GP de San Marino - Esponsorama<\/title>\n<meta name=\"robots\" content=\"index, follow, max-snippet:-1, max-image-preview:large, max-video-preview:-1\" \/>\n<link rel=\"canonical\" href=\"http:\/\/esponsorama.ad\/es\/reale-avintia-racing-team-finaliza-positivamente-gp-san-marino\/\" \/>\n<meta property=\"og:locale\" content=\"es_ES\" \/>\n<meta property=\"og:type\" content=\"article\" \/>\n<meta property=\"og:title\" content=\"El Reale Avintia Racing Team finaliza positivamente el GP de San Marino - Esponsorama\" \/>\n<meta property=\"og:description\" content=\"El Reale Avintia Racing Team\u00a0concluye\u00a0la decimotercera carrera de la temporada celebrada este fin de semana con motivo del GP de San Marino. Durante la sesi\u00f3n de clasificaci\u00f3n del s\u00e1bado, Tito Rabat sufri\u00f3 una aver\u00eda en su Ducati y solo pudo ser 22\u00ba. Sin embargo, en la carrera del domingo volvi\u00f3 a mostrar su ritmo y [&hellip;]\" \/>\n<meta property=\"og:url\" content=\"http:\/\/esponsorama.ad\/es\/reale-avintia-racing-team-finaliza-positivamente-gp-san-marino\/\" \/>\n<meta property=\"og:site_name\" content=\"Esponsorama\" \/>\n<meta property=\"article:published_time\" content=\"2019-09-15T14:48:55+00:00\" \/>\n<meta property=\"article:modified_time\" content=\"2019-09-16T11:49:51+00:00\" \/>\n<meta property=\"og:image\" content=\"http:\/\/esponsorama.ad\/wp-content\/uploads\/2019\/09\/13Misano19Mgp_Esponsorama_JOC1201-1024x683.jpg\" \/>\n\t<meta property=\"og:image:width\" content=\"1024\" \/>\n\t<meta property=\"og:image:height\" content=\"683\" \/>\n\t<meta property=\"og:image:type\" content=\"image\/jpeg\" \/>\n<meta name=\"author\" content=\"Xavi Andornet\" \/>\n<meta name=\"twitter:card\" content=\"summary_large_image\" \/>\n<meta name=\"twitter:label1\" content=\"Escrito por\" \/>\n\t<meta name=\"twitter:data1\" content=\"Xavi Andornet\" \/>\n\t<meta name=\"twitter:label2\" content=\"Tiempo de lectura\" \/>\n\t<meta name=\"twitter:data2\" content=\"1 minuto\" \/>\n<script type=\"application\/ld+json\" class=\"yoast-schema-graph\">{\"@context\":\"https:\/\/schema.org\",\"@graph\":[{\"@type\":\"Article\",\"@id\":\"http:\/\/esponsorama.ad\/es\/reale-avintia-racing-team-finaliza-positivamente-gp-san-marino\/#article\",\"isPartOf\":{\"@id\":\"http:\/\/esponsorama.ad\/es\/reale-avintia-racing-team-finaliza-positivamente-gp-san-marino\/\"},\"author\":{\"name\":\"Xavi Andornet\",\"@id\":\"http:\/\/esponsorama.ad\/es\/#\/schema\/person\/a5cde74945183d737066e46b61c6f9c4\"},\"headline\":\"El Reale Avintia Racing Team finaliza positivamente el GP de San Marino\",\"datePublished\":\"2019-09-15T14:48:55+00:00\",\"dateModified\":\"2019-09-16T11:49:51+00:00\",\"mainEntityOfPage\":{\"@id\":\"http:\/\/esponsorama.ad\/es\/reale-avintia-racing-team-finaliza-positivamente-gp-san-marino\/\"},\"wordCount\":310,\"image\":{\"@id\":\"http:\/\/esponsorama.ad\/es\/reale-avintia-racing-team-finaliza-positivamente-gp-san-marino\/#primaryimage\"},\"thumbnailUrl\":\"http:\/\/esponsorama.ad\/wp-content\/uploads\/2019\/09\/13Misano19Mgp_Esponsorama_JOC1201.jpg\",\"keywords\":[\"MotoGP\",\"san marino\"],\"articleSection\":[\"MotoGP\"],\"inLanguage\":\"es\"},{\"@type\":\"WebPage\",\"@id\":\"http:\/\/esponsorama.ad\/es\/reale-avintia-racing-team-finaliza-positivamente-gp-san-marino\/\",\"url\":\"http:\/\/esponsorama.ad\/es\/reale-avintia-racing-team-finaliza-positivamente-gp-san-marino\/\",\"name\":\"El Reale Avintia Racing Team finaliza positivamente el GP de San Marino - Esponsorama\",\"isPartOf\":{\"@id\":\"http:\/\/esponsorama.ad\/es\/#website\"},\"primaryImageOfPage\":{\"@id\":\"http:\/\/esponsorama.ad\/es\/reale-avintia-racing-team-finaliza-positivamente-gp-san-marino\/#primaryimage\"},\"image\":{\"@id\":\"http:\/\/esponsorama.ad\/es\/reale-avintia-racing-team-finaliza-positivamente-gp-san-marino\/#primaryimage\"},\"thumbnailUrl\":\"http:\/\/esponsorama.ad\/wp-content\/uploads\/2019\/09\/13Misano19Mgp_Esponsorama_JOC1201.jpg\",\"datePublished\":\"2019-09-15T14:48:55+00:00\",\"dateModified\":\"2019-09-16T11:49:51+00:00\",\"author\":{\"@id\":\"http:\/\/esponsorama.ad\/es\/#\/schema\/person\/a5cde74945183d737066e46b61c6f9c4\"},\"breadcrumb\":{\"@id\":\"http:\/\/esponsorama.ad\/es\/reale-avintia-racing-team-finaliza-positivamente-gp-san-marino\/#breadcrumb\"},\"inLanguage\":\"es\",\"potentialAction\":[{\"@type\":\"ReadAction\",\"target\":[\"http:\/\/esponsorama.ad\/es\/reale-avintia-racing-team-finaliza-positivamente-gp-san-marino\/\"]}]},{\"@type\":\"ImageObject\",\"inLanguage\":\"es\",\"@id\":\"http:\/\/esponsorama.ad\/es\/reale-avintia-racing-team-finaliza-positivamente-gp-san-marino\/#primaryimage\",\"url\":\"http:\/\/esponsorama.ad\/wp-content\/uploads\/2019\/09\/13Misano19Mgp_Esponsorama_JOC1201.jpg\",\"contentUrl\":\"http:\/\/esponsorama.ad\/wp-content\/uploads\/2019\/09\/13Misano19Mgp_Esponsorama_JOC1201.jpg\",\"width\":5472,\"height\":3648,\"caption\":\"13 Misano GP 12, 13, 14 y 15 de septiembre de 2019, circuito de Marco Simoncelli, ITALIA Motogp, MGP, Mgp, MotoGP\"},{\"@type\":\"BreadcrumbList\",\"@id\":\"http:\/\/esponsorama.ad\/es\/reale-avintia-racing-team-finaliza-positivamente-gp-san-marino\/#breadcrumb\",\"itemListElement\":[{\"@type\":\"ListItem\",\"position\":1,\"name\":\"Home\",\"item\":\"http:\/\/esponsorama.ad\/en\/\"},{\"@type\":\"ListItem\",\"position\":2,\"name\":\"El Reale Avintia Racing Team finaliza positivamente el GP de San Marino\"}]},{\"@type\":\"WebSite\",\"@id\":\"http:\/\/esponsorama.ad\/es\/#website\",\"url\":\"http:\/\/esponsorama.ad\/es\/\",\"name\":\"Esponsorama\",\"description\":\"Specialist in motorsport sponsorship and event promotions\",\"potentialAction\":[{\"@type\":\"SearchAction\",\"target\":{\"@type\":\"EntryPoint\",\"urlTemplate\":\"http:\/\/esponsorama.ad\/es\/?s={search_term_string}\"},\"query-input\":{\"@type\":\"PropertyValueSpecification\",\"valueRequired\":true,\"valueName\":\"search_term_string\"}}],\"inLanguage\":\"es\"},{\"@type\":\"Person\",\"@id\":\"http:\/\/esponsorama.ad\/es\/#\/schema\/person\/a5cde74945183d737066e46b61c6f9c4\",\"name\":\"Xavi Andornet\",\"image\":{\"@type\":\"ImageObject\",\"inLanguage\":\"es\",\"@id\":\"http:\/\/esponsorama.ad\/es\/#\/schema\/person\/image\/\",\"url\":\"https:\/\/secure.gravatar.com\/avatar\/f10eaf9ad601244a2357c9fd7cd9805ed166cfaaf76d5d9ab08a9d873e70147a?s=96&d=mm&r=g\",\"contentUrl\":\"https:\/\/secure.gravatar.com\/avatar\/f10eaf9ad601244a2357c9fd7cd9805ed166cfaaf76d5d9ab08a9d873e70147a?s=96&d=mm&r=g\",\"caption\":\"Xavi Andornet\"},\"sameAs\":[\"http:\/\/www.andornet.ad\"],\"url\":\"http:\/\/esponsorama.ad\/es\/author\/andornet\/\"}]}<\/script>\n<!-- \/ Yoast SEO plugin. -->","yoast_head_json":{"title":"El Reale Avintia Racing Team finaliza positivamente el GP de San Marino - Esponsorama","robots":{"index":"index","follow":"follow","max-snippet":"max-snippet:-1","max-image-preview":"max-image-preview:large","max-video-preview":"max-video-preview:-1"},"canonical":"http:\/\/esponsorama.ad\/es\/reale-avintia-racing-team-finaliza-positivamente-gp-san-marino\/","og_locale":"es_ES","og_type":"article","og_title":"El Reale Avintia Racing Team finaliza positivamente el GP de San Marino - Esponsorama","og_description":"El Reale Avintia Racing Team\u00a0concluye\u00a0la decimotercera carrera de la temporada celebrada este fin de semana con motivo del GP de San Marino. Durante la sesi\u00f3n de clasificaci\u00f3n del s\u00e1bado, Tito Rabat sufri\u00f3 una aver\u00eda en su Ducati y solo pudo ser 22\u00ba. Sin embargo, en la carrera del domingo volvi\u00f3 a mostrar su ritmo y [&hellip;]","og_url":"http:\/\/esponsorama.ad\/es\/reale-avintia-racing-team-finaliza-positivamente-gp-san-marino\/","og_site_name":"Esponsorama","article_published_time":"2019-09-15T14:48:55+00:00","article_modified_time":"2019-09-16T11:49:51+00:00","og_image":[{"width":1024,"height":683,"url":"http:\/\/esponsorama.ad\/wp-content\/uploads\/2019\/09\/13Misano19Mgp_Esponsorama_JOC1201-1024x683.jpg","type":"image\/jpeg"}],"author":"Xavi Andornet","twitter_card":"summary_large_image","twitter_misc":{"Escrito por":"Xavi Andornet","Tiempo de lectura":"1 minuto"},"schema":{"@context":"https:\/\/schema.org","@graph":[{"@type":"Article","@id":"http:\/\/esponsorama.ad\/es\/reale-avintia-racing-team-finaliza-positivamente-gp-san-marino\/#article","isPartOf":{"@id":"http:\/\/esponsorama.ad\/es\/reale-avintia-racing-team-finaliza-positivamente-gp-san-marino\/"},"author":{"name":"Xavi Andornet","@id":"http:\/\/esponsorama.ad\/es\/#\/schema\/person\/a5cde74945183d737066e46b61c6f9c4"},"headline":"El Reale Avintia Racing Team finaliza positivamente el GP de San Marino","datePublished":"2019-09-15T14:48:55+00:00","dateModified":"2019-09-16T11:49:51+00:00","mainEntityOfPage":{"@id":"http:\/\/esponsorama.ad\/es\/reale-avintia-racing-team-finaliza-positivamente-gp-san-marino\/"},"wordCount":310,"image":{"@id":"http:\/\/esponsorama.ad\/es\/reale-avintia-racing-team-finaliza-positivamente-gp-san-marino\/#primaryimage"},"thumbnailUrl":"http:\/\/esponsorama.ad\/wp-content\/uploads\/2019\/09\/13Misano19Mgp_Esponsorama_JOC1201.jpg","keywords":["MotoGP","san marino"],"articleSection":["MotoGP"],"inLanguage":"es"},{"@type":"WebPage","@id":"http:\/\/esponsorama.ad\/es\/reale-avintia-racing-team-finaliza-positivamente-gp-san-marino\/","url":"http:\/\/esponsorama.ad\/es\/reale-avintia-racing-team-finaliza-positivamente-gp-san-marino\/","name":"El Reale Avintia Racing Team finaliza positivamente el GP de San Marino - Esponsorama","isPartOf":{"@id":"http:\/\/esponsorama.ad\/es\/#website"},"primaryImageOfPage":{"@id":"http:\/\/esponsorama.ad\/es\/reale-avintia-racing-team-finaliza-positivamente-gp-san-marino\/#primaryimage"},"image":{"@id":"http:\/\/esponsorama.ad\/es\/reale-avintia-racing-team-finaliza-positivamente-gp-san-marino\/#primaryimage"},"thumbnailUrl":"http:\/\/esponsorama.ad\/wp-content\/uploads\/2019\/09\/13Misano19Mgp_Esponsorama_JOC1201.jpg","datePublished":"2019-09-15T14:48:55+00:00","dateModified":"2019-09-16T11:49:51+00:00","author":{"@id":"http:\/\/esponsorama.ad\/es\/#\/schema\/person\/a5cde74945183d737066e46b61c6f9c4"},"breadcrumb":{"@id":"http:\/\/esponsorama.ad\/es\/reale-avintia-racing-team-finaliza-positivamente-gp-san-marino\/#breadcrumb"},"inLanguage":"es","potentialAction":[{"@type":"ReadAction","target":["http:\/\/esponsorama.ad\/es\/reale-avintia-racing-team-finaliza-positivamente-gp-san-marino\/"]}]},{"@type":"ImageObject","inLanguage":"es","@id":"http:\/\/esponsorama.ad\/es\/reale-avintia-racing-team-finaliza-positivamente-gp-san-marino\/#primaryimage","url":"http:\/\/esponsorama.ad\/wp-content\/uploads\/2019\/09\/13Misano19Mgp_Esponsorama_JOC1201.jpg","contentUrl":"http:\/\/esponsorama.ad\/wp-content\/uploads\/2019\/09\/13Misano19Mgp_Esponsorama_JOC1201.jpg","width":5472,"height":3648,"caption":"13 Misano GP 12, 13, 14 y 15 de septiembre de 2019, circuito de Marco Simoncelli, ITALIA Motogp, MGP, Mgp, MotoGP"},{"@type":"BreadcrumbList","@id":"http:\/\/esponsorama.ad\/es\/reale-avintia-racing-team-finaliza-positivamente-gp-san-marino\/#breadcrumb","itemListElement":[{"@type":"ListItem","position":1,"name":"Home","item":"http:\/\/esponsorama.ad\/en\/"},{"@type":"ListItem","position":2,"name":"El Reale Avintia Racing Team finaliza positivamente el GP de San Marino"}]},{"@type":"WebSite","@id":"http:\/\/esponsorama.ad\/es\/#website","url":"http:\/\/esponsorama.ad\/es\/","name":"Esponsorama","description":"Specialist in motorsport sponsorship and event promotions","potentialAction":[{"@type":"SearchAction","target":{"@type":"EntryPoint","urlTemplate":"http:\/\/esponsorama.ad\/es\/?s={search_term_string}"},"query-input":{"@type":"PropertyValueSpecification","valueRequired":true,"valueName":"search_term_string"}}],"inLanguage":"es"},{"@type":"Person","@id":"http:\/\/esponsorama.ad\/es\/#\/schema\/person\/a5cde74945183d737066e46b61c6f9c4","name":"Xavi Andornet","image":{"@type":"ImageObject","inLanguage":"es","@id":"http:\/\/esponsorama.ad\/es\/#\/schema\/person\/image\/","url":"https:\/\/secure.gravatar.com\/avatar\/f10eaf9ad601244a2357c9fd7cd9805ed166cfaaf76d5d9ab08a9d873e70147a?s=96&d=mm&r=g","contentUrl":"https:\/\/secure.gravatar.com\/avatar\/f10eaf9ad601244a2357c9fd7cd9805ed166cfaaf76d5d9ab08a9d873e70147a?s=96&d=mm&r=g","caption":"Xavi Andornet"},"sameAs":["http:\/\/www.andornet.ad"],"url":"http:\/\/esponsorama.ad\/es\/author\/andornet\/"}]}},"_links":{"self":[{"href":"http:\/\/esponsorama.ad\/es\/wp-json\/wp\/v2\/posts\/15178","targetHints":{"allow":["GET"]}}],"collection":[{"href":"http:\/\/esponsorama.ad\/es\/wp-json\/wp\/v2\/posts"}],"about":[{"href":"http:\/\/esponsorama.ad\/es\/wp-json\/wp\/v2\/types\/post"}],"author":[{"embeddable":true,"href":"http:\/\/esponsorama.ad\/es\/wp-json\/wp\/v2\/users\/6"}],"replies":[{"embeddable":true,"href":"http:\/\/esponsorama.ad\/es\/wp-json\/wp\/v2\/comments?post=15178"}],"version-history":[{"count":0,"href":"http:\/\/esponsorama.ad\/es\/wp-json\/wp\/v2\/posts\/15178\/revisions"}],"wp:featuredmedia":[{"embeddable":true,"href":"http:\/\/esponsorama.ad\/es\/wp-json\/wp\/v2\/media\/15183"}],"wp:attachment":[{"href":"http:\/\/esponsorama.ad\/es\/wp-json\/wp\/v2\/media?parent=15178"}],"wp:term":[{"taxonomy":"category","embeddable":true,"href":"http:\/\/esponsorama.ad\/es\/wp-json\/wp\/v2\/categories?post=15178"},{"taxonomy":"post_tag","embeddable":true,"href":"http:\/\/esponsorama.ad\/es\/wp-json\/wp\/v2\/tags?post=15178"}],"curies":[{"name":"wp","href":"https:\/\/api.w.org\/{rel}","templated":true}]}}