{"id":15193,"date":"2019-09-17T11:28:17","date_gmt":"2019-09-17T09:28:17","guid":{"rendered":"http:\/\/esponsorama.ad\/?p=15193"},"modified":"2019-09-17T12:10:16","modified_gmt":"2019-09-17T10:10:16","slug":"avintia-esponsorama-racing-muestra-potencial-misano","status":"publish","type":"post","link":"http:\/\/esponsorama.ad\/es\/avintia-esponsorama-racing-muestra-potencial-misano\/","title":{"rendered":"El Avintia Esponsorama Racing muestra su potencial en Misano"},"content":{"rendered":"<p>El equipo Avintia Esponsorama Racing se march\u00f3 de Misano con buenas sensaciones despu\u00e9s de las positivas actuaciones tanto de Xavier Simeon como Eric Granado en la tercera cita de la Copa de MotoE en un fin de semana intenso en el que se disputaron dos carreras.<\/p>\n<p>En la E-Pole, Simeon consigui\u00f3 una tercera posici\u00f3n que le permitir\u00eda salir de la primera fila, algo de vital importancia dada la corta distancia de las carreras. Granado, por su parte, excedi\u00f3 los l\u00edmites de la pista en su vuelta lanzada, por lo cual se le anul\u00f3 y tuvo que salir 16\u00ba.<\/p>\n<p><strong>Carrera 1<\/strong><\/p>\n<p>En la primera carrera Xavier Simeon protagoniz\u00f3 una muy buena actuaci\u00f3n finalizando la carrera en tercera posici\u00f3n y subiendo al podio por segunda vez consecutiva tras su segunda plaza en Austria, lo cual le llev\u00f3 a la segunda plaza en la general.<\/p>\n<p>Eric Granado, que llegaba a Misano renqueante de una lesi\u00f3n de hombro, fue remontando\u00a0con rapidez hasta que desgraciadamente se fue al suelo cuando estaba alcanzando las posiciones de podio.<\/p>\n\n<p>\u00abEn la primera carrera\u00a0logramos una muy buena tercera posici\u00f3n que nos situ\u00f3 en la segunda posici\u00f3n de la general, algo que nos motiv\u00f3 mucho. Se nos escap\u00f3 la segunda posici\u00f3n por poco pero dimos por bueno el tercer puesto\u00bb.<\/p>\n\t\t\t\t\t<div class=\"rider-short\">\n\t\t\t\t<a href=\"http:\/\/esponsorama.ad\/es\/piloto\/eric-granado\/\"><img loading=\"lazy\" decoding=\"async\" width=\"300\" height=\"300\" src=\"http:\/\/esponsorama.ad\/wp-content\/uploads\/2018\/10\/numero-granado-comunicados-2018.png\" class=\"attachment-medium size-medium\" alt=\"\" srcset=\"http:\/\/esponsorama.ad\/wp-content\/uploads\/2018\/10\/numero-granado-comunicados-2018.png 300w, http:\/\/esponsorama.ad\/wp-content\/uploads\/2018\/10\/numero-granado-comunicados-2018-150x150.png 150w\" sizes=\"auto, (max-width: 300px) 100vw, 300px\" \/><\/a><div class=\"info\"><h3><a href=\"http:\/\/esponsorama.ad\/es\/piloto\/eric-granado\/\">Eric Granado<\/a> | P13<\/h3><div class=\"rrss\"><a target=\"_blank\" href=\"https:\/\/www.facebook.com\/PilotoEricGranado\/?ref=br_rs\"><i class=\"fa fa-facebook\"><\/i><\/a><a target=\"_blank\" href=\"https:\/\/twitter.com\/ericgranado\"><i class=\"fa fa-twitter\"><\/i><\/a><a target=\"_blank\" href=\"https:\/\/www.instagram.com\/ericgranado\/\"><i class=\"fa fa-instagram\"><\/i><\/a><\/div><\/div>\t\t\t\t\t<\/div>\n\t\t\t\t\n<p>\u201cEl viernes empec\u00e9 bien en el primer entrenamiento pero luego se complic\u00f3 todo en el FP2 porque tuve una aver\u00eda en la moto que no me permiti\u00f3 salir. En la clasificaci\u00f3n tuve una penalizaci\u00f3n exceder los limites de la pista y sal\u00ed 16\u00ba, lo cual nos comprometi\u00f3 bastante. En la primera carrera pude hacer una muy buena remontada hasta ser cuarto, pero desgraciadamente me fui al suelo debido a que me cuesta girar a derechas por la lesi\u00f3n del hombro. Al no poder rodar demasiado no pude encontrar una configuraci\u00f3n que me ayudase con este pilotaje nuevo que estoy haciendo por la lesi\u00f3n. Pude volver a pista, pero acab\u00e9 13\u00ba, lejos de lo esperado\u00bb.<\/p>\n<p><strong>Carrera 2<\/strong><\/p>\n<p>En la carrera del domingo, Xavier Simeon se fue al suelo en la segunda curva de la primera vuelta cuando intentaba superar a otro piloto, lo cual le hizo perder la segunda posici\u00f3n de la general en la que se encontraba tras la primera carrera y ahora est\u00e1 situado en 5\u00aa posici\u00f3n.<\/p>\n<p>Por otro lado, Eric Granado se vio lastrado por su posici\u00f3n de parrilla y, una vez m\u00e1s, tuvo que ir remontando posiciones pero, debido al rapid\u00edsimo ritmo impuesto por los pilotos de cabeza, le supuso imposible pasar de una sexta positiva sexta posici\u00f3n en carrera. En la general, el piloto brasile\u00f1o marcha 13\u00ba.<\/p>\n\t\t\t\t\t<div class=\"rider-short\">\n\t\t\t\t<a href=\"http:\/\/esponsorama.ad\/es\/piloto\/eric-granado\/\"><img loading=\"lazy\" decoding=\"async\" width=\"300\" height=\"300\" src=\"http:\/\/esponsorama.ad\/wp-content\/uploads\/2018\/10\/numero-granado-comunicados-2018.png\" class=\"attachment-medium size-medium\" alt=\"\" srcset=\"http:\/\/esponsorama.ad\/wp-content\/uploads\/2018\/10\/numero-granado-comunicados-2018.png 300w, http:\/\/esponsorama.ad\/wp-content\/uploads\/2018\/10\/numero-granado-comunicados-2018-150x150.png 150w\" sizes=\"auto, (max-width: 300px) 100vw, 300px\" \/><\/a><div class=\"info\"><h3><a href=\"http:\/\/esponsorama.ad\/es\/piloto\/eric-granado\/\">Eric Granado<\/a> | P6<\/h3><div class=\"rrss\"><a target=\"_blank\" href=\"https:\/\/www.facebook.com\/PilotoEricGranado\/?ref=br_rs\"><i class=\"fa fa-facebook\"><\/i><\/a><a target=\"_blank\" href=\"https:\/\/twitter.com\/ericgranado\"><i class=\"fa fa-twitter\"><\/i><\/a><a target=\"_blank\" href=\"https:\/\/www.instagram.com\/ericgranado\/\"><i class=\"fa fa-instagram\"><\/i><\/a><\/div><\/div>\t\t\t\t\t<\/div>\n\t\t\t\t\n<p>\u00abEn la segunda carrera me lo he tomado con la misma actitud que el s\u00e1bado para poder adelantar al mayor n\u00famero de pilotos posibles. Estaba en una posici\u00f3n acorde con mi ritmo y solo pensaba en acabar la carrera sin coger demasiados riesgos. El objetivo era acabar y lo hemos cumplido. Ahora toca seguir trabajando para llegar al m\u00e1ximo a las dos \u00faltimas carreras de Valencia\u201d.<\/p>\n\n<p>\u201cFue un finde de m\u00e1s a menos. Estoy contento con c\u00f3mo fue en general pero estoy disgustado por lo ocurrido en la segunda carrera. Intent\u00e9 gestionar mi bater\u00eda antes de la salida y parece que hacer la vuelta m\u00e1s lento para llegar a parrilla me perjudic\u00f3, hice un high side en la segunda curva y me di un fuerte golpe en la cabeza. Estoy decepcionado porque se nos escapa la oportunidad de luchar por el campeonato en Valencia aunque matem\u00e1ticamente sea posible. Lo importante es que me voy con un podio de Misano y a\u00fan podemos luchar por el segundo puesto.\u201d<\/p>\n","protected":false},"excerpt":{"rendered":"<p>El equipo Avintia Esponsorama Racing se march\u00f3 de Misano con buenas sensaciones despu\u00e9s de las positivas actuaciones tanto de Xavier Simeon como Eric Granado en la tercera cita de la Copa de MotoE en un fin de semana intenso en el que se disputaron dos carreras. En la E-Pole, Simeon consigui\u00f3 una tercera posici\u00f3n que [&hellip;]<\/p>\n","protected":false},"author":6,"featured_media":15200,"comment_status":"closed","ping_status":"closed","sticky":false,"template":"","format":"standard","meta":{"footnotes":""},"categories":[21],"tags":[63,60],"class_list":["post-15193","post","type-post","status-publish","format-standard","has-post-thumbnail","hentry","category-motoe","tag-misano","tag-motoe"],"yoast_head":"<!-- This site is optimized with the Yoast SEO plugin v27.1.1 - https:\/\/yoast.com\/product\/yoast-seo-wordpress\/ -->\n<title>El Avintia Esponsorama Racing muestra su potencial en Misano - Esponsorama<\/title>\n<meta name=\"robots\" content=\"index, follow, max-snippet:-1, max-image-preview:large, max-video-preview:-1\" \/>\n<link rel=\"canonical\" href=\"http:\/\/esponsorama.ad\/es\/avintia-esponsorama-racing-muestra-potencial-misano\/\" \/>\n<meta property=\"og:locale\" content=\"es_ES\" \/>\n<meta property=\"og:type\" content=\"article\" \/>\n<meta property=\"og:title\" content=\"El Avintia Esponsorama Racing muestra su potencial en Misano - Esponsorama\" \/>\n<meta property=\"og:description\" content=\"El equipo Avintia Esponsorama Racing se march\u00f3 de Misano con buenas sensaciones despu\u00e9s de las positivas actuaciones tanto de Xavier Simeon como Eric Granado en la tercera cita de la Copa de MotoE en un fin de semana intenso en el que se disputaron dos carreras. En la E-Pole, Simeon consigui\u00f3 una tercera posici\u00f3n que [&hellip;]\" \/>\n<meta property=\"og:url\" content=\"http:\/\/esponsorama.ad\/es\/avintia-esponsorama-racing-muestra-potencial-misano\/\" \/>\n<meta property=\"og:site_name\" content=\"Esponsorama\" \/>\n<meta property=\"article:published_time\" content=\"2019-09-17T09:28:17+00:00\" \/>\n<meta property=\"article:modified_time\" content=\"2019-09-17T10:10:16+00:00\" \/>\n<meta property=\"og:image\" content=\"http:\/\/esponsorama.ad\/wp-content\/uploads\/2019\/09\/13Misano19ME_Esponsorama_JOC4691-1024x683.jpg\" \/>\n\t<meta property=\"og:image:width\" content=\"1024\" \/>\n\t<meta property=\"og:image:height\" content=\"683\" \/>\n\t<meta property=\"og:image:type\" content=\"image\/jpeg\" \/>\n<meta name=\"author\" content=\"Xavi Andornet\" \/>\n<meta name=\"twitter:card\" content=\"summary_large_image\" \/>\n<meta name=\"twitter:label1\" content=\"Escrito por\" \/>\n\t<meta name=\"twitter:data1\" content=\"Xavi Andornet\" \/>\n\t<meta name=\"twitter:label2\" content=\"Tiempo de lectura\" \/>\n\t<meta name=\"twitter:data2\" content=\"3 minutos\" \/>\n<script type=\"application\/ld+json\" class=\"yoast-schema-graph\">{\"@context\":\"https:\/\/schema.org\",\"@graph\":[{\"@type\":\"Article\",\"@id\":\"http:\/\/esponsorama.ad\/es\/avintia-esponsorama-racing-muestra-potencial-misano\/#article\",\"isPartOf\":{\"@id\":\"http:\/\/esponsorama.ad\/es\/avintia-esponsorama-racing-muestra-potencial-misano\/\"},\"author\":{\"name\":\"Xavi Andornet\",\"@id\":\"http:\/\/esponsorama.ad\/es\/#\/schema\/person\/a5cde74945183d737066e46b61c6f9c4\"},\"headline\":\"El Avintia Esponsorama Racing muestra su potencial en Misano\",\"datePublished\":\"2019-09-17T09:28:17+00:00\",\"dateModified\":\"2019-09-17T10:10:16+00:00\",\"mainEntityOfPage\":{\"@id\":\"http:\/\/esponsorama.ad\/es\/avintia-esponsorama-racing-muestra-potencial-misano\/\"},\"wordCount\":648,\"image\":{\"@id\":\"http:\/\/esponsorama.ad\/es\/avintia-esponsorama-racing-muestra-potencial-misano\/#primaryimage\"},\"thumbnailUrl\":\"http:\/\/esponsorama.ad\/wp-content\/uploads\/2019\/09\/13Misano19ME_Esponsorama_JOC4691.jpg\",\"keywords\":[\"misano\",\"motoe\"],\"articleSection\":[\"MotoE\"],\"inLanguage\":\"es\"},{\"@type\":\"WebPage\",\"@id\":\"http:\/\/esponsorama.ad\/es\/avintia-esponsorama-racing-muestra-potencial-misano\/\",\"url\":\"http:\/\/esponsorama.ad\/es\/avintia-esponsorama-racing-muestra-potencial-misano\/\",\"name\":\"El Avintia Esponsorama Racing muestra su potencial en Misano - Esponsorama\",\"isPartOf\":{\"@id\":\"http:\/\/esponsorama.ad\/es\/#website\"},\"primaryImageOfPage\":{\"@id\":\"http:\/\/esponsorama.ad\/es\/avintia-esponsorama-racing-muestra-potencial-misano\/#primaryimage\"},\"image\":{\"@id\":\"http:\/\/esponsorama.ad\/es\/avintia-esponsorama-racing-muestra-potencial-misano\/#primaryimage\"},\"thumbnailUrl\":\"http:\/\/esponsorama.ad\/wp-content\/uploads\/2019\/09\/13Misano19ME_Esponsorama_JOC4691.jpg\",\"datePublished\":\"2019-09-17T09:28:17+00:00\",\"dateModified\":\"2019-09-17T10:10:16+00:00\",\"author\":{\"@id\":\"http:\/\/esponsorama.ad\/es\/#\/schema\/person\/a5cde74945183d737066e46b61c6f9c4\"},\"breadcrumb\":{\"@id\":\"http:\/\/esponsorama.ad\/es\/avintia-esponsorama-racing-muestra-potencial-misano\/#breadcrumb\"},\"inLanguage\":\"es\",\"potentialAction\":[{\"@type\":\"ReadAction\",\"target\":[\"http:\/\/esponsorama.ad\/es\/avintia-esponsorama-racing-muestra-potencial-misano\/\"]}]},{\"@type\":\"ImageObject\",\"inLanguage\":\"es\",\"@id\":\"http:\/\/esponsorama.ad\/es\/avintia-esponsorama-racing-muestra-potencial-misano\/#primaryimage\",\"url\":\"http:\/\/esponsorama.ad\/wp-content\/uploads\/2019\/09\/13Misano19ME_Esponsorama_JOC4691.jpg\",\"contentUrl\":\"http:\/\/esponsorama.ad\/wp-content\/uploads\/2019\/09\/13Misano19ME_Esponsorama_JOC4691.jpg\",\"width\":5472,\"height\":3648,\"caption\":\"13 Misano GP 12, 13, 14 y 15 de septiembre de 2019, circuito de Marco Simoncelli, ITALIA Motogp, MGP, Mgp, MotoGP\"},{\"@type\":\"BreadcrumbList\",\"@id\":\"http:\/\/esponsorama.ad\/es\/avintia-esponsorama-racing-muestra-potencial-misano\/#breadcrumb\",\"itemListElement\":[{\"@type\":\"ListItem\",\"position\":1,\"name\":\"Home\",\"item\":\"http:\/\/esponsorama.ad\/en\/\"},{\"@type\":\"ListItem\",\"position\":2,\"name\":\"El Avintia Esponsorama Racing muestra su potencial en Misano\"}]},{\"@type\":\"WebSite\",\"@id\":\"http:\/\/esponsorama.ad\/es\/#website\",\"url\":\"http:\/\/esponsorama.ad\/es\/\",\"name\":\"Esponsorama\",\"description\":\"Specialist in motorsport sponsorship and event promotions\",\"potentialAction\":[{\"@type\":\"SearchAction\",\"target\":{\"@type\":\"EntryPoint\",\"urlTemplate\":\"http:\/\/esponsorama.ad\/es\/?s={search_term_string}\"},\"query-input\":{\"@type\":\"PropertyValueSpecification\",\"valueRequired\":true,\"valueName\":\"search_term_string\"}}],\"inLanguage\":\"es\"},{\"@type\":\"Person\",\"@id\":\"http:\/\/esponsorama.ad\/es\/#\/schema\/person\/a5cde74945183d737066e46b61c6f9c4\",\"name\":\"Xavi Andornet\",\"image\":{\"@type\":\"ImageObject\",\"inLanguage\":\"es\",\"@id\":\"http:\/\/esponsorama.ad\/es\/#\/schema\/person\/image\/\",\"url\":\"https:\/\/secure.gravatar.com\/avatar\/f10eaf9ad601244a2357c9fd7cd9805ed166cfaaf76d5d9ab08a9d873e70147a?s=96&d=mm&r=g\",\"contentUrl\":\"https:\/\/secure.gravatar.com\/avatar\/f10eaf9ad601244a2357c9fd7cd9805ed166cfaaf76d5d9ab08a9d873e70147a?s=96&d=mm&r=g\",\"caption\":\"Xavi Andornet\"},\"sameAs\":[\"http:\/\/www.andornet.ad\"],\"url\":\"http:\/\/esponsorama.ad\/es\/author\/andornet\/\"}]}<\/script>\n<!-- \/ Yoast SEO plugin. -->","yoast_head_json":{"title":"El Avintia Esponsorama Racing muestra su potencial en Misano - Esponsorama","robots":{"index":"index","follow":"follow","max-snippet":"max-snippet:-1","max-image-preview":"max-image-preview:large","max-video-preview":"max-video-preview:-1"},"canonical":"http:\/\/esponsorama.ad\/es\/avintia-esponsorama-racing-muestra-potencial-misano\/","og_locale":"es_ES","og_type":"article","og_title":"El Avintia Esponsorama Racing muestra su potencial en Misano - Esponsorama","og_description":"El equipo Avintia Esponsorama Racing se march\u00f3 de Misano con buenas sensaciones despu\u00e9s de las positivas actuaciones tanto de Xavier Simeon como Eric Granado en la tercera cita de la Copa de MotoE en un fin de semana intenso en el que se disputaron dos carreras. En la E-Pole, Simeon consigui\u00f3 una tercera posici\u00f3n que [&hellip;]","og_url":"http:\/\/esponsorama.ad\/es\/avintia-esponsorama-racing-muestra-potencial-misano\/","og_site_name":"Esponsorama","article_published_time":"2019-09-17T09:28:17+00:00","article_modified_time":"2019-09-17T10:10:16+00:00","og_image":[{"width":1024,"height":683,"url":"http:\/\/esponsorama.ad\/wp-content\/uploads\/2019\/09\/13Misano19ME_Esponsorama_JOC4691-1024x683.jpg","type":"image\/jpeg"}],"author":"Xavi Andornet","twitter_card":"summary_large_image","twitter_misc":{"Escrito por":"Xavi Andornet","Tiempo de lectura":"3 minutos"},"schema":{"@context":"https:\/\/schema.org","@graph":[{"@type":"Article","@id":"http:\/\/esponsorama.ad\/es\/avintia-esponsorama-racing-muestra-potencial-misano\/#article","isPartOf":{"@id":"http:\/\/esponsorama.ad\/es\/avintia-esponsorama-racing-muestra-potencial-misano\/"},"author":{"name":"Xavi Andornet","@id":"http:\/\/esponsorama.ad\/es\/#\/schema\/person\/a5cde74945183d737066e46b61c6f9c4"},"headline":"El Avintia Esponsorama Racing muestra su potencial en Misano","datePublished":"2019-09-17T09:28:17+00:00","dateModified":"2019-09-17T10:10:16+00:00","mainEntityOfPage":{"@id":"http:\/\/esponsorama.ad\/es\/avintia-esponsorama-racing-muestra-potencial-misano\/"},"wordCount":648,"image":{"@id":"http:\/\/esponsorama.ad\/es\/avintia-esponsorama-racing-muestra-potencial-misano\/#primaryimage"},"thumbnailUrl":"http:\/\/esponsorama.ad\/wp-content\/uploads\/2019\/09\/13Misano19ME_Esponsorama_JOC4691.jpg","keywords":["misano","motoe"],"articleSection":["MotoE"],"inLanguage":"es"},{"@type":"WebPage","@id":"http:\/\/esponsorama.ad\/es\/avintia-esponsorama-racing-muestra-potencial-misano\/","url":"http:\/\/esponsorama.ad\/es\/avintia-esponsorama-racing-muestra-potencial-misano\/","name":"El Avintia Esponsorama Racing muestra su potencial en Misano - Esponsorama","isPartOf":{"@id":"http:\/\/esponsorama.ad\/es\/#website"},"primaryImageOfPage":{"@id":"http:\/\/esponsorama.ad\/es\/avintia-esponsorama-racing-muestra-potencial-misano\/#primaryimage"},"image":{"@id":"http:\/\/esponsorama.ad\/es\/avintia-esponsorama-racing-muestra-potencial-misano\/#primaryimage"},"thumbnailUrl":"http:\/\/esponsorama.ad\/wp-content\/uploads\/2019\/09\/13Misano19ME_Esponsorama_JOC4691.jpg","datePublished":"2019-09-17T09:28:17+00:00","dateModified":"2019-09-17T10:10:16+00:00","author":{"@id":"http:\/\/esponsorama.ad\/es\/#\/schema\/person\/a5cde74945183d737066e46b61c6f9c4"},"breadcrumb":{"@id":"http:\/\/esponsorama.ad\/es\/avintia-esponsorama-racing-muestra-potencial-misano\/#breadcrumb"},"inLanguage":"es","potentialAction":[{"@type":"ReadAction","target":["http:\/\/esponsorama.ad\/es\/avintia-esponsorama-racing-muestra-potencial-misano\/"]}]},{"@type":"ImageObject","inLanguage":"es","@id":"http:\/\/esponsorama.ad\/es\/avintia-esponsorama-racing-muestra-potencial-misano\/#primaryimage","url":"http:\/\/esponsorama.ad\/wp-content\/uploads\/2019\/09\/13Misano19ME_Esponsorama_JOC4691.jpg","contentUrl":"http:\/\/esponsorama.ad\/wp-content\/uploads\/2019\/09\/13Misano19ME_Esponsorama_JOC4691.jpg","width":5472,"height":3648,"caption":"13 Misano GP 12, 13, 14 y 15 de septiembre de 2019, circuito de Marco Simoncelli, ITALIA Motogp, MGP, Mgp, MotoGP"},{"@type":"BreadcrumbList","@id":"http:\/\/esponsorama.ad\/es\/avintia-esponsorama-racing-muestra-potencial-misano\/#breadcrumb","itemListElement":[{"@type":"ListItem","position":1,"name":"Home","item":"http:\/\/esponsorama.ad\/en\/"},{"@type":"ListItem","position":2,"name":"El Avintia Esponsorama Racing muestra su potencial en Misano"}]},{"@type":"WebSite","@id":"http:\/\/esponsorama.ad\/es\/#website","url":"http:\/\/esponsorama.ad\/es\/","name":"Esponsorama","description":"Specialist in motorsport sponsorship and event promotions","potentialAction":[{"@type":"SearchAction","target":{"@type":"EntryPoint","urlTemplate":"http:\/\/esponsorama.ad\/es\/?s={search_term_string}"},"query-input":{"@type":"PropertyValueSpecification","valueRequired":true,"valueName":"search_term_string"}}],"inLanguage":"es"},{"@type":"Person","@id":"http:\/\/esponsorama.ad\/es\/#\/schema\/person\/a5cde74945183d737066e46b61c6f9c4","name":"Xavi Andornet","image":{"@type":"ImageObject","inLanguage":"es","@id":"http:\/\/esponsorama.ad\/es\/#\/schema\/person\/image\/","url":"https:\/\/secure.gravatar.com\/avatar\/f10eaf9ad601244a2357c9fd7cd9805ed166cfaaf76d5d9ab08a9d873e70147a?s=96&d=mm&r=g","contentUrl":"https:\/\/secure.gravatar.com\/avatar\/f10eaf9ad601244a2357c9fd7cd9805ed166cfaaf76d5d9ab08a9d873e70147a?s=96&d=mm&r=g","caption":"Xavi Andornet"},"sameAs":["http:\/\/www.andornet.ad"],"url":"http:\/\/esponsorama.ad\/es\/author\/andornet\/"}]}},"_links":{"self":[{"href":"http:\/\/esponsorama.ad\/es\/wp-json\/wp\/v2\/posts\/15193","targetHints":{"allow":["GET"]}}],"collection":[{"href":"http:\/\/esponsorama.ad\/es\/wp-json\/wp\/v2\/posts"}],"about":[{"href":"http:\/\/esponsorama.ad\/es\/wp-json\/wp\/v2\/types\/post"}],"author":[{"embeddable":true,"href":"http:\/\/esponsorama.ad\/es\/wp-json\/wp\/v2\/users\/6"}],"replies":[{"embeddable":true,"href":"http:\/\/esponsorama.ad\/es\/wp-json\/wp\/v2\/comments?post=15193"}],"version-history":[{"count":0,"href":"http:\/\/esponsorama.ad\/es\/wp-json\/wp\/v2\/posts\/15193\/revisions"}],"wp:featuredmedia":[{"embeddable":true,"href":"http:\/\/esponsorama.ad\/es\/wp-json\/wp\/v2\/media\/15200"}],"wp:attachment":[{"href":"http:\/\/esponsorama.ad\/es\/wp-json\/wp\/v2\/media?parent=15193"}],"wp:term":[{"taxonomy":"category","embeddable":true,"href":"http:\/\/esponsorama.ad\/es\/wp-json\/wp\/v2\/categories?post=15193"},{"taxonomy":"post_tag","embeddable":true,"href":"http:\/\/esponsorama.ad\/es\/wp-json\/wp\/v2\/tags?post=15193"}],"curies":[{"name":"wp","href":"https:\/\/api.w.org\/{rel}","templated":true}]}}