{"id":15217,"date":"2019-09-19T14:36:31","date_gmt":"2019-09-19T12:36:31","guid":{"rendered":"http:\/\/esponsorama.ad\/?p=15217"},"modified":"2019-09-19T14:48:43","modified_gmt":"2019-09-19T12:48:43","slug":"stefano-nepa-llega-ambicioso-aragon-tras-los-puntos-misano","status":"publish","type":"post","link":"http:\/\/esponsorama.ad\/es\/stefano-nepa-llega-ambicioso-aragon-tras-los-puntos-misano\/","title":{"rendered":"Stefano Nepa llega ambicioso a Arag\u00f3n tras los puntos de Misano"},"content":{"rendered":"<p>El piloto italiano llega al circuito de Motorland Arag\u00f3n -donde se celebrar\u00e1 la 14\u00aa prueba del Campeonato del Mundo de Moto3- con la moral alta tras conseguir sus primeros puntos mundialistas en el circuito de Misano hace menos de una semana cuando fue 11\u00ba.<\/p>\n<p>Este fin de semana se enfrenta al desaf\u00edo que supone el complejo trazado aragon\u00e9s donde los puntos volver\u00e1n a ser el objetivo. Esta ser\u00e1 la \u00faltima carrera antes de que paddock haga las maletas para las carreras de la gira asi\u00e1tica para despu\u00e9s volver a Europa y acabar la temporada en Valencia.<\/p>\n\n<p>\u201cLlegamos de un fin de semana positivo y a\u00fan hay que trabajar mucho, pero hemos hecho un paso importante en carrera. Hay que concentrarse m\u00e1s en los entrenamientos libres y llevar la moto al l\u00edmite desde el FP1 as\u00ed conseguiremos llegar preparados a la QP. El circuito de Arag\u00f3n me gusta mucho, ser\u00e1 importante el \u00faltimo sector por la larga recta que tiene. Como siempre, el equipo y yo daremos el 100% para llegar al Top15\u201d<\/p>\n","protected":false},"excerpt":{"rendered":"<p>El piloto italiano llega al circuito de Motorland Arag\u00f3n -donde se celebrar\u00e1 la 14\u00aa prueba del Campeonato del Mundo de Moto3- con la moral alta tras conseguir sus primeros puntos mundialistas en el circuito de Misano hace menos de una semana cuando fue 11\u00ba. Este fin de semana se enfrenta al desaf\u00edo que supone el [&hellip;]<\/p>\n","protected":false},"author":6,"featured_media":15219,"comment_status":"closed","ping_status":"closed","sticky":false,"template":"","format":"standard","meta":{"footnotes":""},"categories":[12],"tags":[65,27],"class_list":["post-15217","post","type-post","status-publish","format-standard","has-post-thumbnail","hentry","category-moto3","tag-aragongp","tag-moto3"],"yoast_head":"<!-- This site is optimized with the Yoast SEO plugin v27.1.1 - https:\/\/yoast.com\/product\/yoast-seo-wordpress\/ -->\n<title>Stefano Nepa llega ambicioso a Arag\u00f3n tras los puntos de Misano - Esponsorama<\/title>\n<meta name=\"robots\" content=\"index, follow, max-snippet:-1, max-image-preview:large, max-video-preview:-1\" \/>\n<link rel=\"canonical\" href=\"http:\/\/esponsorama.ad\/es\/stefano-nepa-llega-ambicioso-aragon-tras-los-puntos-misano\/\" \/>\n<meta property=\"og:locale\" content=\"es_ES\" \/>\n<meta property=\"og:type\" content=\"article\" \/>\n<meta property=\"og:title\" content=\"Stefano Nepa llega ambicioso a Arag\u00f3n tras los puntos de Misano - Esponsorama\" \/>\n<meta property=\"og:description\" content=\"El piloto italiano llega al circuito de Motorland Arag\u00f3n -donde se celebrar\u00e1 la 14\u00aa prueba del Campeonato del Mundo de Moto3- con la moral alta tras conseguir sus primeros puntos mundialistas en el circuito de Misano hace menos de una semana cuando fue 11\u00ba. Este fin de semana se enfrenta al desaf\u00edo que supone el [&hellip;]\" \/>\n<meta property=\"og:url\" content=\"http:\/\/esponsorama.ad\/es\/stefano-nepa-llega-ambicioso-aragon-tras-los-puntos-misano\/\" \/>\n<meta property=\"og:site_name\" content=\"Esponsorama\" \/>\n<meta property=\"article:published_time\" content=\"2019-09-19T12:36:31+00:00\" \/>\n<meta property=\"article:modified_time\" content=\"2019-09-19T12:48:43+00:00\" \/>\n<meta property=\"og:image\" content=\"http:\/\/esponsorama.ad\/wp-content\/uploads\/2019\/09\/13Misano19M3Esponsorama_JOC5625-1-1024x683.jpg\" \/>\n\t<meta property=\"og:image:width\" content=\"1024\" \/>\n\t<meta property=\"og:image:height\" content=\"683\" \/>\n\t<meta property=\"og:image:type\" content=\"image\/jpeg\" \/>\n<meta name=\"author\" content=\"Xavi Andornet\" \/>\n<meta name=\"twitter:card\" content=\"summary_large_image\" \/>\n<meta name=\"twitter:label1\" content=\"Escrito por\" \/>\n\t<meta name=\"twitter:data1\" content=\"Xavi Andornet\" \/>\n\t<meta name=\"twitter:label2\" content=\"Tiempo de lectura\" \/>\n\t<meta name=\"twitter:data2\" content=\"1 minuto\" \/>\n<script type=\"application\/ld+json\" class=\"yoast-schema-graph\">{\"@context\":\"https:\/\/schema.org\",\"@graph\":[{\"@type\":\"Article\",\"@id\":\"http:\/\/esponsorama.ad\/es\/stefano-nepa-llega-ambicioso-aragon-tras-los-puntos-misano\/#article\",\"isPartOf\":{\"@id\":\"http:\/\/esponsorama.ad\/es\/stefano-nepa-llega-ambicioso-aragon-tras-los-puntos-misano\/\"},\"author\":{\"name\":\"Xavi Andornet\",\"@id\":\"http:\/\/esponsorama.ad\/es\/#\/schema\/person\/a5cde74945183d737066e46b61c6f9c4\"},\"headline\":\"Stefano Nepa llega ambicioso a Arag\u00f3n tras los puntos de Misano\",\"datePublished\":\"2019-09-19T12:36:31+00:00\",\"dateModified\":\"2019-09-19T12:48:43+00:00\",\"mainEntityOfPage\":{\"@id\":\"http:\/\/esponsorama.ad\/es\/stefano-nepa-llega-ambicioso-aragon-tras-los-puntos-misano\/\"},\"wordCount\":194,\"image\":{\"@id\":\"http:\/\/esponsorama.ad\/es\/stefano-nepa-llega-ambicioso-aragon-tras-los-puntos-misano\/#primaryimage\"},\"thumbnailUrl\":\"http:\/\/esponsorama.ad\/wp-content\/uploads\/2019\/09\/13Misano19M3Esponsorama_JOC5625-1.jpg\",\"keywords\":[\"aragongp\",\"moto3\"],\"articleSection\":[\"Moto3\"],\"inLanguage\":\"es\"},{\"@type\":\"WebPage\",\"@id\":\"http:\/\/esponsorama.ad\/es\/stefano-nepa-llega-ambicioso-aragon-tras-los-puntos-misano\/\",\"url\":\"http:\/\/esponsorama.ad\/es\/stefano-nepa-llega-ambicioso-aragon-tras-los-puntos-misano\/\",\"name\":\"Stefano Nepa llega ambicioso a Arag\u00f3n tras los puntos de Misano - Esponsorama\",\"isPartOf\":{\"@id\":\"http:\/\/esponsorama.ad\/es\/#website\"},\"primaryImageOfPage\":{\"@id\":\"http:\/\/esponsorama.ad\/es\/stefano-nepa-llega-ambicioso-aragon-tras-los-puntos-misano\/#primaryimage\"},\"image\":{\"@id\":\"http:\/\/esponsorama.ad\/es\/stefano-nepa-llega-ambicioso-aragon-tras-los-puntos-misano\/#primaryimage\"},\"thumbnailUrl\":\"http:\/\/esponsorama.ad\/wp-content\/uploads\/2019\/09\/13Misano19M3Esponsorama_JOC5625-1.jpg\",\"datePublished\":\"2019-09-19T12:36:31+00:00\",\"dateModified\":\"2019-09-19T12:48:43+00:00\",\"author\":{\"@id\":\"http:\/\/esponsorama.ad\/es\/#\/schema\/person\/a5cde74945183d737066e46b61c6f9c4\"},\"breadcrumb\":{\"@id\":\"http:\/\/esponsorama.ad\/es\/stefano-nepa-llega-ambicioso-aragon-tras-los-puntos-misano\/#breadcrumb\"},\"inLanguage\":\"es\",\"potentialAction\":[{\"@type\":\"ReadAction\",\"target\":[\"http:\/\/esponsorama.ad\/es\/stefano-nepa-llega-ambicioso-aragon-tras-los-puntos-misano\/\"]}]},{\"@type\":\"ImageObject\",\"inLanguage\":\"es\",\"@id\":\"http:\/\/esponsorama.ad\/es\/stefano-nepa-llega-ambicioso-aragon-tras-los-puntos-misano\/#primaryimage\",\"url\":\"http:\/\/esponsorama.ad\/wp-content\/uploads\/2019\/09\/13Misano19M3Esponsorama_JOC5625-1.jpg\",\"contentUrl\":\"http:\/\/esponsorama.ad\/wp-content\/uploads\/2019\/09\/13Misano19M3Esponsorama_JOC5625-1.jpg\",\"width\":5472,\"height\":3648,\"caption\":\"13 Misano GP 12, 13, 14 y 15 de septiembre de 2019, circuito de Marco Simoncelli, ITALIA Motogp, MGP, Mgp, MotoGP\"},{\"@type\":\"BreadcrumbList\",\"@id\":\"http:\/\/esponsorama.ad\/es\/stefano-nepa-llega-ambicioso-aragon-tras-los-puntos-misano\/#breadcrumb\",\"itemListElement\":[{\"@type\":\"ListItem\",\"position\":1,\"name\":\"Home\",\"item\":\"http:\/\/esponsorama.ad\/ca\/\"},{\"@type\":\"ListItem\",\"position\":2,\"name\":\"Stefano Nepa llega ambicioso a Arag\u00f3n tras los puntos de Misano\"}]},{\"@type\":\"WebSite\",\"@id\":\"http:\/\/esponsorama.ad\/es\/#website\",\"url\":\"http:\/\/esponsorama.ad\/es\/\",\"name\":\"Esponsorama\",\"description\":\"Specialist in motorsport sponsorship and event promotions\",\"potentialAction\":[{\"@type\":\"SearchAction\",\"target\":{\"@type\":\"EntryPoint\",\"urlTemplate\":\"http:\/\/esponsorama.ad\/es\/?s={search_term_string}\"},\"query-input\":{\"@type\":\"PropertyValueSpecification\",\"valueRequired\":true,\"valueName\":\"search_term_string\"}}],\"inLanguage\":\"es\"},{\"@type\":\"Person\",\"@id\":\"http:\/\/esponsorama.ad\/es\/#\/schema\/person\/a5cde74945183d737066e46b61c6f9c4\",\"name\":\"Xavi Andornet\",\"image\":{\"@type\":\"ImageObject\",\"inLanguage\":\"es\",\"@id\":\"http:\/\/esponsorama.ad\/es\/#\/schema\/person\/image\/\",\"url\":\"https:\/\/secure.gravatar.com\/avatar\/f10eaf9ad601244a2357c9fd7cd9805ed166cfaaf76d5d9ab08a9d873e70147a?s=96&d=mm&r=g\",\"contentUrl\":\"https:\/\/secure.gravatar.com\/avatar\/f10eaf9ad601244a2357c9fd7cd9805ed166cfaaf76d5d9ab08a9d873e70147a?s=96&d=mm&r=g\",\"caption\":\"Xavi Andornet\"},\"sameAs\":[\"http:\/\/www.andornet.ad\"],\"url\":\"http:\/\/esponsorama.ad\/es\/author\/andornet\/\"}]}<\/script>\n<!-- \/ Yoast SEO plugin. -->","yoast_head_json":{"title":"Stefano Nepa llega ambicioso a Arag\u00f3n tras los puntos de Misano - Esponsorama","robots":{"index":"index","follow":"follow","max-snippet":"max-snippet:-1","max-image-preview":"max-image-preview:large","max-video-preview":"max-video-preview:-1"},"canonical":"http:\/\/esponsorama.ad\/es\/stefano-nepa-llega-ambicioso-aragon-tras-los-puntos-misano\/","og_locale":"es_ES","og_type":"article","og_title":"Stefano Nepa llega ambicioso a Arag\u00f3n tras los puntos de Misano - Esponsorama","og_description":"El piloto italiano llega al circuito de Motorland Arag\u00f3n -donde se celebrar\u00e1 la 14\u00aa prueba del Campeonato del Mundo de Moto3- con la moral alta tras conseguir sus primeros puntos mundialistas en el circuito de Misano hace menos de una semana cuando fue 11\u00ba. Este fin de semana se enfrenta al desaf\u00edo que supone el [&hellip;]","og_url":"http:\/\/esponsorama.ad\/es\/stefano-nepa-llega-ambicioso-aragon-tras-los-puntos-misano\/","og_site_name":"Esponsorama","article_published_time":"2019-09-19T12:36:31+00:00","article_modified_time":"2019-09-19T12:48:43+00:00","og_image":[{"width":1024,"height":683,"url":"http:\/\/esponsorama.ad\/wp-content\/uploads\/2019\/09\/13Misano19M3Esponsorama_JOC5625-1-1024x683.jpg","type":"image\/jpeg"}],"author":"Xavi Andornet","twitter_card":"summary_large_image","twitter_misc":{"Escrito por":"Xavi Andornet","Tiempo de lectura":"1 minuto"},"schema":{"@context":"https:\/\/schema.org","@graph":[{"@type":"Article","@id":"http:\/\/esponsorama.ad\/es\/stefano-nepa-llega-ambicioso-aragon-tras-los-puntos-misano\/#article","isPartOf":{"@id":"http:\/\/esponsorama.ad\/es\/stefano-nepa-llega-ambicioso-aragon-tras-los-puntos-misano\/"},"author":{"name":"Xavi Andornet","@id":"http:\/\/esponsorama.ad\/es\/#\/schema\/person\/a5cde74945183d737066e46b61c6f9c4"},"headline":"Stefano Nepa llega ambicioso a Arag\u00f3n tras los puntos de Misano","datePublished":"2019-09-19T12:36:31+00:00","dateModified":"2019-09-19T12:48:43+00:00","mainEntityOfPage":{"@id":"http:\/\/esponsorama.ad\/es\/stefano-nepa-llega-ambicioso-aragon-tras-los-puntos-misano\/"},"wordCount":194,"image":{"@id":"http:\/\/esponsorama.ad\/es\/stefano-nepa-llega-ambicioso-aragon-tras-los-puntos-misano\/#primaryimage"},"thumbnailUrl":"http:\/\/esponsorama.ad\/wp-content\/uploads\/2019\/09\/13Misano19M3Esponsorama_JOC5625-1.jpg","keywords":["aragongp","moto3"],"articleSection":["Moto3"],"inLanguage":"es"},{"@type":"WebPage","@id":"http:\/\/esponsorama.ad\/es\/stefano-nepa-llega-ambicioso-aragon-tras-los-puntos-misano\/","url":"http:\/\/esponsorama.ad\/es\/stefano-nepa-llega-ambicioso-aragon-tras-los-puntos-misano\/","name":"Stefano Nepa llega ambicioso a Arag\u00f3n tras los puntos de Misano - Esponsorama","isPartOf":{"@id":"http:\/\/esponsorama.ad\/es\/#website"},"primaryImageOfPage":{"@id":"http:\/\/esponsorama.ad\/es\/stefano-nepa-llega-ambicioso-aragon-tras-los-puntos-misano\/#primaryimage"},"image":{"@id":"http:\/\/esponsorama.ad\/es\/stefano-nepa-llega-ambicioso-aragon-tras-los-puntos-misano\/#primaryimage"},"thumbnailUrl":"http:\/\/esponsorama.ad\/wp-content\/uploads\/2019\/09\/13Misano19M3Esponsorama_JOC5625-1.jpg","datePublished":"2019-09-19T12:36:31+00:00","dateModified":"2019-09-19T12:48:43+00:00","author":{"@id":"http:\/\/esponsorama.ad\/es\/#\/schema\/person\/a5cde74945183d737066e46b61c6f9c4"},"breadcrumb":{"@id":"http:\/\/esponsorama.ad\/es\/stefano-nepa-llega-ambicioso-aragon-tras-los-puntos-misano\/#breadcrumb"},"inLanguage":"es","potentialAction":[{"@type":"ReadAction","target":["http:\/\/esponsorama.ad\/es\/stefano-nepa-llega-ambicioso-aragon-tras-los-puntos-misano\/"]}]},{"@type":"ImageObject","inLanguage":"es","@id":"http:\/\/esponsorama.ad\/es\/stefano-nepa-llega-ambicioso-aragon-tras-los-puntos-misano\/#primaryimage","url":"http:\/\/esponsorama.ad\/wp-content\/uploads\/2019\/09\/13Misano19M3Esponsorama_JOC5625-1.jpg","contentUrl":"http:\/\/esponsorama.ad\/wp-content\/uploads\/2019\/09\/13Misano19M3Esponsorama_JOC5625-1.jpg","width":5472,"height":3648,"caption":"13 Misano GP 12, 13, 14 y 15 de septiembre de 2019, circuito de Marco Simoncelli, ITALIA Motogp, MGP, Mgp, MotoGP"},{"@type":"BreadcrumbList","@id":"http:\/\/esponsorama.ad\/es\/stefano-nepa-llega-ambicioso-aragon-tras-los-puntos-misano\/#breadcrumb","itemListElement":[{"@type":"ListItem","position":1,"name":"Home","item":"http:\/\/esponsorama.ad\/ca\/"},{"@type":"ListItem","position":2,"name":"Stefano Nepa llega ambicioso a Arag\u00f3n tras los puntos de Misano"}]},{"@type":"WebSite","@id":"http:\/\/esponsorama.ad\/es\/#website","url":"http:\/\/esponsorama.ad\/es\/","name":"Esponsorama","description":"Specialist in motorsport sponsorship and event promotions","potentialAction":[{"@type":"SearchAction","target":{"@type":"EntryPoint","urlTemplate":"http:\/\/esponsorama.ad\/es\/?s={search_term_string}"},"query-input":{"@type":"PropertyValueSpecification","valueRequired":true,"valueName":"search_term_string"}}],"inLanguage":"es"},{"@type":"Person","@id":"http:\/\/esponsorama.ad\/es\/#\/schema\/person\/a5cde74945183d737066e46b61c6f9c4","name":"Xavi Andornet","image":{"@type":"ImageObject","inLanguage":"es","@id":"http:\/\/esponsorama.ad\/es\/#\/schema\/person\/image\/","url":"https:\/\/secure.gravatar.com\/avatar\/f10eaf9ad601244a2357c9fd7cd9805ed166cfaaf76d5d9ab08a9d873e70147a?s=96&d=mm&r=g","contentUrl":"https:\/\/secure.gravatar.com\/avatar\/f10eaf9ad601244a2357c9fd7cd9805ed166cfaaf76d5d9ab08a9d873e70147a?s=96&d=mm&r=g","caption":"Xavi Andornet"},"sameAs":["http:\/\/www.andornet.ad"],"url":"http:\/\/esponsorama.ad\/es\/author\/andornet\/"}]}},"_links":{"self":[{"href":"http:\/\/esponsorama.ad\/es\/wp-json\/wp\/v2\/posts\/15217","targetHints":{"allow":["GET"]}}],"collection":[{"href":"http:\/\/esponsorama.ad\/es\/wp-json\/wp\/v2\/posts"}],"about":[{"href":"http:\/\/esponsorama.ad\/es\/wp-json\/wp\/v2\/types\/post"}],"author":[{"embeddable":true,"href":"http:\/\/esponsorama.ad\/es\/wp-json\/wp\/v2\/users\/6"}],"replies":[{"embeddable":true,"href":"http:\/\/esponsorama.ad\/es\/wp-json\/wp\/v2\/comments?post=15217"}],"version-history":[{"count":0,"href":"http:\/\/esponsorama.ad\/es\/wp-json\/wp\/v2\/posts\/15217\/revisions"}],"wp:featuredmedia":[{"embeddable":true,"href":"http:\/\/esponsorama.ad\/es\/wp-json\/wp\/v2\/media\/15219"}],"wp:attachment":[{"href":"http:\/\/esponsorama.ad\/es\/wp-json\/wp\/v2\/media?parent=15217"}],"wp:term":[{"taxonomy":"category","embeddable":true,"href":"http:\/\/esponsorama.ad\/es\/wp-json\/wp\/v2\/categories?post=15217"},{"taxonomy":"post_tag","embeddable":true,"href":"http:\/\/esponsorama.ad\/es\/wp-json\/wp\/v2\/tags?post=15217"}],"curies":[{"name":"wp","href":"https:\/\/api.w.org\/{rel}","templated":true}]}}