{"id":15237,"date":"2019-09-20T08:25:10","date_gmt":"2019-09-20T06:25:10","guid":{"rendered":"http:\/\/esponsorama.ad\/?p=15237"},"modified":"2019-09-21T09:09:02","modified_gmt":"2019-09-21T07:09:02","slug":"stefano-nepa-equipo-ambiente-familiar-clave-funcione","status":"publish","type":"post","link":"http:\/\/esponsorama.ad\/es\/stefano-nepa-equipo-ambiente-familiar-clave-funcione\/","title":{"rendered":"Stefano Nepa: \u00abEl equipo es como una familia y eso es muy importante para que todo funcione\u00bb"},"content":{"rendered":"<p><strong>\u00bfCu\u00e1ndo comenzaste a ir en moto?<br \/>\n<\/strong>Comenc\u00e9 a ir en moto a los 3 a\u00f1os con una mini moto de cross pero solo rodaba dentro de mi casa y hasta que no pasaron varios a\u00f1os no pilot\u00e9 en circuitos. Con 8 a\u00f1os tuve la primera minimoto, lo cual es bastante tarde en comparaci\u00f3n con otros pilotos pero inmediatamente despu\u00e9s comenc\u00e9 a competir en el Campeonato Italiano de minimotos. A partir de ah\u00ed segu\u00ed la misma din\u00e1mica que la mayor\u00eda de pilotos: minimoto, mini gp, pre moto3 y moto3. En el 2016 hice mi debut con la moto3 en el CIV y tambi\u00e9n en el CEV. En 2018 hice mi primera carrera en el Mundial de moto3 como invitado en Mugello y guardo un muy buen recuerdo de aquel momento porque fue debutar en el mundial en el Gran Premio de casa es muy especial.<\/p>\n<p><strong>\u00bfDe d\u00f3nde te viene la pasi\u00f3n por las motos?<br \/>\n<\/strong>De peque\u00f1o siempre ve\u00eda las carreras en la televisi\u00f3n pero fue mi padre quien me transmiti\u00f3 la pasi\u00f3n y quien hizo que me gustasen las carreras.<\/p>\n<p><strong>Este ha sido tu primer a\u00f1o con el Reale Avintia Arizona 77.<br \/>\n<\/strong>S\u00ed, llegu\u00e9 al equipo originalmente para correr en el CEV desde principio de a\u00f1o. Despu\u00e9s surgi\u00f3 la oportunidad de saltar al mundial con ellos, lo que fue algo completamente inesperado pero tengo que estarles agradecidos porque es una oportunidad que no se te presenta todos los d\u00edas.<\/p>\n<p><strong>\u00bfC\u00f3mo te sientes en este equipo?<br \/>\n<\/strong>R\u00e1pidamente me sent\u00ed bien con el equipo, hay un ambiente familiar y eso es muy importante para que todo funcione.<\/p>\n<p><strong>\u00bfCu\u00e1l dir\u00edas que es tu punto fuerte?<br \/>\n<\/strong>Me gustan las pistas r\u00e1pidas as\u00ed que dir\u00eda que las curvas de gran velocidad son las que mejor se me dan.<\/p>\n<p><strong>\u00bfY tu punto d\u00e9bil?<br \/>\n<\/strong>No soy un gran frenador, no me gustan las frenadas fuertes.<\/p>\n<p><strong>\u00bfCu\u00e1l es tu circuito favorito?<br \/>\n<\/strong>El que m\u00e1s me gusta es Jerez.<\/p>\n<p><strong>\u00bfCurvas a derechas o izquierdas?<br \/>\n<\/strong>La verdad es que no tengo una preferencia, no hay una que me vaya mejor y otra peor.<\/p>\n<p><strong>\u00bfC\u00f3mo te entrenas para las carreras?<br \/>\n<\/strong>La semana que estoy en casa voy al gimnasio 3 o 4 veces, hago un par de sesiones de motocross o flat track y tambi\u00e9n salgo a correr y a hacer bici, es un deporte que me gusta mucho.<\/p>\n<p><strong>\u00bfQu\u00e9 haces en tu tiempo libre?<br \/>\n<\/strong>Me gusta desconectar, estar con la familia y salir con los amigos.<\/p>\n<p><strong>\u00bfQu\u00e9 valoraci\u00f3n haces de la temporada?<br \/>\n<\/strong>Estoy contento porque incorporarme a mitad de temporada no es f\u00e1cil ni para mi ni para el equipo. Al final en cada carrera estamos mejorando, en Misano tuve un buen ritmo y conseguimos los primeros puntos, lo cual es positivo.<\/p>\n<p><strong>\u00bfObjetivo hasta Valencia?<br \/>\n<\/strong>El objetivo es continuar mejorando y llegar al Top15 de manera regular porque cuando haces una carrera con el grupo de delante aprendes mucho y te das cuenta de d\u00f3nde est\u00e1s haciendo las cosas bien y donde las haces mal.<\/p>\n<p>&nbsp;<\/p>\n","protected":false},"excerpt":{"rendered":"<p>\u00bfCu\u00e1ndo comenzaste a ir en moto? Comenc\u00e9 a ir en moto a los 3 a\u00f1os con una mini moto de cross pero solo rodaba dentro de mi casa y hasta que no pasaron varios a\u00f1os no pilot\u00e9 en circuitos. Con 8 a\u00f1os tuve la primera minimoto, lo cual es bastante tarde en comparaci\u00f3n con otros [&hellip;]<\/p>\n","protected":false},"author":6,"featured_media":15238,"comment_status":"closed","ping_status":"closed","sticky":false,"template":"","format":"standard","meta":{"footnotes":""},"categories":[12],"tags":[27],"class_list":["post-15237","post","type-post","status-publish","format-standard","has-post-thumbnail","hentry","category-moto3","tag-moto3"],"yoast_head":"<!-- This site is optimized with the Yoast SEO plugin v27.1.1 - https:\/\/yoast.com\/product\/yoast-seo-wordpress\/ -->\n<title>Stefano Nepa: &quot;El equipo es como una familia y eso es muy importante para que todo funcione&quot; - Esponsorama<\/title>\n<meta name=\"robots\" content=\"index, follow, max-snippet:-1, max-image-preview:large, max-video-preview:-1\" \/>\n<link rel=\"canonical\" href=\"http:\/\/esponsorama.ad\/es\/stefano-nepa-equipo-ambiente-familiar-clave-funcione\/\" \/>\n<meta property=\"og:locale\" content=\"es_ES\" \/>\n<meta property=\"og:type\" content=\"article\" \/>\n<meta property=\"og:title\" content=\"Stefano Nepa: &quot;El equipo es como una familia y eso es muy importante para que todo funcione&quot; - Esponsorama\" \/>\n<meta property=\"og:description\" content=\"\u00bfCu\u00e1ndo comenzaste a ir en moto? Comenc\u00e9 a ir en moto a los 3 a\u00f1os con una mini moto de cross pero solo rodaba dentro de mi casa y hasta que no pasaron varios a\u00f1os no pilot\u00e9 en circuitos. Con 8 a\u00f1os tuve la primera minimoto, lo cual es bastante tarde en comparaci\u00f3n con otros [&hellip;]\" \/>\n<meta property=\"og:url\" content=\"http:\/\/esponsorama.ad\/es\/stefano-nepa-equipo-ambiente-familiar-clave-funcione\/\" \/>\n<meta property=\"og:site_name\" content=\"Esponsorama\" \/>\n<meta property=\"article:published_time\" content=\"2019-09-20T06:25:10+00:00\" \/>\n<meta property=\"article:modified_time\" content=\"2019-09-21T07:09:02+00:00\" \/>\n<meta property=\"og:image\" content=\"http:\/\/esponsorama.ad\/wp-content\/uploads\/2019\/09\/WhatsApp-Image-2019-09-19-at-13.30.58-1.jpeg\" \/>\n\t<meta property=\"og:image:width\" content=\"1328\" \/>\n\t<meta property=\"og:image:height\" content=\"747\" \/>\n\t<meta property=\"og:image:type\" content=\"image\/jpeg\" \/>\n<meta name=\"author\" content=\"Xavi Andornet\" \/>\n<meta name=\"twitter:card\" content=\"summary_large_image\" \/>\n<meta name=\"twitter:label1\" content=\"Escrito por\" \/>\n\t<meta name=\"twitter:data1\" content=\"Xavi Andornet\" \/>\n\t<meta name=\"twitter:label2\" content=\"Tiempo de lectura\" \/>\n\t<meta name=\"twitter:data2\" content=\"3 minutos\" \/>\n<script type=\"application\/ld+json\" class=\"yoast-schema-graph\">{\"@context\":\"https:\/\/schema.org\",\"@graph\":[{\"@type\":\"Article\",\"@id\":\"http:\/\/esponsorama.ad\/es\/stefano-nepa-equipo-ambiente-familiar-clave-funcione\/#article\",\"isPartOf\":{\"@id\":\"http:\/\/esponsorama.ad\/es\/stefano-nepa-equipo-ambiente-familiar-clave-funcione\/\"},\"author\":{\"name\":\"Xavi Andornet\",\"@id\":\"http:\/\/esponsorama.ad\/es\/#\/schema\/person\/a5cde74945183d737066e46b61c6f9c4\"},\"headline\":\"Stefano Nepa: \u00abEl equipo es como una familia y eso es muy importante para que todo funcione\u00bb\",\"datePublished\":\"2019-09-20T06:25:10+00:00\",\"dateModified\":\"2019-09-21T07:09:02+00:00\",\"mainEntityOfPage\":{\"@id\":\"http:\/\/esponsorama.ad\/es\/stefano-nepa-equipo-ambiente-familiar-clave-funcione\/\"},\"wordCount\":539,\"image\":{\"@id\":\"http:\/\/esponsorama.ad\/es\/stefano-nepa-equipo-ambiente-familiar-clave-funcione\/#primaryimage\"},\"thumbnailUrl\":\"http:\/\/esponsorama.ad\/wp-content\/uploads\/2019\/09\/WhatsApp-Image-2019-09-19-at-13.30.58-1.jpeg\",\"keywords\":[\"moto3\"],\"articleSection\":[\"Moto3\"],\"inLanguage\":\"es\"},{\"@type\":\"WebPage\",\"@id\":\"http:\/\/esponsorama.ad\/es\/stefano-nepa-equipo-ambiente-familiar-clave-funcione\/\",\"url\":\"http:\/\/esponsorama.ad\/es\/stefano-nepa-equipo-ambiente-familiar-clave-funcione\/\",\"name\":\"Stefano Nepa: \\\"El equipo es como una familia y eso es muy importante para que todo funcione\\\" - Esponsorama\",\"isPartOf\":{\"@id\":\"http:\/\/esponsorama.ad\/es\/#website\"},\"primaryImageOfPage\":{\"@id\":\"http:\/\/esponsorama.ad\/es\/stefano-nepa-equipo-ambiente-familiar-clave-funcione\/#primaryimage\"},\"image\":{\"@id\":\"http:\/\/esponsorama.ad\/es\/stefano-nepa-equipo-ambiente-familiar-clave-funcione\/#primaryimage\"},\"thumbnailUrl\":\"http:\/\/esponsorama.ad\/wp-content\/uploads\/2019\/09\/WhatsApp-Image-2019-09-19-at-13.30.58-1.jpeg\",\"datePublished\":\"2019-09-20T06:25:10+00:00\",\"dateModified\":\"2019-09-21T07:09:02+00:00\",\"author\":{\"@id\":\"http:\/\/esponsorama.ad\/es\/#\/schema\/person\/a5cde74945183d737066e46b61c6f9c4\"},\"breadcrumb\":{\"@id\":\"http:\/\/esponsorama.ad\/es\/stefano-nepa-equipo-ambiente-familiar-clave-funcione\/#breadcrumb\"},\"inLanguage\":\"es\",\"potentialAction\":[{\"@type\":\"ReadAction\",\"target\":[\"http:\/\/esponsorama.ad\/es\/stefano-nepa-equipo-ambiente-familiar-clave-funcione\/\"]}]},{\"@type\":\"ImageObject\",\"inLanguage\":\"es\",\"@id\":\"http:\/\/esponsorama.ad\/es\/stefano-nepa-equipo-ambiente-familiar-clave-funcione\/#primaryimage\",\"url\":\"http:\/\/esponsorama.ad\/wp-content\/uploads\/2019\/09\/WhatsApp-Image-2019-09-19-at-13.30.58-1.jpeg\",\"contentUrl\":\"http:\/\/esponsorama.ad\/wp-content\/uploads\/2019\/09\/WhatsApp-Image-2019-09-19-at-13.30.58-1.jpeg\",\"width\":1328,\"height\":747},{\"@type\":\"BreadcrumbList\",\"@id\":\"http:\/\/esponsorama.ad\/es\/stefano-nepa-equipo-ambiente-familiar-clave-funcione\/#breadcrumb\",\"itemListElement\":[{\"@type\":\"ListItem\",\"position\":1,\"name\":\"Home\",\"item\":\"http:\/\/esponsorama.ad\/es\/\"},{\"@type\":\"ListItem\",\"position\":2,\"name\":\"Stefano Nepa: \u00abEl equipo es como una familia y eso es muy importante para que todo funcione\u00bb\"}]},{\"@type\":\"WebSite\",\"@id\":\"http:\/\/esponsorama.ad\/es\/#website\",\"url\":\"http:\/\/esponsorama.ad\/es\/\",\"name\":\"Esponsorama\",\"description\":\"Specialist in motorsport sponsorship and event promotions\",\"potentialAction\":[{\"@type\":\"SearchAction\",\"target\":{\"@type\":\"EntryPoint\",\"urlTemplate\":\"http:\/\/esponsorama.ad\/es\/?s={search_term_string}\"},\"query-input\":{\"@type\":\"PropertyValueSpecification\",\"valueRequired\":true,\"valueName\":\"search_term_string\"}}],\"inLanguage\":\"es\"},{\"@type\":\"Person\",\"@id\":\"http:\/\/esponsorama.ad\/es\/#\/schema\/person\/a5cde74945183d737066e46b61c6f9c4\",\"name\":\"Xavi Andornet\",\"image\":{\"@type\":\"ImageObject\",\"inLanguage\":\"es\",\"@id\":\"http:\/\/esponsorama.ad\/es\/#\/schema\/person\/image\/\",\"url\":\"https:\/\/secure.gravatar.com\/avatar\/f10eaf9ad601244a2357c9fd7cd9805ed166cfaaf76d5d9ab08a9d873e70147a?s=96&d=mm&r=g\",\"contentUrl\":\"https:\/\/secure.gravatar.com\/avatar\/f10eaf9ad601244a2357c9fd7cd9805ed166cfaaf76d5d9ab08a9d873e70147a?s=96&d=mm&r=g\",\"caption\":\"Xavi Andornet\"},\"sameAs\":[\"http:\/\/www.andornet.ad\"],\"url\":\"http:\/\/esponsorama.ad\/es\/author\/andornet\/\"}]}<\/script>\n<!-- \/ Yoast SEO plugin. -->","yoast_head_json":{"title":"Stefano Nepa: \"El equipo es como una familia y eso es muy importante para que todo funcione\" - Esponsorama","robots":{"index":"index","follow":"follow","max-snippet":"max-snippet:-1","max-image-preview":"max-image-preview:large","max-video-preview":"max-video-preview:-1"},"canonical":"http:\/\/esponsorama.ad\/es\/stefano-nepa-equipo-ambiente-familiar-clave-funcione\/","og_locale":"es_ES","og_type":"article","og_title":"Stefano Nepa: \"El equipo es como una familia y eso es muy importante para que todo funcione\" - Esponsorama","og_description":"\u00bfCu\u00e1ndo comenzaste a ir en moto? Comenc\u00e9 a ir en moto a los 3 a\u00f1os con una mini moto de cross pero solo rodaba dentro de mi casa y hasta que no pasaron varios a\u00f1os no pilot\u00e9 en circuitos. Con 8 a\u00f1os tuve la primera minimoto, lo cual es bastante tarde en comparaci\u00f3n con otros [&hellip;]","og_url":"http:\/\/esponsorama.ad\/es\/stefano-nepa-equipo-ambiente-familiar-clave-funcione\/","og_site_name":"Esponsorama","article_published_time":"2019-09-20T06:25:10+00:00","article_modified_time":"2019-09-21T07:09:02+00:00","og_image":[{"width":1328,"height":747,"url":"http:\/\/esponsorama.ad\/wp-content\/uploads\/2019\/09\/WhatsApp-Image-2019-09-19-at-13.30.58-1.jpeg","type":"image\/jpeg"}],"author":"Xavi Andornet","twitter_card":"summary_large_image","twitter_misc":{"Escrito por":"Xavi Andornet","Tiempo de lectura":"3 minutos"},"schema":{"@context":"https:\/\/schema.org","@graph":[{"@type":"Article","@id":"http:\/\/esponsorama.ad\/es\/stefano-nepa-equipo-ambiente-familiar-clave-funcione\/#article","isPartOf":{"@id":"http:\/\/esponsorama.ad\/es\/stefano-nepa-equipo-ambiente-familiar-clave-funcione\/"},"author":{"name":"Xavi Andornet","@id":"http:\/\/esponsorama.ad\/es\/#\/schema\/person\/a5cde74945183d737066e46b61c6f9c4"},"headline":"Stefano Nepa: \u00abEl equipo es como una familia y eso es muy importante para que todo funcione\u00bb","datePublished":"2019-09-20T06:25:10+00:00","dateModified":"2019-09-21T07:09:02+00:00","mainEntityOfPage":{"@id":"http:\/\/esponsorama.ad\/es\/stefano-nepa-equipo-ambiente-familiar-clave-funcione\/"},"wordCount":539,"image":{"@id":"http:\/\/esponsorama.ad\/es\/stefano-nepa-equipo-ambiente-familiar-clave-funcione\/#primaryimage"},"thumbnailUrl":"http:\/\/esponsorama.ad\/wp-content\/uploads\/2019\/09\/WhatsApp-Image-2019-09-19-at-13.30.58-1.jpeg","keywords":["moto3"],"articleSection":["Moto3"],"inLanguage":"es"},{"@type":"WebPage","@id":"http:\/\/esponsorama.ad\/es\/stefano-nepa-equipo-ambiente-familiar-clave-funcione\/","url":"http:\/\/esponsorama.ad\/es\/stefano-nepa-equipo-ambiente-familiar-clave-funcione\/","name":"Stefano Nepa: \"El equipo es como una familia y eso es muy importante para que todo funcione\" - Esponsorama","isPartOf":{"@id":"http:\/\/esponsorama.ad\/es\/#website"},"primaryImageOfPage":{"@id":"http:\/\/esponsorama.ad\/es\/stefano-nepa-equipo-ambiente-familiar-clave-funcione\/#primaryimage"},"image":{"@id":"http:\/\/esponsorama.ad\/es\/stefano-nepa-equipo-ambiente-familiar-clave-funcione\/#primaryimage"},"thumbnailUrl":"http:\/\/esponsorama.ad\/wp-content\/uploads\/2019\/09\/WhatsApp-Image-2019-09-19-at-13.30.58-1.jpeg","datePublished":"2019-09-20T06:25:10+00:00","dateModified":"2019-09-21T07:09:02+00:00","author":{"@id":"http:\/\/esponsorama.ad\/es\/#\/schema\/person\/a5cde74945183d737066e46b61c6f9c4"},"breadcrumb":{"@id":"http:\/\/esponsorama.ad\/es\/stefano-nepa-equipo-ambiente-familiar-clave-funcione\/#breadcrumb"},"inLanguage":"es","potentialAction":[{"@type":"ReadAction","target":["http:\/\/esponsorama.ad\/es\/stefano-nepa-equipo-ambiente-familiar-clave-funcione\/"]}]},{"@type":"ImageObject","inLanguage":"es","@id":"http:\/\/esponsorama.ad\/es\/stefano-nepa-equipo-ambiente-familiar-clave-funcione\/#primaryimage","url":"http:\/\/esponsorama.ad\/wp-content\/uploads\/2019\/09\/WhatsApp-Image-2019-09-19-at-13.30.58-1.jpeg","contentUrl":"http:\/\/esponsorama.ad\/wp-content\/uploads\/2019\/09\/WhatsApp-Image-2019-09-19-at-13.30.58-1.jpeg","width":1328,"height":747},{"@type":"BreadcrumbList","@id":"http:\/\/esponsorama.ad\/es\/stefano-nepa-equipo-ambiente-familiar-clave-funcione\/#breadcrumb","itemListElement":[{"@type":"ListItem","position":1,"name":"Home","item":"http:\/\/esponsorama.ad\/es\/"},{"@type":"ListItem","position":2,"name":"Stefano Nepa: \u00abEl equipo es como una familia y eso es muy importante para que todo funcione\u00bb"}]},{"@type":"WebSite","@id":"http:\/\/esponsorama.ad\/es\/#website","url":"http:\/\/esponsorama.ad\/es\/","name":"Esponsorama","description":"Specialist in motorsport sponsorship and event promotions","potentialAction":[{"@type":"SearchAction","target":{"@type":"EntryPoint","urlTemplate":"http:\/\/esponsorama.ad\/es\/?s={search_term_string}"},"query-input":{"@type":"PropertyValueSpecification","valueRequired":true,"valueName":"search_term_string"}}],"inLanguage":"es"},{"@type":"Person","@id":"http:\/\/esponsorama.ad\/es\/#\/schema\/person\/a5cde74945183d737066e46b61c6f9c4","name":"Xavi Andornet","image":{"@type":"ImageObject","inLanguage":"es","@id":"http:\/\/esponsorama.ad\/es\/#\/schema\/person\/image\/","url":"https:\/\/secure.gravatar.com\/avatar\/f10eaf9ad601244a2357c9fd7cd9805ed166cfaaf76d5d9ab08a9d873e70147a?s=96&d=mm&r=g","contentUrl":"https:\/\/secure.gravatar.com\/avatar\/f10eaf9ad601244a2357c9fd7cd9805ed166cfaaf76d5d9ab08a9d873e70147a?s=96&d=mm&r=g","caption":"Xavi Andornet"},"sameAs":["http:\/\/www.andornet.ad"],"url":"http:\/\/esponsorama.ad\/es\/author\/andornet\/"}]}},"_links":{"self":[{"href":"http:\/\/esponsorama.ad\/es\/wp-json\/wp\/v2\/posts\/15237","targetHints":{"allow":["GET"]}}],"collection":[{"href":"http:\/\/esponsorama.ad\/es\/wp-json\/wp\/v2\/posts"}],"about":[{"href":"http:\/\/esponsorama.ad\/es\/wp-json\/wp\/v2\/types\/post"}],"author":[{"embeddable":true,"href":"http:\/\/esponsorama.ad\/es\/wp-json\/wp\/v2\/users\/6"}],"replies":[{"embeddable":true,"href":"http:\/\/esponsorama.ad\/es\/wp-json\/wp\/v2\/comments?post=15237"}],"version-history":[{"count":0,"href":"http:\/\/esponsorama.ad\/es\/wp-json\/wp\/v2\/posts\/15237\/revisions"}],"wp:featuredmedia":[{"embeddable":true,"href":"http:\/\/esponsorama.ad\/es\/wp-json\/wp\/v2\/media\/15238"}],"wp:attachment":[{"href":"http:\/\/esponsorama.ad\/es\/wp-json\/wp\/v2\/media?parent=15237"}],"wp:term":[{"taxonomy":"category","embeddable":true,"href":"http:\/\/esponsorama.ad\/es\/wp-json\/wp\/v2\/categories?post=15237"},{"taxonomy":"post_tag","embeddable":true,"href":"http:\/\/esponsorama.ad\/es\/wp-json\/wp\/v2\/tags?post=15237"}],"curies":[{"name":"wp","href":"https:\/\/api.w.org\/{rel}","templated":true}]}}