{"id":15359,"date":"2019-10-20T12:23:27","date_gmt":"2019-10-20T10:23:27","guid":{"rendered":"http:\/\/esponsorama.ad\/?p=15359"},"modified":"2019-10-20T12:37:05","modified_gmt":"2019-10-20T10:37:05","slug":"stefano-nepa-acaricia-los-puntos-motegi","status":"publish","type":"post","link":"http:\/\/esponsorama.ad\/es\/stefano-nepa-acaricia-los-puntos-motegi\/","title":{"rendered":"Stefano Nepa acaricia los puntos en Motegi"},"content":{"rendered":"<p>El piloto italiano del Reale Avintia Arizona 77 ha finalizado el GP de Jap\u00f3n a escasas mil\u00e9simas de las posiciones de puntos. A pesar de que remont\u00f3 cinco puestos desde el 21\u00ba, no fue suficiente para salir de Motegi con m\u00e1s puntos en su casillero.<\/p>\n<p>La semana que viene tanto Stefano Nepa como el Reale Avintia Arizona 77 tendr\u00e1n otra nueva oportunidad para conseguir un buen resultado con motivo del GP de Australia del 25 al 27 de octubre.<\/p>\n\n<p>\u00abHa sido un fin de semana bastante bueno. El viernes hicimos un gran paso pero por pocas mil\u00e9simas no\u00a0pasamos a la Q2. El s\u00e1bado me sent\u00ed bien en mojado y hoy en la carrera hice una buena remontada y llegu\u00e9 a rodar en Top-10. Por desgracia hice un error en los \u00faltimos giros y perd\u00ed 6 posiciones, una pena los \u00faltimas dos vueltas pero estamos contentos con el rendimiento. La semana que viene corremos en Austrialia donde lo podemos hacer bien y esperamos estar delante toda la carrera. Gracias al equipo, a la familia y a los patrocinadores.\u00bb<\/p>\n","protected":false},"excerpt":{"rendered":"<p>El piloto italiano del Reale Avintia Arizona 77 ha finalizado el GP de Jap\u00f3n a escasas mil\u00e9simas de las posiciones de puntos. A pesar de que remont\u00f3 cinco puestos desde el 21\u00ba, no fue suficiente para salir de Motegi con m\u00e1s puntos en su casillero. La semana que viene tanto Stefano Nepa como el Reale [&hellip;]<\/p>\n","protected":false},"author":6,"featured_media":15367,"comment_status":"closed","ping_status":"closed","sticky":false,"template":"","format":"standard","meta":{"footnotes":""},"categories":[12],"tags":[],"class_list":["post-15359","post","type-post","status-publish","format-standard","has-post-thumbnail","hentry","category-moto3"],"yoast_head":"<!-- This site is optimized with the Yoast SEO plugin v27.1.1 - https:\/\/yoast.com\/product\/yoast-seo-wordpress\/ -->\n<title>Stefano Nepa acaricia los puntos en Motegi - Esponsorama<\/title>\n<meta name=\"robots\" content=\"index, follow, max-snippet:-1, max-image-preview:large, max-video-preview:-1\" \/>\n<link rel=\"canonical\" href=\"http:\/\/esponsorama.ad\/es\/stefano-nepa-acaricia-los-puntos-motegi\/\" \/>\n<meta property=\"og:locale\" content=\"es_ES\" \/>\n<meta property=\"og:type\" content=\"article\" \/>\n<meta property=\"og:title\" content=\"Stefano Nepa acaricia los puntos en Motegi - Esponsorama\" \/>\n<meta property=\"og:description\" content=\"El piloto italiano del Reale Avintia Arizona 77 ha finalizado el GP de Jap\u00f3n a escasas mil\u00e9simas de las posiciones de puntos. A pesar de que remont\u00f3 cinco puestos desde el 21\u00ba, no fue suficiente para salir de Motegi con m\u00e1s puntos en su casillero. La semana que viene tanto Stefano Nepa como el Reale [&hellip;]\" \/>\n<meta property=\"og:url\" content=\"http:\/\/esponsorama.ad\/es\/stefano-nepa-acaricia-los-puntos-motegi\/\" \/>\n<meta property=\"og:site_name\" content=\"Esponsorama\" \/>\n<meta property=\"article:published_time\" content=\"2019-10-20T10:23:27+00:00\" \/>\n<meta property=\"article:modified_time\" content=\"2019-10-20T10:37:05+00:00\" \/>\n<meta property=\"og:image\" content=\"http:\/\/esponsorama.ad\/wp-content\/uploads\/2019\/10\/16Japon19M3Esponsorama_JOC3036-1024x683.jpg\" \/>\n\t<meta property=\"og:image:width\" content=\"1024\" \/>\n\t<meta property=\"og:image:height\" content=\"683\" \/>\n\t<meta property=\"og:image:type\" content=\"image\/jpeg\" \/>\n<meta name=\"author\" content=\"Xavi Andornet\" \/>\n<meta name=\"twitter:card\" content=\"summary_large_image\" \/>\n<meta name=\"twitter:label1\" content=\"Escrito por\" \/>\n\t<meta name=\"twitter:data1\" content=\"Xavi Andornet\" \/>\n\t<meta name=\"twitter:label2\" content=\"Tiempo de lectura\" \/>\n\t<meta name=\"twitter:data2\" content=\"1 minuto\" \/>\n<script type=\"application\/ld+json\" class=\"yoast-schema-graph\">{\"@context\":\"https:\/\/schema.org\",\"@graph\":[{\"@type\":\"Article\",\"@id\":\"http:\/\/esponsorama.ad\/es\/stefano-nepa-acaricia-los-puntos-motegi\/#article\",\"isPartOf\":{\"@id\":\"http:\/\/esponsorama.ad\/es\/stefano-nepa-acaricia-los-puntos-motegi\/\"},\"author\":{\"name\":\"Xavi Andornet\",\"@id\":\"http:\/\/esponsorama.ad\/es\/#\/schema\/person\/a5cde74945183d737066e46b61c6f9c4\"},\"headline\":\"Stefano Nepa acaricia los puntos en Motegi\",\"datePublished\":\"2019-10-20T10:23:27+00:00\",\"dateModified\":\"2019-10-20T10:37:05+00:00\",\"mainEntityOfPage\":{\"@id\":\"http:\/\/esponsorama.ad\/es\/stefano-nepa-acaricia-los-puntos-motegi\/\"},\"wordCount\":188,\"image\":{\"@id\":\"http:\/\/esponsorama.ad\/es\/stefano-nepa-acaricia-los-puntos-motegi\/#primaryimage\"},\"thumbnailUrl\":\"http:\/\/esponsorama.ad\/wp-content\/uploads\/2019\/10\/16Japon19M3Esponsorama_JOC3036.jpg\",\"articleSection\":[\"Moto3\"],\"inLanguage\":\"es\"},{\"@type\":\"WebPage\",\"@id\":\"http:\/\/esponsorama.ad\/es\/stefano-nepa-acaricia-los-puntos-motegi\/\",\"url\":\"http:\/\/esponsorama.ad\/es\/stefano-nepa-acaricia-los-puntos-motegi\/\",\"name\":\"Stefano Nepa acaricia los puntos en Motegi - Esponsorama\",\"isPartOf\":{\"@id\":\"http:\/\/esponsorama.ad\/es\/#website\"},\"primaryImageOfPage\":{\"@id\":\"http:\/\/esponsorama.ad\/es\/stefano-nepa-acaricia-los-puntos-motegi\/#primaryimage\"},\"image\":{\"@id\":\"http:\/\/esponsorama.ad\/es\/stefano-nepa-acaricia-los-puntos-motegi\/#primaryimage\"},\"thumbnailUrl\":\"http:\/\/esponsorama.ad\/wp-content\/uploads\/2019\/10\/16Japon19M3Esponsorama_JOC3036.jpg\",\"datePublished\":\"2019-10-20T10:23:27+00:00\",\"dateModified\":\"2019-10-20T10:37:05+00:00\",\"author\":{\"@id\":\"http:\/\/esponsorama.ad\/es\/#\/schema\/person\/a5cde74945183d737066e46b61c6f9c4\"},\"breadcrumb\":{\"@id\":\"http:\/\/esponsorama.ad\/es\/stefano-nepa-acaricia-los-puntos-motegi\/#breadcrumb\"},\"inLanguage\":\"es\",\"potentialAction\":[{\"@type\":\"ReadAction\",\"target\":[\"http:\/\/esponsorama.ad\/es\/stefano-nepa-acaricia-los-puntos-motegi\/\"]}]},{\"@type\":\"ImageObject\",\"inLanguage\":\"es\",\"@id\":\"http:\/\/esponsorama.ad\/es\/stefano-nepa-acaricia-los-puntos-motegi\/#primaryimage\",\"url\":\"http:\/\/esponsorama.ad\/wp-content\/uploads\/2019\/10\/16Japon19M3Esponsorama_JOC3036.jpg\",\"contentUrl\":\"http:\/\/esponsorama.ad\/wp-content\/uploads\/2019\/10\/16Japon19M3Esponsorama_JOC3036.jpg\",\"width\":5472,\"height\":3648,\"caption\":\"16 Japon GP 17, 18, 19 y 20 de octubre de 2019, circuito de Motegui, Jap\u00f3n Motogp, MGP, Mgp, MotoGP\"},{\"@type\":\"BreadcrumbList\",\"@id\":\"http:\/\/esponsorama.ad\/es\/stefano-nepa-acaricia-los-puntos-motegi\/#breadcrumb\",\"itemListElement\":[{\"@type\":\"ListItem\",\"position\":1,\"name\":\"Home\",\"item\":\"http:\/\/esponsorama.ad\/es\/\"},{\"@type\":\"ListItem\",\"position\":2,\"name\":\"Stefano Nepa acaricia los puntos en Motegi\"}]},{\"@type\":\"WebSite\",\"@id\":\"http:\/\/esponsorama.ad\/es\/#website\",\"url\":\"http:\/\/esponsorama.ad\/es\/\",\"name\":\"Esponsorama\",\"description\":\"Specialist in motorsport sponsorship and event promotions\",\"potentialAction\":[{\"@type\":\"SearchAction\",\"target\":{\"@type\":\"EntryPoint\",\"urlTemplate\":\"http:\/\/esponsorama.ad\/es\/?s={search_term_string}\"},\"query-input\":{\"@type\":\"PropertyValueSpecification\",\"valueRequired\":true,\"valueName\":\"search_term_string\"}}],\"inLanguage\":\"es\"},{\"@type\":\"Person\",\"@id\":\"http:\/\/esponsorama.ad\/es\/#\/schema\/person\/a5cde74945183d737066e46b61c6f9c4\",\"name\":\"Xavi Andornet\",\"image\":{\"@type\":\"ImageObject\",\"inLanguage\":\"es\",\"@id\":\"http:\/\/esponsorama.ad\/es\/#\/schema\/person\/image\/\",\"url\":\"https:\/\/secure.gravatar.com\/avatar\/f10eaf9ad601244a2357c9fd7cd9805ed166cfaaf76d5d9ab08a9d873e70147a?s=96&d=mm&r=g\",\"contentUrl\":\"https:\/\/secure.gravatar.com\/avatar\/f10eaf9ad601244a2357c9fd7cd9805ed166cfaaf76d5d9ab08a9d873e70147a?s=96&d=mm&r=g\",\"caption\":\"Xavi Andornet\"},\"sameAs\":[\"http:\/\/www.andornet.ad\"],\"url\":\"http:\/\/esponsorama.ad\/es\/author\/andornet\/\"}]}<\/script>\n<!-- \/ Yoast SEO plugin. -->","yoast_head_json":{"title":"Stefano Nepa acaricia los puntos en Motegi - Esponsorama","robots":{"index":"index","follow":"follow","max-snippet":"max-snippet:-1","max-image-preview":"max-image-preview:large","max-video-preview":"max-video-preview:-1"},"canonical":"http:\/\/esponsorama.ad\/es\/stefano-nepa-acaricia-los-puntos-motegi\/","og_locale":"es_ES","og_type":"article","og_title":"Stefano Nepa acaricia los puntos en Motegi - Esponsorama","og_description":"El piloto italiano del Reale Avintia Arizona 77 ha finalizado el GP de Jap\u00f3n a escasas mil\u00e9simas de las posiciones de puntos. A pesar de que remont\u00f3 cinco puestos desde el 21\u00ba, no fue suficiente para salir de Motegi con m\u00e1s puntos en su casillero. La semana que viene tanto Stefano Nepa como el Reale [&hellip;]","og_url":"http:\/\/esponsorama.ad\/es\/stefano-nepa-acaricia-los-puntos-motegi\/","og_site_name":"Esponsorama","article_published_time":"2019-10-20T10:23:27+00:00","article_modified_time":"2019-10-20T10:37:05+00:00","og_image":[{"width":1024,"height":683,"url":"http:\/\/esponsorama.ad\/wp-content\/uploads\/2019\/10\/16Japon19M3Esponsorama_JOC3036-1024x683.jpg","type":"image\/jpeg"}],"author":"Xavi Andornet","twitter_card":"summary_large_image","twitter_misc":{"Escrito por":"Xavi Andornet","Tiempo de lectura":"1 minuto"},"schema":{"@context":"https:\/\/schema.org","@graph":[{"@type":"Article","@id":"http:\/\/esponsorama.ad\/es\/stefano-nepa-acaricia-los-puntos-motegi\/#article","isPartOf":{"@id":"http:\/\/esponsorama.ad\/es\/stefano-nepa-acaricia-los-puntos-motegi\/"},"author":{"name":"Xavi Andornet","@id":"http:\/\/esponsorama.ad\/es\/#\/schema\/person\/a5cde74945183d737066e46b61c6f9c4"},"headline":"Stefano Nepa acaricia los puntos en Motegi","datePublished":"2019-10-20T10:23:27+00:00","dateModified":"2019-10-20T10:37:05+00:00","mainEntityOfPage":{"@id":"http:\/\/esponsorama.ad\/es\/stefano-nepa-acaricia-los-puntos-motegi\/"},"wordCount":188,"image":{"@id":"http:\/\/esponsorama.ad\/es\/stefano-nepa-acaricia-los-puntos-motegi\/#primaryimage"},"thumbnailUrl":"http:\/\/esponsorama.ad\/wp-content\/uploads\/2019\/10\/16Japon19M3Esponsorama_JOC3036.jpg","articleSection":["Moto3"],"inLanguage":"es"},{"@type":"WebPage","@id":"http:\/\/esponsorama.ad\/es\/stefano-nepa-acaricia-los-puntos-motegi\/","url":"http:\/\/esponsorama.ad\/es\/stefano-nepa-acaricia-los-puntos-motegi\/","name":"Stefano Nepa acaricia los puntos en Motegi - Esponsorama","isPartOf":{"@id":"http:\/\/esponsorama.ad\/es\/#website"},"primaryImageOfPage":{"@id":"http:\/\/esponsorama.ad\/es\/stefano-nepa-acaricia-los-puntos-motegi\/#primaryimage"},"image":{"@id":"http:\/\/esponsorama.ad\/es\/stefano-nepa-acaricia-los-puntos-motegi\/#primaryimage"},"thumbnailUrl":"http:\/\/esponsorama.ad\/wp-content\/uploads\/2019\/10\/16Japon19M3Esponsorama_JOC3036.jpg","datePublished":"2019-10-20T10:23:27+00:00","dateModified":"2019-10-20T10:37:05+00:00","author":{"@id":"http:\/\/esponsorama.ad\/es\/#\/schema\/person\/a5cde74945183d737066e46b61c6f9c4"},"breadcrumb":{"@id":"http:\/\/esponsorama.ad\/es\/stefano-nepa-acaricia-los-puntos-motegi\/#breadcrumb"},"inLanguage":"es","potentialAction":[{"@type":"ReadAction","target":["http:\/\/esponsorama.ad\/es\/stefano-nepa-acaricia-los-puntos-motegi\/"]}]},{"@type":"ImageObject","inLanguage":"es","@id":"http:\/\/esponsorama.ad\/es\/stefano-nepa-acaricia-los-puntos-motegi\/#primaryimage","url":"http:\/\/esponsorama.ad\/wp-content\/uploads\/2019\/10\/16Japon19M3Esponsorama_JOC3036.jpg","contentUrl":"http:\/\/esponsorama.ad\/wp-content\/uploads\/2019\/10\/16Japon19M3Esponsorama_JOC3036.jpg","width":5472,"height":3648,"caption":"16 Japon GP 17, 18, 19 y 20 de octubre de 2019, circuito de Motegui, Jap\u00f3n Motogp, MGP, Mgp, MotoGP"},{"@type":"BreadcrumbList","@id":"http:\/\/esponsorama.ad\/es\/stefano-nepa-acaricia-los-puntos-motegi\/#breadcrumb","itemListElement":[{"@type":"ListItem","position":1,"name":"Home","item":"http:\/\/esponsorama.ad\/es\/"},{"@type":"ListItem","position":2,"name":"Stefano Nepa acaricia los puntos en Motegi"}]},{"@type":"WebSite","@id":"http:\/\/esponsorama.ad\/es\/#website","url":"http:\/\/esponsorama.ad\/es\/","name":"Esponsorama","description":"Specialist in motorsport sponsorship and event promotions","potentialAction":[{"@type":"SearchAction","target":{"@type":"EntryPoint","urlTemplate":"http:\/\/esponsorama.ad\/es\/?s={search_term_string}"},"query-input":{"@type":"PropertyValueSpecification","valueRequired":true,"valueName":"search_term_string"}}],"inLanguage":"es"},{"@type":"Person","@id":"http:\/\/esponsorama.ad\/es\/#\/schema\/person\/a5cde74945183d737066e46b61c6f9c4","name":"Xavi Andornet","image":{"@type":"ImageObject","inLanguage":"es","@id":"http:\/\/esponsorama.ad\/es\/#\/schema\/person\/image\/","url":"https:\/\/secure.gravatar.com\/avatar\/f10eaf9ad601244a2357c9fd7cd9805ed166cfaaf76d5d9ab08a9d873e70147a?s=96&d=mm&r=g","contentUrl":"https:\/\/secure.gravatar.com\/avatar\/f10eaf9ad601244a2357c9fd7cd9805ed166cfaaf76d5d9ab08a9d873e70147a?s=96&d=mm&r=g","caption":"Xavi Andornet"},"sameAs":["http:\/\/www.andornet.ad"],"url":"http:\/\/esponsorama.ad\/es\/author\/andornet\/"}]}},"_links":{"self":[{"href":"http:\/\/esponsorama.ad\/es\/wp-json\/wp\/v2\/posts\/15359","targetHints":{"allow":["GET"]}}],"collection":[{"href":"http:\/\/esponsorama.ad\/es\/wp-json\/wp\/v2\/posts"}],"about":[{"href":"http:\/\/esponsorama.ad\/es\/wp-json\/wp\/v2\/types\/post"}],"author":[{"embeddable":true,"href":"http:\/\/esponsorama.ad\/es\/wp-json\/wp\/v2\/users\/6"}],"replies":[{"embeddable":true,"href":"http:\/\/esponsorama.ad\/es\/wp-json\/wp\/v2\/comments?post=15359"}],"version-history":[{"count":0,"href":"http:\/\/esponsorama.ad\/es\/wp-json\/wp\/v2\/posts\/15359\/revisions"}],"wp:featuredmedia":[{"embeddable":true,"href":"http:\/\/esponsorama.ad\/es\/wp-json\/wp\/v2\/media\/15367"}],"wp:attachment":[{"href":"http:\/\/esponsorama.ad\/es\/wp-json\/wp\/v2\/media?parent=15359"}],"wp:term":[{"taxonomy":"category","embeddable":true,"href":"http:\/\/esponsorama.ad\/es\/wp-json\/wp\/v2\/categories?post=15359"},{"taxonomy":"post_tag","embeddable":true,"href":"http:\/\/esponsorama.ad\/es\/wp-json\/wp\/v2\/tags?post=15359"}],"curies":[{"name":"wp","href":"https:\/\/api.w.org\/{rel}","templated":true}]}}