{"id":15391,"date":"2019-10-27T11:49:26","date_gmt":"2019-10-27T09:49:26","guid":{"rendered":"http:\/\/esponsorama.ad\/?p=15391"},"modified":"2019-10-27T12:04:18","modified_gmt":"2019-10-27T10:04:18","slug":"reale-avintia-racing-team-vuelve-la-zona-puntos-australia","status":"publish","type":"post","link":"http:\/\/esponsorama.ad\/es\/reale-avintia-racing-team-vuelve-la-zona-puntos-australia\/","title":{"rendered":"El Reale Avintia Racing Team vuelve a la zona de puntos en Australia"},"content":{"rendered":"<p>El <strong>Reale Avintia Racing Team<\/strong> concluye un <strong>Gran Premio de Australia<\/strong> que deja un sabor agridulce al equipo. <strong>Karel Abraham<\/strong> ha logrado dos puntos tras finalizar en 14\u00aa posici\u00f3n. <strong>Tito Rabat<\/strong>, que arrastraba problemas f\u00edsicos, ha tenido que abandonar en los primeros compases de la carrera.<\/p>\n<p>Ha sido un domingo intenso en <strong>Phillip Island<\/strong>. Tras los fuertes y amenazantes vientos que soplaban en el circuito australiano el s\u00e1bado, se tom\u00f3 la decisi\u00f3n de cancelar y aplazar la clasificaci\u00f3n al domingo por la ma\u00f1ana. <strong>Karel Abraham<\/strong>, que part\u00eda en 16\u00aa posici\u00f3n, ha logrado cruzar la l\u00ednea de meta en 14\u00aa plaza, sumando dos importantes puntos a su casillero tras unas \u00faltimas carreras complicadas. El piloto checo ha mantenido un buen ritmo durante toda la carrera que le ha permitido finalizar entre los quince primeros. Por su parte, <strong>Tito Rabat<\/strong> ha tenido que abandonar a falta de veintitr\u00e9s vueltas para el final debido a los problemas que arrastra en su mano derecha desde Jap\u00f3n. El piloto espa\u00f1ol ha intentado seguir el ritmo de carrera, pero el fuerte dolor en su mano le ha hecho imposible poder finalizar.<\/p>\n<p>Sin tiempo para descansar, la semana que viene se disputar\u00e1 la pen\u00faltima carrera del mundial y la \u00faltima de la gira asi\u00e1tica, el <strong>Gran Premio de Malasia<\/strong>. El <strong>Reale Avintia Racing Team<\/strong> encara el fin de semana en el <strong>Circuito Internacional de Sepang <\/strong>con la motivaci\u00f3n de volver a sumar puntos y de realizar una buena actuaci\u00f3n antes de encarar la \u00faltima carrera de la temporada en <strong>Valencia<\/strong>.<\/p>\n\n<p>\u201cHoy hacia menos viento, quer\u00edamos probar de salir e intentar seguir al grupo, pero ha sido imposible. Tuve un golpe en la mano antes de Jap\u00f3n, me duele un poco el tend\u00f3n y es m\u00e1s de lo que parece. Hay que ir con cuidado. A ver si en Malasia podemos volver a donde nos toca.\u201d<\/p>\n\n<p>\u00abNo ha sido la mejor carrera que hemos hecho esta temporada, pero ha estado bien. Estoy muy contento por los puntos, ya que obviamente son muy importantes. Antes de la salida de la carrera segu\u00edamos teniendo dudas para elegir el neum\u00e1tico trasero porque no estaba seguro de las condiciones y del tiempo, pero finalmente elegimos la opci\u00f3n de la goma blanda, pero todav\u00eda no estoy seguro de si era la mejor o no. Ha sido muy dif\u00edcil, sobre todo al final de la carrera, donde el neum\u00e1tico trasero ya no funcionaba y ten\u00eda muchas dificultades, pero lo hemos conseguido. Adem\u00e1s, justo al final de la carrera, la moto me ha derrapado, he estado muy cerca de caerme y Syahrin me ha adelantado, pero por suerte le consegu\u00ed adelantar otra vez, y desafortunadamente en la \u00faltima vuelta Vi\u00f1ales tuvo una gran ca\u00edda y me llev\u00e9 dos puntos, lo que es genial y estoy muy contento de poder sumar m\u00e1s puntos en el campeonato. Aunque no fue la mejor, fue una buena carrera por rendimiento, por estar all\u00ed y por tiempos de vuelta constantes. Seguimos aspirando a estar un grupo por delante, creo que esto es algo que tenemos que conseguir\u00bb.<\/p>\n","protected":false},"excerpt":{"rendered":"<p>El Reale Avintia Racing Team concluye un Gran Premio de Australia que deja un sabor agridulce al equipo. Karel Abraham ha logrado dos puntos tras finalizar en 14\u00aa posici\u00f3n. Tito Rabat, que arrastraba problemas f\u00edsicos, ha tenido que abandonar en los primeros compases de la carrera. Ha sido un domingo intenso en Phillip Island. Tras [&hellip;]<\/p>\n","protected":false},"author":6,"featured_media":15392,"comment_status":"closed","ping_status":"closed","sticky":false,"template":"","format":"standard","meta":{"footnotes":""},"categories":[3],"tags":[70,13],"class_list":["post-15391","post","type-post","status-publish","format-standard","has-post-thumbnail","hentry","category-motogp","tag-australiangp","tag-motogp"],"yoast_head":"<!-- This site is optimized with the Yoast SEO plugin v27.1.1 - https:\/\/yoast.com\/product\/yoast-seo-wordpress\/ -->\n<title>El Reale Avintia Racing Team vuelve a la zona de puntos en Australia - Esponsorama<\/title>\n<meta name=\"robots\" content=\"index, follow, max-snippet:-1, max-image-preview:large, max-video-preview:-1\" \/>\n<link rel=\"canonical\" href=\"http:\/\/esponsorama.ad\/es\/reale-avintia-racing-team-vuelve-la-zona-puntos-australia\/\" \/>\n<meta property=\"og:locale\" content=\"es_ES\" \/>\n<meta property=\"og:type\" content=\"article\" \/>\n<meta property=\"og:title\" content=\"El Reale Avintia Racing Team vuelve a la zona de puntos en Australia - Esponsorama\" \/>\n<meta property=\"og:description\" content=\"El Reale Avintia Racing Team concluye un Gran Premio de Australia que deja un sabor agridulce al equipo. Karel Abraham ha logrado dos puntos tras finalizar en 14\u00aa posici\u00f3n. Tito Rabat, que arrastraba problemas f\u00edsicos, ha tenido que abandonar en los primeros compases de la carrera. Ha sido un domingo intenso en Phillip Island. Tras [&hellip;]\" \/>\n<meta property=\"og:url\" content=\"http:\/\/esponsorama.ad\/es\/reale-avintia-racing-team-vuelve-la-zona-puntos-australia\/\" \/>\n<meta property=\"og:site_name\" content=\"Esponsorama\" \/>\n<meta property=\"article:published_time\" content=\"2019-10-27T09:49:26+00:00\" \/>\n<meta property=\"article:modified_time\" content=\"2019-10-27T10:04:18+00:00\" \/>\n<meta property=\"og:image\" content=\"http:\/\/esponsorama.ad\/wp-content\/uploads\/2019\/10\/17Australia19MgpEsponsorama_JOC4916-1024x683.jpg\" \/>\n\t<meta property=\"og:image:width\" content=\"1024\" \/>\n\t<meta property=\"og:image:height\" content=\"683\" \/>\n\t<meta property=\"og:image:type\" content=\"image\/jpeg\" \/>\n<meta name=\"author\" content=\"Xavi Andornet\" \/>\n<meta name=\"twitter:card\" content=\"summary_large_image\" \/>\n<meta name=\"twitter:label1\" content=\"Escrito por\" \/>\n\t<meta name=\"twitter:data1\" content=\"Xavi Andornet\" \/>\n\t<meta name=\"twitter:label2\" content=\"Tiempo de lectura\" \/>\n\t<meta name=\"twitter:data2\" content=\"3 minutos\" \/>\n<script type=\"application\/ld+json\" class=\"yoast-schema-graph\">{\"@context\":\"https:\/\/schema.org\",\"@graph\":[{\"@type\":\"Article\",\"@id\":\"http:\/\/esponsorama.ad\/es\/reale-avintia-racing-team-vuelve-la-zona-puntos-australia\/#article\",\"isPartOf\":{\"@id\":\"http:\/\/esponsorama.ad\/es\/reale-avintia-racing-team-vuelve-la-zona-puntos-australia\/\"},\"author\":{\"name\":\"Xavi Andornet\",\"@id\":\"http:\/\/esponsorama.ad\/es\/#\/schema\/person\/a5cde74945183d737066e46b61c6f9c4\"},\"headline\":\"El Reale Avintia Racing Team vuelve a la zona de puntos en Australia\",\"datePublished\":\"2019-10-27T09:49:26+00:00\",\"dateModified\":\"2019-10-27T10:04:18+00:00\",\"mainEntityOfPage\":{\"@id\":\"http:\/\/esponsorama.ad\/es\/reale-avintia-racing-team-vuelve-la-zona-puntos-australia\/\"},\"wordCount\":555,\"image\":{\"@id\":\"http:\/\/esponsorama.ad\/es\/reale-avintia-racing-team-vuelve-la-zona-puntos-australia\/#primaryimage\"},\"thumbnailUrl\":\"http:\/\/esponsorama.ad\/wp-content\/uploads\/2019\/10\/17Australia19MgpEsponsorama_JOC4916.jpg\",\"keywords\":[\"australiangp\",\"MotoGP\"],\"articleSection\":[\"MotoGP\"],\"inLanguage\":\"es\"},{\"@type\":\"WebPage\",\"@id\":\"http:\/\/esponsorama.ad\/es\/reale-avintia-racing-team-vuelve-la-zona-puntos-australia\/\",\"url\":\"http:\/\/esponsorama.ad\/es\/reale-avintia-racing-team-vuelve-la-zona-puntos-australia\/\",\"name\":\"El Reale Avintia Racing Team vuelve a la zona de puntos en Australia - Esponsorama\",\"isPartOf\":{\"@id\":\"http:\/\/esponsorama.ad\/es\/#website\"},\"primaryImageOfPage\":{\"@id\":\"http:\/\/esponsorama.ad\/es\/reale-avintia-racing-team-vuelve-la-zona-puntos-australia\/#primaryimage\"},\"image\":{\"@id\":\"http:\/\/esponsorama.ad\/es\/reale-avintia-racing-team-vuelve-la-zona-puntos-australia\/#primaryimage\"},\"thumbnailUrl\":\"http:\/\/esponsorama.ad\/wp-content\/uploads\/2019\/10\/17Australia19MgpEsponsorama_JOC4916.jpg\",\"datePublished\":\"2019-10-27T09:49:26+00:00\",\"dateModified\":\"2019-10-27T10:04:18+00:00\",\"author\":{\"@id\":\"http:\/\/esponsorama.ad\/es\/#\/schema\/person\/a5cde74945183d737066e46b61c6f9c4\"},\"breadcrumb\":{\"@id\":\"http:\/\/esponsorama.ad\/es\/reale-avintia-racing-team-vuelve-la-zona-puntos-australia\/#breadcrumb\"},\"inLanguage\":\"es\",\"potentialAction\":[{\"@type\":\"ReadAction\",\"target\":[\"http:\/\/esponsorama.ad\/es\/reale-avintia-racing-team-vuelve-la-zona-puntos-australia\/\"]}]},{\"@type\":\"ImageObject\",\"inLanguage\":\"es\",\"@id\":\"http:\/\/esponsorama.ad\/es\/reale-avintia-racing-team-vuelve-la-zona-puntos-australia\/#primaryimage\",\"url\":\"http:\/\/esponsorama.ad\/wp-content\/uploads\/2019\/10\/17Australia19MgpEsponsorama_JOC4916.jpg\",\"contentUrl\":\"http:\/\/esponsorama.ad\/wp-content\/uploads\/2019\/10\/17Australia19MgpEsponsorama_JOC4916.jpg\",\"width\":5472,\"height\":3648,\"caption\":\"17 Australia GP 24, 25, 26 y 27 de octubre de 2019, circuito de Phillp Island, Australia Motogp, MGP, Mgp, MotoGP\"},{\"@type\":\"BreadcrumbList\",\"@id\":\"http:\/\/esponsorama.ad\/es\/reale-avintia-racing-team-vuelve-la-zona-puntos-australia\/#breadcrumb\",\"itemListElement\":[{\"@type\":\"ListItem\",\"position\":1,\"name\":\"Home\",\"item\":\"http:\/\/esponsorama.ad\/es\/\"},{\"@type\":\"ListItem\",\"position\":2,\"name\":\"El Reale Avintia Racing Team vuelve a la zona de puntos en Australia\"}]},{\"@type\":\"WebSite\",\"@id\":\"http:\/\/esponsorama.ad\/es\/#website\",\"url\":\"http:\/\/esponsorama.ad\/es\/\",\"name\":\"Esponsorama\",\"description\":\"Specialist in motorsport sponsorship and event promotions\",\"potentialAction\":[{\"@type\":\"SearchAction\",\"target\":{\"@type\":\"EntryPoint\",\"urlTemplate\":\"http:\/\/esponsorama.ad\/es\/?s={search_term_string}\"},\"query-input\":{\"@type\":\"PropertyValueSpecification\",\"valueRequired\":true,\"valueName\":\"search_term_string\"}}],\"inLanguage\":\"es\"},{\"@type\":\"Person\",\"@id\":\"http:\/\/esponsorama.ad\/es\/#\/schema\/person\/a5cde74945183d737066e46b61c6f9c4\",\"name\":\"Xavi Andornet\",\"image\":{\"@type\":\"ImageObject\",\"inLanguage\":\"es\",\"@id\":\"http:\/\/esponsorama.ad\/es\/#\/schema\/person\/image\/\",\"url\":\"https:\/\/secure.gravatar.com\/avatar\/f10eaf9ad601244a2357c9fd7cd9805ed166cfaaf76d5d9ab08a9d873e70147a?s=96&d=mm&r=g\",\"contentUrl\":\"https:\/\/secure.gravatar.com\/avatar\/f10eaf9ad601244a2357c9fd7cd9805ed166cfaaf76d5d9ab08a9d873e70147a?s=96&d=mm&r=g\",\"caption\":\"Xavi Andornet\"},\"sameAs\":[\"http:\/\/www.andornet.ad\"],\"url\":\"http:\/\/esponsorama.ad\/es\/author\/andornet\/\"}]}<\/script>\n<!-- \/ Yoast SEO plugin. -->","yoast_head_json":{"title":"El Reale Avintia Racing Team vuelve a la zona de puntos en Australia - Esponsorama","robots":{"index":"index","follow":"follow","max-snippet":"max-snippet:-1","max-image-preview":"max-image-preview:large","max-video-preview":"max-video-preview:-1"},"canonical":"http:\/\/esponsorama.ad\/es\/reale-avintia-racing-team-vuelve-la-zona-puntos-australia\/","og_locale":"es_ES","og_type":"article","og_title":"El Reale Avintia Racing Team vuelve a la zona de puntos en Australia - Esponsorama","og_description":"El Reale Avintia Racing Team concluye un Gran Premio de Australia que deja un sabor agridulce al equipo. Karel Abraham ha logrado dos puntos tras finalizar en 14\u00aa posici\u00f3n. Tito Rabat, que arrastraba problemas f\u00edsicos, ha tenido que abandonar en los primeros compases de la carrera. Ha sido un domingo intenso en Phillip Island. Tras [&hellip;]","og_url":"http:\/\/esponsorama.ad\/es\/reale-avintia-racing-team-vuelve-la-zona-puntos-australia\/","og_site_name":"Esponsorama","article_published_time":"2019-10-27T09:49:26+00:00","article_modified_time":"2019-10-27T10:04:18+00:00","og_image":[{"width":1024,"height":683,"url":"http:\/\/esponsorama.ad\/wp-content\/uploads\/2019\/10\/17Australia19MgpEsponsorama_JOC4916-1024x683.jpg","type":"image\/jpeg"}],"author":"Xavi Andornet","twitter_card":"summary_large_image","twitter_misc":{"Escrito por":"Xavi Andornet","Tiempo de lectura":"3 minutos"},"schema":{"@context":"https:\/\/schema.org","@graph":[{"@type":"Article","@id":"http:\/\/esponsorama.ad\/es\/reale-avintia-racing-team-vuelve-la-zona-puntos-australia\/#article","isPartOf":{"@id":"http:\/\/esponsorama.ad\/es\/reale-avintia-racing-team-vuelve-la-zona-puntos-australia\/"},"author":{"name":"Xavi Andornet","@id":"http:\/\/esponsorama.ad\/es\/#\/schema\/person\/a5cde74945183d737066e46b61c6f9c4"},"headline":"El Reale Avintia Racing Team vuelve a la zona de puntos en Australia","datePublished":"2019-10-27T09:49:26+00:00","dateModified":"2019-10-27T10:04:18+00:00","mainEntityOfPage":{"@id":"http:\/\/esponsorama.ad\/es\/reale-avintia-racing-team-vuelve-la-zona-puntos-australia\/"},"wordCount":555,"image":{"@id":"http:\/\/esponsorama.ad\/es\/reale-avintia-racing-team-vuelve-la-zona-puntos-australia\/#primaryimage"},"thumbnailUrl":"http:\/\/esponsorama.ad\/wp-content\/uploads\/2019\/10\/17Australia19MgpEsponsorama_JOC4916.jpg","keywords":["australiangp","MotoGP"],"articleSection":["MotoGP"],"inLanguage":"es"},{"@type":"WebPage","@id":"http:\/\/esponsorama.ad\/es\/reale-avintia-racing-team-vuelve-la-zona-puntos-australia\/","url":"http:\/\/esponsorama.ad\/es\/reale-avintia-racing-team-vuelve-la-zona-puntos-australia\/","name":"El Reale Avintia Racing Team vuelve a la zona de puntos en Australia - Esponsorama","isPartOf":{"@id":"http:\/\/esponsorama.ad\/es\/#website"},"primaryImageOfPage":{"@id":"http:\/\/esponsorama.ad\/es\/reale-avintia-racing-team-vuelve-la-zona-puntos-australia\/#primaryimage"},"image":{"@id":"http:\/\/esponsorama.ad\/es\/reale-avintia-racing-team-vuelve-la-zona-puntos-australia\/#primaryimage"},"thumbnailUrl":"http:\/\/esponsorama.ad\/wp-content\/uploads\/2019\/10\/17Australia19MgpEsponsorama_JOC4916.jpg","datePublished":"2019-10-27T09:49:26+00:00","dateModified":"2019-10-27T10:04:18+00:00","author":{"@id":"http:\/\/esponsorama.ad\/es\/#\/schema\/person\/a5cde74945183d737066e46b61c6f9c4"},"breadcrumb":{"@id":"http:\/\/esponsorama.ad\/es\/reale-avintia-racing-team-vuelve-la-zona-puntos-australia\/#breadcrumb"},"inLanguage":"es","potentialAction":[{"@type":"ReadAction","target":["http:\/\/esponsorama.ad\/es\/reale-avintia-racing-team-vuelve-la-zona-puntos-australia\/"]}]},{"@type":"ImageObject","inLanguage":"es","@id":"http:\/\/esponsorama.ad\/es\/reale-avintia-racing-team-vuelve-la-zona-puntos-australia\/#primaryimage","url":"http:\/\/esponsorama.ad\/wp-content\/uploads\/2019\/10\/17Australia19MgpEsponsorama_JOC4916.jpg","contentUrl":"http:\/\/esponsorama.ad\/wp-content\/uploads\/2019\/10\/17Australia19MgpEsponsorama_JOC4916.jpg","width":5472,"height":3648,"caption":"17 Australia GP 24, 25, 26 y 27 de octubre de 2019, circuito de Phillp Island, Australia Motogp, MGP, Mgp, MotoGP"},{"@type":"BreadcrumbList","@id":"http:\/\/esponsorama.ad\/es\/reale-avintia-racing-team-vuelve-la-zona-puntos-australia\/#breadcrumb","itemListElement":[{"@type":"ListItem","position":1,"name":"Home","item":"http:\/\/esponsorama.ad\/es\/"},{"@type":"ListItem","position":2,"name":"El Reale Avintia Racing Team vuelve a la zona de puntos en Australia"}]},{"@type":"WebSite","@id":"http:\/\/esponsorama.ad\/es\/#website","url":"http:\/\/esponsorama.ad\/es\/","name":"Esponsorama","description":"Specialist in motorsport sponsorship and event promotions","potentialAction":[{"@type":"SearchAction","target":{"@type":"EntryPoint","urlTemplate":"http:\/\/esponsorama.ad\/es\/?s={search_term_string}"},"query-input":{"@type":"PropertyValueSpecification","valueRequired":true,"valueName":"search_term_string"}}],"inLanguage":"es"},{"@type":"Person","@id":"http:\/\/esponsorama.ad\/es\/#\/schema\/person\/a5cde74945183d737066e46b61c6f9c4","name":"Xavi Andornet","image":{"@type":"ImageObject","inLanguage":"es","@id":"http:\/\/esponsorama.ad\/es\/#\/schema\/person\/image\/","url":"https:\/\/secure.gravatar.com\/avatar\/f10eaf9ad601244a2357c9fd7cd9805ed166cfaaf76d5d9ab08a9d873e70147a?s=96&d=mm&r=g","contentUrl":"https:\/\/secure.gravatar.com\/avatar\/f10eaf9ad601244a2357c9fd7cd9805ed166cfaaf76d5d9ab08a9d873e70147a?s=96&d=mm&r=g","caption":"Xavi Andornet"},"sameAs":["http:\/\/www.andornet.ad"],"url":"http:\/\/esponsorama.ad\/es\/author\/andornet\/"}]}},"_links":{"self":[{"href":"http:\/\/esponsorama.ad\/es\/wp-json\/wp\/v2\/posts\/15391","targetHints":{"allow":["GET"]}}],"collection":[{"href":"http:\/\/esponsorama.ad\/es\/wp-json\/wp\/v2\/posts"}],"about":[{"href":"http:\/\/esponsorama.ad\/es\/wp-json\/wp\/v2\/types\/post"}],"author":[{"embeddable":true,"href":"http:\/\/esponsorama.ad\/es\/wp-json\/wp\/v2\/users\/6"}],"replies":[{"embeddable":true,"href":"http:\/\/esponsorama.ad\/es\/wp-json\/wp\/v2\/comments?post=15391"}],"version-history":[{"count":0,"href":"http:\/\/esponsorama.ad\/es\/wp-json\/wp\/v2\/posts\/15391\/revisions"}],"wp:featuredmedia":[{"embeddable":true,"href":"http:\/\/esponsorama.ad\/es\/wp-json\/wp\/v2\/media\/15392"}],"wp:attachment":[{"href":"http:\/\/esponsorama.ad\/es\/wp-json\/wp\/v2\/media?parent=15391"}],"wp:term":[{"taxonomy":"category","embeddable":true,"href":"http:\/\/esponsorama.ad\/es\/wp-json\/wp\/v2\/categories?post=15391"},{"taxonomy":"post_tag","embeddable":true,"href":"http:\/\/esponsorama.ad\/es\/wp-json\/wp\/v2\/tags?post=15391"}],"curies":[{"name":"wp","href":"https:\/\/api.w.org\/{rel}","templated":true}]}}