{"id":15445,"date":"2019-11-13T20:59:18","date_gmt":"2019-11-13T18:59:18","guid":{"rendered":"http:\/\/esponsorama.ad\/?p=15445"},"modified":"2019-11-13T21:52:28","modified_gmt":"2019-11-13T19:52:28","slug":"stefano-nepa-quiere-corroborar-estado-forma-seguir-progresando","status":"publish","type":"post","link":"http:\/\/esponsorama.ad\/es\/stefano-nepa-quiere-corroborar-estado-forma-seguir-progresando\/","title":{"rendered":"Stefano Nepa quiere corroborar su estado de forma y seguir progresando"},"content":{"rendered":"<p>El piloto italiano correr\u00e1 este fin de semana la \u00faltima carrera con el equipo Reale Avintia Arizona 77. Despu\u00e9s de cuatro carreras por Asia y Ocean\u00eda en 6 semanas, el paddock regresa al viejo continente para cerrar la temporada en la cuarta carrera del a\u00f1o en suelo espa\u00f1ol. Desde este viernes hasta el domingo se disputar\u00e1 en el Circuito Ricardo Tormo de Cheste (Valencia) la decimonovena y \u00faltima carrera de la temporada 2019. Como es habitual desde hace a\u00f1os, la cita valenciana pondr\u00e1 punto final a casi 10 meses de competici\u00f3n en la que el campeonato del mundo ha competido en 16 pa\u00edses distintos.<\/p>\n<p>El Circuito de la Comunitat Valenciana se complet\u00f3 en 1999 y celebr\u00f3 pruebas del Campeonato de MotoGP ya en ese mismo a\u00f1o. La pista de Cheste tiene varios dise\u00f1os, que se corren en sentido antihorario con diferentes longitudes. Las carreras de MotoGP se llevan a cabo en una pista de 4 km que consta de cinco curvas a la derecha, ocho a la izquierda y una recta de 876m. Aunque la pista se considera bastante peque\u00f1a, el complejo de boxes contiene 48 garajes, mientras que las tribunas estilo estadio pueden albergar hasta 150,000 espectadores. El dise\u00f1o del circuito que permite ver todas las partes de la pista desde cualquier puesto y ayuda a crear una atm\u00f3sfera \u00fanica que los pilotos espa\u00f1oles e internacionales disfrutan por igual. Al tratarse de la \u00faltima carrera de la temporada siempre hay una sensaci\u00f3n de fiesta en el Gran Premio, que fue votado mejor GP de 2005 por IRTA.<\/p>\n<p>En las \u00faltimas carreras, Stefano Nepa ha experimentado una mejor\u00eda a nivel deportivo y es que, aunque la suerte no siempre ha estado de su lado, ha acabado en el TOP10 en 2 de las \u00faltimas 4 carreras. El italiano buscar\u00e1, por ende, finalizar la temporada lo m\u00e1s adelante posible para confirmar su buena progresi\u00f3n en un circuito que conoce bien.<\/p>\n\n<p>\u201cLlegamos a la \u00faltima carrera, esta segunda parte de campeonato ha pasado muy r\u00e1pido. Es una l\u00e1stima que sea la \u00faltima prueba, pero ha sido un a\u00f1o muy bonito as\u00ed que buscaremos acabarlo lo mejor posible aqu\u00ed en Valencia, una pista que conozco muy bien. Tengo ganas de acabar bien el a\u00f1o y conseguir un buen resultado tanto para m\u00ed como para el equipo.\u201d<\/p>\n","protected":false},"excerpt":{"rendered":"<p>El piloto italiano correr\u00e1 este fin de semana la \u00faltima carrera con el equipo Reale Avintia Arizona 77. Despu\u00e9s de cuatro carreras por Asia y Ocean\u00eda en 6 semanas, el paddock regresa al viejo continente para cerrar la temporada en la cuarta carrera del a\u00f1o en suelo espa\u00f1ol. Desde este viernes hasta el domingo se [&hellip;]<\/p>\n","protected":false},"author":6,"featured_media":15056,"comment_status":"closed","ping_status":"closed","sticky":false,"template":"","format":"standard","meta":{"footnotes":""},"categories":[12],"tags":[27,74],"class_list":["post-15445","post","type-post","status-publish","format-standard","has-post-thumbnail","hentry","category-moto3","tag-moto3","tag-valenciagp"],"yoast_head":"<!-- This site is optimized with the Yoast SEO plugin v27.1.1 - https:\/\/yoast.com\/product\/yoast-seo-wordpress\/ -->\n<title>Stefano Nepa quiere corroborar su estado de forma y seguir progresando - Esponsorama<\/title>\n<meta name=\"robots\" content=\"index, follow, max-snippet:-1, max-image-preview:large, max-video-preview:-1\" \/>\n<link rel=\"canonical\" href=\"http:\/\/esponsorama.ad\/es\/stefano-nepa-quiere-corroborar-estado-forma-seguir-progresando\/\" \/>\n<meta property=\"og:locale\" content=\"es_ES\" \/>\n<meta property=\"og:type\" content=\"article\" \/>\n<meta property=\"og:title\" content=\"Stefano Nepa quiere corroborar su estado de forma y seguir progresando - Esponsorama\" \/>\n<meta property=\"og:description\" content=\"El piloto italiano correr\u00e1 este fin de semana la \u00faltima carrera con el equipo Reale Avintia Arizona 77. Despu\u00e9s de cuatro carreras por Asia y Ocean\u00eda en 6 semanas, el paddock regresa al viejo continente para cerrar la temporada en la cuarta carrera del a\u00f1o en suelo espa\u00f1ol. Desde este viernes hasta el domingo se [&hellip;]\" \/>\n<meta property=\"og:url\" content=\"http:\/\/esponsorama.ad\/es\/stefano-nepa-quiere-corroborar-estado-forma-seguir-progresando\/\" \/>\n<meta property=\"og:site_name\" content=\"Esponsorama\" \/>\n<meta property=\"article:published_time\" content=\"2019-11-13T18:59:18+00:00\" \/>\n<meta property=\"article:modified_time\" content=\"2019-11-13T19:52:28+00:00\" \/>\n<meta property=\"og:image\" content=\"http:\/\/esponsorama.ad\/wp-content\/uploads\/2019\/08\/11Austria19M3Esponsorama_JOC4968-1024x683.jpg\" \/>\n\t<meta property=\"og:image:width\" content=\"1024\" \/>\n\t<meta property=\"og:image:height\" content=\"683\" \/>\n\t<meta property=\"og:image:type\" content=\"image\/jpeg\" \/>\n<meta name=\"author\" content=\"Xavi Andornet\" \/>\n<meta name=\"twitter:card\" content=\"summary_large_image\" \/>\n<meta name=\"twitter:label1\" content=\"Escrito por\" \/>\n\t<meta name=\"twitter:data1\" content=\"Xavi Andornet\" \/>\n\t<meta name=\"twitter:label2\" content=\"Tiempo de lectura\" \/>\n\t<meta name=\"twitter:data2\" content=\"2 minutos\" \/>\n<script type=\"application\/ld+json\" class=\"yoast-schema-graph\">{\"@context\":\"https:\/\/schema.org\",\"@graph\":[{\"@type\":\"Article\",\"@id\":\"http:\/\/esponsorama.ad\/es\/stefano-nepa-quiere-corroborar-estado-forma-seguir-progresando\/#article\",\"isPartOf\":{\"@id\":\"http:\/\/esponsorama.ad\/es\/stefano-nepa-quiere-corroborar-estado-forma-seguir-progresando\/\"},\"author\":{\"name\":\"Xavi Andornet\",\"@id\":\"http:\/\/esponsorama.ad\/es\/#\/schema\/person\/a5cde74945183d737066e46b61c6f9c4\"},\"headline\":\"Stefano Nepa quiere corroborar su estado de forma y seguir progresando\",\"datePublished\":\"2019-11-13T18:59:18+00:00\",\"dateModified\":\"2019-11-13T19:52:28+00:00\",\"mainEntityOfPage\":{\"@id\":\"http:\/\/esponsorama.ad\/es\/stefano-nepa-quiere-corroborar-estado-forma-seguir-progresando\/\"},\"wordCount\":405,\"image\":{\"@id\":\"http:\/\/esponsorama.ad\/es\/stefano-nepa-quiere-corroborar-estado-forma-seguir-progresando\/#primaryimage\"},\"thumbnailUrl\":\"http:\/\/esponsorama.ad\/wp-content\/uploads\/2019\/08\/11Austria19M3Esponsorama_JOC4968.jpg\",\"keywords\":[\"moto3\",\"valenciagp\"],\"articleSection\":[\"Moto3\"],\"inLanguage\":\"es\"},{\"@type\":\"WebPage\",\"@id\":\"http:\/\/esponsorama.ad\/es\/stefano-nepa-quiere-corroborar-estado-forma-seguir-progresando\/\",\"url\":\"http:\/\/esponsorama.ad\/es\/stefano-nepa-quiere-corroborar-estado-forma-seguir-progresando\/\",\"name\":\"Stefano Nepa quiere corroborar su estado de forma y seguir progresando - Esponsorama\",\"isPartOf\":{\"@id\":\"http:\/\/esponsorama.ad\/es\/#website\"},\"primaryImageOfPage\":{\"@id\":\"http:\/\/esponsorama.ad\/es\/stefano-nepa-quiere-corroborar-estado-forma-seguir-progresando\/#primaryimage\"},\"image\":{\"@id\":\"http:\/\/esponsorama.ad\/es\/stefano-nepa-quiere-corroborar-estado-forma-seguir-progresando\/#primaryimage\"},\"thumbnailUrl\":\"http:\/\/esponsorama.ad\/wp-content\/uploads\/2019\/08\/11Austria19M3Esponsorama_JOC4968.jpg\",\"datePublished\":\"2019-11-13T18:59:18+00:00\",\"dateModified\":\"2019-11-13T19:52:28+00:00\",\"author\":{\"@id\":\"http:\/\/esponsorama.ad\/es\/#\/schema\/person\/a5cde74945183d737066e46b61c6f9c4\"},\"breadcrumb\":{\"@id\":\"http:\/\/esponsorama.ad\/es\/stefano-nepa-quiere-corroborar-estado-forma-seguir-progresando\/#breadcrumb\"},\"inLanguage\":\"es\",\"potentialAction\":[{\"@type\":\"ReadAction\",\"target\":[\"http:\/\/esponsorama.ad\/es\/stefano-nepa-quiere-corroborar-estado-forma-seguir-progresando\/\"]}]},{\"@type\":\"ImageObject\",\"inLanguage\":\"es\",\"@id\":\"http:\/\/esponsorama.ad\/es\/stefano-nepa-quiere-corroborar-estado-forma-seguir-progresando\/#primaryimage\",\"url\":\"http:\/\/esponsorama.ad\/wp-content\/uploads\/2019\/08\/11Austria19M3Esponsorama_JOC4968.jpg\",\"contentUrl\":\"http:\/\/esponsorama.ad\/wp-content\/uploads\/2019\/08\/11Austria19M3Esponsorama_JOC4968.jpg\",\"width\":5472,\"height\":3648,\"caption\":\"11 Austria GP 8, 9, 10 y 11 de agosto de 2019, circuito de RedBull Ring, Spielberg, AUSTRIA Motogp, MGP, Mgp, MotoGP\"},{\"@type\":\"BreadcrumbList\",\"@id\":\"http:\/\/esponsorama.ad\/es\/stefano-nepa-quiere-corroborar-estado-forma-seguir-progresando\/#breadcrumb\",\"itemListElement\":[{\"@type\":\"ListItem\",\"position\":1,\"name\":\"Home\",\"item\":\"http:\/\/esponsorama.ad\/es\/\"},{\"@type\":\"ListItem\",\"position\":2,\"name\":\"Stefano Nepa quiere corroborar su estado de forma y seguir progresando\"}]},{\"@type\":\"WebSite\",\"@id\":\"http:\/\/esponsorama.ad\/es\/#website\",\"url\":\"http:\/\/esponsorama.ad\/es\/\",\"name\":\"Esponsorama\",\"description\":\"Specialist in motorsport sponsorship and event promotions\",\"potentialAction\":[{\"@type\":\"SearchAction\",\"target\":{\"@type\":\"EntryPoint\",\"urlTemplate\":\"http:\/\/esponsorama.ad\/es\/?s={search_term_string}\"},\"query-input\":{\"@type\":\"PropertyValueSpecification\",\"valueRequired\":true,\"valueName\":\"search_term_string\"}}],\"inLanguage\":\"es\"},{\"@type\":\"Person\",\"@id\":\"http:\/\/esponsorama.ad\/es\/#\/schema\/person\/a5cde74945183d737066e46b61c6f9c4\",\"name\":\"Xavi Andornet\",\"image\":{\"@type\":\"ImageObject\",\"inLanguage\":\"es\",\"@id\":\"http:\/\/esponsorama.ad\/es\/#\/schema\/person\/image\/\",\"url\":\"https:\/\/secure.gravatar.com\/avatar\/f10eaf9ad601244a2357c9fd7cd9805ed166cfaaf76d5d9ab08a9d873e70147a?s=96&d=mm&r=g\",\"contentUrl\":\"https:\/\/secure.gravatar.com\/avatar\/f10eaf9ad601244a2357c9fd7cd9805ed166cfaaf76d5d9ab08a9d873e70147a?s=96&d=mm&r=g\",\"caption\":\"Xavi Andornet\"},\"sameAs\":[\"http:\/\/www.andornet.ad\"],\"url\":\"http:\/\/esponsorama.ad\/es\/author\/andornet\/\"}]}<\/script>\n<!-- \/ Yoast SEO plugin. -->","yoast_head_json":{"title":"Stefano Nepa quiere corroborar su estado de forma y seguir progresando - Esponsorama","robots":{"index":"index","follow":"follow","max-snippet":"max-snippet:-1","max-image-preview":"max-image-preview:large","max-video-preview":"max-video-preview:-1"},"canonical":"http:\/\/esponsorama.ad\/es\/stefano-nepa-quiere-corroborar-estado-forma-seguir-progresando\/","og_locale":"es_ES","og_type":"article","og_title":"Stefano Nepa quiere corroborar su estado de forma y seguir progresando - Esponsorama","og_description":"El piloto italiano correr\u00e1 este fin de semana la \u00faltima carrera con el equipo Reale Avintia Arizona 77. Despu\u00e9s de cuatro carreras por Asia y Ocean\u00eda en 6 semanas, el paddock regresa al viejo continente para cerrar la temporada en la cuarta carrera del a\u00f1o en suelo espa\u00f1ol. Desde este viernes hasta el domingo se [&hellip;]","og_url":"http:\/\/esponsorama.ad\/es\/stefano-nepa-quiere-corroborar-estado-forma-seguir-progresando\/","og_site_name":"Esponsorama","article_published_time":"2019-11-13T18:59:18+00:00","article_modified_time":"2019-11-13T19:52:28+00:00","og_image":[{"width":1024,"height":683,"url":"http:\/\/esponsorama.ad\/wp-content\/uploads\/2019\/08\/11Austria19M3Esponsorama_JOC4968-1024x683.jpg","type":"image\/jpeg"}],"author":"Xavi Andornet","twitter_card":"summary_large_image","twitter_misc":{"Escrito por":"Xavi Andornet","Tiempo de lectura":"2 minutos"},"schema":{"@context":"https:\/\/schema.org","@graph":[{"@type":"Article","@id":"http:\/\/esponsorama.ad\/es\/stefano-nepa-quiere-corroborar-estado-forma-seguir-progresando\/#article","isPartOf":{"@id":"http:\/\/esponsorama.ad\/es\/stefano-nepa-quiere-corroborar-estado-forma-seguir-progresando\/"},"author":{"name":"Xavi Andornet","@id":"http:\/\/esponsorama.ad\/es\/#\/schema\/person\/a5cde74945183d737066e46b61c6f9c4"},"headline":"Stefano Nepa quiere corroborar su estado de forma y seguir progresando","datePublished":"2019-11-13T18:59:18+00:00","dateModified":"2019-11-13T19:52:28+00:00","mainEntityOfPage":{"@id":"http:\/\/esponsorama.ad\/es\/stefano-nepa-quiere-corroborar-estado-forma-seguir-progresando\/"},"wordCount":405,"image":{"@id":"http:\/\/esponsorama.ad\/es\/stefano-nepa-quiere-corroborar-estado-forma-seguir-progresando\/#primaryimage"},"thumbnailUrl":"http:\/\/esponsorama.ad\/wp-content\/uploads\/2019\/08\/11Austria19M3Esponsorama_JOC4968.jpg","keywords":["moto3","valenciagp"],"articleSection":["Moto3"],"inLanguage":"es"},{"@type":"WebPage","@id":"http:\/\/esponsorama.ad\/es\/stefano-nepa-quiere-corroborar-estado-forma-seguir-progresando\/","url":"http:\/\/esponsorama.ad\/es\/stefano-nepa-quiere-corroborar-estado-forma-seguir-progresando\/","name":"Stefano Nepa quiere corroborar su estado de forma y seguir progresando - Esponsorama","isPartOf":{"@id":"http:\/\/esponsorama.ad\/es\/#website"},"primaryImageOfPage":{"@id":"http:\/\/esponsorama.ad\/es\/stefano-nepa-quiere-corroborar-estado-forma-seguir-progresando\/#primaryimage"},"image":{"@id":"http:\/\/esponsorama.ad\/es\/stefano-nepa-quiere-corroborar-estado-forma-seguir-progresando\/#primaryimage"},"thumbnailUrl":"http:\/\/esponsorama.ad\/wp-content\/uploads\/2019\/08\/11Austria19M3Esponsorama_JOC4968.jpg","datePublished":"2019-11-13T18:59:18+00:00","dateModified":"2019-11-13T19:52:28+00:00","author":{"@id":"http:\/\/esponsorama.ad\/es\/#\/schema\/person\/a5cde74945183d737066e46b61c6f9c4"},"breadcrumb":{"@id":"http:\/\/esponsorama.ad\/es\/stefano-nepa-quiere-corroborar-estado-forma-seguir-progresando\/#breadcrumb"},"inLanguage":"es","potentialAction":[{"@type":"ReadAction","target":["http:\/\/esponsorama.ad\/es\/stefano-nepa-quiere-corroborar-estado-forma-seguir-progresando\/"]}]},{"@type":"ImageObject","inLanguage":"es","@id":"http:\/\/esponsorama.ad\/es\/stefano-nepa-quiere-corroborar-estado-forma-seguir-progresando\/#primaryimage","url":"http:\/\/esponsorama.ad\/wp-content\/uploads\/2019\/08\/11Austria19M3Esponsorama_JOC4968.jpg","contentUrl":"http:\/\/esponsorama.ad\/wp-content\/uploads\/2019\/08\/11Austria19M3Esponsorama_JOC4968.jpg","width":5472,"height":3648,"caption":"11 Austria GP 8, 9, 10 y 11 de agosto de 2019, circuito de RedBull Ring, Spielberg, AUSTRIA Motogp, MGP, Mgp, MotoGP"},{"@type":"BreadcrumbList","@id":"http:\/\/esponsorama.ad\/es\/stefano-nepa-quiere-corroborar-estado-forma-seguir-progresando\/#breadcrumb","itemListElement":[{"@type":"ListItem","position":1,"name":"Home","item":"http:\/\/esponsorama.ad\/es\/"},{"@type":"ListItem","position":2,"name":"Stefano Nepa quiere corroborar su estado de forma y seguir progresando"}]},{"@type":"WebSite","@id":"http:\/\/esponsorama.ad\/es\/#website","url":"http:\/\/esponsorama.ad\/es\/","name":"Esponsorama","description":"Specialist in motorsport sponsorship and event promotions","potentialAction":[{"@type":"SearchAction","target":{"@type":"EntryPoint","urlTemplate":"http:\/\/esponsorama.ad\/es\/?s={search_term_string}"},"query-input":{"@type":"PropertyValueSpecification","valueRequired":true,"valueName":"search_term_string"}}],"inLanguage":"es"},{"@type":"Person","@id":"http:\/\/esponsorama.ad\/es\/#\/schema\/person\/a5cde74945183d737066e46b61c6f9c4","name":"Xavi Andornet","image":{"@type":"ImageObject","inLanguage":"es","@id":"http:\/\/esponsorama.ad\/es\/#\/schema\/person\/image\/","url":"https:\/\/secure.gravatar.com\/avatar\/f10eaf9ad601244a2357c9fd7cd9805ed166cfaaf76d5d9ab08a9d873e70147a?s=96&d=mm&r=g","contentUrl":"https:\/\/secure.gravatar.com\/avatar\/f10eaf9ad601244a2357c9fd7cd9805ed166cfaaf76d5d9ab08a9d873e70147a?s=96&d=mm&r=g","caption":"Xavi Andornet"},"sameAs":["http:\/\/www.andornet.ad"],"url":"http:\/\/esponsorama.ad\/es\/author\/andornet\/"}]}},"_links":{"self":[{"href":"http:\/\/esponsorama.ad\/es\/wp-json\/wp\/v2\/posts\/15445","targetHints":{"allow":["GET"]}}],"collection":[{"href":"http:\/\/esponsorama.ad\/es\/wp-json\/wp\/v2\/posts"}],"about":[{"href":"http:\/\/esponsorama.ad\/es\/wp-json\/wp\/v2\/types\/post"}],"author":[{"embeddable":true,"href":"http:\/\/esponsorama.ad\/es\/wp-json\/wp\/v2\/users\/6"}],"replies":[{"embeddable":true,"href":"http:\/\/esponsorama.ad\/es\/wp-json\/wp\/v2\/comments?post=15445"}],"version-history":[{"count":0,"href":"http:\/\/esponsorama.ad\/es\/wp-json\/wp\/v2\/posts\/15445\/revisions"}],"wp:featuredmedia":[{"embeddable":true,"href":"http:\/\/esponsorama.ad\/es\/wp-json\/wp\/v2\/media\/15056"}],"wp:attachment":[{"href":"http:\/\/esponsorama.ad\/es\/wp-json\/wp\/v2\/media?parent=15445"}],"wp:term":[{"taxonomy":"category","embeddable":true,"href":"http:\/\/esponsorama.ad\/es\/wp-json\/wp\/v2\/categories?post=15445"},{"taxonomy":"post_tag","embeddable":true,"href":"http:\/\/esponsorama.ad\/es\/wp-json\/wp\/v2\/tags?post=15445"}],"curies":[{"name":"wp","href":"https:\/\/api.w.org\/{rel}","templated":true}]}}