{"id":15449,"date":"2019-11-13T21:33:18","date_gmt":"2019-11-13T19:33:18","guid":{"rendered":"http:\/\/esponsorama.ad\/?p=15449"},"modified":"2019-11-13T23:59:59","modified_gmt":"2019-11-13T21:59:59","slug":"reale-avintia-racing-team-encara-ambicioso-la-ultima-carrera-2019","status":"publish","type":"post","link":"http:\/\/esponsorama.ad\/es\/reale-avintia-racing-team-encara-ambicioso-la-ultima-carrera-2019\/","title":{"rendered":"El Reale Avintia Racing Team encara ambicioso la \u00faltima carrera de 2019"},"content":{"rendered":"<p>Despu\u00e9s de cuatro carreras por Asia y Ocean\u00eda en 6 semanas, el paddock regresa al viejo continente para cerrar la temporada en la cuarta carrera del a\u00f1o en suelo espa\u00f1ol. Desde este viernes hasta el domingo se disputar\u00e1 en el Circuito Ricardo Tormo de Cheste (Valencia) la decimonovena y \u00faltima carrera de la temporada 2019. Como es habitual desde hace a\u00f1os, la cita valenciana pondr\u00e1 punto final a casi 10 meses de competici\u00f3n en la que el campeonato del mundo ha competido en 16 pa\u00edses distintos.<\/p>\n<p>El Circuito de la Comunitat Valenciana se complet\u00f3 en 1999 y celebr\u00f3 pruebas del Campeonato de MotoGP ya en ese mismo a\u00f1o. La pista de Cheste tiene varios dise\u00f1os, que se corren en sentido antihorario con diferentes longitudes. Las carreras de MotoGP se llevan a cabo en una pista de 4 km que consta de cinco curvas a la derecha, ocho a la izquierda y una recta de 876m. Aunque la pista se considera bastante peque\u00f1a, el complejo de boxes contiene 48 garajes, mientras que las tribunas estilo estadio pueden albergar hasta 150,000 espectadores. El dise\u00f1o del circuito que permite ver todas las partes de la pista desde cualquier puesto y ayuda a crear una atm\u00f3sfera \u00fanica que los pilotos espa\u00f1oles e internacionales disfrutan por igual. Al tratarse de la \u00faltima carrera de la temporada siempre hay una sensaci\u00f3n de fiesta en el Gran Premio, que fue votado mejor GP de 2005 por IRTA.<\/p>\n<p>Tito Rabat no pudo finalizar las carreras de Jap\u00f3n y Australia debido a una lesi\u00f3n en la mano y no particip\u00f3 en el \u00faltimo GP de Malasia. Afortunadamente, el piloto barcelonense estar\u00e1 presente en el GP de la Comunitat Valenciana en un circuito en el que gan\u00f3 en el a\u00f1o 2015 cuando compet\u00eda en Moto2 y que, en su \u00faltima participaci\u00f3n en MotoGP en 2017, logr\u00f3 acabar dentro del Top10.<\/p>\n<p>Karel Abraham, por otro lado, intentar\u00e1 revertir la mala suerte de Malasia en un circuito que le vio ganar en 2010 en el primer a\u00f1o de la categor\u00eda de Moto2 en el campeonato de mundo.<\/p>\n\n<p>\u201cTengo ganas de acabar la temporada de la mejor manera posible por todo lo alto delante los fans espa\u00f1oles aqu\u00ed en Valencia\u201d.<\/p>\n\n<p>\u201cLa de Valencia es siempre una carrera extra\u00f1a porque, por un lado, estamos todos cansados y con ganas de tener algo de tiempo para desconectar y disfrutar del invierno. Por otro lado, es triste porque es la \u00faltima carrera de la temporada. Sin embargo, tengo ganas de correr porque tengo buenos recuerdos de este GP y, de hecho, aqu\u00ed gan\u00e9 una carrera en Moto2\u201d.<\/p>\n","protected":false},"excerpt":{"rendered":"<p>Despu\u00e9s de cuatro carreras por Asia y Ocean\u00eda en 6 semanas, el paddock regresa al viejo continente para cerrar la temporada en la cuarta carrera del a\u00f1o en suelo espa\u00f1ol. Desde este viernes hasta el domingo se disputar\u00e1 en el Circuito Ricardo Tormo de Cheste (Valencia) la decimonovena y \u00faltima carrera de la temporada 2019. [&hellip;]<\/p>\n","protected":false},"author":6,"featured_media":15395,"comment_status":"closed","ping_status":"closed","sticky":false,"template":"","format":"standard","meta":{"footnotes":""},"categories":[3],"tags":[13,75],"class_list":["post-15449","post","type-post","status-publish","format-standard","has-post-thumbnail","hentry","category-motogp","tag-motogp","tag-valenciangp"],"yoast_head":"<!-- This site is optimized with the Yoast SEO plugin v27.1.1 - https:\/\/yoast.com\/product\/yoast-seo-wordpress\/ -->\n<title>El Reale Avintia Racing Team encara ambicioso la \u00faltima carrera de 2019 - Esponsorama<\/title>\n<meta name=\"robots\" content=\"index, follow, max-snippet:-1, max-image-preview:large, max-video-preview:-1\" \/>\n<link rel=\"canonical\" href=\"http:\/\/esponsorama.ad\/es\/reale-avintia-racing-team-encara-ambicioso-la-ultima-carrera-2019\/\" \/>\n<meta property=\"og:locale\" content=\"es_ES\" \/>\n<meta property=\"og:type\" content=\"article\" \/>\n<meta property=\"og:title\" content=\"El Reale Avintia Racing Team encara ambicioso la \u00faltima carrera de 2019 - Esponsorama\" \/>\n<meta property=\"og:description\" content=\"Despu\u00e9s de cuatro carreras por Asia y Ocean\u00eda en 6 semanas, el paddock regresa al viejo continente para cerrar la temporada en la cuarta carrera del a\u00f1o en suelo espa\u00f1ol. Desde este viernes hasta el domingo se disputar\u00e1 en el Circuito Ricardo Tormo de Cheste (Valencia) la decimonovena y \u00faltima carrera de la temporada 2019. [&hellip;]\" \/>\n<meta property=\"og:url\" content=\"http:\/\/esponsorama.ad\/es\/reale-avintia-racing-team-encara-ambicioso-la-ultima-carrera-2019\/\" \/>\n<meta property=\"og:site_name\" content=\"Esponsorama\" \/>\n<meta property=\"article:published_time\" content=\"2019-11-13T19:33:18+00:00\" \/>\n<meta property=\"article:modified_time\" content=\"2019-11-13T21:59:59+00:00\" \/>\n<meta property=\"og:image\" content=\"http:\/\/esponsorama.ad\/wp-content\/uploads\/2019\/10\/17Australia19MgpEsponsorama_JOC3714-1024x683.jpg\" \/>\n\t<meta property=\"og:image:width\" content=\"1024\" \/>\n\t<meta property=\"og:image:height\" content=\"683\" \/>\n\t<meta property=\"og:image:type\" content=\"image\/jpeg\" \/>\n<meta name=\"author\" content=\"Xavi Andornet\" \/>\n<meta name=\"twitter:card\" content=\"summary_large_image\" \/>\n<meta name=\"twitter:label1\" content=\"Escrito por\" \/>\n\t<meta name=\"twitter:data1\" content=\"Xavi Andornet\" \/>\n\t<meta name=\"twitter:label2\" content=\"Tiempo de lectura\" \/>\n\t<meta name=\"twitter:data2\" content=\"2 minutos\" \/>\n<script type=\"application\/ld+json\" class=\"yoast-schema-graph\">{\"@context\":\"https:\/\/schema.org\",\"@graph\":[{\"@type\":\"Article\",\"@id\":\"http:\/\/esponsorama.ad\/es\/reale-avintia-racing-team-encara-ambicioso-la-ultima-carrera-2019\/#article\",\"isPartOf\":{\"@id\":\"http:\/\/esponsorama.ad\/es\/reale-avintia-racing-team-encara-ambicioso-la-ultima-carrera-2019\/\"},\"author\":{\"name\":\"Xavi Andornet\",\"@id\":\"http:\/\/esponsorama.ad\/es\/#\/schema\/person\/a5cde74945183d737066e46b61c6f9c4\"},\"headline\":\"El Reale Avintia Racing Team encara ambicioso la \u00faltima carrera de 2019\",\"datePublished\":\"2019-11-13T19:33:18+00:00\",\"dateModified\":\"2019-11-13T21:59:59+00:00\",\"mainEntityOfPage\":{\"@id\":\"http:\/\/esponsorama.ad\/es\/reale-avintia-racing-team-encara-ambicioso-la-ultima-carrera-2019\/\"},\"wordCount\":457,\"image\":{\"@id\":\"http:\/\/esponsorama.ad\/es\/reale-avintia-racing-team-encara-ambicioso-la-ultima-carrera-2019\/#primaryimage\"},\"thumbnailUrl\":\"http:\/\/esponsorama.ad\/wp-content\/uploads\/2019\/10\/17Australia19MgpEsponsorama_JOC3714.jpg\",\"keywords\":[\"MotoGP\",\"valenciangp\"],\"articleSection\":[\"MotoGP\"],\"inLanguage\":\"es\"},{\"@type\":\"WebPage\",\"@id\":\"http:\/\/esponsorama.ad\/es\/reale-avintia-racing-team-encara-ambicioso-la-ultima-carrera-2019\/\",\"url\":\"http:\/\/esponsorama.ad\/es\/reale-avintia-racing-team-encara-ambicioso-la-ultima-carrera-2019\/\",\"name\":\"El Reale Avintia Racing Team encara ambicioso la \u00faltima carrera de 2019 - Esponsorama\",\"isPartOf\":{\"@id\":\"http:\/\/esponsorama.ad\/es\/#website\"},\"primaryImageOfPage\":{\"@id\":\"http:\/\/esponsorama.ad\/es\/reale-avintia-racing-team-encara-ambicioso-la-ultima-carrera-2019\/#primaryimage\"},\"image\":{\"@id\":\"http:\/\/esponsorama.ad\/es\/reale-avintia-racing-team-encara-ambicioso-la-ultima-carrera-2019\/#primaryimage\"},\"thumbnailUrl\":\"http:\/\/esponsorama.ad\/wp-content\/uploads\/2019\/10\/17Australia19MgpEsponsorama_JOC3714.jpg\",\"datePublished\":\"2019-11-13T19:33:18+00:00\",\"dateModified\":\"2019-11-13T21:59:59+00:00\",\"author\":{\"@id\":\"http:\/\/esponsorama.ad\/es\/#\/schema\/person\/a5cde74945183d737066e46b61c6f9c4\"},\"breadcrumb\":{\"@id\":\"http:\/\/esponsorama.ad\/es\/reale-avintia-racing-team-encara-ambicioso-la-ultima-carrera-2019\/#breadcrumb\"},\"inLanguage\":\"es\",\"potentialAction\":[{\"@type\":\"ReadAction\",\"target\":[\"http:\/\/esponsorama.ad\/es\/reale-avintia-racing-team-encara-ambicioso-la-ultima-carrera-2019\/\"]}]},{\"@type\":\"ImageObject\",\"inLanguage\":\"es\",\"@id\":\"http:\/\/esponsorama.ad\/es\/reale-avintia-racing-team-encara-ambicioso-la-ultima-carrera-2019\/#primaryimage\",\"url\":\"http:\/\/esponsorama.ad\/wp-content\/uploads\/2019\/10\/17Australia19MgpEsponsorama_JOC3714.jpg\",\"contentUrl\":\"http:\/\/esponsorama.ad\/wp-content\/uploads\/2019\/10\/17Australia19MgpEsponsorama_JOC3714.jpg\",\"width\":5472,\"height\":3648,\"caption\":\"17 Australia GP 24, 25, 26 y 27 de octubre de 2019, circuito de Phillp Island, Australia Motogp, MGP, Mgp, MotoGP\"},{\"@type\":\"BreadcrumbList\",\"@id\":\"http:\/\/esponsorama.ad\/es\/reale-avintia-racing-team-encara-ambicioso-la-ultima-carrera-2019\/#breadcrumb\",\"itemListElement\":[{\"@type\":\"ListItem\",\"position\":1,\"name\":\"Home\",\"item\":\"http:\/\/esponsorama.ad\/es\/\"},{\"@type\":\"ListItem\",\"position\":2,\"name\":\"El Reale Avintia Racing Team encara ambicioso la \u00faltima carrera de 2019\"}]},{\"@type\":\"WebSite\",\"@id\":\"http:\/\/esponsorama.ad\/es\/#website\",\"url\":\"http:\/\/esponsorama.ad\/es\/\",\"name\":\"Esponsorama\",\"description\":\"Specialist in motorsport sponsorship and event promotions\",\"potentialAction\":[{\"@type\":\"SearchAction\",\"target\":{\"@type\":\"EntryPoint\",\"urlTemplate\":\"http:\/\/esponsorama.ad\/es\/?s={search_term_string}\"},\"query-input\":{\"@type\":\"PropertyValueSpecification\",\"valueRequired\":true,\"valueName\":\"search_term_string\"}}],\"inLanguage\":\"es\"},{\"@type\":\"Person\",\"@id\":\"http:\/\/esponsorama.ad\/es\/#\/schema\/person\/a5cde74945183d737066e46b61c6f9c4\",\"name\":\"Xavi Andornet\",\"image\":{\"@type\":\"ImageObject\",\"inLanguage\":\"es\",\"@id\":\"http:\/\/esponsorama.ad\/es\/#\/schema\/person\/image\/\",\"url\":\"https:\/\/secure.gravatar.com\/avatar\/f10eaf9ad601244a2357c9fd7cd9805ed166cfaaf76d5d9ab08a9d873e70147a?s=96&d=mm&r=g\",\"contentUrl\":\"https:\/\/secure.gravatar.com\/avatar\/f10eaf9ad601244a2357c9fd7cd9805ed166cfaaf76d5d9ab08a9d873e70147a?s=96&d=mm&r=g\",\"caption\":\"Xavi Andornet\"},\"sameAs\":[\"http:\/\/www.andornet.ad\"],\"url\":\"http:\/\/esponsorama.ad\/es\/author\/andornet\/\"}]}<\/script>\n<!-- \/ Yoast SEO plugin. -->","yoast_head_json":{"title":"El Reale Avintia Racing Team encara ambicioso la \u00faltima carrera de 2019 - Esponsorama","robots":{"index":"index","follow":"follow","max-snippet":"max-snippet:-1","max-image-preview":"max-image-preview:large","max-video-preview":"max-video-preview:-1"},"canonical":"http:\/\/esponsorama.ad\/es\/reale-avintia-racing-team-encara-ambicioso-la-ultima-carrera-2019\/","og_locale":"es_ES","og_type":"article","og_title":"El Reale Avintia Racing Team encara ambicioso la \u00faltima carrera de 2019 - Esponsorama","og_description":"Despu\u00e9s de cuatro carreras por Asia y Ocean\u00eda en 6 semanas, el paddock regresa al viejo continente para cerrar la temporada en la cuarta carrera del a\u00f1o en suelo espa\u00f1ol. Desde este viernes hasta el domingo se disputar\u00e1 en el Circuito Ricardo Tormo de Cheste (Valencia) la decimonovena y \u00faltima carrera de la temporada 2019. [&hellip;]","og_url":"http:\/\/esponsorama.ad\/es\/reale-avintia-racing-team-encara-ambicioso-la-ultima-carrera-2019\/","og_site_name":"Esponsorama","article_published_time":"2019-11-13T19:33:18+00:00","article_modified_time":"2019-11-13T21:59:59+00:00","og_image":[{"width":1024,"height":683,"url":"http:\/\/esponsorama.ad\/wp-content\/uploads\/2019\/10\/17Australia19MgpEsponsorama_JOC3714-1024x683.jpg","type":"image\/jpeg"}],"author":"Xavi Andornet","twitter_card":"summary_large_image","twitter_misc":{"Escrito por":"Xavi Andornet","Tiempo de lectura":"2 minutos"},"schema":{"@context":"https:\/\/schema.org","@graph":[{"@type":"Article","@id":"http:\/\/esponsorama.ad\/es\/reale-avintia-racing-team-encara-ambicioso-la-ultima-carrera-2019\/#article","isPartOf":{"@id":"http:\/\/esponsorama.ad\/es\/reale-avintia-racing-team-encara-ambicioso-la-ultima-carrera-2019\/"},"author":{"name":"Xavi Andornet","@id":"http:\/\/esponsorama.ad\/es\/#\/schema\/person\/a5cde74945183d737066e46b61c6f9c4"},"headline":"El Reale Avintia Racing Team encara ambicioso la \u00faltima carrera de 2019","datePublished":"2019-11-13T19:33:18+00:00","dateModified":"2019-11-13T21:59:59+00:00","mainEntityOfPage":{"@id":"http:\/\/esponsorama.ad\/es\/reale-avintia-racing-team-encara-ambicioso-la-ultima-carrera-2019\/"},"wordCount":457,"image":{"@id":"http:\/\/esponsorama.ad\/es\/reale-avintia-racing-team-encara-ambicioso-la-ultima-carrera-2019\/#primaryimage"},"thumbnailUrl":"http:\/\/esponsorama.ad\/wp-content\/uploads\/2019\/10\/17Australia19MgpEsponsorama_JOC3714.jpg","keywords":["MotoGP","valenciangp"],"articleSection":["MotoGP"],"inLanguage":"es"},{"@type":"WebPage","@id":"http:\/\/esponsorama.ad\/es\/reale-avintia-racing-team-encara-ambicioso-la-ultima-carrera-2019\/","url":"http:\/\/esponsorama.ad\/es\/reale-avintia-racing-team-encara-ambicioso-la-ultima-carrera-2019\/","name":"El Reale Avintia Racing Team encara ambicioso la \u00faltima carrera de 2019 - Esponsorama","isPartOf":{"@id":"http:\/\/esponsorama.ad\/es\/#website"},"primaryImageOfPage":{"@id":"http:\/\/esponsorama.ad\/es\/reale-avintia-racing-team-encara-ambicioso-la-ultima-carrera-2019\/#primaryimage"},"image":{"@id":"http:\/\/esponsorama.ad\/es\/reale-avintia-racing-team-encara-ambicioso-la-ultima-carrera-2019\/#primaryimage"},"thumbnailUrl":"http:\/\/esponsorama.ad\/wp-content\/uploads\/2019\/10\/17Australia19MgpEsponsorama_JOC3714.jpg","datePublished":"2019-11-13T19:33:18+00:00","dateModified":"2019-11-13T21:59:59+00:00","author":{"@id":"http:\/\/esponsorama.ad\/es\/#\/schema\/person\/a5cde74945183d737066e46b61c6f9c4"},"breadcrumb":{"@id":"http:\/\/esponsorama.ad\/es\/reale-avintia-racing-team-encara-ambicioso-la-ultima-carrera-2019\/#breadcrumb"},"inLanguage":"es","potentialAction":[{"@type":"ReadAction","target":["http:\/\/esponsorama.ad\/es\/reale-avintia-racing-team-encara-ambicioso-la-ultima-carrera-2019\/"]}]},{"@type":"ImageObject","inLanguage":"es","@id":"http:\/\/esponsorama.ad\/es\/reale-avintia-racing-team-encara-ambicioso-la-ultima-carrera-2019\/#primaryimage","url":"http:\/\/esponsorama.ad\/wp-content\/uploads\/2019\/10\/17Australia19MgpEsponsorama_JOC3714.jpg","contentUrl":"http:\/\/esponsorama.ad\/wp-content\/uploads\/2019\/10\/17Australia19MgpEsponsorama_JOC3714.jpg","width":5472,"height":3648,"caption":"17 Australia GP 24, 25, 26 y 27 de octubre de 2019, circuito de Phillp Island, Australia Motogp, MGP, Mgp, MotoGP"},{"@type":"BreadcrumbList","@id":"http:\/\/esponsorama.ad\/es\/reale-avintia-racing-team-encara-ambicioso-la-ultima-carrera-2019\/#breadcrumb","itemListElement":[{"@type":"ListItem","position":1,"name":"Home","item":"http:\/\/esponsorama.ad\/es\/"},{"@type":"ListItem","position":2,"name":"El Reale Avintia Racing Team encara ambicioso la \u00faltima carrera de 2019"}]},{"@type":"WebSite","@id":"http:\/\/esponsorama.ad\/es\/#website","url":"http:\/\/esponsorama.ad\/es\/","name":"Esponsorama","description":"Specialist in motorsport sponsorship and event promotions","potentialAction":[{"@type":"SearchAction","target":{"@type":"EntryPoint","urlTemplate":"http:\/\/esponsorama.ad\/es\/?s={search_term_string}"},"query-input":{"@type":"PropertyValueSpecification","valueRequired":true,"valueName":"search_term_string"}}],"inLanguage":"es"},{"@type":"Person","@id":"http:\/\/esponsorama.ad\/es\/#\/schema\/person\/a5cde74945183d737066e46b61c6f9c4","name":"Xavi Andornet","image":{"@type":"ImageObject","inLanguage":"es","@id":"http:\/\/esponsorama.ad\/es\/#\/schema\/person\/image\/","url":"https:\/\/secure.gravatar.com\/avatar\/f10eaf9ad601244a2357c9fd7cd9805ed166cfaaf76d5d9ab08a9d873e70147a?s=96&d=mm&r=g","contentUrl":"https:\/\/secure.gravatar.com\/avatar\/f10eaf9ad601244a2357c9fd7cd9805ed166cfaaf76d5d9ab08a9d873e70147a?s=96&d=mm&r=g","caption":"Xavi Andornet"},"sameAs":["http:\/\/www.andornet.ad"],"url":"http:\/\/esponsorama.ad\/es\/author\/andornet\/"}]}},"_links":{"self":[{"href":"http:\/\/esponsorama.ad\/es\/wp-json\/wp\/v2\/posts\/15449","targetHints":{"allow":["GET"]}}],"collection":[{"href":"http:\/\/esponsorama.ad\/es\/wp-json\/wp\/v2\/posts"}],"about":[{"href":"http:\/\/esponsorama.ad\/es\/wp-json\/wp\/v2\/types\/post"}],"author":[{"embeddable":true,"href":"http:\/\/esponsorama.ad\/es\/wp-json\/wp\/v2\/users\/6"}],"replies":[{"embeddable":true,"href":"http:\/\/esponsorama.ad\/es\/wp-json\/wp\/v2\/comments?post=15449"}],"version-history":[{"count":0,"href":"http:\/\/esponsorama.ad\/es\/wp-json\/wp\/v2\/posts\/15449\/revisions"}],"wp:featuredmedia":[{"embeddable":true,"href":"http:\/\/esponsorama.ad\/es\/wp-json\/wp\/v2\/media\/15395"}],"wp:attachment":[{"href":"http:\/\/esponsorama.ad\/es\/wp-json\/wp\/v2\/media?parent=15449"}],"wp:term":[{"taxonomy":"category","embeddable":true,"href":"http:\/\/esponsorama.ad\/es\/wp-json\/wp\/v2\/categories?post=15449"},{"taxonomy":"post_tag","embeddable":true,"href":"http:\/\/esponsorama.ad\/es\/wp-json\/wp\/v2\/tags?post=15449"}],"curies":[{"name":"wp","href":"https:\/\/api.w.org\/{rel}","templated":true}]}}