{"id":15542,"date":"2019-12-02T11:27:28","date_gmt":"2019-12-02T09:27:28","guid":{"rendered":"http:\/\/esponsorama.ad\/?p=15542"},"modified":"2019-12-02T11:29:33","modified_gmt":"2019-12-02T09:29:33","slug":"xavier-cardelus-se-incorpora-las-filas-del-avintia-esponsorama-racing-motoe-2","status":"publish","type":"post","link":"http:\/\/esponsorama.ad\/es\/xavier-cardelus-se-incorpora-las-filas-del-avintia-esponsorama-racing-motoe-2\/","title":{"rendered":"Xavier Cardel\u00fas se incorpora a las filas del Avintia Esponsorama Racing en MotoE"},"content":{"rendered":"<p><strong>Avintia Esponsorama Racing <\/strong>y <strong>Xavier Cardel\u00fas,<\/strong> se unen para disputar juntos la pr\u00f3xima Copa del Mundo de MotoE 2020. Ser\u00e1 la primera vez que un piloto y una escuder\u00eda andorrana est\u00e1n juntos en un campeonato del mundo de motociclismo. El joven piloto se suma as\u00ed a las filas del equipo, como compa\u00f1ero del brasile\u00f1o <strong>Eric Granado<\/strong>.<\/p>\n<p><strong>Xavier Cardel\u00fas, <\/strong>con tan solo 21 a\u00f1os de edad, ya acumula experiencia en los circuitos<strong>. <\/strong>Viene de disputar la temporada 2019 del Campeonato del Mundo de Moto2, durante el 2018 complet\u00f3 un total de 13 carreras en la categor\u00eda intermedia tambi\u00e9n, en el 2017 particip\u00f3 en SuperSport World Championship y en 2015 compiti\u00f3 en el FIM CEV Moto2 European Championship.<\/p>\n<p>Para el mundial de 2020, <strong>Cardel\u00fas<\/strong> afrontar\u00e1 un nuevo reto en su trayectoria profesional de la mano del <strong>Avintia Esponsorama Racing<\/strong> debutando en la que ser\u00e1 la segunda Copa del Mundo de MotoE de la historia.<\/p>\n<p>Con esta nueva incorporaci\u00f3n y el fichaje de <strong>Carlos Tatay<\/strong> en la categor\u00eda de Moto3, queda pr\u00e1cticamente cerrada la plantilla del equipo de cara a la pr\u00f3xima temporada 2020, solo a la espera de confirmar el nombre del nuevo piloto que compartir\u00e1 \u2018box\u2019 en MotoGP con <strong>Tito Rabat<\/strong>.<\/p>\n","protected":false},"excerpt":{"rendered":"<p>Avintia Esponsorama Racing y Xavier Cardel\u00fas, se unen para disputar juntos la pr\u00f3xima Copa del Mundo de MotoE 2020. Ser\u00e1 la primera vez que un piloto y una escuder\u00eda andorrana est\u00e1n juntos en un campeonato del mundo de motociclismo. El joven piloto se suma as\u00ed a las filas del equipo, como compa\u00f1ero del brasile\u00f1o Eric [&hellip;]<\/p>\n","protected":false},"author":6,"featured_media":15543,"comment_status":"closed","ping_status":"closed","sticky":false,"template":"","format":"standard","meta":{"footnotes":""},"categories":[21],"tags":[],"class_list":["post-15542","post","type-post","status-publish","format-standard","has-post-thumbnail","hentry","category-motoe"],"yoast_head":"<!-- This site is optimized with the Yoast SEO plugin v27.1.1 - https:\/\/yoast.com\/product\/yoast-seo-wordpress\/ -->\n<title>Xavier Cardel\u00fas se incorpora a las filas del Avintia Esponsorama Racing en MotoE - Esponsorama<\/title>\n<meta name=\"robots\" content=\"index, follow, max-snippet:-1, max-image-preview:large, max-video-preview:-1\" \/>\n<link rel=\"canonical\" href=\"http:\/\/esponsorama.ad\/es\/xavier-cardelus-se-incorpora-las-filas-del-avintia-esponsorama-racing-motoe-2\/\" \/>\n<meta property=\"og:locale\" content=\"es_ES\" \/>\n<meta property=\"og:type\" content=\"article\" \/>\n<meta property=\"og:title\" content=\"Xavier Cardel\u00fas se incorpora a las filas del Avintia Esponsorama Racing en MotoE - Esponsorama\" \/>\n<meta property=\"og:description\" content=\"Avintia Esponsorama Racing y Xavier Cardel\u00fas, se unen para disputar juntos la pr\u00f3xima Copa del Mundo de MotoE 2020. Ser\u00e1 la primera vez que un piloto y una escuder\u00eda andorrana est\u00e1n juntos en un campeonato del mundo de motociclismo. El joven piloto se suma as\u00ed a las filas del equipo, como compa\u00f1ero del brasile\u00f1o Eric [&hellip;]\" \/>\n<meta property=\"og:url\" content=\"http:\/\/esponsorama.ad\/es\/xavier-cardelus-se-incorpora-las-filas-del-avintia-esponsorama-racing-motoe-2\/\" \/>\n<meta property=\"og:site_name\" content=\"Esponsorama\" \/>\n<meta property=\"article:published_time\" content=\"2019-12-02T09:27:28+00:00\" \/>\n<meta property=\"article:modified_time\" content=\"2019-12-02T09:29:33+00:00\" \/>\n<meta property=\"og:image\" content=\"http:\/\/esponsorama.ad\/wp-content\/uploads\/2019\/12\/WhatsApp-Image-2019-12-01-at-16.09.48.jpeg\" \/>\n\t<meta property=\"og:image:width\" content=\"1024\" \/>\n\t<meta property=\"og:image:height\" content=\"768\" \/>\n\t<meta property=\"og:image:type\" content=\"image\/jpeg\" \/>\n<meta name=\"author\" content=\"Xavi Andornet\" \/>\n<meta name=\"twitter:card\" content=\"summary_large_image\" \/>\n<meta name=\"twitter:label1\" content=\"Escrito por\" \/>\n\t<meta name=\"twitter:data1\" content=\"Xavi Andornet\" \/>\n\t<meta name=\"twitter:label2\" content=\"Tiempo de lectura\" \/>\n\t<meta name=\"twitter:data2\" content=\"1 minuto\" \/>\n<script type=\"application\/ld+json\" class=\"yoast-schema-graph\">{\"@context\":\"https:\/\/schema.org\",\"@graph\":[{\"@type\":\"Article\",\"@id\":\"http:\/\/esponsorama.ad\/es\/xavier-cardelus-se-incorpora-las-filas-del-avintia-esponsorama-racing-motoe-2\/#article\",\"isPartOf\":{\"@id\":\"http:\/\/esponsorama.ad\/es\/xavier-cardelus-se-incorpora-las-filas-del-avintia-esponsorama-racing-motoe-2\/\"},\"author\":{\"name\":\"Xavi Andornet\",\"@id\":\"http:\/\/esponsorama.ad\/es\/#\/schema\/person\/a5cde74945183d737066e46b61c6f9c4\"},\"headline\":\"Xavier Cardel\u00fas se incorpora a las filas del Avintia Esponsorama Racing en MotoE\",\"datePublished\":\"2019-12-02T09:27:28+00:00\",\"dateModified\":\"2019-12-02T09:29:33+00:00\",\"mainEntityOfPage\":{\"@id\":\"http:\/\/esponsorama.ad\/es\/xavier-cardelus-se-incorpora-las-filas-del-avintia-esponsorama-racing-motoe-2\/\"},\"wordCount\":220,\"image\":{\"@id\":\"http:\/\/esponsorama.ad\/es\/xavier-cardelus-se-incorpora-las-filas-del-avintia-esponsorama-racing-motoe-2\/#primaryimage\"},\"thumbnailUrl\":\"http:\/\/esponsorama.ad\/wp-content\/uploads\/2019\/12\/WhatsApp-Image-2019-12-01-at-16.09.48.jpeg\",\"articleSection\":[\"MotoE\"],\"inLanguage\":\"es\"},{\"@type\":\"WebPage\",\"@id\":\"http:\/\/esponsorama.ad\/es\/xavier-cardelus-se-incorpora-las-filas-del-avintia-esponsorama-racing-motoe-2\/\",\"url\":\"http:\/\/esponsorama.ad\/es\/xavier-cardelus-se-incorpora-las-filas-del-avintia-esponsorama-racing-motoe-2\/\",\"name\":\"Xavier Cardel\u00fas se incorpora a las filas del Avintia Esponsorama Racing en MotoE - Esponsorama\",\"isPartOf\":{\"@id\":\"http:\/\/esponsorama.ad\/es\/#website\"},\"primaryImageOfPage\":{\"@id\":\"http:\/\/esponsorama.ad\/es\/xavier-cardelus-se-incorpora-las-filas-del-avintia-esponsorama-racing-motoe-2\/#primaryimage\"},\"image\":{\"@id\":\"http:\/\/esponsorama.ad\/es\/xavier-cardelus-se-incorpora-las-filas-del-avintia-esponsorama-racing-motoe-2\/#primaryimage\"},\"thumbnailUrl\":\"http:\/\/esponsorama.ad\/wp-content\/uploads\/2019\/12\/WhatsApp-Image-2019-12-01-at-16.09.48.jpeg\",\"datePublished\":\"2019-12-02T09:27:28+00:00\",\"dateModified\":\"2019-12-02T09:29:33+00:00\",\"author\":{\"@id\":\"http:\/\/esponsorama.ad\/es\/#\/schema\/person\/a5cde74945183d737066e46b61c6f9c4\"},\"breadcrumb\":{\"@id\":\"http:\/\/esponsorama.ad\/es\/xavier-cardelus-se-incorpora-las-filas-del-avintia-esponsorama-racing-motoe-2\/#breadcrumb\"},\"inLanguage\":\"es\",\"potentialAction\":[{\"@type\":\"ReadAction\",\"target\":[\"http:\/\/esponsorama.ad\/es\/xavier-cardelus-se-incorpora-las-filas-del-avintia-esponsorama-racing-motoe-2\/\"]}]},{\"@type\":\"ImageObject\",\"inLanguage\":\"es\",\"@id\":\"http:\/\/esponsorama.ad\/es\/xavier-cardelus-se-incorpora-las-filas-del-avintia-esponsorama-racing-motoe-2\/#primaryimage\",\"url\":\"http:\/\/esponsorama.ad\/wp-content\/uploads\/2019\/12\/WhatsApp-Image-2019-12-01-at-16.09.48.jpeg\",\"contentUrl\":\"http:\/\/esponsorama.ad\/wp-content\/uploads\/2019\/12\/WhatsApp-Image-2019-12-01-at-16.09.48.jpeg\",\"width\":1024,\"height\":768},{\"@type\":\"BreadcrumbList\",\"@id\":\"http:\/\/esponsorama.ad\/es\/xavier-cardelus-se-incorpora-las-filas-del-avintia-esponsorama-racing-motoe-2\/#breadcrumb\",\"itemListElement\":[{\"@type\":\"ListItem\",\"position\":1,\"name\":\"Home\",\"item\":\"http:\/\/esponsorama.ad\/ca\/\"},{\"@type\":\"ListItem\",\"position\":2,\"name\":\"Xavier Cardel\u00fas se incorpora a las filas del Avintia Esponsorama Racing en MotoE\"}]},{\"@type\":\"WebSite\",\"@id\":\"http:\/\/esponsorama.ad\/es\/#website\",\"url\":\"http:\/\/esponsorama.ad\/es\/\",\"name\":\"Esponsorama\",\"description\":\"Specialist in motorsport sponsorship and event promotions\",\"potentialAction\":[{\"@type\":\"SearchAction\",\"target\":{\"@type\":\"EntryPoint\",\"urlTemplate\":\"http:\/\/esponsorama.ad\/es\/?s={search_term_string}\"},\"query-input\":{\"@type\":\"PropertyValueSpecification\",\"valueRequired\":true,\"valueName\":\"search_term_string\"}}],\"inLanguage\":\"es\"},{\"@type\":\"Person\",\"@id\":\"http:\/\/esponsorama.ad\/es\/#\/schema\/person\/a5cde74945183d737066e46b61c6f9c4\",\"name\":\"Xavi Andornet\",\"image\":{\"@type\":\"ImageObject\",\"inLanguage\":\"es\",\"@id\":\"http:\/\/esponsorama.ad\/es\/#\/schema\/person\/image\/\",\"url\":\"https:\/\/secure.gravatar.com\/avatar\/f10eaf9ad601244a2357c9fd7cd9805ed166cfaaf76d5d9ab08a9d873e70147a?s=96&d=mm&r=g\",\"contentUrl\":\"https:\/\/secure.gravatar.com\/avatar\/f10eaf9ad601244a2357c9fd7cd9805ed166cfaaf76d5d9ab08a9d873e70147a?s=96&d=mm&r=g\",\"caption\":\"Xavi Andornet\"},\"sameAs\":[\"http:\/\/www.andornet.ad\"],\"url\":\"http:\/\/esponsorama.ad\/es\/author\/andornet\/\"}]}<\/script>\n<!-- \/ Yoast SEO plugin. -->","yoast_head_json":{"title":"Xavier Cardel\u00fas se incorpora a las filas del Avintia Esponsorama Racing en MotoE - Esponsorama","robots":{"index":"index","follow":"follow","max-snippet":"max-snippet:-1","max-image-preview":"max-image-preview:large","max-video-preview":"max-video-preview:-1"},"canonical":"http:\/\/esponsorama.ad\/es\/xavier-cardelus-se-incorpora-las-filas-del-avintia-esponsorama-racing-motoe-2\/","og_locale":"es_ES","og_type":"article","og_title":"Xavier Cardel\u00fas se incorpora a las filas del Avintia Esponsorama Racing en MotoE - Esponsorama","og_description":"Avintia Esponsorama Racing y Xavier Cardel\u00fas, se unen para disputar juntos la pr\u00f3xima Copa del Mundo de MotoE 2020. Ser\u00e1 la primera vez que un piloto y una escuder\u00eda andorrana est\u00e1n juntos en un campeonato del mundo de motociclismo. El joven piloto se suma as\u00ed a las filas del equipo, como compa\u00f1ero del brasile\u00f1o Eric [&hellip;]","og_url":"http:\/\/esponsorama.ad\/es\/xavier-cardelus-se-incorpora-las-filas-del-avintia-esponsorama-racing-motoe-2\/","og_site_name":"Esponsorama","article_published_time":"2019-12-02T09:27:28+00:00","article_modified_time":"2019-12-02T09:29:33+00:00","og_image":[{"width":1024,"height":768,"url":"http:\/\/esponsorama.ad\/wp-content\/uploads\/2019\/12\/WhatsApp-Image-2019-12-01-at-16.09.48.jpeg","type":"image\/jpeg"}],"author":"Xavi Andornet","twitter_card":"summary_large_image","twitter_misc":{"Escrito por":"Xavi Andornet","Tiempo de lectura":"1 minuto"},"schema":{"@context":"https:\/\/schema.org","@graph":[{"@type":"Article","@id":"http:\/\/esponsorama.ad\/es\/xavier-cardelus-se-incorpora-las-filas-del-avintia-esponsorama-racing-motoe-2\/#article","isPartOf":{"@id":"http:\/\/esponsorama.ad\/es\/xavier-cardelus-se-incorpora-las-filas-del-avintia-esponsorama-racing-motoe-2\/"},"author":{"name":"Xavi Andornet","@id":"http:\/\/esponsorama.ad\/es\/#\/schema\/person\/a5cde74945183d737066e46b61c6f9c4"},"headline":"Xavier Cardel\u00fas se incorpora a las filas del Avintia Esponsorama Racing en MotoE","datePublished":"2019-12-02T09:27:28+00:00","dateModified":"2019-12-02T09:29:33+00:00","mainEntityOfPage":{"@id":"http:\/\/esponsorama.ad\/es\/xavier-cardelus-se-incorpora-las-filas-del-avintia-esponsorama-racing-motoe-2\/"},"wordCount":220,"image":{"@id":"http:\/\/esponsorama.ad\/es\/xavier-cardelus-se-incorpora-las-filas-del-avintia-esponsorama-racing-motoe-2\/#primaryimage"},"thumbnailUrl":"http:\/\/esponsorama.ad\/wp-content\/uploads\/2019\/12\/WhatsApp-Image-2019-12-01-at-16.09.48.jpeg","articleSection":["MotoE"],"inLanguage":"es"},{"@type":"WebPage","@id":"http:\/\/esponsorama.ad\/es\/xavier-cardelus-se-incorpora-las-filas-del-avintia-esponsorama-racing-motoe-2\/","url":"http:\/\/esponsorama.ad\/es\/xavier-cardelus-se-incorpora-las-filas-del-avintia-esponsorama-racing-motoe-2\/","name":"Xavier Cardel\u00fas se incorpora a las filas del Avintia Esponsorama Racing en MotoE - Esponsorama","isPartOf":{"@id":"http:\/\/esponsorama.ad\/es\/#website"},"primaryImageOfPage":{"@id":"http:\/\/esponsorama.ad\/es\/xavier-cardelus-se-incorpora-las-filas-del-avintia-esponsorama-racing-motoe-2\/#primaryimage"},"image":{"@id":"http:\/\/esponsorama.ad\/es\/xavier-cardelus-se-incorpora-las-filas-del-avintia-esponsorama-racing-motoe-2\/#primaryimage"},"thumbnailUrl":"http:\/\/esponsorama.ad\/wp-content\/uploads\/2019\/12\/WhatsApp-Image-2019-12-01-at-16.09.48.jpeg","datePublished":"2019-12-02T09:27:28+00:00","dateModified":"2019-12-02T09:29:33+00:00","author":{"@id":"http:\/\/esponsorama.ad\/es\/#\/schema\/person\/a5cde74945183d737066e46b61c6f9c4"},"breadcrumb":{"@id":"http:\/\/esponsorama.ad\/es\/xavier-cardelus-se-incorpora-las-filas-del-avintia-esponsorama-racing-motoe-2\/#breadcrumb"},"inLanguage":"es","potentialAction":[{"@type":"ReadAction","target":["http:\/\/esponsorama.ad\/es\/xavier-cardelus-se-incorpora-las-filas-del-avintia-esponsorama-racing-motoe-2\/"]}]},{"@type":"ImageObject","inLanguage":"es","@id":"http:\/\/esponsorama.ad\/es\/xavier-cardelus-se-incorpora-las-filas-del-avintia-esponsorama-racing-motoe-2\/#primaryimage","url":"http:\/\/esponsorama.ad\/wp-content\/uploads\/2019\/12\/WhatsApp-Image-2019-12-01-at-16.09.48.jpeg","contentUrl":"http:\/\/esponsorama.ad\/wp-content\/uploads\/2019\/12\/WhatsApp-Image-2019-12-01-at-16.09.48.jpeg","width":1024,"height":768},{"@type":"BreadcrumbList","@id":"http:\/\/esponsorama.ad\/es\/xavier-cardelus-se-incorpora-las-filas-del-avintia-esponsorama-racing-motoe-2\/#breadcrumb","itemListElement":[{"@type":"ListItem","position":1,"name":"Home","item":"http:\/\/esponsorama.ad\/ca\/"},{"@type":"ListItem","position":2,"name":"Xavier Cardel\u00fas se incorpora a las filas del Avintia Esponsorama Racing en MotoE"}]},{"@type":"WebSite","@id":"http:\/\/esponsorama.ad\/es\/#website","url":"http:\/\/esponsorama.ad\/es\/","name":"Esponsorama","description":"Specialist in motorsport sponsorship and event promotions","potentialAction":[{"@type":"SearchAction","target":{"@type":"EntryPoint","urlTemplate":"http:\/\/esponsorama.ad\/es\/?s={search_term_string}"},"query-input":{"@type":"PropertyValueSpecification","valueRequired":true,"valueName":"search_term_string"}}],"inLanguage":"es"},{"@type":"Person","@id":"http:\/\/esponsorama.ad\/es\/#\/schema\/person\/a5cde74945183d737066e46b61c6f9c4","name":"Xavi Andornet","image":{"@type":"ImageObject","inLanguage":"es","@id":"http:\/\/esponsorama.ad\/es\/#\/schema\/person\/image\/","url":"https:\/\/secure.gravatar.com\/avatar\/f10eaf9ad601244a2357c9fd7cd9805ed166cfaaf76d5d9ab08a9d873e70147a?s=96&d=mm&r=g","contentUrl":"https:\/\/secure.gravatar.com\/avatar\/f10eaf9ad601244a2357c9fd7cd9805ed166cfaaf76d5d9ab08a9d873e70147a?s=96&d=mm&r=g","caption":"Xavi Andornet"},"sameAs":["http:\/\/www.andornet.ad"],"url":"http:\/\/esponsorama.ad\/es\/author\/andornet\/"}]}},"_links":{"self":[{"href":"http:\/\/esponsorama.ad\/es\/wp-json\/wp\/v2\/posts\/15542","targetHints":{"allow":["GET"]}}],"collection":[{"href":"http:\/\/esponsorama.ad\/es\/wp-json\/wp\/v2\/posts"}],"about":[{"href":"http:\/\/esponsorama.ad\/es\/wp-json\/wp\/v2\/types\/post"}],"author":[{"embeddable":true,"href":"http:\/\/esponsorama.ad\/es\/wp-json\/wp\/v2\/users\/6"}],"replies":[{"embeddable":true,"href":"http:\/\/esponsorama.ad\/es\/wp-json\/wp\/v2\/comments?post=15542"}],"version-history":[{"count":0,"href":"http:\/\/esponsorama.ad\/es\/wp-json\/wp\/v2\/posts\/15542\/revisions"}],"wp:featuredmedia":[{"embeddable":true,"href":"http:\/\/esponsorama.ad\/es\/wp-json\/wp\/v2\/media\/15543"}],"wp:attachment":[{"href":"http:\/\/esponsorama.ad\/es\/wp-json\/wp\/v2\/media?parent=15542"}],"wp:term":[{"taxonomy":"category","embeddable":true,"href":"http:\/\/esponsorama.ad\/es\/wp-json\/wp\/v2\/categories?post=15542"},{"taxonomy":"post_tag","embeddable":true,"href":"http:\/\/esponsorama.ad\/es\/wp-json\/wp\/v2\/tags?post=15542"}],"curies":[{"name":"wp","href":"https:\/\/api.w.org\/{rel}","templated":true}]}}