{"id":15782,"date":"2020-03-13T13:10:33","date_gmt":"2020-03-13T11:10:33","guid":{"rendered":"http:\/\/esponsorama.ad\/?p=15782"},"modified":"2020-03-13T20:43:41","modified_gmt":"2020-03-13T18:43:41","slug":"avintia-esponsorama-racing-se-estrena-jerez-tras-completar-tres-jornadas-test","status":"publish","type":"post","link":"http:\/\/esponsorama.ad\/es\/avintia-esponsorama-racing-se-estrena-jerez-tras-completar-tres-jornadas-test\/","title":{"rendered":"EL AVINTIA ESPONSORAMA RACING SE ESTRENA EN JEREZ TRAS COMPLETAR TRES JORNADAS DE TEST"},"content":{"rendered":"<p>El Avintia Esponsorama Racing ha empezado a trabajar en la Copa del Mundo de MotoE para 2020 con tres d\u00edas de test muy productivos y valiosos en el Circuito de Jerez-\u00c1ngel Nieto.<\/p>\n<p>Eric Granado, ganador de las dos \u00faltimas carreras de la pasada temporada en el Gran Premio de Valencia y principal candidato a luchar por el t\u00edtulo en 2020, fue capaz de obtener el mejor registro en los dos primeros d\u00edas. Tras rodar un total de 68 vueltas y sumar casi 300km, el carioca ha concluido 2\u00ba en la clasificaci\u00f3n combinada tras las tres jornadas con un tiempo de 1:47.546, a tan solo 0.052 segundos del l\u00edder.<\/p>\n<p>Por su parte, Xavi Cardel\u00fas, ha podido tener su primera toma de contacto con la Energica Ego Corsa MotoE. El piloto andorrano, nueva incorporaci\u00f3n del Avintia Esponsorama Racing para esta pr\u00f3xima temporada, ha acumulado sus primeros kil\u00f3metros encima de la moto el\u00e9ctrica, un total de 325 tras completar 74 vueltas al trazado andaluz. Tras las tres jornadas, Cardel\u00fas ha obtenido la 14\u00aa posici\u00f3n en la combinada con un tiempo de 1:48.749, a 1.255 segundos del primer clasificado.<\/p>\n<p>Gracias a todos los datos obtenidos durante el test, el Avintia Esponsorama Racing seguir\u00e1 trabajando duro para llegar lo m\u00e1s preparado posible al siguiente test que se llevar\u00e1 a cabo durante el 8, 9 y 10 de abril en el mismo circuito de Jerez, antes de encarar la primera cita del calendario de MotoE, el Gran Premio de Espa\u00f1a.<\/p>\n\t\t\t\t\t<div class=\"rider-short\">\n\t\t\t\t<a href=\"http:\/\/esponsorama.ad\/es\/piloto\/eric-granado\/\"><img loading=\"lazy\" decoding=\"async\" width=\"300\" height=\"300\" src=\"http:\/\/esponsorama.ad\/wp-content\/uploads\/2018\/10\/numero-granado-comunicados-2018.png\" class=\"attachment-medium size-medium\" alt=\"\" srcset=\"http:\/\/esponsorama.ad\/wp-content\/uploads\/2018\/10\/numero-granado-comunicados-2018.png 300w, http:\/\/esponsorama.ad\/wp-content\/uploads\/2018\/10\/numero-granado-comunicados-2018-150x150.png 150w\" sizes=\"auto, (max-width: 300px) 100vw, 300px\" \/><\/a><div class=\"info\"><h3><a href=\"http:\/\/esponsorama.ad\/es\/piloto\/eric-granado\/\">Eric Granado<\/a> | 1:47.546 | P2<\/h3><div class=\"rrss\"><a target=\"_blank\" href=\"https:\/\/www.facebook.com\/PilotoEricGranado\/?ref=br_rs\"><i class=\"fa fa-facebook\"><\/i><\/a><a target=\"_blank\" href=\"https:\/\/twitter.com\/ericgranado\"><i class=\"fa fa-twitter\"><\/i><\/a><a target=\"_blank\" href=\"https:\/\/www.instagram.com\/ericgranado\/\"><i class=\"fa fa-instagram\"><\/i><\/a><\/div><\/div>\t\t\t\t\t<\/div>\n\t\t\t\t\n<p>\u201cEl test ha sido muy positivo, al final hemos conseguido acabar segundos, hemos sido r\u00e1pidos durante todos los d\u00edas y hemos podido probar muchas cosas que quer\u00edamos. A\u00fan me falta un poco de mi parte, tambi\u00e9n un poco por parte de la moto por evolucionar, sobre todo el tren trasero ya que a\u00fan me falta un poco de \u2018feeling\u2019, me cuesta en las curvas con mucha aceleraci\u00f3n porque la moto tiene un movimiento que me molesta. Pero es cuesti\u00f3n de trabajar, el equipo est\u00e1 dando el m\u00e1ximo como siempre y tenemos otro test por mejorar este punto y encontrar la soluci\u00f3n antes de la primera carrera.\u201d<\/p>\n\t\t\t\t\t<div class=\"rider-short\">\n\t\t\t\t<a href=\"http:\/\/esponsorama.ad\/es\/piloto\/xavier-cardelus\/\"><img loading=\"lazy\" decoding=\"async\" width=\"300\" height=\"300\" src=\"http:\/\/esponsorama.ad\/wp-content\/uploads\/2021\/02\/dorsal-cardelus-gris-300x300.png\" class=\"attachment-medium size-medium\" alt=\"\" srcset=\"http:\/\/esponsorama.ad\/wp-content\/uploads\/2021\/02\/dorsal-cardelus-gris-300x300.png 300w, http:\/\/esponsorama.ad\/wp-content\/uploads\/2021\/02\/dorsal-cardelus-gris-150x150.png 150w, http:\/\/esponsorama.ad\/wp-content\/uploads\/2021\/02\/dorsal-cardelus-gris.png 500w\" sizes=\"auto, (max-width: 300px) 100vw, 300px\" \/><\/a><div class=\"info\"><h3><a href=\"http:\/\/esponsorama.ad\/es\/piloto\/xavier-cardelus\/\">Xavier Cardel\u00fas<\/a> | 1:48.749 | P14<\/h3><div class=\"rrss\"><a target=\"_blank\" href=\"https:\/\/twitter.com\/xavicardelus\"><i class=\"fa fa-twitter\"><\/i><\/a><a target=\"_blank\" href=\"https:\/\/www.instagram.com\/xavicardelus\/\"><i class=\"fa fa-instagram\"><\/i><\/a><\/div><\/div>\t\t\t\t\t<\/div>\n\t\t\t\t\n<p>\u201cFinalmente contento con la primera toma de contacto con la moto. Tres d\u00edas de test muy positivos porque la adaptaci\u00f3n ha sido r\u00e1pida y lo importante es que en cada sesi\u00f3n he ido progresando, y yo creo que es lo m\u00e1s importante y a destacar. A\u00fan falta alguna cosa por pulir, pero creo que nos vamos con el trabajo hecho que era hacer un 1:48 para acabar cerca en la clasificaci\u00f3n. Contento y dar gracias al equipo.\u201d<\/p>\n","protected":false},"excerpt":{"rendered":"<p>El Avintia Esponsorama Racing ha empezado a trabajar en la Copa del Mundo de MotoE para 2020 con tres d\u00edas de test muy productivos y valiosos en el Circuito de Jerez-\u00c1ngel Nieto. Eric Granado, ganador de las dos \u00faltimas carreras de la pasada temporada en el Gran Premio de Valencia y principal candidato a luchar [&hellip;]<\/p>\n","protected":false},"author":6,"featured_media":15784,"comment_status":"closed","ping_status":"closed","sticky":false,"template":"","format":"standard","meta":{"footnotes":""},"categories":[21],"tags":[],"class_list":["post-15782","post","type-post","status-publish","format-standard","has-post-thumbnail","hentry","category-motoe"],"yoast_head":"<!-- This site is optimized with the Yoast SEO plugin v27.1.1 - https:\/\/yoast.com\/product\/yoast-seo-wordpress\/ -->\n<title>EL AVINTIA ESPONSORAMA RACING SE ESTRENA EN JEREZ TRAS COMPLETAR TRES JORNADAS DE TEST - Esponsorama<\/title>\n<meta name=\"robots\" content=\"index, follow, max-snippet:-1, max-image-preview:large, max-video-preview:-1\" \/>\n<link rel=\"canonical\" href=\"http:\/\/esponsorama.ad\/es\/avintia-esponsorama-racing-se-estrena-jerez-tras-completar-tres-jornadas-test\/\" \/>\n<meta property=\"og:locale\" content=\"es_ES\" \/>\n<meta property=\"og:type\" content=\"article\" \/>\n<meta property=\"og:title\" content=\"EL AVINTIA ESPONSORAMA RACING SE ESTRENA EN JEREZ TRAS COMPLETAR TRES JORNADAS DE TEST - Esponsorama\" \/>\n<meta property=\"og:description\" content=\"El Avintia Esponsorama Racing ha empezado a trabajar en la Copa del Mundo de MotoE para 2020 con tres d\u00edas de test muy productivos y valiosos en el Circuito de Jerez-\u00c1ngel Nieto. Eric Granado, ganador de las dos \u00faltimas carreras de la pasada temporada en el Gran Premio de Valencia y principal candidato a luchar [&hellip;]\" \/>\n<meta property=\"og:url\" content=\"http:\/\/esponsorama.ad\/es\/avintia-esponsorama-racing-se-estrena-jerez-tras-completar-tres-jornadas-test\/\" \/>\n<meta property=\"og:site_name\" content=\"Esponsorama\" \/>\n<meta property=\"article:published_time\" content=\"2020-03-13T11:10:33+00:00\" \/>\n<meta property=\"article:modified_time\" content=\"2020-03-13T18:43:41+00:00\" \/>\n<meta property=\"og:image\" content=\"http:\/\/esponsorama.ad\/wp-content\/uploads\/2020\/03\/DSC_1687-1024x683.jpg\" \/>\n\t<meta property=\"og:image:width\" content=\"1024\" \/>\n\t<meta property=\"og:image:height\" content=\"683\" \/>\n\t<meta property=\"og:image:type\" content=\"image\/jpeg\" \/>\n<meta name=\"author\" content=\"Xavi Andornet\" \/>\n<meta name=\"twitter:card\" content=\"summary_large_image\" \/>\n<meta name=\"twitter:label1\" content=\"Escrito por\" \/>\n\t<meta name=\"twitter:data1\" content=\"Xavi Andornet\" \/>\n\t<meta name=\"twitter:label2\" content=\"Tiempo de lectura\" \/>\n\t<meta name=\"twitter:data2\" content=\"2 minutos\" \/>\n<script type=\"application\/ld+json\" class=\"yoast-schema-graph\">{\"@context\":\"https:\/\/schema.org\",\"@graph\":[{\"@type\":\"Article\",\"@id\":\"http:\/\/esponsorama.ad\/es\/avintia-esponsorama-racing-se-estrena-jerez-tras-completar-tres-jornadas-test\/#article\",\"isPartOf\":{\"@id\":\"http:\/\/esponsorama.ad\/es\/avintia-esponsorama-racing-se-estrena-jerez-tras-completar-tres-jornadas-test\/\"},\"author\":{\"name\":\"Xavi Andornet\",\"@id\":\"http:\/\/esponsorama.ad\/es\/#\/schema\/person\/a5cde74945183d737066e46b61c6f9c4\"},\"headline\":\"EL AVINTIA ESPONSORAMA RACING SE ESTRENA EN JEREZ TRAS COMPLETAR TRES JORNADAS DE TEST\",\"datePublished\":\"2020-03-13T11:10:33+00:00\",\"dateModified\":\"2020-03-13T18:43:41+00:00\",\"mainEntityOfPage\":{\"@id\":\"http:\/\/esponsorama.ad\/es\/avintia-esponsorama-racing-se-estrena-jerez-tras-completar-tres-jornadas-test\/\"},\"wordCount\":466,\"image\":{\"@id\":\"http:\/\/esponsorama.ad\/es\/avintia-esponsorama-racing-se-estrena-jerez-tras-completar-tres-jornadas-test\/#primaryimage\"},\"thumbnailUrl\":\"http:\/\/esponsorama.ad\/wp-content\/uploads\/2020\/03\/DSC_1687.jpg\",\"articleSection\":[\"MotoE\"],\"inLanguage\":\"es\"},{\"@type\":\"WebPage\",\"@id\":\"http:\/\/esponsorama.ad\/es\/avintia-esponsorama-racing-se-estrena-jerez-tras-completar-tres-jornadas-test\/\",\"url\":\"http:\/\/esponsorama.ad\/es\/avintia-esponsorama-racing-se-estrena-jerez-tras-completar-tres-jornadas-test\/\",\"name\":\"EL AVINTIA ESPONSORAMA RACING SE ESTRENA EN JEREZ TRAS COMPLETAR TRES JORNADAS DE TEST - Esponsorama\",\"isPartOf\":{\"@id\":\"http:\/\/esponsorama.ad\/es\/#website\"},\"primaryImageOfPage\":{\"@id\":\"http:\/\/esponsorama.ad\/es\/avintia-esponsorama-racing-se-estrena-jerez-tras-completar-tres-jornadas-test\/#primaryimage\"},\"image\":{\"@id\":\"http:\/\/esponsorama.ad\/es\/avintia-esponsorama-racing-se-estrena-jerez-tras-completar-tres-jornadas-test\/#primaryimage\"},\"thumbnailUrl\":\"http:\/\/esponsorama.ad\/wp-content\/uploads\/2020\/03\/DSC_1687.jpg\",\"datePublished\":\"2020-03-13T11:10:33+00:00\",\"dateModified\":\"2020-03-13T18:43:41+00:00\",\"author\":{\"@id\":\"http:\/\/esponsorama.ad\/es\/#\/schema\/person\/a5cde74945183d737066e46b61c6f9c4\"},\"breadcrumb\":{\"@id\":\"http:\/\/esponsorama.ad\/es\/avintia-esponsorama-racing-se-estrena-jerez-tras-completar-tres-jornadas-test\/#breadcrumb\"},\"inLanguage\":\"es\",\"potentialAction\":[{\"@type\":\"ReadAction\",\"target\":[\"http:\/\/esponsorama.ad\/es\/avintia-esponsorama-racing-se-estrena-jerez-tras-completar-tres-jornadas-test\/\"]}]},{\"@type\":\"ImageObject\",\"inLanguage\":\"es\",\"@id\":\"http:\/\/esponsorama.ad\/es\/avintia-esponsorama-racing-se-estrena-jerez-tras-completar-tres-jornadas-test\/#primaryimage\",\"url\":\"http:\/\/esponsorama.ad\/wp-content\/uploads\/2020\/03\/DSC_1687.jpg\",\"contentUrl\":\"http:\/\/esponsorama.ad\/wp-content\/uploads\/2020\/03\/DSC_1687.jpg\",\"width\":4608,\"height\":3072},{\"@type\":\"BreadcrumbList\",\"@id\":\"http:\/\/esponsorama.ad\/es\/avintia-esponsorama-racing-se-estrena-jerez-tras-completar-tres-jornadas-test\/#breadcrumb\",\"itemListElement\":[{\"@type\":\"ListItem\",\"position\":1,\"name\":\"Home\",\"item\":\"http:\/\/esponsorama.ad\/en\/\"},{\"@type\":\"ListItem\",\"position\":2,\"name\":\"EL AVINTIA ESPONSORAMA RACING SE ESTRENA EN JEREZ TRAS COMPLETAR TRES JORNADAS DE TEST\"}]},{\"@type\":\"WebSite\",\"@id\":\"http:\/\/esponsorama.ad\/es\/#website\",\"url\":\"http:\/\/esponsorama.ad\/es\/\",\"name\":\"Esponsorama\",\"description\":\"Specialist in motorsport sponsorship and event promotions\",\"potentialAction\":[{\"@type\":\"SearchAction\",\"target\":{\"@type\":\"EntryPoint\",\"urlTemplate\":\"http:\/\/esponsorama.ad\/es\/?s={search_term_string}\"},\"query-input\":{\"@type\":\"PropertyValueSpecification\",\"valueRequired\":true,\"valueName\":\"search_term_string\"}}],\"inLanguage\":\"es\"},{\"@type\":\"Person\",\"@id\":\"http:\/\/esponsorama.ad\/es\/#\/schema\/person\/a5cde74945183d737066e46b61c6f9c4\",\"name\":\"Xavi Andornet\",\"image\":{\"@type\":\"ImageObject\",\"inLanguage\":\"es\",\"@id\":\"http:\/\/esponsorama.ad\/es\/#\/schema\/person\/image\/\",\"url\":\"https:\/\/secure.gravatar.com\/avatar\/f10eaf9ad601244a2357c9fd7cd9805ed166cfaaf76d5d9ab08a9d873e70147a?s=96&d=mm&r=g\",\"contentUrl\":\"https:\/\/secure.gravatar.com\/avatar\/f10eaf9ad601244a2357c9fd7cd9805ed166cfaaf76d5d9ab08a9d873e70147a?s=96&d=mm&r=g\",\"caption\":\"Xavi Andornet\"},\"sameAs\":[\"http:\/\/www.andornet.ad\"],\"url\":\"http:\/\/esponsorama.ad\/es\/author\/andornet\/\"}]}<\/script>\n<!-- \/ Yoast SEO plugin. -->","yoast_head_json":{"title":"EL AVINTIA ESPONSORAMA RACING SE ESTRENA EN JEREZ TRAS COMPLETAR TRES JORNADAS DE TEST - Esponsorama","robots":{"index":"index","follow":"follow","max-snippet":"max-snippet:-1","max-image-preview":"max-image-preview:large","max-video-preview":"max-video-preview:-1"},"canonical":"http:\/\/esponsorama.ad\/es\/avintia-esponsorama-racing-se-estrena-jerez-tras-completar-tres-jornadas-test\/","og_locale":"es_ES","og_type":"article","og_title":"EL AVINTIA ESPONSORAMA RACING SE ESTRENA EN JEREZ TRAS COMPLETAR TRES JORNADAS DE TEST - Esponsorama","og_description":"El Avintia Esponsorama Racing ha empezado a trabajar en la Copa del Mundo de MotoE para 2020 con tres d\u00edas de test muy productivos y valiosos en el Circuito de Jerez-\u00c1ngel Nieto. Eric Granado, ganador de las dos \u00faltimas carreras de la pasada temporada en el Gran Premio de Valencia y principal candidato a luchar [&hellip;]","og_url":"http:\/\/esponsorama.ad\/es\/avintia-esponsorama-racing-se-estrena-jerez-tras-completar-tres-jornadas-test\/","og_site_name":"Esponsorama","article_published_time":"2020-03-13T11:10:33+00:00","article_modified_time":"2020-03-13T18:43:41+00:00","og_image":[{"width":1024,"height":683,"url":"http:\/\/esponsorama.ad\/wp-content\/uploads\/2020\/03\/DSC_1687-1024x683.jpg","type":"image\/jpeg"}],"author":"Xavi Andornet","twitter_card":"summary_large_image","twitter_misc":{"Escrito por":"Xavi Andornet","Tiempo de lectura":"2 minutos"},"schema":{"@context":"https:\/\/schema.org","@graph":[{"@type":"Article","@id":"http:\/\/esponsorama.ad\/es\/avintia-esponsorama-racing-se-estrena-jerez-tras-completar-tres-jornadas-test\/#article","isPartOf":{"@id":"http:\/\/esponsorama.ad\/es\/avintia-esponsorama-racing-se-estrena-jerez-tras-completar-tres-jornadas-test\/"},"author":{"name":"Xavi Andornet","@id":"http:\/\/esponsorama.ad\/es\/#\/schema\/person\/a5cde74945183d737066e46b61c6f9c4"},"headline":"EL AVINTIA ESPONSORAMA RACING SE ESTRENA EN JEREZ TRAS COMPLETAR TRES JORNADAS DE TEST","datePublished":"2020-03-13T11:10:33+00:00","dateModified":"2020-03-13T18:43:41+00:00","mainEntityOfPage":{"@id":"http:\/\/esponsorama.ad\/es\/avintia-esponsorama-racing-se-estrena-jerez-tras-completar-tres-jornadas-test\/"},"wordCount":466,"image":{"@id":"http:\/\/esponsorama.ad\/es\/avintia-esponsorama-racing-se-estrena-jerez-tras-completar-tres-jornadas-test\/#primaryimage"},"thumbnailUrl":"http:\/\/esponsorama.ad\/wp-content\/uploads\/2020\/03\/DSC_1687.jpg","articleSection":["MotoE"],"inLanguage":"es"},{"@type":"WebPage","@id":"http:\/\/esponsorama.ad\/es\/avintia-esponsorama-racing-se-estrena-jerez-tras-completar-tres-jornadas-test\/","url":"http:\/\/esponsorama.ad\/es\/avintia-esponsorama-racing-se-estrena-jerez-tras-completar-tres-jornadas-test\/","name":"EL AVINTIA ESPONSORAMA RACING SE ESTRENA EN JEREZ TRAS COMPLETAR TRES JORNADAS DE TEST - Esponsorama","isPartOf":{"@id":"http:\/\/esponsorama.ad\/es\/#website"},"primaryImageOfPage":{"@id":"http:\/\/esponsorama.ad\/es\/avintia-esponsorama-racing-se-estrena-jerez-tras-completar-tres-jornadas-test\/#primaryimage"},"image":{"@id":"http:\/\/esponsorama.ad\/es\/avintia-esponsorama-racing-se-estrena-jerez-tras-completar-tres-jornadas-test\/#primaryimage"},"thumbnailUrl":"http:\/\/esponsorama.ad\/wp-content\/uploads\/2020\/03\/DSC_1687.jpg","datePublished":"2020-03-13T11:10:33+00:00","dateModified":"2020-03-13T18:43:41+00:00","author":{"@id":"http:\/\/esponsorama.ad\/es\/#\/schema\/person\/a5cde74945183d737066e46b61c6f9c4"},"breadcrumb":{"@id":"http:\/\/esponsorama.ad\/es\/avintia-esponsorama-racing-se-estrena-jerez-tras-completar-tres-jornadas-test\/#breadcrumb"},"inLanguage":"es","potentialAction":[{"@type":"ReadAction","target":["http:\/\/esponsorama.ad\/es\/avintia-esponsorama-racing-se-estrena-jerez-tras-completar-tres-jornadas-test\/"]}]},{"@type":"ImageObject","inLanguage":"es","@id":"http:\/\/esponsorama.ad\/es\/avintia-esponsorama-racing-se-estrena-jerez-tras-completar-tres-jornadas-test\/#primaryimage","url":"http:\/\/esponsorama.ad\/wp-content\/uploads\/2020\/03\/DSC_1687.jpg","contentUrl":"http:\/\/esponsorama.ad\/wp-content\/uploads\/2020\/03\/DSC_1687.jpg","width":4608,"height":3072},{"@type":"BreadcrumbList","@id":"http:\/\/esponsorama.ad\/es\/avintia-esponsorama-racing-se-estrena-jerez-tras-completar-tres-jornadas-test\/#breadcrumb","itemListElement":[{"@type":"ListItem","position":1,"name":"Home","item":"http:\/\/esponsorama.ad\/en\/"},{"@type":"ListItem","position":2,"name":"EL AVINTIA ESPONSORAMA RACING SE ESTRENA EN JEREZ TRAS COMPLETAR TRES JORNADAS DE TEST"}]},{"@type":"WebSite","@id":"http:\/\/esponsorama.ad\/es\/#website","url":"http:\/\/esponsorama.ad\/es\/","name":"Esponsorama","description":"Specialist in motorsport sponsorship and event promotions","potentialAction":[{"@type":"SearchAction","target":{"@type":"EntryPoint","urlTemplate":"http:\/\/esponsorama.ad\/es\/?s={search_term_string}"},"query-input":{"@type":"PropertyValueSpecification","valueRequired":true,"valueName":"search_term_string"}}],"inLanguage":"es"},{"@type":"Person","@id":"http:\/\/esponsorama.ad\/es\/#\/schema\/person\/a5cde74945183d737066e46b61c6f9c4","name":"Xavi Andornet","image":{"@type":"ImageObject","inLanguage":"es","@id":"http:\/\/esponsorama.ad\/es\/#\/schema\/person\/image\/","url":"https:\/\/secure.gravatar.com\/avatar\/f10eaf9ad601244a2357c9fd7cd9805ed166cfaaf76d5d9ab08a9d873e70147a?s=96&d=mm&r=g","contentUrl":"https:\/\/secure.gravatar.com\/avatar\/f10eaf9ad601244a2357c9fd7cd9805ed166cfaaf76d5d9ab08a9d873e70147a?s=96&d=mm&r=g","caption":"Xavi Andornet"},"sameAs":["http:\/\/www.andornet.ad"],"url":"http:\/\/esponsorama.ad\/es\/author\/andornet\/"}]}},"_links":{"self":[{"href":"http:\/\/esponsorama.ad\/es\/wp-json\/wp\/v2\/posts\/15782","targetHints":{"allow":["GET"]}}],"collection":[{"href":"http:\/\/esponsorama.ad\/es\/wp-json\/wp\/v2\/posts"}],"about":[{"href":"http:\/\/esponsorama.ad\/es\/wp-json\/wp\/v2\/types\/post"}],"author":[{"embeddable":true,"href":"http:\/\/esponsorama.ad\/es\/wp-json\/wp\/v2\/users\/6"}],"replies":[{"embeddable":true,"href":"http:\/\/esponsorama.ad\/es\/wp-json\/wp\/v2\/comments?post=15782"}],"version-history":[{"count":1,"href":"http:\/\/esponsorama.ad\/es\/wp-json\/wp\/v2\/posts\/15782\/revisions"}],"predecessor-version":[{"id":15783,"href":"http:\/\/esponsorama.ad\/es\/wp-json\/wp\/v2\/posts\/15782\/revisions\/15783"}],"wp:featuredmedia":[{"embeddable":true,"href":"http:\/\/esponsorama.ad\/es\/wp-json\/wp\/v2\/media\/15784"}],"wp:attachment":[{"href":"http:\/\/esponsorama.ad\/es\/wp-json\/wp\/v2\/media?parent=15782"}],"wp:term":[{"taxonomy":"category","embeddable":true,"href":"http:\/\/esponsorama.ad\/es\/wp-json\/wp\/v2\/categories?post=15782"},{"taxonomy":"post_tag","embeddable":true,"href":"http:\/\/esponsorama.ad\/es\/wp-json\/wp\/v2\/tags?post=15782"}],"curies":[{"name":"wp","href":"https:\/\/api.w.org\/{rel}","templated":true}]}}