{"id":15849,"date":"2020-05-12T16:59:11","date_gmt":"2020-05-12T14:59:11","guid":{"rendered":"http:\/\/esponsorama.ad\/?p=15849"},"modified":"2020-05-12T17:01:26","modified_gmt":"2020-05-12T15:01:26","slug":"gobierno-andorra-reabre-circuit-andorra-pas-la-casa-2-400m","status":"publish","type":"post","link":"http:\/\/esponsorama.ad\/es\/gobierno-andorra-reabre-circuit-andorra-pas-la-casa-2-400m\/","title":{"rendered":"EL GOBIERNO DE ANDORRA REABRE EL CIRCUIT ANDORRA PAS DE LA CASA (2.400M)"},"content":{"rendered":"<p>Tras largas reuniones y mucho esfuerzo por parte de todos los implicados, el Circuito Andorra reabre sus instalaciones a los pilotos profesionales residentes en el Principado de Andorra para entrenar, coincidiendo con la fase 2 del plan de desconfinamiento.<\/p>\n<p>Esta situaci\u00f3n no habr\u00eda sido posible sin la cooperaci\u00f3n y colaboraci\u00f3n del Gobierno de Andorra y las gestiones de los Ministerios de Deporte, Econom\u00eda y Salud.<\/p>\n<p>El Autom\u00f3vil Club de Andorra, la Federaci\u00f3n Motociclista Andorrana y el patrocinio incondicional de Cr\u00e8dit Andorr\u00e0, que desde el principio han cre\u00eddo en el proyecto, tambi\u00e9n lo han hecho posible. Ra\u00fal Romero (propietario del Reale Avintia Racing Team e inversor del Circuito Andorra), Rub\u00e9n Xaus (impulsor del proyecto andorrano) y Alex Bercianos (director de la instalaci\u00f3n) igualmente han ayudado a conseguirlo.<\/p>\n<p>La excelente gesti\u00f3n de la crisis sanitaria por parte del Gobierno andorrano ha propiciado que los 22 pilotos de motos profesionales (9 de ellos de MotoGP) residentes en Andorra pueden volver a rodar en moto y reanudar los entrenamientos de manera inmediata. Estos estar\u00e1n marcados por un protocolo de actuaci\u00f3n anti contagio validado por el bi\u00f3logo inform\u00e1tico Joel L\u00f3pez. Los entrenamientos se dividir\u00e1n en dos grupos y diferentes franjas horarias para evitar tener m\u00e1s de 10 pilotos entrenando.<\/p>\n<p>El trazado dise\u00f1ado por la empresa especializada Racing Loop ser\u00e1 especialmente t\u00e9cnico y que, junto a la altura del Circuito, lo har\u00e1 exigente f\u00edsicamente.<\/p>\n<p>Rub\u00e9n Xaus comentaba lo siguiente sobre la posibilidad de que los pilotos de MotoGP pudieran reiniciar la temporada en el Circuito Andorra: \u201c<strong>El circuito y todos sus miembros est\u00e1n muy orgullosos de dar un paso m\u00e1s, que servir\u00e1 sin duda a los pilotos residentes, para preparar un inicio del campeonato mundial at\u00edpico.\u201d<\/strong><\/p>\n","protected":false},"excerpt":{"rendered":"<p>Tras largas reuniones y mucho esfuerzo por parte de todos los implicados, el Circuito Andorra reabre sus instalaciones a los pilotos profesionales residentes en el Principado de Andorra para entrenar, coincidiendo con la fase 2 del plan de desconfinamiento. Esta situaci\u00f3n no habr\u00eda sido posible sin la cooperaci\u00f3n y colaboraci\u00f3n del Gobierno de Andorra y [&hellip;]<\/p>\n","protected":false},"author":6,"featured_media":15851,"comment_status":"closed","ping_status":"closed","sticky":false,"template":"","format":"standard","meta":{"footnotes":""},"categories":[3],"tags":[],"class_list":["post-15849","post","type-post","status-publish","format-standard","has-post-thumbnail","hentry","category-motogp"],"yoast_head":"<!-- This site is optimized with the Yoast SEO plugin v27.1.1 - https:\/\/yoast.com\/product\/yoast-seo-wordpress\/ -->\n<title>EL GOBIERNO DE ANDORRA REABRE EL CIRCUIT ANDORRA PAS DE LA CASA (2.400M) - Esponsorama<\/title>\n<meta name=\"robots\" content=\"index, follow, max-snippet:-1, max-image-preview:large, max-video-preview:-1\" \/>\n<link rel=\"canonical\" href=\"http:\/\/esponsorama.ad\/es\/gobierno-andorra-reabre-circuit-andorra-pas-la-casa-2-400m\/\" \/>\n<meta property=\"og:locale\" content=\"es_ES\" \/>\n<meta property=\"og:type\" content=\"article\" \/>\n<meta property=\"og:title\" content=\"EL GOBIERNO DE ANDORRA REABRE EL CIRCUIT ANDORRA PAS DE LA CASA (2.400M) - Esponsorama\" \/>\n<meta property=\"og:description\" content=\"Tras largas reuniones y mucho esfuerzo por parte de todos los implicados, el Circuito Andorra reabre sus instalaciones a los pilotos profesionales residentes en el Principado de Andorra para entrenar, coincidiendo con la fase 2 del plan de desconfinamiento. Esta situaci\u00f3n no habr\u00eda sido posible sin la cooperaci\u00f3n y colaboraci\u00f3n del Gobierno de Andorra y [&hellip;]\" \/>\n<meta property=\"og:url\" content=\"http:\/\/esponsorama.ad\/es\/gobierno-andorra-reabre-circuit-andorra-pas-la-casa-2-400m\/\" \/>\n<meta property=\"og:site_name\" content=\"Esponsorama\" \/>\n<meta property=\"article:published_time\" content=\"2020-05-12T14:59:11+00:00\" \/>\n<meta property=\"article:modified_time\" content=\"2020-05-12T15:01:26+00:00\" \/>\n<meta property=\"og:image\" content=\"http:\/\/esponsorama.ad\/wp-content\/uploads\/2020\/05\/775E5C3C-64E8-400B-8F24-42A7B8DECC14-e1589294330476.jpg\" \/>\n\t<meta property=\"og:image:width\" content=\"800\" \/>\n\t<meta property=\"og:image:height\" content=\"800\" \/>\n\t<meta property=\"og:image:type\" content=\"image\/jpeg\" \/>\n<meta name=\"author\" content=\"Xavi Andornet\" \/>\n<meta name=\"twitter:card\" content=\"summary_large_image\" \/>\n<meta name=\"twitter:label1\" content=\"Escrito por\" \/>\n\t<meta name=\"twitter:data1\" content=\"Xavi Andornet\" \/>\n\t<meta name=\"twitter:label2\" content=\"Tiempo de lectura\" \/>\n\t<meta name=\"twitter:data2\" content=\"2 minutos\" \/>\n<script type=\"application\/ld+json\" class=\"yoast-schema-graph\">{\"@context\":\"https:\/\/schema.org\",\"@graph\":[{\"@type\":\"Article\",\"@id\":\"http:\/\/esponsorama.ad\/es\/gobierno-andorra-reabre-circuit-andorra-pas-la-casa-2-400m\/#article\",\"isPartOf\":{\"@id\":\"http:\/\/esponsorama.ad\/es\/gobierno-andorra-reabre-circuit-andorra-pas-la-casa-2-400m\/\"},\"author\":{\"name\":\"Xavi Andornet\",\"@id\":\"http:\/\/esponsorama.ad\/es\/#\/schema\/person\/a5cde74945183d737066e46b61c6f9c4\"},\"headline\":\"EL GOBIERNO DE ANDORRA REABRE EL CIRCUIT ANDORRA PAS DE LA CASA (2.400M)\",\"datePublished\":\"2020-05-12T14:59:11+00:00\",\"dateModified\":\"2020-05-12T15:01:26+00:00\",\"mainEntityOfPage\":{\"@id\":\"http:\/\/esponsorama.ad\/es\/gobierno-andorra-reabre-circuit-andorra-pas-la-casa-2-400m\/\"},\"wordCount\":317,\"image\":{\"@id\":\"http:\/\/esponsorama.ad\/es\/gobierno-andorra-reabre-circuit-andorra-pas-la-casa-2-400m\/#primaryimage\"},\"thumbnailUrl\":\"http:\/\/esponsorama.ad\/wp-content\/uploads\/2020\/05\/775E5C3C-64E8-400B-8F24-42A7B8DECC14-e1589294330476.jpg\",\"articleSection\":[\"MotoGP\"],\"inLanguage\":\"es\"},{\"@type\":\"WebPage\",\"@id\":\"http:\/\/esponsorama.ad\/es\/gobierno-andorra-reabre-circuit-andorra-pas-la-casa-2-400m\/\",\"url\":\"http:\/\/esponsorama.ad\/es\/gobierno-andorra-reabre-circuit-andorra-pas-la-casa-2-400m\/\",\"name\":\"EL GOBIERNO DE ANDORRA REABRE EL CIRCUIT ANDORRA PAS DE LA CASA (2.400M) - Esponsorama\",\"isPartOf\":{\"@id\":\"http:\/\/esponsorama.ad\/es\/#website\"},\"primaryImageOfPage\":{\"@id\":\"http:\/\/esponsorama.ad\/es\/gobierno-andorra-reabre-circuit-andorra-pas-la-casa-2-400m\/#primaryimage\"},\"image\":{\"@id\":\"http:\/\/esponsorama.ad\/es\/gobierno-andorra-reabre-circuit-andorra-pas-la-casa-2-400m\/#primaryimage\"},\"thumbnailUrl\":\"http:\/\/esponsorama.ad\/wp-content\/uploads\/2020\/05\/775E5C3C-64E8-400B-8F24-42A7B8DECC14-e1589294330476.jpg\",\"datePublished\":\"2020-05-12T14:59:11+00:00\",\"dateModified\":\"2020-05-12T15:01:26+00:00\",\"author\":{\"@id\":\"http:\/\/esponsorama.ad\/es\/#\/schema\/person\/a5cde74945183d737066e46b61c6f9c4\"},\"breadcrumb\":{\"@id\":\"http:\/\/esponsorama.ad\/es\/gobierno-andorra-reabre-circuit-andorra-pas-la-casa-2-400m\/#breadcrumb\"},\"inLanguage\":\"es\",\"potentialAction\":[{\"@type\":\"ReadAction\",\"target\":[\"http:\/\/esponsorama.ad\/es\/gobierno-andorra-reabre-circuit-andorra-pas-la-casa-2-400m\/\"]}]},{\"@type\":\"ImageObject\",\"inLanguage\":\"es\",\"@id\":\"http:\/\/esponsorama.ad\/es\/gobierno-andorra-reabre-circuit-andorra-pas-la-casa-2-400m\/#primaryimage\",\"url\":\"http:\/\/esponsorama.ad\/wp-content\/uploads\/2020\/05\/775E5C3C-64E8-400B-8F24-42A7B8DECC14-e1589294330476.jpg\",\"contentUrl\":\"http:\/\/esponsorama.ad\/wp-content\/uploads\/2020\/05\/775E5C3C-64E8-400B-8F24-42A7B8DECC14-e1589294330476.jpg\",\"width\":800,\"height\":800,\"caption\":\"default\"},{\"@type\":\"BreadcrumbList\",\"@id\":\"http:\/\/esponsorama.ad\/es\/gobierno-andorra-reabre-circuit-andorra-pas-la-casa-2-400m\/#breadcrumb\",\"itemListElement\":[{\"@type\":\"ListItem\",\"position\":1,\"name\":\"Home\",\"item\":\"http:\/\/esponsorama.ad\/es\/\"},{\"@type\":\"ListItem\",\"position\":2,\"name\":\"EL GOBIERNO DE ANDORRA REABRE EL CIRCUIT ANDORRA PAS DE LA CASA (2.400M)\"}]},{\"@type\":\"WebSite\",\"@id\":\"http:\/\/esponsorama.ad\/es\/#website\",\"url\":\"http:\/\/esponsorama.ad\/es\/\",\"name\":\"Esponsorama\",\"description\":\"Specialist in motorsport sponsorship and event promotions\",\"potentialAction\":[{\"@type\":\"SearchAction\",\"target\":{\"@type\":\"EntryPoint\",\"urlTemplate\":\"http:\/\/esponsorama.ad\/es\/?s={search_term_string}\"},\"query-input\":{\"@type\":\"PropertyValueSpecification\",\"valueRequired\":true,\"valueName\":\"search_term_string\"}}],\"inLanguage\":\"es\"},{\"@type\":\"Person\",\"@id\":\"http:\/\/esponsorama.ad\/es\/#\/schema\/person\/a5cde74945183d737066e46b61c6f9c4\",\"name\":\"Xavi Andornet\",\"image\":{\"@type\":\"ImageObject\",\"inLanguage\":\"es\",\"@id\":\"http:\/\/esponsorama.ad\/es\/#\/schema\/person\/image\/\",\"url\":\"https:\/\/secure.gravatar.com\/avatar\/f10eaf9ad601244a2357c9fd7cd9805ed166cfaaf76d5d9ab08a9d873e70147a?s=96&d=mm&r=g\",\"contentUrl\":\"https:\/\/secure.gravatar.com\/avatar\/f10eaf9ad601244a2357c9fd7cd9805ed166cfaaf76d5d9ab08a9d873e70147a?s=96&d=mm&r=g\",\"caption\":\"Xavi Andornet\"},\"sameAs\":[\"http:\/\/www.andornet.ad\"],\"url\":\"http:\/\/esponsorama.ad\/es\/author\/andornet\/\"}]}<\/script>\n<!-- \/ Yoast SEO plugin. -->","yoast_head_json":{"title":"EL GOBIERNO DE ANDORRA REABRE EL CIRCUIT ANDORRA PAS DE LA CASA (2.400M) - Esponsorama","robots":{"index":"index","follow":"follow","max-snippet":"max-snippet:-1","max-image-preview":"max-image-preview:large","max-video-preview":"max-video-preview:-1"},"canonical":"http:\/\/esponsorama.ad\/es\/gobierno-andorra-reabre-circuit-andorra-pas-la-casa-2-400m\/","og_locale":"es_ES","og_type":"article","og_title":"EL GOBIERNO DE ANDORRA REABRE EL CIRCUIT ANDORRA PAS DE LA CASA (2.400M) - Esponsorama","og_description":"Tras largas reuniones y mucho esfuerzo por parte de todos los implicados, el Circuito Andorra reabre sus instalaciones a los pilotos profesionales residentes en el Principado de Andorra para entrenar, coincidiendo con la fase 2 del plan de desconfinamiento. Esta situaci\u00f3n no habr\u00eda sido posible sin la cooperaci\u00f3n y colaboraci\u00f3n del Gobierno de Andorra y [&hellip;]","og_url":"http:\/\/esponsorama.ad\/es\/gobierno-andorra-reabre-circuit-andorra-pas-la-casa-2-400m\/","og_site_name":"Esponsorama","article_published_time":"2020-05-12T14:59:11+00:00","article_modified_time":"2020-05-12T15:01:26+00:00","og_image":[{"width":800,"height":800,"url":"http:\/\/esponsorama.ad\/wp-content\/uploads\/2020\/05\/775E5C3C-64E8-400B-8F24-42A7B8DECC14-e1589294330476.jpg","type":"image\/jpeg"}],"author":"Xavi Andornet","twitter_card":"summary_large_image","twitter_misc":{"Escrito por":"Xavi Andornet","Tiempo de lectura":"2 minutos"},"schema":{"@context":"https:\/\/schema.org","@graph":[{"@type":"Article","@id":"http:\/\/esponsorama.ad\/es\/gobierno-andorra-reabre-circuit-andorra-pas-la-casa-2-400m\/#article","isPartOf":{"@id":"http:\/\/esponsorama.ad\/es\/gobierno-andorra-reabre-circuit-andorra-pas-la-casa-2-400m\/"},"author":{"name":"Xavi Andornet","@id":"http:\/\/esponsorama.ad\/es\/#\/schema\/person\/a5cde74945183d737066e46b61c6f9c4"},"headline":"EL GOBIERNO DE ANDORRA REABRE EL CIRCUIT ANDORRA PAS DE LA CASA (2.400M)","datePublished":"2020-05-12T14:59:11+00:00","dateModified":"2020-05-12T15:01:26+00:00","mainEntityOfPage":{"@id":"http:\/\/esponsorama.ad\/es\/gobierno-andorra-reabre-circuit-andorra-pas-la-casa-2-400m\/"},"wordCount":317,"image":{"@id":"http:\/\/esponsorama.ad\/es\/gobierno-andorra-reabre-circuit-andorra-pas-la-casa-2-400m\/#primaryimage"},"thumbnailUrl":"http:\/\/esponsorama.ad\/wp-content\/uploads\/2020\/05\/775E5C3C-64E8-400B-8F24-42A7B8DECC14-e1589294330476.jpg","articleSection":["MotoGP"],"inLanguage":"es"},{"@type":"WebPage","@id":"http:\/\/esponsorama.ad\/es\/gobierno-andorra-reabre-circuit-andorra-pas-la-casa-2-400m\/","url":"http:\/\/esponsorama.ad\/es\/gobierno-andorra-reabre-circuit-andorra-pas-la-casa-2-400m\/","name":"EL GOBIERNO DE ANDORRA REABRE EL CIRCUIT ANDORRA PAS DE LA CASA (2.400M) - Esponsorama","isPartOf":{"@id":"http:\/\/esponsorama.ad\/es\/#website"},"primaryImageOfPage":{"@id":"http:\/\/esponsorama.ad\/es\/gobierno-andorra-reabre-circuit-andorra-pas-la-casa-2-400m\/#primaryimage"},"image":{"@id":"http:\/\/esponsorama.ad\/es\/gobierno-andorra-reabre-circuit-andorra-pas-la-casa-2-400m\/#primaryimage"},"thumbnailUrl":"http:\/\/esponsorama.ad\/wp-content\/uploads\/2020\/05\/775E5C3C-64E8-400B-8F24-42A7B8DECC14-e1589294330476.jpg","datePublished":"2020-05-12T14:59:11+00:00","dateModified":"2020-05-12T15:01:26+00:00","author":{"@id":"http:\/\/esponsorama.ad\/es\/#\/schema\/person\/a5cde74945183d737066e46b61c6f9c4"},"breadcrumb":{"@id":"http:\/\/esponsorama.ad\/es\/gobierno-andorra-reabre-circuit-andorra-pas-la-casa-2-400m\/#breadcrumb"},"inLanguage":"es","potentialAction":[{"@type":"ReadAction","target":["http:\/\/esponsorama.ad\/es\/gobierno-andorra-reabre-circuit-andorra-pas-la-casa-2-400m\/"]}]},{"@type":"ImageObject","inLanguage":"es","@id":"http:\/\/esponsorama.ad\/es\/gobierno-andorra-reabre-circuit-andorra-pas-la-casa-2-400m\/#primaryimage","url":"http:\/\/esponsorama.ad\/wp-content\/uploads\/2020\/05\/775E5C3C-64E8-400B-8F24-42A7B8DECC14-e1589294330476.jpg","contentUrl":"http:\/\/esponsorama.ad\/wp-content\/uploads\/2020\/05\/775E5C3C-64E8-400B-8F24-42A7B8DECC14-e1589294330476.jpg","width":800,"height":800,"caption":"default"},{"@type":"BreadcrumbList","@id":"http:\/\/esponsorama.ad\/es\/gobierno-andorra-reabre-circuit-andorra-pas-la-casa-2-400m\/#breadcrumb","itemListElement":[{"@type":"ListItem","position":1,"name":"Home","item":"http:\/\/esponsorama.ad\/es\/"},{"@type":"ListItem","position":2,"name":"EL GOBIERNO DE ANDORRA REABRE EL CIRCUIT ANDORRA PAS DE LA CASA (2.400M)"}]},{"@type":"WebSite","@id":"http:\/\/esponsorama.ad\/es\/#website","url":"http:\/\/esponsorama.ad\/es\/","name":"Esponsorama","description":"Specialist in motorsport sponsorship and event promotions","potentialAction":[{"@type":"SearchAction","target":{"@type":"EntryPoint","urlTemplate":"http:\/\/esponsorama.ad\/es\/?s={search_term_string}"},"query-input":{"@type":"PropertyValueSpecification","valueRequired":true,"valueName":"search_term_string"}}],"inLanguage":"es"},{"@type":"Person","@id":"http:\/\/esponsorama.ad\/es\/#\/schema\/person\/a5cde74945183d737066e46b61c6f9c4","name":"Xavi Andornet","image":{"@type":"ImageObject","inLanguage":"es","@id":"http:\/\/esponsorama.ad\/es\/#\/schema\/person\/image\/","url":"https:\/\/secure.gravatar.com\/avatar\/f10eaf9ad601244a2357c9fd7cd9805ed166cfaaf76d5d9ab08a9d873e70147a?s=96&d=mm&r=g","contentUrl":"https:\/\/secure.gravatar.com\/avatar\/f10eaf9ad601244a2357c9fd7cd9805ed166cfaaf76d5d9ab08a9d873e70147a?s=96&d=mm&r=g","caption":"Xavi Andornet"},"sameAs":["http:\/\/www.andornet.ad"],"url":"http:\/\/esponsorama.ad\/es\/author\/andornet\/"}]}},"_links":{"self":[{"href":"http:\/\/esponsorama.ad\/es\/wp-json\/wp\/v2\/posts\/15849","targetHints":{"allow":["GET"]}}],"collection":[{"href":"http:\/\/esponsorama.ad\/es\/wp-json\/wp\/v2\/posts"}],"about":[{"href":"http:\/\/esponsorama.ad\/es\/wp-json\/wp\/v2\/types\/post"}],"author":[{"embeddable":true,"href":"http:\/\/esponsorama.ad\/es\/wp-json\/wp\/v2\/users\/6"}],"replies":[{"embeddable":true,"href":"http:\/\/esponsorama.ad\/es\/wp-json\/wp\/v2\/comments?post=15849"}],"version-history":[{"count":1,"href":"http:\/\/esponsorama.ad\/es\/wp-json\/wp\/v2\/posts\/15849\/revisions"}],"predecessor-version":[{"id":15853,"href":"http:\/\/esponsorama.ad\/es\/wp-json\/wp\/v2\/posts\/15849\/revisions\/15853"}],"wp:featuredmedia":[{"embeddable":true,"href":"http:\/\/esponsorama.ad\/es\/wp-json\/wp\/v2\/media\/15851"}],"wp:attachment":[{"href":"http:\/\/esponsorama.ad\/es\/wp-json\/wp\/v2\/media?parent=15849"}],"wp:term":[{"taxonomy":"category","embeddable":true,"href":"http:\/\/esponsorama.ad\/es\/wp-json\/wp\/v2\/categories?post=15849"},{"taxonomy":"post_tag","embeddable":true,"href":"http:\/\/esponsorama.ad\/es\/wp-json\/wp\/v2\/tags?post=15849"}],"curies":[{"name":"wp","href":"https:\/\/api.w.org\/{rel}","templated":true}]}}