{"id":15893,"date":"2020-07-18T22:26:39","date_gmt":"2020-07-18T20:26:39","guid":{"rendered":"http:\/\/esponsorama.ad\/?p=15893"},"modified":"2020-07-18T22:52:04","modified_gmt":"2020-07-18T20:52:04","slug":"carlos-tatay-partira-23a-posicion-jerez","status":"publish","type":"post","link":"http:\/\/esponsorama.ad\/es\/carlos-tatay-partira-23a-posicion-jerez\/","title":{"rendered":"CARLOS TATAY PARTIR\u00c1 EN 23\u00aa POSICI\u00d3N EN JEREZ"},"content":{"rendered":"<p>Carlos Tatay ha logrado el vig\u00e9simo tercer puesto en las pruebas clasificatorias del Gran Premio de Espa\u00f1a en el Circuito de Jerez-\u00c1ngel Nieto tras una sesi\u00f3n complicada para el piloto valenciano del Reale Avintia Moto3.<\/p>\n<p>Tatay, que ha sido el \u00fanico piloto que ha salido a rodar en solitario durante la clasificaci\u00f3n, ha logrado un mejor tiempo de 1:47.613, que le permitir\u00e1 partir en octava l\u00ednea en la parrilla de salida.<\/p>\n<p>Pese a que el piloto espa\u00f1ol y el equipo ten\u00edan unas expectativas m\u00e1s altas para el cronometrado, tanto Carlos Tatay como el Reale Avintia Moto3 se muestran expectantes y confiados para obtener un resultado positivo para la carrera de ma\u00f1ana, que se disputar\u00e1 a las 11:00 de la ma\u00f1ana (hora local).<\/p>\n<p>\t\t\t\t\t<div class=\"rider-short\">\n\t\t\t\t<a href=\"http:\/\/esponsorama.ad\/es\/piloto\/carlos-tatay\/\"><img loading=\"lazy\" decoding=\"async\" width=\"300\" height=\"300\" src=\"http:\/\/esponsorama.ad\/wp-content\/uploads\/2021\/02\/dorsal-tatay-gris-300x300.png\" class=\"attachment-medium size-medium\" alt=\"\" srcset=\"http:\/\/esponsorama.ad\/wp-content\/uploads\/2021\/02\/dorsal-tatay-gris-300x300.png 300w, http:\/\/esponsorama.ad\/wp-content\/uploads\/2021\/02\/dorsal-tatay-gris-150x150.png 150w, http:\/\/esponsorama.ad\/wp-content\/uploads\/2021\/02\/dorsal-tatay-gris.png 500w\" sizes=\"auto, (max-width: 300px) 100vw, 300px\" \/><\/a><div class=\"info\"><h3><a href=\"http:\/\/esponsorama.ad\/es\/piloto\/carlos-tatay\/\">Carlos Tatay<\/a> | 1:47.613 | P23<\/h3><div class=\"rrss\"><a target=\"_blank\" href=\"https:\/\/www.facebook.com\/carlostatay99\/\"><i class=\"fa fa-facebook\"><\/i><\/a><a target=\"_blank\" href=\"https:\/\/twitter.com\/carlostatay99\"><i class=\"fa fa-twitter\"><\/i><\/a><a target=\"_blank\" href=\"https:\/\/www.instagram.com\/carlostatay99\/\"><i class=\"fa fa-instagram\"><\/i><\/a><\/div><\/div>\t\t\t\t\t<\/div>\n\t\t\t\t<br \/>\n\u201cA pesar de no haber sido nuestro mejor d\u00eda ha sido positivo ya que hemos descartado muchas cosas y seguimos mejorando cada vez que salimos a pista. Estamos enfocados en nuestra l\u00ednea de trabajo y ma\u00f1ana saldremos a hacer una buena carrera con muchas ganas de obtener resultados\u201d<\/p>\n","protected":false},"excerpt":{"rendered":"<p>Carlos Tatay ha logrado el vig\u00e9simo tercer puesto en las pruebas clasificatorias del Gran Premio de Espa\u00f1a en el Circuito de Jerez-\u00c1ngel Nieto tras una sesi\u00f3n complicada para el piloto valenciano del Reale Avintia Moto3. Tatay, que ha sido el \u00fanico piloto que ha salido a rodar en solitario durante la clasificaci\u00f3n, ha logrado un [&hellip;]<\/p>\n","protected":false},"author":6,"featured_media":15896,"comment_status":"closed","ping_status":"closed","sticky":false,"template":"","format":"standard","meta":{"footnotes":""},"categories":[12],"tags":[],"class_list":["post-15893","post","type-post","status-publish","format-standard","has-post-thumbnail","hentry","category-moto3"],"yoast_head":"<!-- This site is optimized with the Yoast SEO plugin v27.1.1 - https:\/\/yoast.com\/product\/yoast-seo-wordpress\/ -->\n<title>CARLOS TATAY PARTIR\u00c1 EN 23\u00aa POSICI\u00d3N EN JEREZ - Esponsorama<\/title>\n<meta name=\"robots\" content=\"index, follow, max-snippet:-1, max-image-preview:large, max-video-preview:-1\" \/>\n<link rel=\"canonical\" href=\"http:\/\/esponsorama.ad\/es\/carlos-tatay-partira-23a-posicion-jerez\/\" \/>\n<meta property=\"og:locale\" content=\"es_ES\" \/>\n<meta property=\"og:type\" content=\"article\" \/>\n<meta property=\"og:title\" content=\"CARLOS TATAY PARTIR\u00c1 EN 23\u00aa POSICI\u00d3N EN JEREZ - Esponsorama\" \/>\n<meta property=\"og:description\" content=\"Carlos Tatay ha logrado el vig\u00e9simo tercer puesto en las pruebas clasificatorias del Gran Premio de Espa\u00f1a en el Circuito de Jerez-\u00c1ngel Nieto tras una sesi\u00f3n complicada para el piloto valenciano del Reale Avintia Moto3. Tatay, que ha sido el \u00fanico piloto que ha salido a rodar en solitario durante la clasificaci\u00f3n, ha logrado un [&hellip;]\" \/>\n<meta property=\"og:url\" content=\"http:\/\/esponsorama.ad\/es\/carlos-tatay-partira-23a-posicion-jerez\/\" \/>\n<meta property=\"og:site_name\" content=\"Esponsorama\" \/>\n<meta property=\"article:published_time\" content=\"2020-07-18T20:26:39+00:00\" \/>\n<meta property=\"article:modified_time\" content=\"2020-07-18T20:52:04+00:00\" \/>\n<meta property=\"og:image\" content=\"http:\/\/esponsorama.ad\/wp-content\/uploads\/2020\/07\/image00001-1024x683.jpeg\" \/>\n\t<meta property=\"og:image:width\" content=\"1024\" \/>\n\t<meta property=\"og:image:height\" content=\"683\" \/>\n\t<meta property=\"og:image:type\" content=\"image\/jpeg\" \/>\n<meta name=\"author\" content=\"Xavi Andornet\" \/>\n<meta name=\"twitter:card\" content=\"summary_large_image\" \/>\n<meta name=\"twitter:label1\" content=\"Escrito por\" \/>\n\t<meta name=\"twitter:data1\" content=\"Xavi Andornet\" \/>\n\t<meta name=\"twitter:label2\" content=\"Tiempo de lectura\" \/>\n\t<meta name=\"twitter:data2\" content=\"1 minuto\" \/>\n<script type=\"application\/ld+json\" class=\"yoast-schema-graph\">{\"@context\":\"https:\/\/schema.org\",\"@graph\":[{\"@type\":\"Article\",\"@id\":\"http:\/\/esponsorama.ad\/es\/carlos-tatay-partira-23a-posicion-jerez\/#article\",\"isPartOf\":{\"@id\":\"http:\/\/esponsorama.ad\/es\/carlos-tatay-partira-23a-posicion-jerez\/\"},\"author\":{\"name\":\"Xavi Andornet\",\"@id\":\"http:\/\/esponsorama.ad\/es\/#\/schema\/person\/a5cde74945183d737066e46b61c6f9c4\"},\"headline\":\"CARLOS TATAY PARTIR\u00c1 EN 23\u00aa POSICI\u00d3N EN JEREZ\",\"datePublished\":\"2020-07-18T20:26:39+00:00\",\"dateModified\":\"2020-07-18T20:52:04+00:00\",\"mainEntityOfPage\":{\"@id\":\"http:\/\/esponsorama.ad\/es\/carlos-tatay-partira-23a-posicion-jerez\/\"},\"wordCount\":194,\"image\":{\"@id\":\"http:\/\/esponsorama.ad\/es\/carlos-tatay-partira-23a-posicion-jerez\/#primaryimage\"},\"thumbnailUrl\":\"http:\/\/esponsorama.ad\/wp-content\/uploads\/2020\/07\/image00001.jpeg\",\"articleSection\":[\"Moto3\"],\"inLanguage\":\"es\"},{\"@type\":\"WebPage\",\"@id\":\"http:\/\/esponsorama.ad\/es\/carlos-tatay-partira-23a-posicion-jerez\/\",\"url\":\"http:\/\/esponsorama.ad\/es\/carlos-tatay-partira-23a-posicion-jerez\/\",\"name\":\"CARLOS TATAY PARTIR\u00c1 EN 23\u00aa POSICI\u00d3N EN JEREZ - Esponsorama\",\"isPartOf\":{\"@id\":\"http:\/\/esponsorama.ad\/es\/#website\"},\"primaryImageOfPage\":{\"@id\":\"http:\/\/esponsorama.ad\/es\/carlos-tatay-partira-23a-posicion-jerez\/#primaryimage\"},\"image\":{\"@id\":\"http:\/\/esponsorama.ad\/es\/carlos-tatay-partira-23a-posicion-jerez\/#primaryimage\"},\"thumbnailUrl\":\"http:\/\/esponsorama.ad\/wp-content\/uploads\/2020\/07\/image00001.jpeg\",\"datePublished\":\"2020-07-18T20:26:39+00:00\",\"dateModified\":\"2020-07-18T20:52:04+00:00\",\"author\":{\"@id\":\"http:\/\/esponsorama.ad\/es\/#\/schema\/person\/a5cde74945183d737066e46b61c6f9c4\"},\"breadcrumb\":{\"@id\":\"http:\/\/esponsorama.ad\/es\/carlos-tatay-partira-23a-posicion-jerez\/#breadcrumb\"},\"inLanguage\":\"es\",\"potentialAction\":[{\"@type\":\"ReadAction\",\"target\":[\"http:\/\/esponsorama.ad\/es\/carlos-tatay-partira-23a-posicion-jerez\/\"]}]},{\"@type\":\"ImageObject\",\"inLanguage\":\"es\",\"@id\":\"http:\/\/esponsorama.ad\/es\/carlos-tatay-partira-23a-posicion-jerez\/#primaryimage\",\"url\":\"http:\/\/esponsorama.ad\/wp-content\/uploads\/2020\/07\/image00001.jpeg\",\"contentUrl\":\"http:\/\/esponsorama.ad\/wp-content\/uploads\/2020\/07\/image00001.jpeg\",\"width\":4608,\"height\":3072},{\"@type\":\"BreadcrumbList\",\"@id\":\"http:\/\/esponsorama.ad\/es\/carlos-tatay-partira-23a-posicion-jerez\/#breadcrumb\",\"itemListElement\":[{\"@type\":\"ListItem\",\"position\":1,\"name\":\"Home\",\"item\":\"http:\/\/esponsorama.ad\/es\/\"},{\"@type\":\"ListItem\",\"position\":2,\"name\":\"CARLOS TATAY PARTIR\u00c1 EN 23\u00aa POSICI\u00d3N EN JEREZ\"}]},{\"@type\":\"WebSite\",\"@id\":\"http:\/\/esponsorama.ad\/es\/#website\",\"url\":\"http:\/\/esponsorama.ad\/es\/\",\"name\":\"Esponsorama\",\"description\":\"Specialist in motorsport sponsorship and event promotions\",\"potentialAction\":[{\"@type\":\"SearchAction\",\"target\":{\"@type\":\"EntryPoint\",\"urlTemplate\":\"http:\/\/esponsorama.ad\/es\/?s={search_term_string}\"},\"query-input\":{\"@type\":\"PropertyValueSpecification\",\"valueRequired\":true,\"valueName\":\"search_term_string\"}}],\"inLanguage\":\"es\"},{\"@type\":\"Person\",\"@id\":\"http:\/\/esponsorama.ad\/es\/#\/schema\/person\/a5cde74945183d737066e46b61c6f9c4\",\"name\":\"Xavi Andornet\",\"image\":{\"@type\":\"ImageObject\",\"inLanguage\":\"es\",\"@id\":\"http:\/\/esponsorama.ad\/es\/#\/schema\/person\/image\/\",\"url\":\"https:\/\/secure.gravatar.com\/avatar\/f10eaf9ad601244a2357c9fd7cd9805ed166cfaaf76d5d9ab08a9d873e70147a?s=96&d=mm&r=g\",\"contentUrl\":\"https:\/\/secure.gravatar.com\/avatar\/f10eaf9ad601244a2357c9fd7cd9805ed166cfaaf76d5d9ab08a9d873e70147a?s=96&d=mm&r=g\",\"caption\":\"Xavi Andornet\"},\"sameAs\":[\"http:\/\/www.andornet.ad\"],\"url\":\"http:\/\/esponsorama.ad\/es\/author\/andornet\/\"}]}<\/script>\n<!-- \/ Yoast SEO plugin. -->","yoast_head_json":{"title":"CARLOS TATAY PARTIR\u00c1 EN 23\u00aa POSICI\u00d3N EN JEREZ - Esponsorama","robots":{"index":"index","follow":"follow","max-snippet":"max-snippet:-1","max-image-preview":"max-image-preview:large","max-video-preview":"max-video-preview:-1"},"canonical":"http:\/\/esponsorama.ad\/es\/carlos-tatay-partira-23a-posicion-jerez\/","og_locale":"es_ES","og_type":"article","og_title":"CARLOS TATAY PARTIR\u00c1 EN 23\u00aa POSICI\u00d3N EN JEREZ - Esponsorama","og_description":"Carlos Tatay ha logrado el vig\u00e9simo tercer puesto en las pruebas clasificatorias del Gran Premio de Espa\u00f1a en el Circuito de Jerez-\u00c1ngel Nieto tras una sesi\u00f3n complicada para el piloto valenciano del Reale Avintia Moto3. Tatay, que ha sido el \u00fanico piloto que ha salido a rodar en solitario durante la clasificaci\u00f3n, ha logrado un [&hellip;]","og_url":"http:\/\/esponsorama.ad\/es\/carlos-tatay-partira-23a-posicion-jerez\/","og_site_name":"Esponsorama","article_published_time":"2020-07-18T20:26:39+00:00","article_modified_time":"2020-07-18T20:52:04+00:00","og_image":[{"width":1024,"height":683,"url":"http:\/\/esponsorama.ad\/wp-content\/uploads\/2020\/07\/image00001-1024x683.jpeg","type":"image\/jpeg"}],"author":"Xavi Andornet","twitter_card":"summary_large_image","twitter_misc":{"Escrito por":"Xavi Andornet","Tiempo de lectura":"1 minuto"},"schema":{"@context":"https:\/\/schema.org","@graph":[{"@type":"Article","@id":"http:\/\/esponsorama.ad\/es\/carlos-tatay-partira-23a-posicion-jerez\/#article","isPartOf":{"@id":"http:\/\/esponsorama.ad\/es\/carlos-tatay-partira-23a-posicion-jerez\/"},"author":{"name":"Xavi Andornet","@id":"http:\/\/esponsorama.ad\/es\/#\/schema\/person\/a5cde74945183d737066e46b61c6f9c4"},"headline":"CARLOS TATAY PARTIR\u00c1 EN 23\u00aa POSICI\u00d3N EN JEREZ","datePublished":"2020-07-18T20:26:39+00:00","dateModified":"2020-07-18T20:52:04+00:00","mainEntityOfPage":{"@id":"http:\/\/esponsorama.ad\/es\/carlos-tatay-partira-23a-posicion-jerez\/"},"wordCount":194,"image":{"@id":"http:\/\/esponsorama.ad\/es\/carlos-tatay-partira-23a-posicion-jerez\/#primaryimage"},"thumbnailUrl":"http:\/\/esponsorama.ad\/wp-content\/uploads\/2020\/07\/image00001.jpeg","articleSection":["Moto3"],"inLanguage":"es"},{"@type":"WebPage","@id":"http:\/\/esponsorama.ad\/es\/carlos-tatay-partira-23a-posicion-jerez\/","url":"http:\/\/esponsorama.ad\/es\/carlos-tatay-partira-23a-posicion-jerez\/","name":"CARLOS TATAY PARTIR\u00c1 EN 23\u00aa POSICI\u00d3N EN JEREZ - Esponsorama","isPartOf":{"@id":"http:\/\/esponsorama.ad\/es\/#website"},"primaryImageOfPage":{"@id":"http:\/\/esponsorama.ad\/es\/carlos-tatay-partira-23a-posicion-jerez\/#primaryimage"},"image":{"@id":"http:\/\/esponsorama.ad\/es\/carlos-tatay-partira-23a-posicion-jerez\/#primaryimage"},"thumbnailUrl":"http:\/\/esponsorama.ad\/wp-content\/uploads\/2020\/07\/image00001.jpeg","datePublished":"2020-07-18T20:26:39+00:00","dateModified":"2020-07-18T20:52:04+00:00","author":{"@id":"http:\/\/esponsorama.ad\/es\/#\/schema\/person\/a5cde74945183d737066e46b61c6f9c4"},"breadcrumb":{"@id":"http:\/\/esponsorama.ad\/es\/carlos-tatay-partira-23a-posicion-jerez\/#breadcrumb"},"inLanguage":"es","potentialAction":[{"@type":"ReadAction","target":["http:\/\/esponsorama.ad\/es\/carlos-tatay-partira-23a-posicion-jerez\/"]}]},{"@type":"ImageObject","inLanguage":"es","@id":"http:\/\/esponsorama.ad\/es\/carlos-tatay-partira-23a-posicion-jerez\/#primaryimage","url":"http:\/\/esponsorama.ad\/wp-content\/uploads\/2020\/07\/image00001.jpeg","contentUrl":"http:\/\/esponsorama.ad\/wp-content\/uploads\/2020\/07\/image00001.jpeg","width":4608,"height":3072},{"@type":"BreadcrumbList","@id":"http:\/\/esponsorama.ad\/es\/carlos-tatay-partira-23a-posicion-jerez\/#breadcrumb","itemListElement":[{"@type":"ListItem","position":1,"name":"Home","item":"http:\/\/esponsorama.ad\/es\/"},{"@type":"ListItem","position":2,"name":"CARLOS TATAY PARTIR\u00c1 EN 23\u00aa POSICI\u00d3N EN JEREZ"}]},{"@type":"WebSite","@id":"http:\/\/esponsorama.ad\/es\/#website","url":"http:\/\/esponsorama.ad\/es\/","name":"Esponsorama","description":"Specialist in motorsport sponsorship and event promotions","potentialAction":[{"@type":"SearchAction","target":{"@type":"EntryPoint","urlTemplate":"http:\/\/esponsorama.ad\/es\/?s={search_term_string}"},"query-input":{"@type":"PropertyValueSpecification","valueRequired":true,"valueName":"search_term_string"}}],"inLanguage":"es"},{"@type":"Person","@id":"http:\/\/esponsorama.ad\/es\/#\/schema\/person\/a5cde74945183d737066e46b61c6f9c4","name":"Xavi Andornet","image":{"@type":"ImageObject","inLanguage":"es","@id":"http:\/\/esponsorama.ad\/es\/#\/schema\/person\/image\/","url":"https:\/\/secure.gravatar.com\/avatar\/f10eaf9ad601244a2357c9fd7cd9805ed166cfaaf76d5d9ab08a9d873e70147a?s=96&d=mm&r=g","contentUrl":"https:\/\/secure.gravatar.com\/avatar\/f10eaf9ad601244a2357c9fd7cd9805ed166cfaaf76d5d9ab08a9d873e70147a?s=96&d=mm&r=g","caption":"Xavi Andornet"},"sameAs":["http:\/\/www.andornet.ad"],"url":"http:\/\/esponsorama.ad\/es\/author\/andornet\/"}]}},"_links":{"self":[{"href":"http:\/\/esponsorama.ad\/es\/wp-json\/wp\/v2\/posts\/15893","targetHints":{"allow":["GET"]}}],"collection":[{"href":"http:\/\/esponsorama.ad\/es\/wp-json\/wp\/v2\/posts"}],"about":[{"href":"http:\/\/esponsorama.ad\/es\/wp-json\/wp\/v2\/types\/post"}],"author":[{"embeddable":true,"href":"http:\/\/esponsorama.ad\/es\/wp-json\/wp\/v2\/users\/6"}],"replies":[{"embeddable":true,"href":"http:\/\/esponsorama.ad\/es\/wp-json\/wp\/v2\/comments?post=15893"}],"version-history":[{"count":1,"href":"http:\/\/esponsorama.ad\/es\/wp-json\/wp\/v2\/posts\/15893\/revisions"}],"predecessor-version":[{"id":15897,"href":"http:\/\/esponsorama.ad\/es\/wp-json\/wp\/v2\/posts\/15893\/revisions\/15897"}],"wp:featuredmedia":[{"embeddable":true,"href":"http:\/\/esponsorama.ad\/es\/wp-json\/wp\/v2\/media\/15896"}],"wp:attachment":[{"href":"http:\/\/esponsorama.ad\/es\/wp-json\/wp\/v2\/media?parent=15893"}],"wp:term":[{"taxonomy":"category","embeddable":true,"href":"http:\/\/esponsorama.ad\/es\/wp-json\/wp\/v2\/categories?post=15893"},{"taxonomy":"post_tag","embeddable":true,"href":"http:\/\/esponsorama.ad\/es\/wp-json\/wp\/v2\/tags?post=15893"}],"curies":[{"name":"wp","href":"https:\/\/api.w.org\/{rel}","templated":true}]}}