{"id":15899,"date":"2020-07-19T13:23:40","date_gmt":"2020-07-19T11:23:40","guid":{"rendered":"http:\/\/esponsorama.ad\/?p=15899"},"modified":"2020-07-19T13:28:43","modified_gmt":"2020-07-19T11:28:43","slug":"eric-granado-se-impone-la-carrera-del-gran-premio-espana-2","status":"publish","type":"post","link":"http:\/\/esponsorama.ad\/es\/eric-granado-se-impone-la-carrera-del-gran-premio-espana-2\/","title":{"rendered":"ERIC GRANADO SE IMPONE EN LA CARRERA DEL GRAN PREMIO DE ESPA\u00d1A"},"content":{"rendered":"<p>El piloto brasile\u00f1o del Avintia Esponsorama Racing ha arrancado la Copa del Mundo de MotoE como acab\u00f3 la pasada temporada. Granado, claro dominador durante todo el fin de semana, se ha impuesto con contundencia frente a sus rivales en el Gran Premio de Espa\u00f1a. Xavi Cardel\u00fas ha cruzado la l\u00ednea de meta en 14\u00aa posici\u00f3n.<\/p>\n<p>Pese a perder la primera posici\u00f3n en la salida al levantarse la rueda delantera de su Energica Ego Corsa, Eric Granado no ha dado ninguna opci\u00f3n durante toda la prueba. Cuatro curvas ha necesitado el brasile\u00f1o para recuperar el liderato de la carrera y finalizar a m\u00e1s de tres segundos de distancia respecto al segundo clasificado. De esta manera, Granado se coloca primero en la clasificaci\u00f3n general de 2020. <\/p>\n<p>Por su parte, Xavi Cardel\u00fas ha completado su primer fin de semana en la categor\u00eda de MotoE. El piloto andorrano ha perdido cuatro posiciones en los primeros instantes, pero poco a poco ha podido superar a algunos de sus rivales, lo que le ha permitido finalizar la carrera en 14\u00aa posici\u00f3n. Sin duda alguna, un resultado muy positivo para Cardel\u00fas tras mostrar una gran progresi\u00f3n durante todo el fin de semana, siendo su primera carrera y teni\u00e9ndose que adaptar a una categor\u00eda totalmente nueva para \u00e9l.<\/p>\n<p>El Avintia Esponsorama Racing da por finalizado el Gran Premio de Espa\u00f1a con un comienzo de mundial muy positivo. Pese a ello, no hay tiempo para descansar. El pr\u00f3ximo fin de semana se celebrar\u00e1 en el mismo Circuito de Jerez-\u00c1ngel Nieto la segunda prueba de la Copa del Mundo de MotoE: el Gran Premio de Andaluc\u00eda.<\/p>\n<p>\t\t\t\t\t<div class=\"rider-short\">\n\t\t\t\t<a href=\"http:\/\/esponsorama.ad\/es\/piloto\/eric-granado\/\"><img loading=\"lazy\" decoding=\"async\" width=\"300\" height=\"300\" src=\"http:\/\/esponsorama.ad\/wp-content\/uploads\/2018\/10\/numero-granado-comunicados-2018.png\" class=\"attachment-medium size-medium\" alt=\"\" srcset=\"http:\/\/esponsorama.ad\/wp-content\/uploads\/2018\/10\/numero-granado-comunicados-2018.png 300w, http:\/\/esponsorama.ad\/wp-content\/uploads\/2018\/10\/numero-granado-comunicados-2018-150x150.png 150w\" sizes=\"auto, (max-width: 300px) 100vw, 300px\" \/><\/a><div class=\"info\"><h3><a href=\"http:\/\/esponsorama.ad\/es\/piloto\/eric-granado\/\">Eric Granado<\/a> | P1<\/h3><div class=\"rrss\"><a target=\"_blank\" href=\"https:\/\/www.facebook.com\/PilotoEricGranado\/?ref=br_rs\"><i class=\"fa fa-facebook\"><\/i><\/a><a target=\"_blank\" href=\"https:\/\/twitter.com\/ericgranado\"><i class=\"fa fa-twitter\"><\/i><\/a><a target=\"_blank\" href=\"https:\/\/www.instagram.com\/ericgranado\/\"><i class=\"fa fa-instagram\"><\/i><\/a><\/div><\/div>\t\t\t\t\t<\/div>\n\t\t\t\t<br \/>\n\u201cMuy contento, hemos hecho un fin de semana perfecto. Hemos tenido un ritmo muy bueno durante todos los entrenos y la verdad que me he sentido muy c\u00f3modo con la moto. En la salida se me ha levantado un poco la moto con el primer toque de gas y he perdido un poco de tiempo, pero estoy contento porque luego pude pasar a Tulovic y abrir una ventaja que he podido controlar hasta final de carrera. Estoy muy contento, ahora es momento de pensar con el equipo en que podemos hacer para estar a\u00fan m\u00e1s fuertes la semana que viene y mantener el buen nivel que hemos tenido en \u00e9ste.\u201d<\/p>\n<p>\t\t\t\t\t<div class=\"rider-short\">\n\t\t\t\t<a href=\"http:\/\/esponsorama.ad\/es\/piloto\/xavier-cardelus\/\"><img loading=\"lazy\" decoding=\"async\" width=\"300\" height=\"300\" src=\"http:\/\/esponsorama.ad\/wp-content\/uploads\/2021\/02\/dorsal-cardelus-gris-300x300.png\" class=\"attachment-medium size-medium\" alt=\"\" srcset=\"http:\/\/esponsorama.ad\/wp-content\/uploads\/2021\/02\/dorsal-cardelus-gris-300x300.png 300w, http:\/\/esponsorama.ad\/wp-content\/uploads\/2021\/02\/dorsal-cardelus-gris-150x150.png 150w, http:\/\/esponsorama.ad\/wp-content\/uploads\/2021\/02\/dorsal-cardelus-gris.png 500w\" sizes=\"auto, (max-width: 300px) 100vw, 300px\" \/><\/a><div class=\"info\"><h3><a href=\"http:\/\/esponsorama.ad\/es\/piloto\/xavier-cardelus\/\">Xavier Cardel\u00fas<\/a> | P14<\/h3><div class=\"rrss\"><a target=\"_blank\" href=\"https:\/\/twitter.com\/xavicardelus\"><i class=\"fa fa-twitter\"><\/i><\/a><a target=\"_blank\" href=\"https:\/\/www.instagram.com\/xavicardelus\/\"><i class=\"fa fa-instagram\"><\/i><\/a><\/div><\/div>\t\t\t\t\t<\/div>\n\t\t\t\t<br \/>\n\u201cYa finalizada mi primera carrera de MotoE aunque no ha ido como me imaginaba despu\u00e9s del d\u00eda de ayer, se que hubiese podido hacerlo mejor. Destacar la mala salida que he realizado, ya que De Angelis ha hecho un Jump Start y justo en ese momento se me ha ido la vista hacia \u00e9l, aqu\u00ed he perdido unas 3 d\u00e9cimas y eso me ha penalizado mucho. De cara a carera tengo que trabajar m\u00e1s la confianza a la hora de adelantar ya que con esta moto no es f\u00e1cil. Lo positivo es que me he sentido mucho m\u00e1s c\u00f3modo con la moto, lo que ha hecho que pueda ir mucho m\u00e1s r\u00e1pido que los d\u00edas anteriores, llegando a molestarme los pilotos que tenia delante. En general, la valoraci\u00f3n de este fin de semana es positiva porque hemos ido evolucionando, a\u00fan sabiendo que podr\u00eda haberlo hecho algo mejor. La semana que vienes es la segunda carrera y estoy seguro de que daremos un gran paso.\u201d<\/p>\n","protected":false},"excerpt":{"rendered":"<p>El piloto brasile\u00f1o del Avintia Esponsorama Racing ha arrancado la Copa del Mundo de MotoE como acab\u00f3 la pasada temporada. Granado, claro dominador durante todo el fin de semana, se ha impuesto con contundencia frente a sus rivales en el Gran Premio de Espa\u00f1a. Xavi Cardel\u00fas ha cruzado la l\u00ednea de meta en 14\u00aa posici\u00f3n. [&hellip;]<\/p>\n","protected":false},"author":6,"featured_media":15906,"comment_status":"closed","ping_status":"closed","sticky":false,"template":"","format":"standard","meta":{"footnotes":""},"categories":[21],"tags":[],"class_list":["post-15899","post","type-post","status-publish","format-standard","has-post-thumbnail","hentry","category-motoe"],"yoast_head":"<!-- This site is optimized with the Yoast SEO plugin v27.1.1 - https:\/\/yoast.com\/product\/yoast-seo-wordpress\/ -->\n<title>ERIC GRANADO SE IMPONE EN LA CARRERA DEL GRAN PREMIO DE ESPA\u00d1A - Esponsorama<\/title>\n<meta name=\"robots\" content=\"index, follow, max-snippet:-1, max-image-preview:large, max-video-preview:-1\" \/>\n<link rel=\"canonical\" href=\"http:\/\/esponsorama.ad\/es\/eric-granado-se-impone-la-carrera-del-gran-premio-espana-2\/\" \/>\n<meta property=\"og:locale\" content=\"es_ES\" \/>\n<meta property=\"og:type\" content=\"article\" \/>\n<meta property=\"og:title\" content=\"ERIC GRANADO SE IMPONE EN LA CARRERA DEL GRAN PREMIO DE ESPA\u00d1A - Esponsorama\" \/>\n<meta property=\"og:description\" content=\"El piloto brasile\u00f1o del Avintia Esponsorama Racing ha arrancado la Copa del Mundo de MotoE como acab\u00f3 la pasada temporada. Granado, claro dominador durante todo el fin de semana, se ha impuesto con contundencia frente a sus rivales en el Gran Premio de Espa\u00f1a. Xavi Cardel\u00fas ha cruzado la l\u00ednea de meta en 14\u00aa posici\u00f3n. [&hellip;]\" \/>\n<meta property=\"og:url\" content=\"http:\/\/esponsorama.ad\/es\/eric-granado-se-impone-la-carrera-del-gran-premio-espana-2\/\" \/>\n<meta property=\"og:site_name\" content=\"Esponsorama\" \/>\n<meta property=\"article:published_time\" content=\"2020-07-19T11:23:40+00:00\" \/>\n<meta property=\"article:modified_time\" content=\"2020-07-19T11:28:43+00:00\" \/>\n<meta property=\"og:image\" content=\"http:\/\/esponsorama.ad\/wp-content\/uploads\/2020\/07\/WhatsApp-Image-2020-07-19-at-11.20.09.jpeg\" \/>\n\t<meta property=\"og:image:width\" content=\"1600\" \/>\n\t<meta property=\"og:image:height\" content=\"1066\" \/>\n\t<meta property=\"og:image:type\" content=\"image\/jpeg\" \/>\n<meta name=\"author\" content=\"Xavi Andornet\" \/>\n<meta name=\"twitter:card\" content=\"summary_large_image\" \/>\n<meta name=\"twitter:label1\" content=\"Escrito por\" \/>\n\t<meta name=\"twitter:data1\" content=\"Xavi Andornet\" \/>\n\t<meta name=\"twitter:label2\" content=\"Tiempo de lectura\" \/>\n\t<meta name=\"twitter:data2\" content=\"3 minutos\" \/>\n<script type=\"application\/ld+json\" class=\"yoast-schema-graph\">{\"@context\":\"https:\/\/schema.org\",\"@graph\":[{\"@type\":\"Article\",\"@id\":\"http:\/\/esponsorama.ad\/es\/eric-granado-se-impone-la-carrera-del-gran-premio-espana-2\/#article\",\"isPartOf\":{\"@id\":\"http:\/\/esponsorama.ad\/es\/eric-granado-se-impone-la-carrera-del-gran-premio-espana-2\/\"},\"author\":{\"name\":\"Xavi Andornet\",\"@id\":\"http:\/\/esponsorama.ad\/es\/#\/schema\/person\/a5cde74945183d737066e46b61c6f9c4\"},\"headline\":\"ERIC GRANADO SE IMPONE EN LA CARRERA DEL GRAN PREMIO DE ESPA\u00d1A\",\"datePublished\":\"2020-07-19T11:23:40+00:00\",\"dateModified\":\"2020-07-19T11:28:43+00:00\",\"mainEntityOfPage\":{\"@id\":\"http:\/\/esponsorama.ad\/es\/eric-granado-se-impone-la-carrera-del-gran-premio-espana-2\/\"},\"wordCount\":592,\"image\":{\"@id\":\"http:\/\/esponsorama.ad\/es\/eric-granado-se-impone-la-carrera-del-gran-premio-espana-2\/#primaryimage\"},\"thumbnailUrl\":\"http:\/\/esponsorama.ad\/wp-content\/uploads\/2020\/07\/WhatsApp-Image-2020-07-19-at-11.20.09.jpeg\",\"articleSection\":[\"MotoE\"],\"inLanguage\":\"es\"},{\"@type\":\"WebPage\",\"@id\":\"http:\/\/esponsorama.ad\/es\/eric-granado-se-impone-la-carrera-del-gran-premio-espana-2\/\",\"url\":\"http:\/\/esponsorama.ad\/es\/eric-granado-se-impone-la-carrera-del-gran-premio-espana-2\/\",\"name\":\"ERIC GRANADO SE IMPONE EN LA CARRERA DEL GRAN PREMIO DE ESPA\u00d1A - Esponsorama\",\"isPartOf\":{\"@id\":\"http:\/\/esponsorama.ad\/es\/#website\"},\"primaryImageOfPage\":{\"@id\":\"http:\/\/esponsorama.ad\/es\/eric-granado-se-impone-la-carrera-del-gran-premio-espana-2\/#primaryimage\"},\"image\":{\"@id\":\"http:\/\/esponsorama.ad\/es\/eric-granado-se-impone-la-carrera-del-gran-premio-espana-2\/#primaryimage\"},\"thumbnailUrl\":\"http:\/\/esponsorama.ad\/wp-content\/uploads\/2020\/07\/WhatsApp-Image-2020-07-19-at-11.20.09.jpeg\",\"datePublished\":\"2020-07-19T11:23:40+00:00\",\"dateModified\":\"2020-07-19T11:28:43+00:00\",\"author\":{\"@id\":\"http:\/\/esponsorama.ad\/es\/#\/schema\/person\/a5cde74945183d737066e46b61c6f9c4\"},\"breadcrumb\":{\"@id\":\"http:\/\/esponsorama.ad\/es\/eric-granado-se-impone-la-carrera-del-gran-premio-espana-2\/#breadcrumb\"},\"inLanguage\":\"es\",\"potentialAction\":[{\"@type\":\"ReadAction\",\"target\":[\"http:\/\/esponsorama.ad\/es\/eric-granado-se-impone-la-carrera-del-gran-premio-espana-2\/\"]}]},{\"@type\":\"ImageObject\",\"inLanguage\":\"es\",\"@id\":\"http:\/\/esponsorama.ad\/es\/eric-granado-se-impone-la-carrera-del-gran-premio-espana-2\/#primaryimage\",\"url\":\"http:\/\/esponsorama.ad\/wp-content\/uploads\/2020\/07\/WhatsApp-Image-2020-07-19-at-11.20.09.jpeg\",\"contentUrl\":\"http:\/\/esponsorama.ad\/wp-content\/uploads\/2020\/07\/WhatsApp-Image-2020-07-19-at-11.20.09.jpeg\",\"width\":1600,\"height\":1066},{\"@type\":\"BreadcrumbList\",\"@id\":\"http:\/\/esponsorama.ad\/es\/eric-granado-se-impone-la-carrera-del-gran-premio-espana-2\/#breadcrumb\",\"itemListElement\":[{\"@type\":\"ListItem\",\"position\":1,\"name\":\"Home\",\"item\":\"http:\/\/esponsorama.ad\/ca\/\"},{\"@type\":\"ListItem\",\"position\":2,\"name\":\"ERIC GRANADO SE IMPONE EN LA CARRERA DEL GRAN PREMIO DE ESPA\u00d1A\"}]},{\"@type\":\"WebSite\",\"@id\":\"http:\/\/esponsorama.ad\/es\/#website\",\"url\":\"http:\/\/esponsorama.ad\/es\/\",\"name\":\"Esponsorama\",\"description\":\"Specialist in motorsport sponsorship and event promotions\",\"potentialAction\":[{\"@type\":\"SearchAction\",\"target\":{\"@type\":\"EntryPoint\",\"urlTemplate\":\"http:\/\/esponsorama.ad\/es\/?s={search_term_string}\"},\"query-input\":{\"@type\":\"PropertyValueSpecification\",\"valueRequired\":true,\"valueName\":\"search_term_string\"}}],\"inLanguage\":\"es\"},{\"@type\":\"Person\",\"@id\":\"http:\/\/esponsorama.ad\/es\/#\/schema\/person\/a5cde74945183d737066e46b61c6f9c4\",\"name\":\"Xavi Andornet\",\"image\":{\"@type\":\"ImageObject\",\"inLanguage\":\"es\",\"@id\":\"http:\/\/esponsorama.ad\/es\/#\/schema\/person\/image\/\",\"url\":\"https:\/\/secure.gravatar.com\/avatar\/f10eaf9ad601244a2357c9fd7cd9805ed166cfaaf76d5d9ab08a9d873e70147a?s=96&d=mm&r=g\",\"contentUrl\":\"https:\/\/secure.gravatar.com\/avatar\/f10eaf9ad601244a2357c9fd7cd9805ed166cfaaf76d5d9ab08a9d873e70147a?s=96&d=mm&r=g\",\"caption\":\"Xavi Andornet\"},\"sameAs\":[\"http:\/\/www.andornet.ad\"],\"url\":\"http:\/\/esponsorama.ad\/es\/author\/andornet\/\"}]}<\/script>\n<!-- \/ Yoast SEO plugin. -->","yoast_head_json":{"title":"ERIC GRANADO SE IMPONE EN LA CARRERA DEL GRAN PREMIO DE ESPA\u00d1A - Esponsorama","robots":{"index":"index","follow":"follow","max-snippet":"max-snippet:-1","max-image-preview":"max-image-preview:large","max-video-preview":"max-video-preview:-1"},"canonical":"http:\/\/esponsorama.ad\/es\/eric-granado-se-impone-la-carrera-del-gran-premio-espana-2\/","og_locale":"es_ES","og_type":"article","og_title":"ERIC GRANADO SE IMPONE EN LA CARRERA DEL GRAN PREMIO DE ESPA\u00d1A - Esponsorama","og_description":"El piloto brasile\u00f1o del Avintia Esponsorama Racing ha arrancado la Copa del Mundo de MotoE como acab\u00f3 la pasada temporada. Granado, claro dominador durante todo el fin de semana, se ha impuesto con contundencia frente a sus rivales en el Gran Premio de Espa\u00f1a. Xavi Cardel\u00fas ha cruzado la l\u00ednea de meta en 14\u00aa posici\u00f3n. [&hellip;]","og_url":"http:\/\/esponsorama.ad\/es\/eric-granado-se-impone-la-carrera-del-gran-premio-espana-2\/","og_site_name":"Esponsorama","article_published_time":"2020-07-19T11:23:40+00:00","article_modified_time":"2020-07-19T11:28:43+00:00","og_image":[{"width":1600,"height":1066,"url":"http:\/\/esponsorama.ad\/wp-content\/uploads\/2020\/07\/WhatsApp-Image-2020-07-19-at-11.20.09.jpeg","type":"image\/jpeg"}],"author":"Xavi Andornet","twitter_card":"summary_large_image","twitter_misc":{"Escrito por":"Xavi Andornet","Tiempo de lectura":"3 minutos"},"schema":{"@context":"https:\/\/schema.org","@graph":[{"@type":"Article","@id":"http:\/\/esponsorama.ad\/es\/eric-granado-se-impone-la-carrera-del-gran-premio-espana-2\/#article","isPartOf":{"@id":"http:\/\/esponsorama.ad\/es\/eric-granado-se-impone-la-carrera-del-gran-premio-espana-2\/"},"author":{"name":"Xavi Andornet","@id":"http:\/\/esponsorama.ad\/es\/#\/schema\/person\/a5cde74945183d737066e46b61c6f9c4"},"headline":"ERIC GRANADO SE IMPONE EN LA CARRERA DEL GRAN PREMIO DE ESPA\u00d1A","datePublished":"2020-07-19T11:23:40+00:00","dateModified":"2020-07-19T11:28:43+00:00","mainEntityOfPage":{"@id":"http:\/\/esponsorama.ad\/es\/eric-granado-se-impone-la-carrera-del-gran-premio-espana-2\/"},"wordCount":592,"image":{"@id":"http:\/\/esponsorama.ad\/es\/eric-granado-se-impone-la-carrera-del-gran-premio-espana-2\/#primaryimage"},"thumbnailUrl":"http:\/\/esponsorama.ad\/wp-content\/uploads\/2020\/07\/WhatsApp-Image-2020-07-19-at-11.20.09.jpeg","articleSection":["MotoE"],"inLanguage":"es"},{"@type":"WebPage","@id":"http:\/\/esponsorama.ad\/es\/eric-granado-se-impone-la-carrera-del-gran-premio-espana-2\/","url":"http:\/\/esponsorama.ad\/es\/eric-granado-se-impone-la-carrera-del-gran-premio-espana-2\/","name":"ERIC GRANADO SE IMPONE EN LA CARRERA DEL GRAN PREMIO DE ESPA\u00d1A - Esponsorama","isPartOf":{"@id":"http:\/\/esponsorama.ad\/es\/#website"},"primaryImageOfPage":{"@id":"http:\/\/esponsorama.ad\/es\/eric-granado-se-impone-la-carrera-del-gran-premio-espana-2\/#primaryimage"},"image":{"@id":"http:\/\/esponsorama.ad\/es\/eric-granado-se-impone-la-carrera-del-gran-premio-espana-2\/#primaryimage"},"thumbnailUrl":"http:\/\/esponsorama.ad\/wp-content\/uploads\/2020\/07\/WhatsApp-Image-2020-07-19-at-11.20.09.jpeg","datePublished":"2020-07-19T11:23:40+00:00","dateModified":"2020-07-19T11:28:43+00:00","author":{"@id":"http:\/\/esponsorama.ad\/es\/#\/schema\/person\/a5cde74945183d737066e46b61c6f9c4"},"breadcrumb":{"@id":"http:\/\/esponsorama.ad\/es\/eric-granado-se-impone-la-carrera-del-gran-premio-espana-2\/#breadcrumb"},"inLanguage":"es","potentialAction":[{"@type":"ReadAction","target":["http:\/\/esponsorama.ad\/es\/eric-granado-se-impone-la-carrera-del-gran-premio-espana-2\/"]}]},{"@type":"ImageObject","inLanguage":"es","@id":"http:\/\/esponsorama.ad\/es\/eric-granado-se-impone-la-carrera-del-gran-premio-espana-2\/#primaryimage","url":"http:\/\/esponsorama.ad\/wp-content\/uploads\/2020\/07\/WhatsApp-Image-2020-07-19-at-11.20.09.jpeg","contentUrl":"http:\/\/esponsorama.ad\/wp-content\/uploads\/2020\/07\/WhatsApp-Image-2020-07-19-at-11.20.09.jpeg","width":1600,"height":1066},{"@type":"BreadcrumbList","@id":"http:\/\/esponsorama.ad\/es\/eric-granado-se-impone-la-carrera-del-gran-premio-espana-2\/#breadcrumb","itemListElement":[{"@type":"ListItem","position":1,"name":"Home","item":"http:\/\/esponsorama.ad\/ca\/"},{"@type":"ListItem","position":2,"name":"ERIC GRANADO SE IMPONE EN LA CARRERA DEL GRAN PREMIO DE ESPA\u00d1A"}]},{"@type":"WebSite","@id":"http:\/\/esponsorama.ad\/es\/#website","url":"http:\/\/esponsorama.ad\/es\/","name":"Esponsorama","description":"Specialist in motorsport sponsorship and event promotions","potentialAction":[{"@type":"SearchAction","target":{"@type":"EntryPoint","urlTemplate":"http:\/\/esponsorama.ad\/es\/?s={search_term_string}"},"query-input":{"@type":"PropertyValueSpecification","valueRequired":true,"valueName":"search_term_string"}}],"inLanguage":"es"},{"@type":"Person","@id":"http:\/\/esponsorama.ad\/es\/#\/schema\/person\/a5cde74945183d737066e46b61c6f9c4","name":"Xavi Andornet","image":{"@type":"ImageObject","inLanguage":"es","@id":"http:\/\/esponsorama.ad\/es\/#\/schema\/person\/image\/","url":"https:\/\/secure.gravatar.com\/avatar\/f10eaf9ad601244a2357c9fd7cd9805ed166cfaaf76d5d9ab08a9d873e70147a?s=96&d=mm&r=g","contentUrl":"https:\/\/secure.gravatar.com\/avatar\/f10eaf9ad601244a2357c9fd7cd9805ed166cfaaf76d5d9ab08a9d873e70147a?s=96&d=mm&r=g","caption":"Xavi Andornet"},"sameAs":["http:\/\/www.andornet.ad"],"url":"http:\/\/esponsorama.ad\/es\/author\/andornet\/"}]}},"_links":{"self":[{"href":"http:\/\/esponsorama.ad\/es\/wp-json\/wp\/v2\/posts\/15899","targetHints":{"allow":["GET"]}}],"collection":[{"href":"http:\/\/esponsorama.ad\/es\/wp-json\/wp\/v2\/posts"}],"about":[{"href":"http:\/\/esponsorama.ad\/es\/wp-json\/wp\/v2\/types\/post"}],"author":[{"embeddable":true,"href":"http:\/\/esponsorama.ad\/es\/wp-json\/wp\/v2\/users\/6"}],"replies":[{"embeddable":true,"href":"http:\/\/esponsorama.ad\/es\/wp-json\/wp\/v2\/comments?post=15899"}],"version-history":[{"count":2,"href":"http:\/\/esponsorama.ad\/es\/wp-json\/wp\/v2\/posts\/15899\/revisions"}],"predecessor-version":[{"id":15912,"href":"http:\/\/esponsorama.ad\/es\/wp-json\/wp\/v2\/posts\/15899\/revisions\/15912"}],"wp:featuredmedia":[{"embeddable":true,"href":"http:\/\/esponsorama.ad\/es\/wp-json\/wp\/v2\/media\/15906"}],"wp:attachment":[{"href":"http:\/\/esponsorama.ad\/es\/wp-json\/wp\/v2\/media?parent=15899"}],"wp:term":[{"taxonomy":"category","embeddable":true,"href":"http:\/\/esponsorama.ad\/es\/wp-json\/wp\/v2\/categories?post=15899"},{"taxonomy":"post_tag","embeddable":true,"href":"http:\/\/esponsorama.ad\/es\/wp-json\/wp\/v2\/tags?post=15899"}],"curies":[{"name":"wp","href":"https:\/\/api.w.org\/{rel}","templated":true}]}}