{"id":15908,"date":"2020-07-19T13:19:56","date_gmt":"2020-07-19T11:19:56","guid":{"rendered":"http:\/\/esponsorama.ad\/?p=15908"},"modified":"2020-07-19T13:19:56","modified_gmt":"2020-07-19T11:19:56","slug":"carlos-tatay-abandona-gran-premio-espana","status":"publish","type":"post","link":"http:\/\/esponsorama.ad\/es\/carlos-tatay-abandona-gran-premio-espana\/","title":{"rendered":"CARLOS TATAY ABANDONA EN EL GRAN PREMIO DE ESPA\u00d1A"},"content":{"rendered":"<p>El Reale Avintia Moto3 y Carlos Tatay no han retomado el Campeonato Mundial de Moto3 de la forma que deseaban. El piloto valenciano se ha visto involucrado en un incidente en los primeros instantes de la prueba y no ha podido hacer nada para evitar una ca\u00edda que no le ha permitido completar la carrera del Gran Premio de Espa\u00f1a.<\/p>\n<p>Tatay, que arrancaba la prueba en 23\u00aa posici\u00f3n y tenia grandes expectativas para recuperar terreno y llegar a las posiciones de puntos, ha perdido el control de su KTM tras verse envestido por un rival en la primera curva. El espa\u00f1ol no ha podido hacer nada para retomar la carrera debido a los da\u00f1os en su moto.<\/p>\n<p>Pese a ser un fin de semana complicado para el equipo, Carlos Tatay y el Reale Avintia Moto3 tendr\u00e1n una nueva oportunidad en siete d\u00edas en el mismo Circuito de Jerez-\u00c1ngel Nieto, donde se celebrar\u00e1 el Gran Premio de Andaluc\u00eda, la que ser\u00e1 la tercera prueba de la temporada para la categor\u00eda.<\/p>\n<p>\t\t\t\t\t<div class=\"rider-short\">\n\t\t\t\t<a href=\"http:\/\/esponsorama.ad\/es\/piloto\/carlos-tatay\/\"><img loading=\"lazy\" decoding=\"async\" width=\"300\" height=\"300\" src=\"http:\/\/esponsorama.ad\/wp-content\/uploads\/2021\/02\/dorsal-tatay-gris-300x300.png\" class=\"attachment-medium size-medium\" alt=\"\" srcset=\"http:\/\/esponsorama.ad\/wp-content\/uploads\/2021\/02\/dorsal-tatay-gris-300x300.png 300w, http:\/\/esponsorama.ad\/wp-content\/uploads\/2021\/02\/dorsal-tatay-gris-150x150.png 150w, http:\/\/esponsorama.ad\/wp-content\/uploads\/2021\/02\/dorsal-tatay-gris.png 500w\" sizes=\"auto, (max-width: 300px) 100vw, 300px\" \/><\/a><div class=\"info\"><h3><a href=\"http:\/\/esponsorama.ad\/es\/piloto\/carlos-tatay\/\">Carlos Tatay<\/a><\/h3><div class=\"rrss\"><a target=\"_blank\" href=\"https:\/\/www.facebook.com\/carlostatay99\/\"><i class=\"fa fa-facebook\"><\/i><\/a><a target=\"_blank\" href=\"https:\/\/twitter.com\/carlostatay99\"><i class=\"fa fa-twitter\"><\/i><\/a><a target=\"_blank\" href=\"https:\/\/www.instagram.com\/carlostatay99\/\"><i class=\"fa fa-instagram\"><\/i><\/a><\/div><\/div>\t\t\t\t\t<\/div>\n\t\t\t\t<br \/>\n\u201cHa sido un fin de semana complicado y acabar de esta manera no es lo mejor, pero lo que no te derriba te hace m\u00e1s fuerte. Me llevo lo positivo de este fin de semana, en el Warm-Up hemos tenido muy buenas sensaciones, muy buen ritmo para estar luchando en carrera as\u00ed que ahora a pensar en el viernes que viene, tratar de salir muy concentrado y a por la siguiente.\u201d<\/p>\n","protected":false},"excerpt":{"rendered":"<p>El Reale Avintia Moto3 y Carlos Tatay no han retomado el Campeonato Mundial de Moto3 de la forma que deseaban. El piloto valenciano se ha visto involucrado en un incidente en los primeros instantes de la prueba y no ha podido hacer nada para evitar una ca\u00edda que no le ha permitido completar la carrera [&hellip;]<\/p>\n","protected":false},"author":6,"featured_media":15909,"comment_status":"closed","ping_status":"closed","sticky":false,"template":"","format":"standard","meta":{"footnotes":""},"categories":[12],"tags":[],"class_list":["post-15908","post","type-post","status-publish","format-standard","has-post-thumbnail","hentry","category-moto3"],"yoast_head":"<!-- This site is optimized with the Yoast SEO plugin v27.1.1 - https:\/\/yoast.com\/product\/yoast-seo-wordpress\/ -->\n<title>CARLOS TATAY ABANDONA EN EL GRAN PREMIO DE ESPA\u00d1A - Esponsorama<\/title>\n<meta name=\"robots\" content=\"index, follow, max-snippet:-1, max-image-preview:large, max-video-preview:-1\" \/>\n<link rel=\"canonical\" href=\"http:\/\/esponsorama.ad\/es\/carlos-tatay-abandona-gran-premio-espana\/\" \/>\n<meta property=\"og:locale\" content=\"es_ES\" \/>\n<meta property=\"og:type\" content=\"article\" \/>\n<meta property=\"og:title\" content=\"CARLOS TATAY ABANDONA EN EL GRAN PREMIO DE ESPA\u00d1A - Esponsorama\" \/>\n<meta property=\"og:description\" content=\"El Reale Avintia Moto3 y Carlos Tatay no han retomado el Campeonato Mundial de Moto3 de la forma que deseaban. El piloto valenciano se ha visto involucrado en un incidente en los primeros instantes de la prueba y no ha podido hacer nada para evitar una ca\u00edda que no le ha permitido completar la carrera [&hellip;]\" \/>\n<meta property=\"og:url\" content=\"http:\/\/esponsorama.ad\/es\/carlos-tatay-abandona-gran-premio-espana\/\" \/>\n<meta property=\"og:site_name\" content=\"Esponsorama\" \/>\n<meta property=\"article:published_time\" content=\"2020-07-19T11:19:56+00:00\" \/>\n<meta property=\"og:image\" content=\"http:\/\/esponsorama.ad\/wp-content\/uploads\/2020\/07\/WhatsApp-Image-2020-07-19-at-11.22.13.jpeg\" \/>\n\t<meta property=\"og:image:width\" content=\"1200\" \/>\n\t<meta property=\"og:image:height\" content=\"1600\" \/>\n\t<meta property=\"og:image:type\" content=\"image\/jpeg\" \/>\n<meta name=\"author\" content=\"Xavi Andornet\" \/>\n<meta name=\"twitter:card\" content=\"summary_large_image\" \/>\n<meta name=\"twitter:label1\" content=\"Escrito por\" \/>\n\t<meta name=\"twitter:data1\" content=\"Xavi Andornet\" \/>\n\t<meta name=\"twitter:label2\" content=\"Tiempo de lectura\" \/>\n\t<meta name=\"twitter:data2\" content=\"1 minuto\" \/>\n<script type=\"application\/ld+json\" class=\"yoast-schema-graph\">{\"@context\":\"https:\/\/schema.org\",\"@graph\":[{\"@type\":\"Article\",\"@id\":\"http:\/\/esponsorama.ad\/es\/carlos-tatay-abandona-gran-premio-espana\/#article\",\"isPartOf\":{\"@id\":\"http:\/\/esponsorama.ad\/es\/carlos-tatay-abandona-gran-premio-espana\/\"},\"author\":{\"name\":\"Xavi Andornet\",\"@id\":\"http:\/\/esponsorama.ad\/es\/#\/schema\/person\/a5cde74945183d737066e46b61c6f9c4\"},\"headline\":\"CARLOS TATAY ABANDONA EN EL GRAN PREMIO DE ESPA\u00d1A\",\"datePublished\":\"2020-07-19T11:19:56+00:00\",\"mainEntityOfPage\":{\"@id\":\"http:\/\/esponsorama.ad\/es\/carlos-tatay-abandona-gran-premio-espana\/\"},\"wordCount\":262,\"image\":{\"@id\":\"http:\/\/esponsorama.ad\/es\/carlos-tatay-abandona-gran-premio-espana\/#primaryimage\"},\"thumbnailUrl\":\"http:\/\/esponsorama.ad\/wp-content\/uploads\/2020\/07\/WhatsApp-Image-2020-07-19-at-11.22.13.jpeg\",\"articleSection\":[\"Moto3\"],\"inLanguage\":\"es\"},{\"@type\":\"WebPage\",\"@id\":\"http:\/\/esponsorama.ad\/es\/carlos-tatay-abandona-gran-premio-espana\/\",\"url\":\"http:\/\/esponsorama.ad\/es\/carlos-tatay-abandona-gran-premio-espana\/\",\"name\":\"CARLOS TATAY ABANDONA EN EL GRAN PREMIO DE ESPA\u00d1A - Esponsorama\",\"isPartOf\":{\"@id\":\"http:\/\/esponsorama.ad\/es\/#website\"},\"primaryImageOfPage\":{\"@id\":\"http:\/\/esponsorama.ad\/es\/carlos-tatay-abandona-gran-premio-espana\/#primaryimage\"},\"image\":{\"@id\":\"http:\/\/esponsorama.ad\/es\/carlos-tatay-abandona-gran-premio-espana\/#primaryimage\"},\"thumbnailUrl\":\"http:\/\/esponsorama.ad\/wp-content\/uploads\/2020\/07\/WhatsApp-Image-2020-07-19-at-11.22.13.jpeg\",\"datePublished\":\"2020-07-19T11:19:56+00:00\",\"author\":{\"@id\":\"http:\/\/esponsorama.ad\/es\/#\/schema\/person\/a5cde74945183d737066e46b61c6f9c4\"},\"breadcrumb\":{\"@id\":\"http:\/\/esponsorama.ad\/es\/carlos-tatay-abandona-gran-premio-espana\/#breadcrumb\"},\"inLanguage\":\"es\",\"potentialAction\":[{\"@type\":\"ReadAction\",\"target\":[\"http:\/\/esponsorama.ad\/es\/carlos-tatay-abandona-gran-premio-espana\/\"]}]},{\"@type\":\"ImageObject\",\"inLanguage\":\"es\",\"@id\":\"http:\/\/esponsorama.ad\/es\/carlos-tatay-abandona-gran-premio-espana\/#primaryimage\",\"url\":\"http:\/\/esponsorama.ad\/wp-content\/uploads\/2020\/07\/WhatsApp-Image-2020-07-19-at-11.22.13.jpeg\",\"contentUrl\":\"http:\/\/esponsorama.ad\/wp-content\/uploads\/2020\/07\/WhatsApp-Image-2020-07-19-at-11.22.13.jpeg\",\"width\":1200,\"height\":1600},{\"@type\":\"BreadcrumbList\",\"@id\":\"http:\/\/esponsorama.ad\/es\/carlos-tatay-abandona-gran-premio-espana\/#breadcrumb\",\"itemListElement\":[{\"@type\":\"ListItem\",\"position\":1,\"name\":\"Home\",\"item\":\"http:\/\/esponsorama.ad\/ca\/\"},{\"@type\":\"ListItem\",\"position\":2,\"name\":\"CARLOS TATAY ABANDONA EN EL GRAN PREMIO DE ESPA\u00d1A\"}]},{\"@type\":\"WebSite\",\"@id\":\"http:\/\/esponsorama.ad\/es\/#website\",\"url\":\"http:\/\/esponsorama.ad\/es\/\",\"name\":\"Esponsorama\",\"description\":\"Specialist in motorsport sponsorship and event promotions\",\"potentialAction\":[{\"@type\":\"SearchAction\",\"target\":{\"@type\":\"EntryPoint\",\"urlTemplate\":\"http:\/\/esponsorama.ad\/es\/?s={search_term_string}\"},\"query-input\":{\"@type\":\"PropertyValueSpecification\",\"valueRequired\":true,\"valueName\":\"search_term_string\"}}],\"inLanguage\":\"es\"},{\"@type\":\"Person\",\"@id\":\"http:\/\/esponsorama.ad\/es\/#\/schema\/person\/a5cde74945183d737066e46b61c6f9c4\",\"name\":\"Xavi Andornet\",\"image\":{\"@type\":\"ImageObject\",\"inLanguage\":\"es\",\"@id\":\"http:\/\/esponsorama.ad\/es\/#\/schema\/person\/image\/\",\"url\":\"https:\/\/secure.gravatar.com\/avatar\/f10eaf9ad601244a2357c9fd7cd9805ed166cfaaf76d5d9ab08a9d873e70147a?s=96&d=mm&r=g\",\"contentUrl\":\"https:\/\/secure.gravatar.com\/avatar\/f10eaf9ad601244a2357c9fd7cd9805ed166cfaaf76d5d9ab08a9d873e70147a?s=96&d=mm&r=g\",\"caption\":\"Xavi Andornet\"},\"sameAs\":[\"http:\/\/www.andornet.ad\"],\"url\":\"http:\/\/esponsorama.ad\/es\/author\/andornet\/\"}]}<\/script>\n<!-- \/ Yoast SEO plugin. -->","yoast_head_json":{"title":"CARLOS TATAY ABANDONA EN EL GRAN PREMIO DE ESPA\u00d1A - Esponsorama","robots":{"index":"index","follow":"follow","max-snippet":"max-snippet:-1","max-image-preview":"max-image-preview:large","max-video-preview":"max-video-preview:-1"},"canonical":"http:\/\/esponsorama.ad\/es\/carlos-tatay-abandona-gran-premio-espana\/","og_locale":"es_ES","og_type":"article","og_title":"CARLOS TATAY ABANDONA EN EL GRAN PREMIO DE ESPA\u00d1A - Esponsorama","og_description":"El Reale Avintia Moto3 y Carlos Tatay no han retomado el Campeonato Mundial de Moto3 de la forma que deseaban. El piloto valenciano se ha visto involucrado en un incidente en los primeros instantes de la prueba y no ha podido hacer nada para evitar una ca\u00edda que no le ha permitido completar la carrera [&hellip;]","og_url":"http:\/\/esponsorama.ad\/es\/carlos-tatay-abandona-gran-premio-espana\/","og_site_name":"Esponsorama","article_published_time":"2020-07-19T11:19:56+00:00","og_image":[{"width":1200,"height":1600,"url":"http:\/\/esponsorama.ad\/wp-content\/uploads\/2020\/07\/WhatsApp-Image-2020-07-19-at-11.22.13.jpeg","type":"image\/jpeg"}],"author":"Xavi Andornet","twitter_card":"summary_large_image","twitter_misc":{"Escrito por":"Xavi Andornet","Tiempo de lectura":"1 minuto"},"schema":{"@context":"https:\/\/schema.org","@graph":[{"@type":"Article","@id":"http:\/\/esponsorama.ad\/es\/carlos-tatay-abandona-gran-premio-espana\/#article","isPartOf":{"@id":"http:\/\/esponsorama.ad\/es\/carlos-tatay-abandona-gran-premio-espana\/"},"author":{"name":"Xavi Andornet","@id":"http:\/\/esponsorama.ad\/es\/#\/schema\/person\/a5cde74945183d737066e46b61c6f9c4"},"headline":"CARLOS TATAY ABANDONA EN EL GRAN PREMIO DE ESPA\u00d1A","datePublished":"2020-07-19T11:19:56+00:00","mainEntityOfPage":{"@id":"http:\/\/esponsorama.ad\/es\/carlos-tatay-abandona-gran-premio-espana\/"},"wordCount":262,"image":{"@id":"http:\/\/esponsorama.ad\/es\/carlos-tatay-abandona-gran-premio-espana\/#primaryimage"},"thumbnailUrl":"http:\/\/esponsorama.ad\/wp-content\/uploads\/2020\/07\/WhatsApp-Image-2020-07-19-at-11.22.13.jpeg","articleSection":["Moto3"],"inLanguage":"es"},{"@type":"WebPage","@id":"http:\/\/esponsorama.ad\/es\/carlos-tatay-abandona-gran-premio-espana\/","url":"http:\/\/esponsorama.ad\/es\/carlos-tatay-abandona-gran-premio-espana\/","name":"CARLOS TATAY ABANDONA EN EL GRAN PREMIO DE ESPA\u00d1A - Esponsorama","isPartOf":{"@id":"http:\/\/esponsorama.ad\/es\/#website"},"primaryImageOfPage":{"@id":"http:\/\/esponsorama.ad\/es\/carlos-tatay-abandona-gran-premio-espana\/#primaryimage"},"image":{"@id":"http:\/\/esponsorama.ad\/es\/carlos-tatay-abandona-gran-premio-espana\/#primaryimage"},"thumbnailUrl":"http:\/\/esponsorama.ad\/wp-content\/uploads\/2020\/07\/WhatsApp-Image-2020-07-19-at-11.22.13.jpeg","datePublished":"2020-07-19T11:19:56+00:00","author":{"@id":"http:\/\/esponsorama.ad\/es\/#\/schema\/person\/a5cde74945183d737066e46b61c6f9c4"},"breadcrumb":{"@id":"http:\/\/esponsorama.ad\/es\/carlos-tatay-abandona-gran-premio-espana\/#breadcrumb"},"inLanguage":"es","potentialAction":[{"@type":"ReadAction","target":["http:\/\/esponsorama.ad\/es\/carlos-tatay-abandona-gran-premio-espana\/"]}]},{"@type":"ImageObject","inLanguage":"es","@id":"http:\/\/esponsorama.ad\/es\/carlos-tatay-abandona-gran-premio-espana\/#primaryimage","url":"http:\/\/esponsorama.ad\/wp-content\/uploads\/2020\/07\/WhatsApp-Image-2020-07-19-at-11.22.13.jpeg","contentUrl":"http:\/\/esponsorama.ad\/wp-content\/uploads\/2020\/07\/WhatsApp-Image-2020-07-19-at-11.22.13.jpeg","width":1200,"height":1600},{"@type":"BreadcrumbList","@id":"http:\/\/esponsorama.ad\/es\/carlos-tatay-abandona-gran-premio-espana\/#breadcrumb","itemListElement":[{"@type":"ListItem","position":1,"name":"Home","item":"http:\/\/esponsorama.ad\/ca\/"},{"@type":"ListItem","position":2,"name":"CARLOS TATAY ABANDONA EN EL GRAN PREMIO DE ESPA\u00d1A"}]},{"@type":"WebSite","@id":"http:\/\/esponsorama.ad\/es\/#website","url":"http:\/\/esponsorama.ad\/es\/","name":"Esponsorama","description":"Specialist in motorsport sponsorship and event promotions","potentialAction":[{"@type":"SearchAction","target":{"@type":"EntryPoint","urlTemplate":"http:\/\/esponsorama.ad\/es\/?s={search_term_string}"},"query-input":{"@type":"PropertyValueSpecification","valueRequired":true,"valueName":"search_term_string"}}],"inLanguage":"es"},{"@type":"Person","@id":"http:\/\/esponsorama.ad\/es\/#\/schema\/person\/a5cde74945183d737066e46b61c6f9c4","name":"Xavi Andornet","image":{"@type":"ImageObject","inLanguage":"es","@id":"http:\/\/esponsorama.ad\/es\/#\/schema\/person\/image\/","url":"https:\/\/secure.gravatar.com\/avatar\/f10eaf9ad601244a2357c9fd7cd9805ed166cfaaf76d5d9ab08a9d873e70147a?s=96&d=mm&r=g","contentUrl":"https:\/\/secure.gravatar.com\/avatar\/f10eaf9ad601244a2357c9fd7cd9805ed166cfaaf76d5d9ab08a9d873e70147a?s=96&d=mm&r=g","caption":"Xavi Andornet"},"sameAs":["http:\/\/www.andornet.ad"],"url":"http:\/\/esponsorama.ad\/es\/author\/andornet\/"}]}},"_links":{"self":[{"href":"http:\/\/esponsorama.ad\/es\/wp-json\/wp\/v2\/posts\/15908","targetHints":{"allow":["GET"]}}],"collection":[{"href":"http:\/\/esponsorama.ad\/es\/wp-json\/wp\/v2\/posts"}],"about":[{"href":"http:\/\/esponsorama.ad\/es\/wp-json\/wp\/v2\/types\/post"}],"author":[{"embeddable":true,"href":"http:\/\/esponsorama.ad\/es\/wp-json\/wp\/v2\/users\/6"}],"replies":[{"embeddable":true,"href":"http:\/\/esponsorama.ad\/es\/wp-json\/wp\/v2\/comments?post=15908"}],"version-history":[{"count":1,"href":"http:\/\/esponsorama.ad\/es\/wp-json\/wp\/v2\/posts\/15908\/revisions"}],"predecessor-version":[{"id":15910,"href":"http:\/\/esponsorama.ad\/es\/wp-json\/wp\/v2\/posts\/15908\/revisions\/15910"}],"wp:featuredmedia":[{"embeddable":true,"href":"http:\/\/esponsorama.ad\/es\/wp-json\/wp\/v2\/media\/15909"}],"wp:attachment":[{"href":"http:\/\/esponsorama.ad\/es\/wp-json\/wp\/v2\/media?parent=15908"}],"wp:term":[{"taxonomy":"category","embeddable":true,"href":"http:\/\/esponsorama.ad\/es\/wp-json\/wp\/v2\/categories?post=15908"},{"taxonomy":"post_tag","embeddable":true,"href":"http:\/\/esponsorama.ad\/es\/wp-json\/wp\/v2\/tags?post=15908"}],"curies":[{"name":"wp","href":"https:\/\/api.w.org\/{rel}","templated":true}]}}