{"id":15957,"date":"2020-07-27T00:35:29","date_gmt":"2020-07-26T22:35:29","guid":{"rendered":"http:\/\/esponsorama.ad\/?p=15957"},"modified":"2020-07-27T00:38:28","modified_gmt":"2020-07-26T22:38:28","slug":"carlos-tatay-suma-los-primeros-puntos-la-temporada-jerez","status":"publish","type":"post","link":"http:\/\/esponsorama.ad\/es\/carlos-tatay-suma-los-primeros-puntos-la-temporada-jerez\/","title":{"rendered":"CARLOS TATAY SUMA LOS PRIMEROS PUNTOS DE LA TEMPORADA EN JEREZ"},"content":{"rendered":"<p>El Reale Avintia Moto3 ha puesto punto final al Gran Premio de Andaluc\u00eda con un positivo fin de semana para el equipo. Carlos Tatay ha logrado los primeros puntos de la temporada en el circuito de Jerez-\u00c1ngel Nieto al cruzar la l\u00ednea de meta en 13\u00aa posici\u00f3n.<\/p>\n<p>Tras la gran actuaci\u00f3n durante la sesi\u00f3n clasificatoria, el piloto valenciano del Reale Avintia Moto3 arrancaba la tercera carrera del mundial desde la cuarta l\u00ednea de la parrilla. Gracias a una gran salida, Carlos Tatay ha podido ascender hasta la 7\u00aa posici\u00f3n. Tras mostrar un ritmo constante y mantenerse gran parte de la carrera en el segundo grupo, finalmente Tatay ha logrado sumar sus tres primeros puntos de la temporada, qued\u00e1ndose a menos de dos segundos del \u2018top-10\u2019.<\/p>\n<p>El Reale Avintia Moto3 afrontar\u00e1 la siguiente cita de la temporada en el Aut\u00f3dromo de Brno durante el 7, 8 y 9 de agosto.<\/p>\n<p>\t\t\t\t\t<div class=\"rider-short\">\n\t\t\t\t<a href=\"http:\/\/esponsorama.ad\/es\/piloto\/carlos-tatay\/\"><img loading=\"lazy\" decoding=\"async\" width=\"300\" height=\"300\" src=\"http:\/\/esponsorama.ad\/wp-content\/uploads\/2021\/02\/dorsal-tatay-gris-300x300.png\" class=\"attachment-medium size-medium\" alt=\"\" srcset=\"http:\/\/esponsorama.ad\/wp-content\/uploads\/2021\/02\/dorsal-tatay-gris-300x300.png 300w, http:\/\/esponsorama.ad\/wp-content\/uploads\/2021\/02\/dorsal-tatay-gris-150x150.png 150w, http:\/\/esponsorama.ad\/wp-content\/uploads\/2021\/02\/dorsal-tatay-gris.png 500w\" sizes=\"auto, (max-width: 300px) 100vw, 300px\" \/><\/a><div class=\"info\"><h3><a href=\"http:\/\/esponsorama.ad\/es\/piloto\/carlos-tatay\/\">Carlos Tatay<\/a> | P13<\/h3><div class=\"rrss\"><a target=\"_blank\" href=\"https:\/\/www.facebook.com\/carlostatay99\/\"><i class=\"fa fa-facebook\"><\/i><\/a><a target=\"_blank\" href=\"https:\/\/twitter.com\/carlostatay99\"><i class=\"fa fa-twitter\"><\/i><\/a><a target=\"_blank\" href=\"https:\/\/www.instagram.com\/carlostatay99\/\"><i class=\"fa fa-instagram\"><\/i><\/a><\/div><\/div>\t\t\t\t\t<\/div>\n\t\t\t\t<br \/>\n\u201cUn domingo muy positivo, estoy satisfecho con todo el trabajo que hemos hecho. En carrera me ha faltado un poco, sobretodo en las frenadas, para estar con el grupo delantero, as\u00ed que continuaremos trabajando en nuestros puntos d\u00e9biles para seguir dando pasos hacia delante. Gracias al equipo por todo el trabajo que hace cada carrera.\u201d<\/p>\n","protected":false},"excerpt":{"rendered":"<p>El Reale Avintia Moto3 ha puesto punto final al Gran Premio de Andaluc\u00eda con un positivo fin de semana para el equipo. Carlos Tatay ha logrado los primeros puntos de la temporada en el circuito de Jerez-\u00c1ngel Nieto al cruzar la l\u00ednea de meta en 13\u00aa posici\u00f3n. Tras la gran actuaci\u00f3n durante la sesi\u00f3n clasificatoria, [&hellip;]<\/p>\n","protected":false},"author":6,"featured_media":15960,"comment_status":"closed","ping_status":"closed","sticky":false,"template":"","format":"standard","meta":{"footnotes":""},"categories":[12,1],"tags":[],"class_list":["post-15957","post","type-post","status-publish","format-standard","has-post-thumbnail","hentry","category-moto3","category-sin-categoria"],"yoast_head":"<!-- This site is optimized with the Yoast SEO plugin v27.1.1 - https:\/\/yoast.com\/product\/yoast-seo-wordpress\/ -->\n<title>CARLOS TATAY SUMA LOS PRIMEROS PUNTOS DE LA TEMPORADA EN JEREZ - Esponsorama<\/title>\n<meta name=\"robots\" content=\"index, follow, max-snippet:-1, max-image-preview:large, max-video-preview:-1\" \/>\n<link rel=\"canonical\" href=\"http:\/\/esponsorama.ad\/es\/carlos-tatay-suma-los-primeros-puntos-la-temporada-jerez\/\" \/>\n<meta property=\"og:locale\" content=\"es_ES\" \/>\n<meta property=\"og:type\" content=\"article\" \/>\n<meta property=\"og:title\" content=\"CARLOS TATAY SUMA LOS PRIMEROS PUNTOS DE LA TEMPORADA EN JEREZ - Esponsorama\" \/>\n<meta property=\"og:description\" content=\"El Reale Avintia Moto3 ha puesto punto final al Gran Premio de Andaluc\u00eda con un positivo fin de semana para el equipo. Carlos Tatay ha logrado los primeros puntos de la temporada en el circuito de Jerez-\u00c1ngel Nieto al cruzar la l\u00ednea de meta en 13\u00aa posici\u00f3n. Tras la gran actuaci\u00f3n durante la sesi\u00f3n clasificatoria, [&hellip;]\" \/>\n<meta property=\"og:url\" content=\"http:\/\/esponsorama.ad\/es\/carlos-tatay-suma-los-primeros-puntos-la-temporada-jerez\/\" \/>\n<meta property=\"og:site_name\" content=\"Esponsorama\" \/>\n<meta property=\"article:published_time\" content=\"2020-07-26T22:35:29+00:00\" \/>\n<meta property=\"article:modified_time\" content=\"2020-07-26T22:38:28+00:00\" \/>\n<meta property=\"og:image\" content=\"http:\/\/esponsorama.ad\/wp-content\/uploads\/2020\/07\/03Jerez20M3_EsponsoramaTatay_DSC1906.jpg\" \/>\n\t<meta property=\"og:image:width\" content=\"3500\" \/>\n\t<meta property=\"og:image:height\" content=\"2333\" \/>\n\t<meta property=\"og:image:type\" content=\"image\/jpeg\" \/>\n<meta name=\"author\" content=\"Xavi Andornet\" \/>\n<meta name=\"twitter:card\" content=\"summary_large_image\" \/>\n<meta name=\"twitter:label1\" content=\"Escrito por\" \/>\n\t<meta name=\"twitter:data1\" content=\"Xavi Andornet\" \/>\n\t<meta name=\"twitter:label2\" content=\"Tiempo de lectura\" \/>\n\t<meta name=\"twitter:data2\" content=\"1 minuto\" \/>\n<script type=\"application\/ld+json\" class=\"yoast-schema-graph\">{\"@context\":\"https:\/\/schema.org\",\"@graph\":[{\"@type\":\"Article\",\"@id\":\"http:\/\/esponsorama.ad\/es\/carlos-tatay-suma-los-primeros-puntos-la-temporada-jerez\/#article\",\"isPartOf\":{\"@id\":\"http:\/\/esponsorama.ad\/es\/carlos-tatay-suma-los-primeros-puntos-la-temporada-jerez\/\"},\"author\":{\"name\":\"Xavi Andornet\",\"@id\":\"http:\/\/esponsorama.ad\/es\/#\/schema\/person\/a5cde74945183d737066e46b61c6f9c4\"},\"headline\":\"CARLOS TATAY SUMA LOS PRIMEROS PUNTOS DE LA TEMPORADA EN JEREZ\",\"datePublished\":\"2020-07-26T22:35:29+00:00\",\"dateModified\":\"2020-07-26T22:38:28+00:00\",\"mainEntityOfPage\":{\"@id\":\"http:\/\/esponsorama.ad\/es\/carlos-tatay-suma-los-primeros-puntos-la-temporada-jerez\/\"},\"wordCount\":224,\"image\":{\"@id\":\"http:\/\/esponsorama.ad\/es\/carlos-tatay-suma-los-primeros-puntos-la-temporada-jerez\/#primaryimage\"},\"thumbnailUrl\":\"http:\/\/esponsorama.ad\/wp-content\/uploads\/2020\/07\/03Jerez20M3_EsponsoramaTatay_DSC1906.jpg\",\"articleSection\":[\"Moto3\"],\"inLanguage\":\"es\"},{\"@type\":\"WebPage\",\"@id\":\"http:\/\/esponsorama.ad\/es\/carlos-tatay-suma-los-primeros-puntos-la-temporada-jerez\/\",\"url\":\"http:\/\/esponsorama.ad\/es\/carlos-tatay-suma-los-primeros-puntos-la-temporada-jerez\/\",\"name\":\"CARLOS TATAY SUMA LOS PRIMEROS PUNTOS DE LA TEMPORADA EN JEREZ - Esponsorama\",\"isPartOf\":{\"@id\":\"http:\/\/esponsorama.ad\/es\/#website\"},\"primaryImageOfPage\":{\"@id\":\"http:\/\/esponsorama.ad\/es\/carlos-tatay-suma-los-primeros-puntos-la-temporada-jerez\/#primaryimage\"},\"image\":{\"@id\":\"http:\/\/esponsorama.ad\/es\/carlos-tatay-suma-los-primeros-puntos-la-temporada-jerez\/#primaryimage\"},\"thumbnailUrl\":\"http:\/\/esponsorama.ad\/wp-content\/uploads\/2020\/07\/03Jerez20M3_EsponsoramaTatay_DSC1906.jpg\",\"datePublished\":\"2020-07-26T22:35:29+00:00\",\"dateModified\":\"2020-07-26T22:38:28+00:00\",\"author\":{\"@id\":\"http:\/\/esponsorama.ad\/es\/#\/schema\/person\/a5cde74945183d737066e46b61c6f9c4\"},\"breadcrumb\":{\"@id\":\"http:\/\/esponsorama.ad\/es\/carlos-tatay-suma-los-primeros-puntos-la-temporada-jerez\/#breadcrumb\"},\"inLanguage\":\"es\",\"potentialAction\":[{\"@type\":\"ReadAction\",\"target\":[\"http:\/\/esponsorama.ad\/es\/carlos-tatay-suma-los-primeros-puntos-la-temporada-jerez\/\"]}]},{\"@type\":\"ImageObject\",\"inLanguage\":\"es\",\"@id\":\"http:\/\/esponsorama.ad\/es\/carlos-tatay-suma-los-primeros-puntos-la-temporada-jerez\/#primaryimage\",\"url\":\"http:\/\/esponsorama.ad\/wp-content\/uploads\/2020\/07\/03Jerez20M3_EsponsoramaTatay_DSC1906.jpg\",\"contentUrl\":\"http:\/\/esponsorama.ad\/wp-content\/uploads\/2020\/07\/03Jerez20M3_EsponsoramaTatay_DSC1906.jpg\",\"width\":3500,\"height\":2333,\"caption\":\"03 Jerez GP 23 al 26 de Junio de 2020 circuito Angel Nieto, Jerez de la Frontera, Espa\u00f1a\"},{\"@type\":\"BreadcrumbList\",\"@id\":\"http:\/\/esponsorama.ad\/es\/carlos-tatay-suma-los-primeros-puntos-la-temporada-jerez\/#breadcrumb\",\"itemListElement\":[{\"@type\":\"ListItem\",\"position\":1,\"name\":\"Home\",\"item\":\"http:\/\/esponsorama.ad\/es\/\"},{\"@type\":\"ListItem\",\"position\":2,\"name\":\"CARLOS TATAY SUMA LOS PRIMEROS PUNTOS DE LA TEMPORADA EN JEREZ\"}]},{\"@type\":\"WebSite\",\"@id\":\"http:\/\/esponsorama.ad\/es\/#website\",\"url\":\"http:\/\/esponsorama.ad\/es\/\",\"name\":\"Esponsorama\",\"description\":\"Specialist in motorsport sponsorship and event promotions\",\"potentialAction\":[{\"@type\":\"SearchAction\",\"target\":{\"@type\":\"EntryPoint\",\"urlTemplate\":\"http:\/\/esponsorama.ad\/es\/?s={search_term_string}\"},\"query-input\":{\"@type\":\"PropertyValueSpecification\",\"valueRequired\":true,\"valueName\":\"search_term_string\"}}],\"inLanguage\":\"es\"},{\"@type\":\"Person\",\"@id\":\"http:\/\/esponsorama.ad\/es\/#\/schema\/person\/a5cde74945183d737066e46b61c6f9c4\",\"name\":\"Xavi Andornet\",\"image\":{\"@type\":\"ImageObject\",\"inLanguage\":\"es\",\"@id\":\"http:\/\/esponsorama.ad\/es\/#\/schema\/person\/image\/\",\"url\":\"https:\/\/secure.gravatar.com\/avatar\/f10eaf9ad601244a2357c9fd7cd9805ed166cfaaf76d5d9ab08a9d873e70147a?s=96&d=mm&r=g\",\"contentUrl\":\"https:\/\/secure.gravatar.com\/avatar\/f10eaf9ad601244a2357c9fd7cd9805ed166cfaaf76d5d9ab08a9d873e70147a?s=96&d=mm&r=g\",\"caption\":\"Xavi Andornet\"},\"sameAs\":[\"http:\/\/www.andornet.ad\"],\"url\":\"http:\/\/esponsorama.ad\/es\/author\/andornet\/\"}]}<\/script>\n<!-- \/ Yoast SEO plugin. -->","yoast_head_json":{"title":"CARLOS TATAY SUMA LOS PRIMEROS PUNTOS DE LA TEMPORADA EN JEREZ - Esponsorama","robots":{"index":"index","follow":"follow","max-snippet":"max-snippet:-1","max-image-preview":"max-image-preview:large","max-video-preview":"max-video-preview:-1"},"canonical":"http:\/\/esponsorama.ad\/es\/carlos-tatay-suma-los-primeros-puntos-la-temporada-jerez\/","og_locale":"es_ES","og_type":"article","og_title":"CARLOS TATAY SUMA LOS PRIMEROS PUNTOS DE LA TEMPORADA EN JEREZ - Esponsorama","og_description":"El Reale Avintia Moto3 ha puesto punto final al Gran Premio de Andaluc\u00eda con un positivo fin de semana para el equipo. Carlos Tatay ha logrado los primeros puntos de la temporada en el circuito de Jerez-\u00c1ngel Nieto al cruzar la l\u00ednea de meta en 13\u00aa posici\u00f3n. Tras la gran actuaci\u00f3n durante la sesi\u00f3n clasificatoria, [&hellip;]","og_url":"http:\/\/esponsorama.ad\/es\/carlos-tatay-suma-los-primeros-puntos-la-temporada-jerez\/","og_site_name":"Esponsorama","article_published_time":"2020-07-26T22:35:29+00:00","article_modified_time":"2020-07-26T22:38:28+00:00","og_image":[{"width":3500,"height":2333,"url":"http:\/\/esponsorama.ad\/wp-content\/uploads\/2020\/07\/03Jerez20M3_EsponsoramaTatay_DSC1906.jpg","type":"image\/jpeg"}],"author":"Xavi Andornet","twitter_card":"summary_large_image","twitter_misc":{"Escrito por":"Xavi Andornet","Tiempo de lectura":"1 minuto"},"schema":{"@context":"https:\/\/schema.org","@graph":[{"@type":"Article","@id":"http:\/\/esponsorama.ad\/es\/carlos-tatay-suma-los-primeros-puntos-la-temporada-jerez\/#article","isPartOf":{"@id":"http:\/\/esponsorama.ad\/es\/carlos-tatay-suma-los-primeros-puntos-la-temporada-jerez\/"},"author":{"name":"Xavi Andornet","@id":"http:\/\/esponsorama.ad\/es\/#\/schema\/person\/a5cde74945183d737066e46b61c6f9c4"},"headline":"CARLOS TATAY SUMA LOS PRIMEROS PUNTOS DE LA TEMPORADA EN JEREZ","datePublished":"2020-07-26T22:35:29+00:00","dateModified":"2020-07-26T22:38:28+00:00","mainEntityOfPage":{"@id":"http:\/\/esponsorama.ad\/es\/carlos-tatay-suma-los-primeros-puntos-la-temporada-jerez\/"},"wordCount":224,"image":{"@id":"http:\/\/esponsorama.ad\/es\/carlos-tatay-suma-los-primeros-puntos-la-temporada-jerez\/#primaryimage"},"thumbnailUrl":"http:\/\/esponsorama.ad\/wp-content\/uploads\/2020\/07\/03Jerez20M3_EsponsoramaTatay_DSC1906.jpg","articleSection":["Moto3"],"inLanguage":"es"},{"@type":"WebPage","@id":"http:\/\/esponsorama.ad\/es\/carlos-tatay-suma-los-primeros-puntos-la-temporada-jerez\/","url":"http:\/\/esponsorama.ad\/es\/carlos-tatay-suma-los-primeros-puntos-la-temporada-jerez\/","name":"CARLOS TATAY SUMA LOS PRIMEROS PUNTOS DE LA TEMPORADA EN JEREZ - Esponsorama","isPartOf":{"@id":"http:\/\/esponsorama.ad\/es\/#website"},"primaryImageOfPage":{"@id":"http:\/\/esponsorama.ad\/es\/carlos-tatay-suma-los-primeros-puntos-la-temporada-jerez\/#primaryimage"},"image":{"@id":"http:\/\/esponsorama.ad\/es\/carlos-tatay-suma-los-primeros-puntos-la-temporada-jerez\/#primaryimage"},"thumbnailUrl":"http:\/\/esponsorama.ad\/wp-content\/uploads\/2020\/07\/03Jerez20M3_EsponsoramaTatay_DSC1906.jpg","datePublished":"2020-07-26T22:35:29+00:00","dateModified":"2020-07-26T22:38:28+00:00","author":{"@id":"http:\/\/esponsorama.ad\/es\/#\/schema\/person\/a5cde74945183d737066e46b61c6f9c4"},"breadcrumb":{"@id":"http:\/\/esponsorama.ad\/es\/carlos-tatay-suma-los-primeros-puntos-la-temporada-jerez\/#breadcrumb"},"inLanguage":"es","potentialAction":[{"@type":"ReadAction","target":["http:\/\/esponsorama.ad\/es\/carlos-tatay-suma-los-primeros-puntos-la-temporada-jerez\/"]}]},{"@type":"ImageObject","inLanguage":"es","@id":"http:\/\/esponsorama.ad\/es\/carlos-tatay-suma-los-primeros-puntos-la-temporada-jerez\/#primaryimage","url":"http:\/\/esponsorama.ad\/wp-content\/uploads\/2020\/07\/03Jerez20M3_EsponsoramaTatay_DSC1906.jpg","contentUrl":"http:\/\/esponsorama.ad\/wp-content\/uploads\/2020\/07\/03Jerez20M3_EsponsoramaTatay_DSC1906.jpg","width":3500,"height":2333,"caption":"03 Jerez GP 23 al 26 de Junio de 2020 circuito Angel Nieto, Jerez de la Frontera, Espa\u00f1a"},{"@type":"BreadcrumbList","@id":"http:\/\/esponsorama.ad\/es\/carlos-tatay-suma-los-primeros-puntos-la-temporada-jerez\/#breadcrumb","itemListElement":[{"@type":"ListItem","position":1,"name":"Home","item":"http:\/\/esponsorama.ad\/es\/"},{"@type":"ListItem","position":2,"name":"CARLOS TATAY SUMA LOS PRIMEROS PUNTOS DE LA TEMPORADA EN JEREZ"}]},{"@type":"WebSite","@id":"http:\/\/esponsorama.ad\/es\/#website","url":"http:\/\/esponsorama.ad\/es\/","name":"Esponsorama","description":"Specialist in motorsport sponsorship and event promotions","potentialAction":[{"@type":"SearchAction","target":{"@type":"EntryPoint","urlTemplate":"http:\/\/esponsorama.ad\/es\/?s={search_term_string}"},"query-input":{"@type":"PropertyValueSpecification","valueRequired":true,"valueName":"search_term_string"}}],"inLanguage":"es"},{"@type":"Person","@id":"http:\/\/esponsorama.ad\/es\/#\/schema\/person\/a5cde74945183d737066e46b61c6f9c4","name":"Xavi Andornet","image":{"@type":"ImageObject","inLanguage":"es","@id":"http:\/\/esponsorama.ad\/es\/#\/schema\/person\/image\/","url":"https:\/\/secure.gravatar.com\/avatar\/f10eaf9ad601244a2357c9fd7cd9805ed166cfaaf76d5d9ab08a9d873e70147a?s=96&d=mm&r=g","contentUrl":"https:\/\/secure.gravatar.com\/avatar\/f10eaf9ad601244a2357c9fd7cd9805ed166cfaaf76d5d9ab08a9d873e70147a?s=96&d=mm&r=g","caption":"Xavi Andornet"},"sameAs":["http:\/\/www.andornet.ad"],"url":"http:\/\/esponsorama.ad\/es\/author\/andornet\/"}]}},"_links":{"self":[{"href":"http:\/\/esponsorama.ad\/es\/wp-json\/wp\/v2\/posts\/15957","targetHints":{"allow":["GET"]}}],"collection":[{"href":"http:\/\/esponsorama.ad\/es\/wp-json\/wp\/v2\/posts"}],"about":[{"href":"http:\/\/esponsorama.ad\/es\/wp-json\/wp\/v2\/types\/post"}],"author":[{"embeddable":true,"href":"http:\/\/esponsorama.ad\/es\/wp-json\/wp\/v2\/users\/6"}],"replies":[{"embeddable":true,"href":"http:\/\/esponsorama.ad\/es\/wp-json\/wp\/v2\/comments?post=15957"}],"version-history":[{"count":1,"href":"http:\/\/esponsorama.ad\/es\/wp-json\/wp\/v2\/posts\/15957\/revisions"}],"predecessor-version":[{"id":15961,"href":"http:\/\/esponsorama.ad\/es\/wp-json\/wp\/v2\/posts\/15957\/revisions\/15961"}],"wp:featuredmedia":[{"embeddable":true,"href":"http:\/\/esponsorama.ad\/es\/wp-json\/wp\/v2\/media\/15960"}],"wp:attachment":[{"href":"http:\/\/esponsorama.ad\/es\/wp-json\/wp\/v2\/media?parent=15957"}],"wp:term":[{"taxonomy":"category","embeddable":true,"href":"http:\/\/esponsorama.ad\/es\/wp-json\/wp\/v2\/categories?post=15957"},{"taxonomy":"post_tag","embeddable":true,"href":"http:\/\/esponsorama.ad\/es\/wp-json\/wp\/v2\/tags?post=15957"}],"curies":[{"name":"wp","href":"https:\/\/api.w.org\/{rel}","templated":true}]}}