{"id":15963,"date":"2020-07-27T00:46:34","date_gmt":"2020-07-26T22:46:34","guid":{"rendered":"http:\/\/esponsorama.ad\/?p=15963"},"modified":"2020-07-27T00:46:34","modified_gmt":"2020-07-26T22:46:34","slug":"avintia-esponsorama-racing-quiere-consolidarse-la-segunda-cita-la-temporada-jerez","status":"publish","type":"post","link":"http:\/\/esponsorama.ad\/es\/avintia-esponsorama-racing-quiere-consolidarse-la-segunda-cita-la-temporada-jerez\/","title":{"rendered":"EL AVINTIA ESPONSORAMA RACING QUIERE CONSOLIDARSE EN LA SEGUNDA CITA DE LA TEMPORADA EL JEREZ"},"content":{"rendered":"<p>El Avintia Esponsorama Racing afronta una nueva semana de carreras tras el exitoso Gran Premio de Espa\u00f1a. Sin tiempo para descansar, la Copa del Mundo de MotoE disputar\u00e1 este fin de semana la que ser\u00e1 la segunda carrera consecutiva de la temporada en el Circuito de Jerez-\u00c1ngel Nieto, donde se celebrar\u00e1 el Gran Premio de Andaluc\u00eda.<\/p>\n<p>Eric Granado, dominador absoluto de la primera cita de la temporada, encara como l\u00edder de la categor\u00eda el segundo fin de semana de competici\u00f3n. El brasile\u00f1o, que logr\u00f3 de forma contundente la victoria en la carrera inaugural del campeonato, llega como favorito al trazado jerezano.<\/p>\n<p>Por su parte, Xavi Cardel\u00fas, que complet\u00f3 el primer fin de semana en una categor\u00eda completamente nueva para \u00e9l, llega al Gran Premio de Andaluc\u00eda con un punto m\u00e1s de experiencia, entendiendo mejor la Energica Ego Corsa y conociendo cada vez m\u00e1s el nuevo formato de competici\u00f3n que ofrece la categor\u00eda.<\/p>\n<p>Ser\u00e1 este viernes cuando los pilotos del Avintia Esponsorama Racing disputen los primeros entrenamientos libres para dar comienzo un Gran Premio de Andaluc\u00eda el cu\u00e1l todo el equipo afronta con expectativas muy altas tras el triunfal inicio del campeonato.<\/p>\n<p>\t\t\t\t\t<div class=\"rider-short\">\n\t\t\t\t<a href=\"http:\/\/esponsorama.ad\/es\/piloto\/eric-granado\/\"><img loading=\"lazy\" decoding=\"async\" width=\"300\" height=\"300\" src=\"http:\/\/esponsorama.ad\/wp-content\/uploads\/2018\/10\/numero-granado-comunicados-2018.png\" class=\"attachment-medium size-medium\" alt=\"\" srcset=\"http:\/\/esponsorama.ad\/wp-content\/uploads\/2018\/10\/numero-granado-comunicados-2018.png 300w, http:\/\/esponsorama.ad\/wp-content\/uploads\/2018\/10\/numero-granado-comunicados-2018-150x150.png 150w\" sizes=\"auto, (max-width: 300px) 100vw, 300px\" \/><\/a><div class=\"info\"><h3><a href=\"http:\/\/esponsorama.ad\/es\/piloto\/eric-granado\/\">Eric Granado<\/a><\/h3><div class=\"rrss\"><a target=\"_blank\" href=\"https:\/\/www.facebook.com\/PilotoEricGranado\/?ref=br_rs\"><i class=\"fa fa-facebook\"><\/i><\/a><a target=\"_blank\" href=\"https:\/\/twitter.com\/ericgranado\"><i class=\"fa fa-twitter\"><\/i><\/a><a target=\"_blank\" href=\"https:\/\/www.instagram.com\/ericgranado\/\"><i class=\"fa fa-instagram\"><\/i><\/a><\/div><\/div>\t\t\t\t\t<\/div>\n\t\t\t\t<br \/>\n\u201cEl fin de semana se presenta muy bien, estoy muy motivado y contento despu\u00e9s del gran trabajo que hicimos en la primera carrera del a\u00f1o. No veo el momento de volver a pista para continuar trabajando con el equipo. Este fin de semana, aunque sea el mismo circuito, empezamos desde cero, trabajando con mucha concentraci\u00f3n y centr\u00e1ndonos en mejorar en los puntos en los que nos falta. Desde el viernes intentaremos preparar la moto lo mejor posible de cara a la carrera del domingo que es lo importante.\u201d<\/p>\n<p>\t\t\t\t\t<div class=\"rider-short\">\n\t\t\t\t<a href=\"http:\/\/esponsorama.ad\/es\/piloto\/xavier-cardelus\/\"><img loading=\"lazy\" decoding=\"async\" width=\"300\" height=\"300\" src=\"http:\/\/esponsorama.ad\/wp-content\/uploads\/2021\/02\/dorsal-cardelus-gris-300x300.png\" class=\"attachment-medium size-medium\" alt=\"\" srcset=\"http:\/\/esponsorama.ad\/wp-content\/uploads\/2021\/02\/dorsal-cardelus-gris-300x300.png 300w, http:\/\/esponsorama.ad\/wp-content\/uploads\/2021\/02\/dorsal-cardelus-gris-150x150.png 150w, http:\/\/esponsorama.ad\/wp-content\/uploads\/2021\/02\/dorsal-cardelus-gris.png 500w\" sizes=\"auto, (max-width: 300px) 100vw, 300px\" \/><\/a><div class=\"info\"><h3><a href=\"http:\/\/esponsorama.ad\/es\/piloto\/xavier-cardelus\/\">Xavier Cardel\u00fas<\/a><\/h3><div class=\"rrss\"><a target=\"_blank\" href=\"https:\/\/twitter.com\/xavicardelus\"><i class=\"fa fa-twitter\"><\/i><\/a><a target=\"_blank\" href=\"https:\/\/www.instagram.com\/xavicardelus\/\"><i class=\"fa fa-instagram\"><\/i><\/a><\/div><\/div>\t\t\t\t\t<\/div>\n\t\t\t\t<br \/>\n\u00abAfrontamos la segunda carrera del campeonato con much\u00edsimas ganas ya que hemos ido haciendo buenos pasos durante el primer fin de semana y nos quedamos con ganas de hacerlo mejor. Estoy seguro que daremos un gran paso y estaremos en posiciones m\u00e1s delanteras.\u00bb<\/p>\n","protected":false},"excerpt":{"rendered":"<p>El Avintia Esponsorama Racing afronta una nueva semana de carreras tras el exitoso Gran Premio de Espa\u00f1a. Sin tiempo para descansar, la Copa del Mundo de MotoE disputar\u00e1 este fin de semana la que ser\u00e1 la segunda carrera consecutiva de la temporada en el Circuito de Jerez-\u00c1ngel Nieto, donde se celebrar\u00e1 el Gran Premio de [&hellip;]<\/p>\n","protected":false},"author":6,"featured_media":15967,"comment_status":"closed","ping_status":"closed","sticky":false,"template":"","format":"standard","meta":{"footnotes":""},"categories":[21],"tags":[],"class_list":["post-15963","post","type-post","status-publish","format-standard","has-post-thumbnail","hentry","category-motoe"],"yoast_head":"<!-- This site is optimized with the Yoast SEO plugin v27.1.1 - https:\/\/yoast.com\/product\/yoast-seo-wordpress\/ -->\n<title>EL AVINTIA ESPONSORAMA RACING QUIERE CONSOLIDARSE EN LA SEGUNDA CITA DE LA TEMPORADA EL JEREZ - Esponsorama<\/title>\n<meta name=\"robots\" content=\"index, follow, max-snippet:-1, max-image-preview:large, max-video-preview:-1\" \/>\n<link rel=\"canonical\" href=\"http:\/\/esponsorama.ad\/es\/avintia-esponsorama-racing-quiere-consolidarse-la-segunda-cita-la-temporada-jerez\/\" \/>\n<meta property=\"og:locale\" content=\"es_ES\" \/>\n<meta property=\"og:type\" content=\"article\" \/>\n<meta property=\"og:title\" content=\"EL AVINTIA ESPONSORAMA RACING QUIERE CONSOLIDARSE EN LA SEGUNDA CITA DE LA TEMPORADA EL JEREZ - Esponsorama\" \/>\n<meta property=\"og:description\" content=\"El Avintia Esponsorama Racing afronta una nueva semana de carreras tras el exitoso Gran Premio de Espa\u00f1a. Sin tiempo para descansar, la Copa del Mundo de MotoE disputar\u00e1 este fin de semana la que ser\u00e1 la segunda carrera consecutiva de la temporada en el Circuito de Jerez-\u00c1ngel Nieto, donde se celebrar\u00e1 el Gran Premio de [&hellip;]\" \/>\n<meta property=\"og:url\" content=\"http:\/\/esponsorama.ad\/es\/avintia-esponsorama-racing-quiere-consolidarse-la-segunda-cita-la-temporada-jerez\/\" \/>\n<meta property=\"og:site_name\" content=\"Esponsorama\" \/>\n<meta property=\"article:published_time\" content=\"2020-07-26T22:46:34+00:00\" \/>\n<meta property=\"og:image\" content=\"http:\/\/esponsorama.ad\/wp-content\/uploads\/2020\/07\/FOTO1-1.jpeg\" \/>\n\t<meta property=\"og:image:width\" content=\"1200\" \/>\n\t<meta property=\"og:image:height\" content=\"900\" \/>\n\t<meta property=\"og:image:type\" content=\"image\/jpeg\" \/>\n<meta name=\"author\" content=\"Xavi Andornet\" \/>\n<meta name=\"twitter:card\" content=\"summary_large_image\" \/>\n<meta name=\"twitter:label1\" content=\"Escrito por\" \/>\n\t<meta name=\"twitter:data1\" content=\"Xavi Andornet\" \/>\n\t<meta name=\"twitter:label2\" content=\"Tiempo de lectura\" \/>\n\t<meta name=\"twitter:data2\" content=\"2 minutos\" \/>\n<script type=\"application\/ld+json\" class=\"yoast-schema-graph\">{\"@context\":\"https:\/\/schema.org\",\"@graph\":[{\"@type\":\"Article\",\"@id\":\"http:\/\/esponsorama.ad\/es\/avintia-esponsorama-racing-quiere-consolidarse-la-segunda-cita-la-temporada-jerez\/#article\",\"isPartOf\":{\"@id\":\"http:\/\/esponsorama.ad\/es\/avintia-esponsorama-racing-quiere-consolidarse-la-segunda-cita-la-temporada-jerez\/\"},\"author\":{\"name\":\"Xavi Andornet\",\"@id\":\"http:\/\/esponsorama.ad\/es\/#\/schema\/person\/a5cde74945183d737066e46b61c6f9c4\"},\"headline\":\"EL AVINTIA ESPONSORAMA RACING QUIERE CONSOLIDARSE EN LA SEGUNDA CITA DE LA TEMPORADA EL JEREZ\",\"datePublished\":\"2020-07-26T22:46:34+00:00\",\"mainEntityOfPage\":{\"@id\":\"http:\/\/esponsorama.ad\/es\/avintia-esponsorama-racing-quiere-consolidarse-la-segunda-cita-la-temporada-jerez\/\"},\"wordCount\":363,\"image\":{\"@id\":\"http:\/\/esponsorama.ad\/es\/avintia-esponsorama-racing-quiere-consolidarse-la-segunda-cita-la-temporada-jerez\/#primaryimage\"},\"thumbnailUrl\":\"http:\/\/esponsorama.ad\/wp-content\/uploads\/2020\/07\/FOTO1-1.jpeg\",\"articleSection\":[\"MotoE\"],\"inLanguage\":\"es\"},{\"@type\":\"WebPage\",\"@id\":\"http:\/\/esponsorama.ad\/es\/avintia-esponsorama-racing-quiere-consolidarse-la-segunda-cita-la-temporada-jerez\/\",\"url\":\"http:\/\/esponsorama.ad\/es\/avintia-esponsorama-racing-quiere-consolidarse-la-segunda-cita-la-temporada-jerez\/\",\"name\":\"EL AVINTIA ESPONSORAMA RACING QUIERE CONSOLIDARSE EN LA SEGUNDA CITA DE LA TEMPORADA EL JEREZ - Esponsorama\",\"isPartOf\":{\"@id\":\"http:\/\/esponsorama.ad\/es\/#website\"},\"primaryImageOfPage\":{\"@id\":\"http:\/\/esponsorama.ad\/es\/avintia-esponsorama-racing-quiere-consolidarse-la-segunda-cita-la-temporada-jerez\/#primaryimage\"},\"image\":{\"@id\":\"http:\/\/esponsorama.ad\/es\/avintia-esponsorama-racing-quiere-consolidarse-la-segunda-cita-la-temporada-jerez\/#primaryimage\"},\"thumbnailUrl\":\"http:\/\/esponsorama.ad\/wp-content\/uploads\/2020\/07\/FOTO1-1.jpeg\",\"datePublished\":\"2020-07-26T22:46:34+00:00\",\"author\":{\"@id\":\"http:\/\/esponsorama.ad\/es\/#\/schema\/person\/a5cde74945183d737066e46b61c6f9c4\"},\"breadcrumb\":{\"@id\":\"http:\/\/esponsorama.ad\/es\/avintia-esponsorama-racing-quiere-consolidarse-la-segunda-cita-la-temporada-jerez\/#breadcrumb\"},\"inLanguage\":\"es\",\"potentialAction\":[{\"@type\":\"ReadAction\",\"target\":[\"http:\/\/esponsorama.ad\/es\/avintia-esponsorama-racing-quiere-consolidarse-la-segunda-cita-la-temporada-jerez\/\"]}]},{\"@type\":\"ImageObject\",\"inLanguage\":\"es\",\"@id\":\"http:\/\/esponsorama.ad\/es\/avintia-esponsorama-racing-quiere-consolidarse-la-segunda-cita-la-temporada-jerez\/#primaryimage\",\"url\":\"http:\/\/esponsorama.ad\/wp-content\/uploads\/2020\/07\/FOTO1-1.jpeg\",\"contentUrl\":\"http:\/\/esponsorama.ad\/wp-content\/uploads\/2020\/07\/FOTO1-1.jpeg\",\"width\":1200,\"height\":900},{\"@type\":\"BreadcrumbList\",\"@id\":\"http:\/\/esponsorama.ad\/es\/avintia-esponsorama-racing-quiere-consolidarse-la-segunda-cita-la-temporada-jerez\/#breadcrumb\",\"itemListElement\":[{\"@type\":\"ListItem\",\"position\":1,\"name\":\"Home\",\"item\":\"http:\/\/esponsorama.ad\/en\/\"},{\"@type\":\"ListItem\",\"position\":2,\"name\":\"EL AVINTIA ESPONSORAMA RACING QUIERE CONSOLIDARSE EN LA SEGUNDA CITA DE LA TEMPORADA EL JEREZ\"}]},{\"@type\":\"WebSite\",\"@id\":\"http:\/\/esponsorama.ad\/es\/#website\",\"url\":\"http:\/\/esponsorama.ad\/es\/\",\"name\":\"Esponsorama\",\"description\":\"Specialist in motorsport sponsorship and event promotions\",\"potentialAction\":[{\"@type\":\"SearchAction\",\"target\":{\"@type\":\"EntryPoint\",\"urlTemplate\":\"http:\/\/esponsorama.ad\/es\/?s={search_term_string}\"},\"query-input\":{\"@type\":\"PropertyValueSpecification\",\"valueRequired\":true,\"valueName\":\"search_term_string\"}}],\"inLanguage\":\"es\"},{\"@type\":\"Person\",\"@id\":\"http:\/\/esponsorama.ad\/es\/#\/schema\/person\/a5cde74945183d737066e46b61c6f9c4\",\"name\":\"Xavi Andornet\",\"image\":{\"@type\":\"ImageObject\",\"inLanguage\":\"es\",\"@id\":\"http:\/\/esponsorama.ad\/es\/#\/schema\/person\/image\/\",\"url\":\"https:\/\/secure.gravatar.com\/avatar\/f10eaf9ad601244a2357c9fd7cd9805ed166cfaaf76d5d9ab08a9d873e70147a?s=96&d=mm&r=g\",\"contentUrl\":\"https:\/\/secure.gravatar.com\/avatar\/f10eaf9ad601244a2357c9fd7cd9805ed166cfaaf76d5d9ab08a9d873e70147a?s=96&d=mm&r=g\",\"caption\":\"Xavi Andornet\"},\"sameAs\":[\"http:\/\/www.andornet.ad\"],\"url\":\"http:\/\/esponsorama.ad\/es\/author\/andornet\/\"}]}<\/script>\n<!-- \/ Yoast SEO plugin. -->","yoast_head_json":{"title":"EL AVINTIA ESPONSORAMA RACING QUIERE CONSOLIDARSE EN LA SEGUNDA CITA DE LA TEMPORADA EL JEREZ - Esponsorama","robots":{"index":"index","follow":"follow","max-snippet":"max-snippet:-1","max-image-preview":"max-image-preview:large","max-video-preview":"max-video-preview:-1"},"canonical":"http:\/\/esponsorama.ad\/es\/avintia-esponsorama-racing-quiere-consolidarse-la-segunda-cita-la-temporada-jerez\/","og_locale":"es_ES","og_type":"article","og_title":"EL AVINTIA ESPONSORAMA RACING QUIERE CONSOLIDARSE EN LA SEGUNDA CITA DE LA TEMPORADA EL JEREZ - Esponsorama","og_description":"El Avintia Esponsorama Racing afronta una nueva semana de carreras tras el exitoso Gran Premio de Espa\u00f1a. Sin tiempo para descansar, la Copa del Mundo de MotoE disputar\u00e1 este fin de semana la que ser\u00e1 la segunda carrera consecutiva de la temporada en el Circuito de Jerez-\u00c1ngel Nieto, donde se celebrar\u00e1 el Gran Premio de [&hellip;]","og_url":"http:\/\/esponsorama.ad\/es\/avintia-esponsorama-racing-quiere-consolidarse-la-segunda-cita-la-temporada-jerez\/","og_site_name":"Esponsorama","article_published_time":"2020-07-26T22:46:34+00:00","og_image":[{"width":1200,"height":900,"url":"http:\/\/esponsorama.ad\/wp-content\/uploads\/2020\/07\/FOTO1-1.jpeg","type":"image\/jpeg"}],"author":"Xavi Andornet","twitter_card":"summary_large_image","twitter_misc":{"Escrito por":"Xavi Andornet","Tiempo de lectura":"2 minutos"},"schema":{"@context":"https:\/\/schema.org","@graph":[{"@type":"Article","@id":"http:\/\/esponsorama.ad\/es\/avintia-esponsorama-racing-quiere-consolidarse-la-segunda-cita-la-temporada-jerez\/#article","isPartOf":{"@id":"http:\/\/esponsorama.ad\/es\/avintia-esponsorama-racing-quiere-consolidarse-la-segunda-cita-la-temporada-jerez\/"},"author":{"name":"Xavi Andornet","@id":"http:\/\/esponsorama.ad\/es\/#\/schema\/person\/a5cde74945183d737066e46b61c6f9c4"},"headline":"EL AVINTIA ESPONSORAMA RACING QUIERE CONSOLIDARSE EN LA SEGUNDA CITA DE LA TEMPORADA EL JEREZ","datePublished":"2020-07-26T22:46:34+00:00","mainEntityOfPage":{"@id":"http:\/\/esponsorama.ad\/es\/avintia-esponsorama-racing-quiere-consolidarse-la-segunda-cita-la-temporada-jerez\/"},"wordCount":363,"image":{"@id":"http:\/\/esponsorama.ad\/es\/avintia-esponsorama-racing-quiere-consolidarse-la-segunda-cita-la-temporada-jerez\/#primaryimage"},"thumbnailUrl":"http:\/\/esponsorama.ad\/wp-content\/uploads\/2020\/07\/FOTO1-1.jpeg","articleSection":["MotoE"],"inLanguage":"es"},{"@type":"WebPage","@id":"http:\/\/esponsorama.ad\/es\/avintia-esponsorama-racing-quiere-consolidarse-la-segunda-cita-la-temporada-jerez\/","url":"http:\/\/esponsorama.ad\/es\/avintia-esponsorama-racing-quiere-consolidarse-la-segunda-cita-la-temporada-jerez\/","name":"EL AVINTIA ESPONSORAMA RACING QUIERE CONSOLIDARSE EN LA SEGUNDA CITA DE LA TEMPORADA EL JEREZ - Esponsorama","isPartOf":{"@id":"http:\/\/esponsorama.ad\/es\/#website"},"primaryImageOfPage":{"@id":"http:\/\/esponsorama.ad\/es\/avintia-esponsorama-racing-quiere-consolidarse-la-segunda-cita-la-temporada-jerez\/#primaryimage"},"image":{"@id":"http:\/\/esponsorama.ad\/es\/avintia-esponsorama-racing-quiere-consolidarse-la-segunda-cita-la-temporada-jerez\/#primaryimage"},"thumbnailUrl":"http:\/\/esponsorama.ad\/wp-content\/uploads\/2020\/07\/FOTO1-1.jpeg","datePublished":"2020-07-26T22:46:34+00:00","author":{"@id":"http:\/\/esponsorama.ad\/es\/#\/schema\/person\/a5cde74945183d737066e46b61c6f9c4"},"breadcrumb":{"@id":"http:\/\/esponsorama.ad\/es\/avintia-esponsorama-racing-quiere-consolidarse-la-segunda-cita-la-temporada-jerez\/#breadcrumb"},"inLanguage":"es","potentialAction":[{"@type":"ReadAction","target":["http:\/\/esponsorama.ad\/es\/avintia-esponsorama-racing-quiere-consolidarse-la-segunda-cita-la-temporada-jerez\/"]}]},{"@type":"ImageObject","inLanguage":"es","@id":"http:\/\/esponsorama.ad\/es\/avintia-esponsorama-racing-quiere-consolidarse-la-segunda-cita-la-temporada-jerez\/#primaryimage","url":"http:\/\/esponsorama.ad\/wp-content\/uploads\/2020\/07\/FOTO1-1.jpeg","contentUrl":"http:\/\/esponsorama.ad\/wp-content\/uploads\/2020\/07\/FOTO1-1.jpeg","width":1200,"height":900},{"@type":"BreadcrumbList","@id":"http:\/\/esponsorama.ad\/es\/avintia-esponsorama-racing-quiere-consolidarse-la-segunda-cita-la-temporada-jerez\/#breadcrumb","itemListElement":[{"@type":"ListItem","position":1,"name":"Home","item":"http:\/\/esponsorama.ad\/en\/"},{"@type":"ListItem","position":2,"name":"EL AVINTIA ESPONSORAMA RACING QUIERE CONSOLIDARSE EN LA SEGUNDA CITA DE LA TEMPORADA EL JEREZ"}]},{"@type":"WebSite","@id":"http:\/\/esponsorama.ad\/es\/#website","url":"http:\/\/esponsorama.ad\/es\/","name":"Esponsorama","description":"Specialist in motorsport sponsorship and event promotions","potentialAction":[{"@type":"SearchAction","target":{"@type":"EntryPoint","urlTemplate":"http:\/\/esponsorama.ad\/es\/?s={search_term_string}"},"query-input":{"@type":"PropertyValueSpecification","valueRequired":true,"valueName":"search_term_string"}}],"inLanguage":"es"},{"@type":"Person","@id":"http:\/\/esponsorama.ad\/es\/#\/schema\/person\/a5cde74945183d737066e46b61c6f9c4","name":"Xavi Andornet","image":{"@type":"ImageObject","inLanguage":"es","@id":"http:\/\/esponsorama.ad\/es\/#\/schema\/person\/image\/","url":"https:\/\/secure.gravatar.com\/avatar\/f10eaf9ad601244a2357c9fd7cd9805ed166cfaaf76d5d9ab08a9d873e70147a?s=96&d=mm&r=g","contentUrl":"https:\/\/secure.gravatar.com\/avatar\/f10eaf9ad601244a2357c9fd7cd9805ed166cfaaf76d5d9ab08a9d873e70147a?s=96&d=mm&r=g","caption":"Xavi Andornet"},"sameAs":["http:\/\/www.andornet.ad"],"url":"http:\/\/esponsorama.ad\/es\/author\/andornet\/"}]}},"_links":{"self":[{"href":"http:\/\/esponsorama.ad\/es\/wp-json\/wp\/v2\/posts\/15963","targetHints":{"allow":["GET"]}}],"collection":[{"href":"http:\/\/esponsorama.ad\/es\/wp-json\/wp\/v2\/posts"}],"about":[{"href":"http:\/\/esponsorama.ad\/es\/wp-json\/wp\/v2\/types\/post"}],"author":[{"embeddable":true,"href":"http:\/\/esponsorama.ad\/es\/wp-json\/wp\/v2\/users\/6"}],"replies":[{"embeddable":true,"href":"http:\/\/esponsorama.ad\/es\/wp-json\/wp\/v2\/comments?post=15963"}],"version-history":[{"count":1,"href":"http:\/\/esponsorama.ad\/es\/wp-json\/wp\/v2\/posts\/15963\/revisions"}],"predecessor-version":[{"id":15968,"href":"http:\/\/esponsorama.ad\/es\/wp-json\/wp\/v2\/posts\/15963\/revisions\/15968"}],"wp:featuredmedia":[{"embeddable":true,"href":"http:\/\/esponsorama.ad\/es\/wp-json\/wp\/v2\/media\/15967"}],"wp:attachment":[{"href":"http:\/\/esponsorama.ad\/es\/wp-json\/wp\/v2\/media?parent=15963"}],"wp:term":[{"taxonomy":"category","embeddable":true,"href":"http:\/\/esponsorama.ad\/es\/wp-json\/wp\/v2\/categories?post=15963"},{"taxonomy":"post_tag","embeddable":true,"href":"http:\/\/esponsorama.ad\/es\/wp-json\/wp\/v2\/tags?post=15963"}],"curies":[{"name":"wp","href":"https:\/\/api.w.org\/{rel}","templated":true}]}}