{"id":15970,"date":"2020-07-27T00:53:28","date_gmt":"2020-07-26T22:53:28","guid":{"rendered":"http:\/\/esponsorama.ad\/?p=15970"},"modified":"2020-07-28T00:38:05","modified_gmt":"2020-07-27T22:38:05","slug":"avintia-esponsorama-racing-da-finalizado-gran-premio-andalucia","status":"publish","type":"post","link":"http:\/\/esponsorama.ad\/es\/avintia-esponsorama-racing-da-finalizado-gran-premio-andalucia\/","title":{"rendered":"EL AVINTIA ESPONSORAMA RACING DA POR FINALIZADO EL GRAN PREMIO DE ANDALUC\u00cdA"},"content":{"rendered":"<p>El Avintia Esponsorama Racing Team ha finalizado el Gran Premio de Andaluc\u00eda. Xavi Cardel\u00fas ha logrado una magn\u00edfica 10\u00aa posici\u00f3n tras un fin de semana completo para el andorrano y Eric Granado ha concluido 13\u00ba tras ser embestido por un rival a falta de dos vueltas.<\/p>\n<p>El piloto brasile\u00f1o, que logr\u00f3 el cuarto mejor tiempo en la e-Pole, ha tenido una mala salida que le ha hecho perder tres plazas. Granado ha iniciado una gran remontada que no ha conseguido culminar. A falta de tres vueltas para el final, el piloto de San Paulo ha logrado ascender a la segunda posici\u00f3n y en el intento de alcanzar al l\u00edder, Matteo Ferrari ha arruinado su carrera tras arrollarle en la curva 6. Pese a las malas condiciones de su Energica Ego Corsa tras la fuerte ca\u00edda, Eric Granado ha logrado terminar la carrera sumando tres puntos.<\/p>\n<p>En su segunda carrera en la categor\u00eda, Xavi Cardel\u00fas ha finalizado en zona de puntos de segunda forma consecutiva tras la 14\u00aa posici\u00f3n lograda en el Gran Premio de Espa\u00f1a. El piloto andorrano, tras completar una carrera con un ritmo constante, ha sumado seis puntos m\u00e1s en su casillero gracias a cruzar la l\u00ednea de meta dentro del \u2018top-10\u2019.<\/p>\n<p>Ser\u00e1 el 13 de septiembre, cuando la Copa del Mundo de MotoE volver\u00e1 a la acci\u00f3n en el Gran Premio di San Marino e della Riviera di Rimini en el Misano World Circuit Marco Simoncelli.<\/p>\n<p>\t\t\t\t\t<div class=\"rider-short\">\n\t\t\t\t<a href=\"http:\/\/esponsorama.ad\/es\/piloto\/xavier-cardelus\/\"><img loading=\"lazy\" decoding=\"async\" width=\"300\" height=\"300\" src=\"http:\/\/esponsorama.ad\/wp-content\/uploads\/2021\/02\/dorsal-cardelus-gris-300x300.png\" class=\"attachment-medium size-medium\" alt=\"\" srcset=\"http:\/\/esponsorama.ad\/wp-content\/uploads\/2021\/02\/dorsal-cardelus-gris-300x300.png 300w, http:\/\/esponsorama.ad\/wp-content\/uploads\/2021\/02\/dorsal-cardelus-gris-150x150.png 150w, http:\/\/esponsorama.ad\/wp-content\/uploads\/2021\/02\/dorsal-cardelus-gris.png 500w\" sizes=\"auto, (max-width: 300px) 100vw, 300px\" \/><\/a><div class=\"info\"><h3><a href=\"http:\/\/esponsorama.ad\/es\/piloto\/xavier-cardelus\/\">Xavier Cardel\u00fas<\/a> | P10<\/h3><div class=\"rrss\"><a target=\"_blank\" href=\"https:\/\/twitter.com\/xavicardelus\"><i class=\"fa fa-twitter\"><\/i><\/a><a target=\"_blank\" href=\"https:\/\/www.instagram.com\/xavicardelus\/\"><i class=\"fa fa-instagram\"><\/i><\/a><\/div><\/div>\t\t\t\t\t<\/div>\n\t\t\t\t<br \/>\n\u201cCompletado el segundo fin de semana en Jerez con una d\u00e9cima posici\u00f3n. Contento de mis dos primeras carreras de MotoE aunque ha diferencia del pasado domingo hoy me ha costado m\u00e1s en carrera, ha sido m\u00e1s dif\u00edcil seguir a los pilotos de delante y mantener mi ritmo. Pero contento por el fin de semana en general y con ganas de la siguiente carrera\u201d<\/p>\n<p>\t\t\t\t\t<div class=\"rider-short\">\n\t\t\t\t<a href=\"http:\/\/esponsorama.ad\/es\/piloto\/eric-granado\/\"><img loading=\"lazy\" decoding=\"async\" width=\"300\" height=\"300\" src=\"http:\/\/esponsorama.ad\/wp-content\/uploads\/2018\/10\/numero-granado-comunicados-2018.png\" class=\"attachment-medium size-medium\" alt=\"\" srcset=\"http:\/\/esponsorama.ad\/wp-content\/uploads\/2018\/10\/numero-granado-comunicados-2018.png 300w, http:\/\/esponsorama.ad\/wp-content\/uploads\/2018\/10\/numero-granado-comunicados-2018-150x150.png 150w\" sizes=\"auto, (max-width: 300px) 100vw, 300px\" \/><\/a><div class=\"info\"><h3><a href=\"http:\/\/esponsorama.ad\/es\/piloto\/eric-granado\/\">Eric Granado<\/a> | P13<\/h3><div class=\"rrss\"><a target=\"_blank\" href=\"https:\/\/www.facebook.com\/PilotoEricGranado\/?ref=br_rs\"><i class=\"fa fa-facebook\"><\/i><\/a><a target=\"_blank\" href=\"https:\/\/twitter.com\/ericgranado\"><i class=\"fa fa-twitter\"><\/i><\/a><a target=\"_blank\" href=\"https:\/\/www.instagram.com\/ericgranado\/\"><i class=\"fa fa-instagram\"><\/i><\/a><\/div><\/div>\t\t\t\t\t<\/div>\n\t\t\t\t<br \/>\n\u201cLa salida ha sido bastante mala, perd\u00ed muchas posiciones en las primera curva. Luego en la curva 6 comet\u00ed un peque\u00f1o error que me hizo perder posiciones, pero las buenas sensaciones que ten\u00eda con la moto me permit\u00eda ir escalando posiciones, adelantando limpiamente. Llegue a estar segundo, no se si podr\u00eda alcanzar a Aegerter o no, pero despu\u00e9s de la salida que hab\u00edamos tenido una segunda posici\u00f3n estaba muy bien. Una pena que me hayan fastidiado la carrera, yo he intentado ser limpio y deportivo en lo m\u00e1ximo posible. Pero parece que otros pilotos no han pensado como yo, y as\u00ed ha sido. No he visto el lance, no s\u00e9 c\u00f3mo ha pasado pero nos quedamos con la buena carrera que he tenido y preparados para la pr\u00f3xima\u201d<\/p>\n","protected":false},"excerpt":{"rendered":"<p>El Avintia Esponsorama Racing Team ha finalizado el Gran Premio de Andaluc\u00eda. Xavi Cardel\u00fas ha logrado una magn\u00edfica 10\u00aa posici\u00f3n tras un fin de semana completo para el andorrano y Eric Granado ha concluido 13\u00ba tras ser embestido por un rival a falta de dos vueltas. El piloto brasile\u00f1o, que logr\u00f3 el cuarto mejor tiempo [&hellip;]<\/p>\n","protected":false},"author":6,"featured_media":15975,"comment_status":"closed","ping_status":"closed","sticky":false,"template":"","format":"standard","meta":{"footnotes":""},"categories":[21],"tags":[],"class_list":["post-15970","post","type-post","status-publish","format-standard","has-post-thumbnail","hentry","category-motoe"],"yoast_head":"<!-- This site is optimized with the Yoast SEO plugin v27.1.1 - https:\/\/yoast.com\/product\/yoast-seo-wordpress\/ -->\n<title>EL AVINTIA ESPONSORAMA RACING DA POR FINALIZADO EL GRAN PREMIO DE ANDALUC\u00cdA - Esponsorama<\/title>\n<meta name=\"robots\" content=\"index, follow, max-snippet:-1, max-image-preview:large, max-video-preview:-1\" \/>\n<link rel=\"canonical\" href=\"http:\/\/esponsorama.ad\/es\/avintia-esponsorama-racing-da-finalizado-gran-premio-andalucia\/\" \/>\n<meta property=\"og:locale\" content=\"es_ES\" \/>\n<meta property=\"og:type\" content=\"article\" \/>\n<meta property=\"og:title\" content=\"EL AVINTIA ESPONSORAMA RACING DA POR FINALIZADO EL GRAN PREMIO DE ANDALUC\u00cdA - Esponsorama\" \/>\n<meta property=\"og:description\" content=\"El Avintia Esponsorama Racing Team ha finalizado el Gran Premio de Andaluc\u00eda. Xavi Cardel\u00fas ha logrado una magn\u00edfica 10\u00aa posici\u00f3n tras un fin de semana completo para el andorrano y Eric Granado ha concluido 13\u00ba tras ser embestido por un rival a falta de dos vueltas. El piloto brasile\u00f1o, que logr\u00f3 el cuarto mejor tiempo [&hellip;]\" \/>\n<meta property=\"og:url\" content=\"http:\/\/esponsorama.ad\/es\/avintia-esponsorama-racing-da-finalizado-gran-premio-andalucia\/\" \/>\n<meta property=\"og:site_name\" content=\"Esponsorama\" \/>\n<meta property=\"article:published_time\" content=\"2020-07-26T22:53:28+00:00\" \/>\n<meta property=\"article:modified_time\" content=\"2020-07-27T22:38:05+00:00\" \/>\n<meta property=\"og:image\" content=\"http:\/\/esponsorama.ad\/wp-content\/uploads\/2020\/07\/DSC_0125-1024x683.jpg\" \/>\n\t<meta property=\"og:image:width\" content=\"1024\" \/>\n\t<meta property=\"og:image:height\" content=\"683\" \/>\n\t<meta property=\"og:image:type\" content=\"image\/jpeg\" \/>\n<meta name=\"author\" content=\"Xavi Andornet\" \/>\n<meta name=\"twitter:card\" content=\"summary_large_image\" \/>\n<meta name=\"twitter:label1\" content=\"Escrito por\" \/>\n\t<meta name=\"twitter:data1\" content=\"Xavi Andornet\" \/>\n\t<meta name=\"twitter:label2\" content=\"Tiempo de lectura\" \/>\n\t<meta name=\"twitter:data2\" content=\"2 minutos\" \/>\n<script type=\"application\/ld+json\" class=\"yoast-schema-graph\">{\"@context\":\"https:\/\/schema.org\",\"@graph\":[{\"@type\":\"Article\",\"@id\":\"http:\/\/esponsorama.ad\/es\/avintia-esponsorama-racing-da-finalizado-gran-premio-andalucia\/#article\",\"isPartOf\":{\"@id\":\"http:\/\/esponsorama.ad\/es\/avintia-esponsorama-racing-da-finalizado-gran-premio-andalucia\/\"},\"author\":{\"name\":\"Xavi Andornet\",\"@id\":\"http:\/\/esponsorama.ad\/es\/#\/schema\/person\/a5cde74945183d737066e46b61c6f9c4\"},\"headline\":\"EL AVINTIA ESPONSORAMA RACING DA POR FINALIZADO EL GRAN PREMIO DE ANDALUC\u00cdA\",\"datePublished\":\"2020-07-26T22:53:28+00:00\",\"dateModified\":\"2020-07-27T22:38:05+00:00\",\"mainEntityOfPage\":{\"@id\":\"http:\/\/esponsorama.ad\/es\/avintia-esponsorama-racing-da-finalizado-gran-premio-andalucia\/\"},\"wordCount\":473,\"image\":{\"@id\":\"http:\/\/esponsorama.ad\/es\/avintia-esponsorama-racing-da-finalizado-gran-premio-andalucia\/#primaryimage\"},\"thumbnailUrl\":\"http:\/\/esponsorama.ad\/wp-content\/uploads\/2020\/07\/DSC_0125.jpg\",\"articleSection\":[\"MotoE\"],\"inLanguage\":\"es\"},{\"@type\":\"WebPage\",\"@id\":\"http:\/\/esponsorama.ad\/es\/avintia-esponsorama-racing-da-finalizado-gran-premio-andalucia\/\",\"url\":\"http:\/\/esponsorama.ad\/es\/avintia-esponsorama-racing-da-finalizado-gran-premio-andalucia\/\",\"name\":\"EL AVINTIA ESPONSORAMA RACING DA POR FINALIZADO EL GRAN PREMIO DE ANDALUC\u00cdA - Esponsorama\",\"isPartOf\":{\"@id\":\"http:\/\/esponsorama.ad\/es\/#website\"},\"primaryImageOfPage\":{\"@id\":\"http:\/\/esponsorama.ad\/es\/avintia-esponsorama-racing-da-finalizado-gran-premio-andalucia\/#primaryimage\"},\"image\":{\"@id\":\"http:\/\/esponsorama.ad\/es\/avintia-esponsorama-racing-da-finalizado-gran-premio-andalucia\/#primaryimage\"},\"thumbnailUrl\":\"http:\/\/esponsorama.ad\/wp-content\/uploads\/2020\/07\/DSC_0125.jpg\",\"datePublished\":\"2020-07-26T22:53:28+00:00\",\"dateModified\":\"2020-07-27T22:38:05+00:00\",\"author\":{\"@id\":\"http:\/\/esponsorama.ad\/es\/#\/schema\/person\/a5cde74945183d737066e46b61c6f9c4\"},\"breadcrumb\":{\"@id\":\"http:\/\/esponsorama.ad\/es\/avintia-esponsorama-racing-da-finalizado-gran-premio-andalucia\/#breadcrumb\"},\"inLanguage\":\"es\",\"potentialAction\":[{\"@type\":\"ReadAction\",\"target\":[\"http:\/\/esponsorama.ad\/es\/avintia-esponsorama-racing-da-finalizado-gran-premio-andalucia\/\"]}]},{\"@type\":\"ImageObject\",\"inLanguage\":\"es\",\"@id\":\"http:\/\/esponsorama.ad\/es\/avintia-esponsorama-racing-da-finalizado-gran-premio-andalucia\/#primaryimage\",\"url\":\"http:\/\/esponsorama.ad\/wp-content\/uploads\/2020\/07\/DSC_0125.jpg\",\"contentUrl\":\"http:\/\/esponsorama.ad\/wp-content\/uploads\/2020\/07\/DSC_0125.jpg\",\"width\":4608,\"height\":3072},{\"@type\":\"BreadcrumbList\",\"@id\":\"http:\/\/esponsorama.ad\/es\/avintia-esponsorama-racing-da-finalizado-gran-premio-andalucia\/#breadcrumb\",\"itemListElement\":[{\"@type\":\"ListItem\",\"position\":1,\"name\":\"Home\",\"item\":\"http:\/\/esponsorama.ad\/es\/\"},{\"@type\":\"ListItem\",\"position\":2,\"name\":\"EL AVINTIA ESPONSORAMA RACING DA POR FINALIZADO EL GRAN PREMIO DE ANDALUC\u00cdA\"}]},{\"@type\":\"WebSite\",\"@id\":\"http:\/\/esponsorama.ad\/es\/#website\",\"url\":\"http:\/\/esponsorama.ad\/es\/\",\"name\":\"Esponsorama\",\"description\":\"Specialist in motorsport sponsorship and event promotions\",\"potentialAction\":[{\"@type\":\"SearchAction\",\"target\":{\"@type\":\"EntryPoint\",\"urlTemplate\":\"http:\/\/esponsorama.ad\/es\/?s={search_term_string}\"},\"query-input\":{\"@type\":\"PropertyValueSpecification\",\"valueRequired\":true,\"valueName\":\"search_term_string\"}}],\"inLanguage\":\"es\"},{\"@type\":\"Person\",\"@id\":\"http:\/\/esponsorama.ad\/es\/#\/schema\/person\/a5cde74945183d737066e46b61c6f9c4\",\"name\":\"Xavi Andornet\",\"image\":{\"@type\":\"ImageObject\",\"inLanguage\":\"es\",\"@id\":\"http:\/\/esponsorama.ad\/es\/#\/schema\/person\/image\/\",\"url\":\"https:\/\/secure.gravatar.com\/avatar\/f10eaf9ad601244a2357c9fd7cd9805ed166cfaaf76d5d9ab08a9d873e70147a?s=96&d=mm&r=g\",\"contentUrl\":\"https:\/\/secure.gravatar.com\/avatar\/f10eaf9ad601244a2357c9fd7cd9805ed166cfaaf76d5d9ab08a9d873e70147a?s=96&d=mm&r=g\",\"caption\":\"Xavi Andornet\"},\"sameAs\":[\"http:\/\/www.andornet.ad\"],\"url\":\"http:\/\/esponsorama.ad\/es\/author\/andornet\/\"}]}<\/script>\n<!-- \/ Yoast SEO plugin. -->","yoast_head_json":{"title":"EL AVINTIA ESPONSORAMA RACING DA POR FINALIZADO EL GRAN PREMIO DE ANDALUC\u00cdA - Esponsorama","robots":{"index":"index","follow":"follow","max-snippet":"max-snippet:-1","max-image-preview":"max-image-preview:large","max-video-preview":"max-video-preview:-1"},"canonical":"http:\/\/esponsorama.ad\/es\/avintia-esponsorama-racing-da-finalizado-gran-premio-andalucia\/","og_locale":"es_ES","og_type":"article","og_title":"EL AVINTIA ESPONSORAMA RACING DA POR FINALIZADO EL GRAN PREMIO DE ANDALUC\u00cdA - Esponsorama","og_description":"El Avintia Esponsorama Racing Team ha finalizado el Gran Premio de Andaluc\u00eda. Xavi Cardel\u00fas ha logrado una magn\u00edfica 10\u00aa posici\u00f3n tras un fin de semana completo para el andorrano y Eric Granado ha concluido 13\u00ba tras ser embestido por un rival a falta de dos vueltas. El piloto brasile\u00f1o, que logr\u00f3 el cuarto mejor tiempo [&hellip;]","og_url":"http:\/\/esponsorama.ad\/es\/avintia-esponsorama-racing-da-finalizado-gran-premio-andalucia\/","og_site_name":"Esponsorama","article_published_time":"2020-07-26T22:53:28+00:00","article_modified_time":"2020-07-27T22:38:05+00:00","og_image":[{"width":1024,"height":683,"url":"http:\/\/esponsorama.ad\/wp-content\/uploads\/2020\/07\/DSC_0125-1024x683.jpg","type":"image\/jpeg"}],"author":"Xavi Andornet","twitter_card":"summary_large_image","twitter_misc":{"Escrito por":"Xavi Andornet","Tiempo de lectura":"2 minutos"},"schema":{"@context":"https:\/\/schema.org","@graph":[{"@type":"Article","@id":"http:\/\/esponsorama.ad\/es\/avintia-esponsorama-racing-da-finalizado-gran-premio-andalucia\/#article","isPartOf":{"@id":"http:\/\/esponsorama.ad\/es\/avintia-esponsorama-racing-da-finalizado-gran-premio-andalucia\/"},"author":{"name":"Xavi Andornet","@id":"http:\/\/esponsorama.ad\/es\/#\/schema\/person\/a5cde74945183d737066e46b61c6f9c4"},"headline":"EL AVINTIA ESPONSORAMA RACING DA POR FINALIZADO EL GRAN PREMIO DE ANDALUC\u00cdA","datePublished":"2020-07-26T22:53:28+00:00","dateModified":"2020-07-27T22:38:05+00:00","mainEntityOfPage":{"@id":"http:\/\/esponsorama.ad\/es\/avintia-esponsorama-racing-da-finalizado-gran-premio-andalucia\/"},"wordCount":473,"image":{"@id":"http:\/\/esponsorama.ad\/es\/avintia-esponsorama-racing-da-finalizado-gran-premio-andalucia\/#primaryimage"},"thumbnailUrl":"http:\/\/esponsorama.ad\/wp-content\/uploads\/2020\/07\/DSC_0125.jpg","articleSection":["MotoE"],"inLanguage":"es"},{"@type":"WebPage","@id":"http:\/\/esponsorama.ad\/es\/avintia-esponsorama-racing-da-finalizado-gran-premio-andalucia\/","url":"http:\/\/esponsorama.ad\/es\/avintia-esponsorama-racing-da-finalizado-gran-premio-andalucia\/","name":"EL AVINTIA ESPONSORAMA RACING DA POR FINALIZADO EL GRAN PREMIO DE ANDALUC\u00cdA - Esponsorama","isPartOf":{"@id":"http:\/\/esponsorama.ad\/es\/#website"},"primaryImageOfPage":{"@id":"http:\/\/esponsorama.ad\/es\/avintia-esponsorama-racing-da-finalizado-gran-premio-andalucia\/#primaryimage"},"image":{"@id":"http:\/\/esponsorama.ad\/es\/avintia-esponsorama-racing-da-finalizado-gran-premio-andalucia\/#primaryimage"},"thumbnailUrl":"http:\/\/esponsorama.ad\/wp-content\/uploads\/2020\/07\/DSC_0125.jpg","datePublished":"2020-07-26T22:53:28+00:00","dateModified":"2020-07-27T22:38:05+00:00","author":{"@id":"http:\/\/esponsorama.ad\/es\/#\/schema\/person\/a5cde74945183d737066e46b61c6f9c4"},"breadcrumb":{"@id":"http:\/\/esponsorama.ad\/es\/avintia-esponsorama-racing-da-finalizado-gran-premio-andalucia\/#breadcrumb"},"inLanguage":"es","potentialAction":[{"@type":"ReadAction","target":["http:\/\/esponsorama.ad\/es\/avintia-esponsorama-racing-da-finalizado-gran-premio-andalucia\/"]}]},{"@type":"ImageObject","inLanguage":"es","@id":"http:\/\/esponsorama.ad\/es\/avintia-esponsorama-racing-da-finalizado-gran-premio-andalucia\/#primaryimage","url":"http:\/\/esponsorama.ad\/wp-content\/uploads\/2020\/07\/DSC_0125.jpg","contentUrl":"http:\/\/esponsorama.ad\/wp-content\/uploads\/2020\/07\/DSC_0125.jpg","width":4608,"height":3072},{"@type":"BreadcrumbList","@id":"http:\/\/esponsorama.ad\/es\/avintia-esponsorama-racing-da-finalizado-gran-premio-andalucia\/#breadcrumb","itemListElement":[{"@type":"ListItem","position":1,"name":"Home","item":"http:\/\/esponsorama.ad\/es\/"},{"@type":"ListItem","position":2,"name":"EL AVINTIA ESPONSORAMA RACING DA POR FINALIZADO EL GRAN PREMIO DE ANDALUC\u00cdA"}]},{"@type":"WebSite","@id":"http:\/\/esponsorama.ad\/es\/#website","url":"http:\/\/esponsorama.ad\/es\/","name":"Esponsorama","description":"Specialist in motorsport sponsorship and event promotions","potentialAction":[{"@type":"SearchAction","target":{"@type":"EntryPoint","urlTemplate":"http:\/\/esponsorama.ad\/es\/?s={search_term_string}"},"query-input":{"@type":"PropertyValueSpecification","valueRequired":true,"valueName":"search_term_string"}}],"inLanguage":"es"},{"@type":"Person","@id":"http:\/\/esponsorama.ad\/es\/#\/schema\/person\/a5cde74945183d737066e46b61c6f9c4","name":"Xavi Andornet","image":{"@type":"ImageObject","inLanguage":"es","@id":"http:\/\/esponsorama.ad\/es\/#\/schema\/person\/image\/","url":"https:\/\/secure.gravatar.com\/avatar\/f10eaf9ad601244a2357c9fd7cd9805ed166cfaaf76d5d9ab08a9d873e70147a?s=96&d=mm&r=g","contentUrl":"https:\/\/secure.gravatar.com\/avatar\/f10eaf9ad601244a2357c9fd7cd9805ed166cfaaf76d5d9ab08a9d873e70147a?s=96&d=mm&r=g","caption":"Xavi Andornet"},"sameAs":["http:\/\/www.andornet.ad"],"url":"http:\/\/esponsorama.ad\/es\/author\/andornet\/"}]}},"_links":{"self":[{"href":"http:\/\/esponsorama.ad\/es\/wp-json\/wp\/v2\/posts\/15970","targetHints":{"allow":["GET"]}}],"collection":[{"href":"http:\/\/esponsorama.ad\/es\/wp-json\/wp\/v2\/posts"}],"about":[{"href":"http:\/\/esponsorama.ad\/es\/wp-json\/wp\/v2\/types\/post"}],"author":[{"embeddable":true,"href":"http:\/\/esponsorama.ad\/es\/wp-json\/wp\/v2\/users\/6"}],"replies":[{"embeddable":true,"href":"http:\/\/esponsorama.ad\/es\/wp-json\/wp\/v2\/comments?post=15970"}],"version-history":[{"count":2,"href":"http:\/\/esponsorama.ad\/es\/wp-json\/wp\/v2\/posts\/15970\/revisions"}],"predecessor-version":[{"id":15978,"href":"http:\/\/esponsorama.ad\/es\/wp-json\/wp\/v2\/posts\/15970\/revisions\/15978"}],"wp:featuredmedia":[{"embeddable":true,"href":"http:\/\/esponsorama.ad\/es\/wp-json\/wp\/v2\/media\/15975"}],"wp:attachment":[{"href":"http:\/\/esponsorama.ad\/es\/wp-json\/wp\/v2\/media?parent=15970"}],"wp:term":[{"taxonomy":"category","embeddable":true,"href":"http:\/\/esponsorama.ad\/es\/wp-json\/wp\/v2\/categories?post=15970"},{"taxonomy":"post_tag","embeddable":true,"href":"http:\/\/esponsorama.ad\/es\/wp-json\/wp\/v2\/tags?post=15970"}],"curies":[{"name":"wp","href":"https:\/\/api.w.org\/{rel}","templated":true}]}}