{"id":15980,"date":"2020-08-09T11:22:36","date_gmt":"2020-08-09T09:22:36","guid":{"rendered":"http:\/\/esponsorama.ad\/?p=15980"},"modified":"2020-08-09T11:25:30","modified_gmt":"2020-08-09T09:25:30","slug":"johann-zarco-logra-la-primera-pole-position-del-esponsorama-racing-brno-tito-rabat-saldra-15o","status":"publish","type":"post","link":"http:\/\/esponsorama.ad\/es\/johann-zarco-logra-la-primera-pole-position-del-esponsorama-racing-brno-tito-rabat-saldra-15o\/","title":{"rendered":"JOHANN ZARCO LOGRA LA PRIMERA &#8216;POLE POSITION&#8217; DEL ESPONSORAMA RACING EN BRNO Y TITO RABAT SALDR\u00c1 15\u00ba"},"content":{"rendered":"<p>El Esponsorama Racing ha completado una brillante sesi\u00f3n clasificatoria en el Gran Premio de la Rep\u00fablica Checa, donde Johann Zarco ha logrado la \u2018pole position\u2019 y Tito Rabat ha sido 15\u00ba. <\/p>\n<p>El piloto franc\u00e9s, que ya mostr\u00f3 todo el fin de semana un gran ritmo con su Ducati Desmosedici GP19, ha logrado clasificarse directamente a la Q2. En la sesi\u00f3n clasificatoria, tras marcar un tiempo de 1\u201955.687, Zarco se ha impuesto con contundencia sobre sus rivales a pesar de la ca\u00edda de Fabio Quartararo durante su \u00faltima vuelta, en la cu\u00e1l ven\u00eda a +0.191 y no hubiese logrado mejorar el registro del piloto del Esponsorama Racing, consiguiendo as\u00ed la primera &#8216;pole position&#8217; del equipo desde su debut en MotoGP. <\/p>\n<p>Por su parte, Tito Rabat ha finalizado en una meritoria 15\u00aa posici\u00f3n tras la gran evoluci\u00f3n que ha mostrado desde el d\u00eda de ayer. El piloto barcelon\u00e9s luchar\u00e1 desde la primera vuelta por escalar posiciones y obtener en la carrera el mejor resultado posible.<\/p>\n<p>Ma\u00f1ana a partir de las 14:00 dar\u00e1 comienzo la carrera del Gran Premio de la Rep\u00fablica Checa que, tras la exitosa sesi\u00f3n clasificatoria, el equipo afronta con grandes expectativas.<\/p>\n<p>El equipo Esponsorama Racing quiere pedir disculpas publicamente por la impresi\u00f3n que pueda haber causado a trav\u00e9s de las im\u00e1genes de televisi\u00f3n al alegrarse por la ca\u00edda de Fabio Quartararo. El equipo ha expresado su gran alegr\u00eda por lo incre\u00edblemente cerca que estaba de conseguir por primera vez desde su debut en la categor\u00eda de MotoGP despu\u00e9s de 20 a\u00f1os la primera \u2018pole position\u2019. Repetimos queremos disculparnos con Fabio Quartararo y el Yamaha Petronas. Vive la France!<\/p>\n<p><br \/>\n\u00abFant\u00e1stico s\u00e1bado aqu\u00ed en la Rep\u00fablica Checa. Una sorpresa para mucha gente e incluso para m\u00ed. La &#8216;pole position&#8217; es incre\u00edble. El viernes estuve bien y con los neum\u00e1ticos nuevos estuve mucho mejor que en Jerez, y hoy lo confirmamos. Estoy disfrutando mucho y estoy muy contento de poder dar esta &#8216;pole position&#8217; y tambi\u00e9n estoy contento de que sea una muy buena se\u00f1al de todo lo que estoy aprendiendo y de todo lo que estoy haciendo con la moto. Ma\u00f1ana es una buena oportunidad para hacer una buena carrera\u00bb.<\/p>\n<p><br \/>\n\u00abPrimero de todo quiero felicitar a Johann y al equipo. Hoy hemos tenido un buen d\u00eda y cada vez hemos estado haciendo tiempos m\u00e1s cerca de la &#8216;pole&#8217;. Tengo buenas sensaciones, estamos cada vez m\u00e1s cerca y mejorando sesi\u00f3n tras sesi\u00f3n, probando cosas nuevas. Lo positivo es que se ha visto que podemos estar arriba y a seguir trabajando para seguir esta l\u00ednea ascendente.\u00bb<\/p>\n","protected":false},"excerpt":{"rendered":"<p>El Esponsorama Racing ha completado una brillante sesi\u00f3n clasificatoria en el Gran Premio de la Rep\u00fablica Checa, donde Johann Zarco ha logrado la \u2018pole position\u2019 y Tito Rabat ha sido 15\u00ba. El piloto franc\u00e9s, que ya mostr\u00f3 todo el fin de semana un gran ritmo con su Ducati Desmosedici GP19, ha logrado clasificarse directamente a [&hellip;]<\/p>\n","protected":false},"author":6,"featured_media":15981,"comment_status":"closed","ping_status":"closed","sticky":false,"template":"","format":"standard","meta":{"footnotes":""},"categories":[3],"tags":[],"class_list":["post-15980","post","type-post","status-publish","format-standard","has-post-thumbnail","hentry","category-motogp"],"yoast_head":"<!-- This site is optimized with the Yoast SEO plugin v27.1.1 - https:\/\/yoast.com\/product\/yoast-seo-wordpress\/ -->\n<title>JOHANN ZARCO LOGRA LA PRIMERA &#039;POLE POSITION&#039; DEL ESPONSORAMA RACING EN BRNO Y TITO RABAT SALDR\u00c1 15\u00ba - Esponsorama<\/title>\n<meta name=\"robots\" content=\"index, follow, max-snippet:-1, max-image-preview:large, max-video-preview:-1\" \/>\n<link rel=\"canonical\" href=\"http:\/\/esponsorama.ad\/es\/johann-zarco-logra-la-primera-pole-position-del-esponsorama-racing-brno-tito-rabat-saldra-15o\/\" \/>\n<meta property=\"og:locale\" content=\"es_ES\" \/>\n<meta property=\"og:type\" content=\"article\" \/>\n<meta property=\"og:title\" content=\"JOHANN ZARCO LOGRA LA PRIMERA &#039;POLE POSITION&#039; DEL ESPONSORAMA RACING EN BRNO Y TITO RABAT SALDR\u00c1 15\u00ba - Esponsorama\" \/>\n<meta property=\"og:description\" content=\"El Esponsorama Racing ha completado una brillante sesi\u00f3n clasificatoria en el Gran Premio de la Rep\u00fablica Checa, donde Johann Zarco ha logrado la \u2018pole position\u2019 y Tito Rabat ha sido 15\u00ba. El piloto franc\u00e9s, que ya mostr\u00f3 todo el fin de semana un gran ritmo con su Ducati Desmosedici GP19, ha logrado clasificarse directamente a [&hellip;]\" \/>\n<meta property=\"og:url\" content=\"http:\/\/esponsorama.ad\/es\/johann-zarco-logra-la-primera-pole-position-del-esponsorama-racing-brno-tito-rabat-saldra-15o\/\" \/>\n<meta property=\"og:site_name\" content=\"Esponsorama\" \/>\n<meta property=\"article:published_time\" content=\"2020-08-09T09:22:36+00:00\" \/>\n<meta property=\"article:modified_time\" content=\"2020-08-09T09:25:30+00:00\" \/>\n<meta property=\"og:image\" content=\"http:\/\/esponsorama.ad\/wp-content\/uploads\/2020\/08\/04RCheca20Mgp_Esponsorama_DSC3235-2.jpg\" \/>\n\t<meta property=\"og:image:width\" content=\"5472\" \/>\n\t<meta property=\"og:image:height\" content=\"3648\" \/>\n\t<meta property=\"og:image:type\" content=\"image\/jpeg\" \/>\n<meta name=\"author\" content=\"Xavi Andornet\" \/>\n<meta name=\"twitter:card\" content=\"summary_large_image\" \/>\n<meta name=\"twitter:label1\" content=\"Escrito por\" \/>\n\t<meta name=\"twitter:data1\" content=\"Xavi Andornet\" \/>\n\t<meta name=\"twitter:label2\" content=\"Tiempo de lectura\" \/>\n\t<meta name=\"twitter:data2\" content=\"2 minutos\" \/>\n<script type=\"application\/ld+json\" class=\"yoast-schema-graph\">{\"@context\":\"https:\/\/schema.org\",\"@graph\":[{\"@type\":\"Article\",\"@id\":\"http:\/\/esponsorama.ad\/es\/johann-zarco-logra-la-primera-pole-position-del-esponsorama-racing-brno-tito-rabat-saldra-15o\/#article\",\"isPartOf\":{\"@id\":\"http:\/\/esponsorama.ad\/es\/johann-zarco-logra-la-primera-pole-position-del-esponsorama-racing-brno-tito-rabat-saldra-15o\/\"},\"author\":{\"name\":\"Xavi Andornet\",\"@id\":\"http:\/\/esponsorama.ad\/es\/#\/schema\/person\/a5cde74945183d737066e46b61c6f9c4\"},\"headline\":\"JOHANN ZARCO LOGRA LA PRIMERA &#8216;POLE POSITION&#8217; DEL ESPONSORAMA RACING EN BRNO Y TITO RABAT SALDR\u00c1 15\u00ba\",\"datePublished\":\"2020-08-09T09:22:36+00:00\",\"dateModified\":\"2020-08-09T09:25:30+00:00\",\"mainEntityOfPage\":{\"@id\":\"http:\/\/esponsorama.ad\/es\/johann-zarco-logra-la-primera-pole-position-del-esponsorama-racing-brno-tito-rabat-saldra-15o\/\"},\"wordCount\":479,\"image\":{\"@id\":\"http:\/\/esponsorama.ad\/es\/johann-zarco-logra-la-primera-pole-position-del-esponsorama-racing-brno-tito-rabat-saldra-15o\/#primaryimage\"},\"thumbnailUrl\":\"http:\/\/esponsorama.ad\/wp-content\/uploads\/2020\/08\/04RCheca20Mgp_Esponsorama_DSC3235-2.jpg\",\"articleSection\":[\"MotoGP\"],\"inLanguage\":\"es\"},{\"@type\":\"WebPage\",\"@id\":\"http:\/\/esponsorama.ad\/es\/johann-zarco-logra-la-primera-pole-position-del-esponsorama-racing-brno-tito-rabat-saldra-15o\/\",\"url\":\"http:\/\/esponsorama.ad\/es\/johann-zarco-logra-la-primera-pole-position-del-esponsorama-racing-brno-tito-rabat-saldra-15o\/\",\"name\":\"JOHANN ZARCO LOGRA LA PRIMERA 'POLE POSITION' DEL ESPONSORAMA RACING EN BRNO Y TITO RABAT SALDR\u00c1 15\u00ba - Esponsorama\",\"isPartOf\":{\"@id\":\"http:\/\/esponsorama.ad\/es\/#website\"},\"primaryImageOfPage\":{\"@id\":\"http:\/\/esponsorama.ad\/es\/johann-zarco-logra-la-primera-pole-position-del-esponsorama-racing-brno-tito-rabat-saldra-15o\/#primaryimage\"},\"image\":{\"@id\":\"http:\/\/esponsorama.ad\/es\/johann-zarco-logra-la-primera-pole-position-del-esponsorama-racing-brno-tito-rabat-saldra-15o\/#primaryimage\"},\"thumbnailUrl\":\"http:\/\/esponsorama.ad\/wp-content\/uploads\/2020\/08\/04RCheca20Mgp_Esponsorama_DSC3235-2.jpg\",\"datePublished\":\"2020-08-09T09:22:36+00:00\",\"dateModified\":\"2020-08-09T09:25:30+00:00\",\"author\":{\"@id\":\"http:\/\/esponsorama.ad\/es\/#\/schema\/person\/a5cde74945183d737066e46b61c6f9c4\"},\"breadcrumb\":{\"@id\":\"http:\/\/esponsorama.ad\/es\/johann-zarco-logra-la-primera-pole-position-del-esponsorama-racing-brno-tito-rabat-saldra-15o\/#breadcrumb\"},\"inLanguage\":\"es\",\"potentialAction\":[{\"@type\":\"ReadAction\",\"target\":[\"http:\/\/esponsorama.ad\/es\/johann-zarco-logra-la-primera-pole-position-del-esponsorama-racing-brno-tito-rabat-saldra-15o\/\"]}]},{\"@type\":\"ImageObject\",\"inLanguage\":\"es\",\"@id\":\"http:\/\/esponsorama.ad\/es\/johann-zarco-logra-la-primera-pole-position-del-esponsorama-racing-brno-tito-rabat-saldra-15o\/#primaryimage\",\"url\":\"http:\/\/esponsorama.ad\/wp-content\/uploads\/2020\/08\/04RCheca20Mgp_Esponsorama_DSC3235-2.jpg\",\"contentUrl\":\"http:\/\/esponsorama.ad\/wp-content\/uploads\/2020\/08\/04RCheca20Mgp_Esponsorama_DSC3235-2.jpg\",\"width\":5472,\"height\":3648,\"caption\":\"04 Republica Checa GP 06 al 09 de Agosto de 2020 circuito Brno, Republica Checa\"},{\"@type\":\"BreadcrumbList\",\"@id\":\"http:\/\/esponsorama.ad\/es\/johann-zarco-logra-la-primera-pole-position-del-esponsorama-racing-brno-tito-rabat-saldra-15o\/#breadcrumb\",\"itemListElement\":[{\"@type\":\"ListItem\",\"position\":1,\"name\":\"Home\",\"item\":\"http:\/\/esponsorama.ad\/es\/\"},{\"@type\":\"ListItem\",\"position\":2,\"name\":\"JOHANN ZARCO LOGRA LA PRIMERA &#8216;POLE POSITION&#8217; DEL ESPONSORAMA RACING EN BRNO Y TITO RABAT SALDR\u00c1 15\u00ba\"}]},{\"@type\":\"WebSite\",\"@id\":\"http:\/\/esponsorama.ad\/es\/#website\",\"url\":\"http:\/\/esponsorama.ad\/es\/\",\"name\":\"Esponsorama\",\"description\":\"Specialist in motorsport sponsorship and event promotions\",\"potentialAction\":[{\"@type\":\"SearchAction\",\"target\":{\"@type\":\"EntryPoint\",\"urlTemplate\":\"http:\/\/esponsorama.ad\/es\/?s={search_term_string}\"},\"query-input\":{\"@type\":\"PropertyValueSpecification\",\"valueRequired\":true,\"valueName\":\"search_term_string\"}}],\"inLanguage\":\"es\"},{\"@type\":\"Person\",\"@id\":\"http:\/\/esponsorama.ad\/es\/#\/schema\/person\/a5cde74945183d737066e46b61c6f9c4\",\"name\":\"Xavi Andornet\",\"image\":{\"@type\":\"ImageObject\",\"inLanguage\":\"es\",\"@id\":\"http:\/\/esponsorama.ad\/es\/#\/schema\/person\/image\/\",\"url\":\"https:\/\/secure.gravatar.com\/avatar\/f10eaf9ad601244a2357c9fd7cd9805ed166cfaaf76d5d9ab08a9d873e70147a?s=96&d=mm&r=g\",\"contentUrl\":\"https:\/\/secure.gravatar.com\/avatar\/f10eaf9ad601244a2357c9fd7cd9805ed166cfaaf76d5d9ab08a9d873e70147a?s=96&d=mm&r=g\",\"caption\":\"Xavi Andornet\"},\"sameAs\":[\"http:\/\/www.andornet.ad\"],\"url\":\"http:\/\/esponsorama.ad\/es\/author\/andornet\/\"}]}<\/script>\n<!-- \/ Yoast SEO plugin. -->","yoast_head_json":{"title":"JOHANN ZARCO LOGRA LA PRIMERA 'POLE POSITION' DEL ESPONSORAMA RACING EN BRNO Y TITO RABAT SALDR\u00c1 15\u00ba - Esponsorama","robots":{"index":"index","follow":"follow","max-snippet":"max-snippet:-1","max-image-preview":"max-image-preview:large","max-video-preview":"max-video-preview:-1"},"canonical":"http:\/\/esponsorama.ad\/es\/johann-zarco-logra-la-primera-pole-position-del-esponsorama-racing-brno-tito-rabat-saldra-15o\/","og_locale":"es_ES","og_type":"article","og_title":"JOHANN ZARCO LOGRA LA PRIMERA 'POLE POSITION' DEL ESPONSORAMA RACING EN BRNO Y TITO RABAT SALDR\u00c1 15\u00ba - Esponsorama","og_description":"El Esponsorama Racing ha completado una brillante sesi\u00f3n clasificatoria en el Gran Premio de la Rep\u00fablica Checa, donde Johann Zarco ha logrado la \u2018pole position\u2019 y Tito Rabat ha sido 15\u00ba. El piloto franc\u00e9s, que ya mostr\u00f3 todo el fin de semana un gran ritmo con su Ducati Desmosedici GP19, ha logrado clasificarse directamente a [&hellip;]","og_url":"http:\/\/esponsorama.ad\/es\/johann-zarco-logra-la-primera-pole-position-del-esponsorama-racing-brno-tito-rabat-saldra-15o\/","og_site_name":"Esponsorama","article_published_time":"2020-08-09T09:22:36+00:00","article_modified_time":"2020-08-09T09:25:30+00:00","og_image":[{"width":5472,"height":3648,"url":"http:\/\/esponsorama.ad\/wp-content\/uploads\/2020\/08\/04RCheca20Mgp_Esponsorama_DSC3235-2.jpg","type":"image\/jpeg"}],"author":"Xavi Andornet","twitter_card":"summary_large_image","twitter_misc":{"Escrito por":"Xavi Andornet","Tiempo de lectura":"2 minutos"},"schema":{"@context":"https:\/\/schema.org","@graph":[{"@type":"Article","@id":"http:\/\/esponsorama.ad\/es\/johann-zarco-logra-la-primera-pole-position-del-esponsorama-racing-brno-tito-rabat-saldra-15o\/#article","isPartOf":{"@id":"http:\/\/esponsorama.ad\/es\/johann-zarco-logra-la-primera-pole-position-del-esponsorama-racing-brno-tito-rabat-saldra-15o\/"},"author":{"name":"Xavi Andornet","@id":"http:\/\/esponsorama.ad\/es\/#\/schema\/person\/a5cde74945183d737066e46b61c6f9c4"},"headline":"JOHANN ZARCO LOGRA LA PRIMERA &#8216;POLE POSITION&#8217; DEL ESPONSORAMA RACING EN BRNO Y TITO RABAT SALDR\u00c1 15\u00ba","datePublished":"2020-08-09T09:22:36+00:00","dateModified":"2020-08-09T09:25:30+00:00","mainEntityOfPage":{"@id":"http:\/\/esponsorama.ad\/es\/johann-zarco-logra-la-primera-pole-position-del-esponsorama-racing-brno-tito-rabat-saldra-15o\/"},"wordCount":479,"image":{"@id":"http:\/\/esponsorama.ad\/es\/johann-zarco-logra-la-primera-pole-position-del-esponsorama-racing-brno-tito-rabat-saldra-15o\/#primaryimage"},"thumbnailUrl":"http:\/\/esponsorama.ad\/wp-content\/uploads\/2020\/08\/04RCheca20Mgp_Esponsorama_DSC3235-2.jpg","articleSection":["MotoGP"],"inLanguage":"es"},{"@type":"WebPage","@id":"http:\/\/esponsorama.ad\/es\/johann-zarco-logra-la-primera-pole-position-del-esponsorama-racing-brno-tito-rabat-saldra-15o\/","url":"http:\/\/esponsorama.ad\/es\/johann-zarco-logra-la-primera-pole-position-del-esponsorama-racing-brno-tito-rabat-saldra-15o\/","name":"JOHANN ZARCO LOGRA LA PRIMERA 'POLE POSITION' DEL ESPONSORAMA RACING EN BRNO Y TITO RABAT SALDR\u00c1 15\u00ba - Esponsorama","isPartOf":{"@id":"http:\/\/esponsorama.ad\/es\/#website"},"primaryImageOfPage":{"@id":"http:\/\/esponsorama.ad\/es\/johann-zarco-logra-la-primera-pole-position-del-esponsorama-racing-brno-tito-rabat-saldra-15o\/#primaryimage"},"image":{"@id":"http:\/\/esponsorama.ad\/es\/johann-zarco-logra-la-primera-pole-position-del-esponsorama-racing-brno-tito-rabat-saldra-15o\/#primaryimage"},"thumbnailUrl":"http:\/\/esponsorama.ad\/wp-content\/uploads\/2020\/08\/04RCheca20Mgp_Esponsorama_DSC3235-2.jpg","datePublished":"2020-08-09T09:22:36+00:00","dateModified":"2020-08-09T09:25:30+00:00","author":{"@id":"http:\/\/esponsorama.ad\/es\/#\/schema\/person\/a5cde74945183d737066e46b61c6f9c4"},"breadcrumb":{"@id":"http:\/\/esponsorama.ad\/es\/johann-zarco-logra-la-primera-pole-position-del-esponsorama-racing-brno-tito-rabat-saldra-15o\/#breadcrumb"},"inLanguage":"es","potentialAction":[{"@type":"ReadAction","target":["http:\/\/esponsorama.ad\/es\/johann-zarco-logra-la-primera-pole-position-del-esponsorama-racing-brno-tito-rabat-saldra-15o\/"]}]},{"@type":"ImageObject","inLanguage":"es","@id":"http:\/\/esponsorama.ad\/es\/johann-zarco-logra-la-primera-pole-position-del-esponsorama-racing-brno-tito-rabat-saldra-15o\/#primaryimage","url":"http:\/\/esponsorama.ad\/wp-content\/uploads\/2020\/08\/04RCheca20Mgp_Esponsorama_DSC3235-2.jpg","contentUrl":"http:\/\/esponsorama.ad\/wp-content\/uploads\/2020\/08\/04RCheca20Mgp_Esponsorama_DSC3235-2.jpg","width":5472,"height":3648,"caption":"04 Republica Checa GP 06 al 09 de Agosto de 2020 circuito Brno, Republica Checa"},{"@type":"BreadcrumbList","@id":"http:\/\/esponsorama.ad\/es\/johann-zarco-logra-la-primera-pole-position-del-esponsorama-racing-brno-tito-rabat-saldra-15o\/#breadcrumb","itemListElement":[{"@type":"ListItem","position":1,"name":"Home","item":"http:\/\/esponsorama.ad\/es\/"},{"@type":"ListItem","position":2,"name":"JOHANN ZARCO LOGRA LA PRIMERA &#8216;POLE POSITION&#8217; DEL ESPONSORAMA RACING EN BRNO Y TITO RABAT SALDR\u00c1 15\u00ba"}]},{"@type":"WebSite","@id":"http:\/\/esponsorama.ad\/es\/#website","url":"http:\/\/esponsorama.ad\/es\/","name":"Esponsorama","description":"Specialist in motorsport sponsorship and event promotions","potentialAction":[{"@type":"SearchAction","target":{"@type":"EntryPoint","urlTemplate":"http:\/\/esponsorama.ad\/es\/?s={search_term_string}"},"query-input":{"@type":"PropertyValueSpecification","valueRequired":true,"valueName":"search_term_string"}}],"inLanguage":"es"},{"@type":"Person","@id":"http:\/\/esponsorama.ad\/es\/#\/schema\/person\/a5cde74945183d737066e46b61c6f9c4","name":"Xavi Andornet","image":{"@type":"ImageObject","inLanguage":"es","@id":"http:\/\/esponsorama.ad\/es\/#\/schema\/person\/image\/","url":"https:\/\/secure.gravatar.com\/avatar\/f10eaf9ad601244a2357c9fd7cd9805ed166cfaaf76d5d9ab08a9d873e70147a?s=96&d=mm&r=g","contentUrl":"https:\/\/secure.gravatar.com\/avatar\/f10eaf9ad601244a2357c9fd7cd9805ed166cfaaf76d5d9ab08a9d873e70147a?s=96&d=mm&r=g","caption":"Xavi Andornet"},"sameAs":["http:\/\/www.andornet.ad"],"url":"http:\/\/esponsorama.ad\/es\/author\/andornet\/"}]}},"_links":{"self":[{"href":"http:\/\/esponsorama.ad\/es\/wp-json\/wp\/v2\/posts\/15980","targetHints":{"allow":["GET"]}}],"collection":[{"href":"http:\/\/esponsorama.ad\/es\/wp-json\/wp\/v2\/posts"}],"about":[{"href":"http:\/\/esponsorama.ad\/es\/wp-json\/wp\/v2\/types\/post"}],"author":[{"embeddable":true,"href":"http:\/\/esponsorama.ad\/es\/wp-json\/wp\/v2\/users\/6"}],"replies":[{"embeddable":true,"href":"http:\/\/esponsorama.ad\/es\/wp-json\/wp\/v2\/comments?post=15980"}],"version-history":[{"count":1,"href":"http:\/\/esponsorama.ad\/es\/wp-json\/wp\/v2\/posts\/15980\/revisions"}],"predecessor-version":[{"id":15986,"href":"http:\/\/esponsorama.ad\/es\/wp-json\/wp\/v2\/posts\/15980\/revisions\/15986"}],"wp:featuredmedia":[{"embeddable":true,"href":"http:\/\/esponsorama.ad\/es\/wp-json\/wp\/v2\/media\/15981"}],"wp:attachment":[{"href":"http:\/\/esponsorama.ad\/es\/wp-json\/wp\/v2\/media?parent=15980"}],"wp:term":[{"taxonomy":"category","embeddable":true,"href":"http:\/\/esponsorama.ad\/es\/wp-json\/wp\/v2\/categories?post=15980"},{"taxonomy":"post_tag","embeddable":true,"href":"http:\/\/esponsorama.ad\/es\/wp-json\/wp\/v2\/tags?post=15980"}],"curies":[{"name":"wp","href":"https:\/\/api.w.org\/{rel}","templated":true}]}}