{"id":16014,"date":"2020-08-12T21:09:24","date_gmt":"2020-08-12T19:09:24","guid":{"rendered":"http:\/\/esponsorama.ad\/?p=16014"},"modified":"2020-08-12T21:11:30","modified_gmt":"2020-08-12T19:11:30","slug":"carlos-tatay-motivado-disputar-gran-premio-austria","status":"publish","type":"post","link":"http:\/\/esponsorama.ad\/es\/carlos-tatay-motivado-disputar-gran-premio-austria\/","title":{"rendered":"CARLOS TATAY, MOTIVADO PARA DISPUTAR EL GRAN PREMIO DE AUSTRIA"},"content":{"rendered":"<p>El Reale Avintia Moto3 llega a Estiria para disputar la quinta cita de la temporada para la categor\u00eda en el Red Bull Ring \u2013 Spielberg, circuito encargado de albergar el Gran Premio de Austria.<\/p>\n<p>Situado en la regi\u00f3n de Estiria, el Red Bull Ring-Spielberg ofrece un bonito circuito localizado entre los bosques austr\u00edacos y que se caracteriza por sus grandes pendientes y desniveles. Un total de 4,318 kil\u00f3metros y diez curvas forman uno de los trazados m\u00e1s r\u00e1pidos de todo el calendario.<\/p>\n<p>El Reale Avintia Moto3 y Carlos Tatay afrontan un nuevo fin de semana de carreras con el deseo de seguir en la l\u00ednea ascendente que atraviesa el equipo. Tras obtener los primeros puntos de la temporada en Jerez y quedarse a las puertas del Top-10 en Brno, Tatay buscar\u00e1 este fin de semana sumar un buen resultado que le permita escalar posiciones en la clasificaci\u00f3n general.<\/p>\n<p>Ser\u00e1 el viernes cuando los pilotos disputar\u00e1n los dos primeros entrenamientos libres del Gran Premio de Austria a partir de las 9:00 de la ma\u00f1ana.<\/p>\n<p>\t\t\t\t\t<div class=\"rider-short\">\n\t\t\t\t<a href=\"http:\/\/esponsorama.ad\/es\/piloto\/carlos-tatay\/\"><img loading=\"lazy\" decoding=\"async\" width=\"300\" height=\"300\" src=\"http:\/\/esponsorama.ad\/wp-content\/uploads\/2021\/02\/dorsal-tatay-gris-300x300.png\" class=\"attachment-medium size-medium\" alt=\"\" srcset=\"http:\/\/esponsorama.ad\/wp-content\/uploads\/2021\/02\/dorsal-tatay-gris-300x300.png 300w, http:\/\/esponsorama.ad\/wp-content\/uploads\/2021\/02\/dorsal-tatay-gris-150x150.png 150w, http:\/\/esponsorama.ad\/wp-content\/uploads\/2021\/02\/dorsal-tatay-gris.png 500w\" sizes=\"auto, (max-width: 300px) 100vw, 300px\" \/><\/a><div class=\"info\"><h3><a href=\"http:\/\/esponsorama.ad\/es\/piloto\/carlos-tatay\/\">Carlos Tatay<\/a><\/h3><div class=\"rrss\"><a target=\"_blank\" href=\"https:\/\/www.facebook.com\/carlostatay99\/\"><i class=\"fa fa-facebook\"><\/i><\/a><a target=\"_blank\" href=\"https:\/\/twitter.com\/carlostatay99\"><i class=\"fa fa-twitter\"><\/i><\/a><a target=\"_blank\" href=\"https:\/\/www.instagram.com\/carlostatay99\/\"><i class=\"fa fa-instagram\"><\/i><\/a><\/div><\/div>\t\t\t\t\t<\/div>\n\t\t\t\t<br \/>\n\u201cComo siempre afrontamos el fin de semana con much\u00edsimas ganas desde el principio. Es un circuito que conozco muy bien, a\u00fan as\u00ed continuaremos trabajando al m\u00e1ximo con todo el equipo y creo que juntos podremos llegar a nuestro objetivo. Saldremos muy concentrados a ver qu\u00e9 podemos hacer y a dar lo mejor de nosotros.\u201d<\/p>\n","protected":false},"excerpt":{"rendered":"<p>El Reale Avintia Moto3 llega a Estiria para disputar la quinta cita de la temporada para la categor\u00eda en el Red Bull Ring \u2013 Spielberg, circuito encargado de albergar el Gran Premio de Austria. Situado en la regi\u00f3n de Estiria, el Red Bull Ring-Spielberg ofrece un bonito circuito localizado entre los bosques austr\u00edacos y que [&hellip;]<\/p>\n","protected":false},"author":6,"featured_media":16017,"comment_status":"closed","ping_status":"closed","sticky":false,"template":"","format":"standard","meta":{"footnotes":""},"categories":[12],"tags":[],"class_list":["post-16014","post","type-post","status-publish","format-standard","has-post-thumbnail","hentry","category-moto3"],"yoast_head":"<!-- This site is optimized with the Yoast SEO plugin v27.1.1 - https:\/\/yoast.com\/product\/yoast-seo-wordpress\/ -->\n<title>CARLOS TATAY, MOTIVADO PARA DISPUTAR EL GRAN PREMIO DE AUSTRIA - Esponsorama<\/title>\n<meta name=\"robots\" content=\"index, follow, max-snippet:-1, max-image-preview:large, max-video-preview:-1\" \/>\n<link rel=\"canonical\" href=\"http:\/\/esponsorama.ad\/es\/carlos-tatay-motivado-disputar-gran-premio-austria\/\" \/>\n<meta property=\"og:locale\" content=\"es_ES\" \/>\n<meta property=\"og:type\" content=\"article\" \/>\n<meta property=\"og:title\" content=\"CARLOS TATAY, MOTIVADO PARA DISPUTAR EL GRAN PREMIO DE AUSTRIA - Esponsorama\" \/>\n<meta property=\"og:description\" content=\"El Reale Avintia Moto3 llega a Estiria para disputar la quinta cita de la temporada para la categor\u00eda en el Red Bull Ring \u2013 Spielberg, circuito encargado de albergar el Gran Premio de Austria. Situado en la regi\u00f3n de Estiria, el Red Bull Ring-Spielberg ofrece un bonito circuito localizado entre los bosques austr\u00edacos y que [&hellip;]\" \/>\n<meta property=\"og:url\" content=\"http:\/\/esponsorama.ad\/es\/carlos-tatay-motivado-disputar-gran-premio-austria\/\" \/>\n<meta property=\"og:site_name\" content=\"Esponsorama\" \/>\n<meta property=\"article:published_time\" content=\"2020-08-12T19:09:24+00:00\" \/>\n<meta property=\"article:modified_time\" content=\"2020-08-12T19:11:30+00:00\" \/>\n<meta property=\"og:image\" content=\"http:\/\/esponsorama.ad\/wp-content\/uploads\/2020\/08\/04RCheca20M3_Esponsorama_TIN4064-1.jpg\" \/>\n\t<meta property=\"og:image:width\" content=\"5472\" \/>\n\t<meta property=\"og:image:height\" content=\"3648\" \/>\n\t<meta property=\"og:image:type\" content=\"image\/jpeg\" \/>\n<meta name=\"author\" content=\"Xavi Andornet\" \/>\n<meta name=\"twitter:card\" content=\"summary_large_image\" \/>\n<meta name=\"twitter:label1\" content=\"Escrito por\" \/>\n\t<meta name=\"twitter:data1\" content=\"Xavi Andornet\" \/>\n\t<meta name=\"twitter:label2\" content=\"Tiempo de lectura\" \/>\n\t<meta name=\"twitter:data2\" content=\"1 minuto\" \/>\n<script type=\"application\/ld+json\" class=\"yoast-schema-graph\">{\"@context\":\"https:\/\/schema.org\",\"@graph\":[{\"@type\":\"Article\",\"@id\":\"http:\/\/esponsorama.ad\/es\/carlos-tatay-motivado-disputar-gran-premio-austria\/#article\",\"isPartOf\":{\"@id\":\"http:\/\/esponsorama.ad\/es\/carlos-tatay-motivado-disputar-gran-premio-austria\/\"},\"author\":{\"name\":\"Xavi Andornet\",\"@id\":\"http:\/\/esponsorama.ad\/es\/#\/schema\/person\/a5cde74945183d737066e46b61c6f9c4\"},\"headline\":\"CARLOS TATAY, MOTIVADO PARA DISPUTAR EL GRAN PREMIO DE AUSTRIA\",\"datePublished\":\"2020-08-12T19:09:24+00:00\",\"dateModified\":\"2020-08-12T19:11:30+00:00\",\"mainEntityOfPage\":{\"@id\":\"http:\/\/esponsorama.ad\/es\/carlos-tatay-motivado-disputar-gran-premio-austria\/\"},\"wordCount\":249,\"image\":{\"@id\":\"http:\/\/esponsorama.ad\/es\/carlos-tatay-motivado-disputar-gran-premio-austria\/#primaryimage\"},\"thumbnailUrl\":\"http:\/\/esponsorama.ad\/wp-content\/uploads\/2020\/08\/04RCheca20M3_Esponsorama_TIN4064-1.jpg\",\"articleSection\":[\"Moto3\"],\"inLanguage\":\"es\"},{\"@type\":\"WebPage\",\"@id\":\"http:\/\/esponsorama.ad\/es\/carlos-tatay-motivado-disputar-gran-premio-austria\/\",\"url\":\"http:\/\/esponsorama.ad\/es\/carlos-tatay-motivado-disputar-gran-premio-austria\/\",\"name\":\"CARLOS TATAY, MOTIVADO PARA DISPUTAR EL GRAN PREMIO DE AUSTRIA - Esponsorama\",\"isPartOf\":{\"@id\":\"http:\/\/esponsorama.ad\/es\/#website\"},\"primaryImageOfPage\":{\"@id\":\"http:\/\/esponsorama.ad\/es\/carlos-tatay-motivado-disputar-gran-premio-austria\/#primaryimage\"},\"image\":{\"@id\":\"http:\/\/esponsorama.ad\/es\/carlos-tatay-motivado-disputar-gran-premio-austria\/#primaryimage\"},\"thumbnailUrl\":\"http:\/\/esponsorama.ad\/wp-content\/uploads\/2020\/08\/04RCheca20M3_Esponsorama_TIN4064-1.jpg\",\"datePublished\":\"2020-08-12T19:09:24+00:00\",\"dateModified\":\"2020-08-12T19:11:30+00:00\",\"author\":{\"@id\":\"http:\/\/esponsorama.ad\/es\/#\/schema\/person\/a5cde74945183d737066e46b61c6f9c4\"},\"breadcrumb\":{\"@id\":\"http:\/\/esponsorama.ad\/es\/carlos-tatay-motivado-disputar-gran-premio-austria\/#breadcrumb\"},\"inLanguage\":\"es\",\"potentialAction\":[{\"@type\":\"ReadAction\",\"target\":[\"http:\/\/esponsorama.ad\/es\/carlos-tatay-motivado-disputar-gran-premio-austria\/\"]}]},{\"@type\":\"ImageObject\",\"inLanguage\":\"es\",\"@id\":\"http:\/\/esponsorama.ad\/es\/carlos-tatay-motivado-disputar-gran-premio-austria\/#primaryimage\",\"url\":\"http:\/\/esponsorama.ad\/wp-content\/uploads\/2020\/08\/04RCheca20M3_Esponsorama_TIN4064-1.jpg\",\"contentUrl\":\"http:\/\/esponsorama.ad\/wp-content\/uploads\/2020\/08\/04RCheca20M3_Esponsorama_TIN4064-1.jpg\",\"width\":5472,\"height\":3648,\"caption\":\"04 Republica Checa GP 06 al 09 de Agosto de 2020 circuito Brno, Republica Checa\"},{\"@type\":\"BreadcrumbList\",\"@id\":\"http:\/\/esponsorama.ad\/es\/carlos-tatay-motivado-disputar-gran-premio-austria\/#breadcrumb\",\"itemListElement\":[{\"@type\":\"ListItem\",\"position\":1,\"name\":\"Home\",\"item\":\"http:\/\/esponsorama.ad\/ca\/\"},{\"@type\":\"ListItem\",\"position\":2,\"name\":\"CARLOS TATAY, MOTIVADO PARA DISPUTAR EL GRAN PREMIO DE AUSTRIA\"}]},{\"@type\":\"WebSite\",\"@id\":\"http:\/\/esponsorama.ad\/es\/#website\",\"url\":\"http:\/\/esponsorama.ad\/es\/\",\"name\":\"Esponsorama\",\"description\":\"Specialist in motorsport sponsorship and event promotions\",\"potentialAction\":[{\"@type\":\"SearchAction\",\"target\":{\"@type\":\"EntryPoint\",\"urlTemplate\":\"http:\/\/esponsorama.ad\/es\/?s={search_term_string}\"},\"query-input\":{\"@type\":\"PropertyValueSpecification\",\"valueRequired\":true,\"valueName\":\"search_term_string\"}}],\"inLanguage\":\"es\"},{\"@type\":\"Person\",\"@id\":\"http:\/\/esponsorama.ad\/es\/#\/schema\/person\/a5cde74945183d737066e46b61c6f9c4\",\"name\":\"Xavi Andornet\",\"image\":{\"@type\":\"ImageObject\",\"inLanguage\":\"es\",\"@id\":\"http:\/\/esponsorama.ad\/es\/#\/schema\/person\/image\/\",\"url\":\"https:\/\/secure.gravatar.com\/avatar\/f10eaf9ad601244a2357c9fd7cd9805ed166cfaaf76d5d9ab08a9d873e70147a?s=96&d=mm&r=g\",\"contentUrl\":\"https:\/\/secure.gravatar.com\/avatar\/f10eaf9ad601244a2357c9fd7cd9805ed166cfaaf76d5d9ab08a9d873e70147a?s=96&d=mm&r=g\",\"caption\":\"Xavi Andornet\"},\"sameAs\":[\"http:\/\/www.andornet.ad\"],\"url\":\"http:\/\/esponsorama.ad\/es\/author\/andornet\/\"}]}<\/script>\n<!-- \/ Yoast SEO plugin. -->","yoast_head_json":{"title":"CARLOS TATAY, MOTIVADO PARA DISPUTAR EL GRAN PREMIO DE AUSTRIA - Esponsorama","robots":{"index":"index","follow":"follow","max-snippet":"max-snippet:-1","max-image-preview":"max-image-preview:large","max-video-preview":"max-video-preview:-1"},"canonical":"http:\/\/esponsorama.ad\/es\/carlos-tatay-motivado-disputar-gran-premio-austria\/","og_locale":"es_ES","og_type":"article","og_title":"CARLOS TATAY, MOTIVADO PARA DISPUTAR EL GRAN PREMIO DE AUSTRIA - Esponsorama","og_description":"El Reale Avintia Moto3 llega a Estiria para disputar la quinta cita de la temporada para la categor\u00eda en el Red Bull Ring \u2013 Spielberg, circuito encargado de albergar el Gran Premio de Austria. Situado en la regi\u00f3n de Estiria, el Red Bull Ring-Spielberg ofrece un bonito circuito localizado entre los bosques austr\u00edacos y que [&hellip;]","og_url":"http:\/\/esponsorama.ad\/es\/carlos-tatay-motivado-disputar-gran-premio-austria\/","og_site_name":"Esponsorama","article_published_time":"2020-08-12T19:09:24+00:00","article_modified_time":"2020-08-12T19:11:30+00:00","og_image":[{"width":5472,"height":3648,"url":"http:\/\/esponsorama.ad\/wp-content\/uploads\/2020\/08\/04RCheca20M3_Esponsorama_TIN4064-1.jpg","type":"image\/jpeg"}],"author":"Xavi Andornet","twitter_card":"summary_large_image","twitter_misc":{"Escrito por":"Xavi Andornet","Tiempo de lectura":"1 minuto"},"schema":{"@context":"https:\/\/schema.org","@graph":[{"@type":"Article","@id":"http:\/\/esponsorama.ad\/es\/carlos-tatay-motivado-disputar-gran-premio-austria\/#article","isPartOf":{"@id":"http:\/\/esponsorama.ad\/es\/carlos-tatay-motivado-disputar-gran-premio-austria\/"},"author":{"name":"Xavi Andornet","@id":"http:\/\/esponsorama.ad\/es\/#\/schema\/person\/a5cde74945183d737066e46b61c6f9c4"},"headline":"CARLOS TATAY, MOTIVADO PARA DISPUTAR EL GRAN PREMIO DE AUSTRIA","datePublished":"2020-08-12T19:09:24+00:00","dateModified":"2020-08-12T19:11:30+00:00","mainEntityOfPage":{"@id":"http:\/\/esponsorama.ad\/es\/carlos-tatay-motivado-disputar-gran-premio-austria\/"},"wordCount":249,"image":{"@id":"http:\/\/esponsorama.ad\/es\/carlos-tatay-motivado-disputar-gran-premio-austria\/#primaryimage"},"thumbnailUrl":"http:\/\/esponsorama.ad\/wp-content\/uploads\/2020\/08\/04RCheca20M3_Esponsorama_TIN4064-1.jpg","articleSection":["Moto3"],"inLanguage":"es"},{"@type":"WebPage","@id":"http:\/\/esponsorama.ad\/es\/carlos-tatay-motivado-disputar-gran-premio-austria\/","url":"http:\/\/esponsorama.ad\/es\/carlos-tatay-motivado-disputar-gran-premio-austria\/","name":"CARLOS TATAY, MOTIVADO PARA DISPUTAR EL GRAN PREMIO DE AUSTRIA - Esponsorama","isPartOf":{"@id":"http:\/\/esponsorama.ad\/es\/#website"},"primaryImageOfPage":{"@id":"http:\/\/esponsorama.ad\/es\/carlos-tatay-motivado-disputar-gran-premio-austria\/#primaryimage"},"image":{"@id":"http:\/\/esponsorama.ad\/es\/carlos-tatay-motivado-disputar-gran-premio-austria\/#primaryimage"},"thumbnailUrl":"http:\/\/esponsorama.ad\/wp-content\/uploads\/2020\/08\/04RCheca20M3_Esponsorama_TIN4064-1.jpg","datePublished":"2020-08-12T19:09:24+00:00","dateModified":"2020-08-12T19:11:30+00:00","author":{"@id":"http:\/\/esponsorama.ad\/es\/#\/schema\/person\/a5cde74945183d737066e46b61c6f9c4"},"breadcrumb":{"@id":"http:\/\/esponsorama.ad\/es\/carlos-tatay-motivado-disputar-gran-premio-austria\/#breadcrumb"},"inLanguage":"es","potentialAction":[{"@type":"ReadAction","target":["http:\/\/esponsorama.ad\/es\/carlos-tatay-motivado-disputar-gran-premio-austria\/"]}]},{"@type":"ImageObject","inLanguage":"es","@id":"http:\/\/esponsorama.ad\/es\/carlos-tatay-motivado-disputar-gran-premio-austria\/#primaryimage","url":"http:\/\/esponsorama.ad\/wp-content\/uploads\/2020\/08\/04RCheca20M3_Esponsorama_TIN4064-1.jpg","contentUrl":"http:\/\/esponsorama.ad\/wp-content\/uploads\/2020\/08\/04RCheca20M3_Esponsorama_TIN4064-1.jpg","width":5472,"height":3648,"caption":"04 Republica Checa GP 06 al 09 de Agosto de 2020 circuito Brno, Republica Checa"},{"@type":"BreadcrumbList","@id":"http:\/\/esponsorama.ad\/es\/carlos-tatay-motivado-disputar-gran-premio-austria\/#breadcrumb","itemListElement":[{"@type":"ListItem","position":1,"name":"Home","item":"http:\/\/esponsorama.ad\/ca\/"},{"@type":"ListItem","position":2,"name":"CARLOS TATAY, MOTIVADO PARA DISPUTAR EL GRAN PREMIO DE AUSTRIA"}]},{"@type":"WebSite","@id":"http:\/\/esponsorama.ad\/es\/#website","url":"http:\/\/esponsorama.ad\/es\/","name":"Esponsorama","description":"Specialist in motorsport sponsorship and event promotions","potentialAction":[{"@type":"SearchAction","target":{"@type":"EntryPoint","urlTemplate":"http:\/\/esponsorama.ad\/es\/?s={search_term_string}"},"query-input":{"@type":"PropertyValueSpecification","valueRequired":true,"valueName":"search_term_string"}}],"inLanguage":"es"},{"@type":"Person","@id":"http:\/\/esponsorama.ad\/es\/#\/schema\/person\/a5cde74945183d737066e46b61c6f9c4","name":"Xavi Andornet","image":{"@type":"ImageObject","inLanguage":"es","@id":"http:\/\/esponsorama.ad\/es\/#\/schema\/person\/image\/","url":"https:\/\/secure.gravatar.com\/avatar\/f10eaf9ad601244a2357c9fd7cd9805ed166cfaaf76d5d9ab08a9d873e70147a?s=96&d=mm&r=g","contentUrl":"https:\/\/secure.gravatar.com\/avatar\/f10eaf9ad601244a2357c9fd7cd9805ed166cfaaf76d5d9ab08a9d873e70147a?s=96&d=mm&r=g","caption":"Xavi Andornet"},"sameAs":["http:\/\/www.andornet.ad"],"url":"http:\/\/esponsorama.ad\/es\/author\/andornet\/"}]}},"_links":{"self":[{"href":"http:\/\/esponsorama.ad\/es\/wp-json\/wp\/v2\/posts\/16014","targetHints":{"allow":["GET"]}}],"collection":[{"href":"http:\/\/esponsorama.ad\/es\/wp-json\/wp\/v2\/posts"}],"about":[{"href":"http:\/\/esponsorama.ad\/es\/wp-json\/wp\/v2\/types\/post"}],"author":[{"embeddable":true,"href":"http:\/\/esponsorama.ad\/es\/wp-json\/wp\/v2\/users\/6"}],"replies":[{"embeddable":true,"href":"http:\/\/esponsorama.ad\/es\/wp-json\/wp\/v2\/comments?post=16014"}],"version-history":[{"count":1,"href":"http:\/\/esponsorama.ad\/es\/wp-json\/wp\/v2\/posts\/16014\/revisions"}],"predecessor-version":[{"id":16018,"href":"http:\/\/esponsorama.ad\/es\/wp-json\/wp\/v2\/posts\/16014\/revisions\/16018"}],"wp:featuredmedia":[{"embeddable":true,"href":"http:\/\/esponsorama.ad\/es\/wp-json\/wp\/v2\/media\/16017"}],"wp:attachment":[{"href":"http:\/\/esponsorama.ad\/es\/wp-json\/wp\/v2\/media?parent=16014"}],"wp:term":[{"taxonomy":"category","embeddable":true,"href":"http:\/\/esponsorama.ad\/es\/wp-json\/wp\/v2\/categories?post=16014"},{"taxonomy":"post_tag","embeddable":true,"href":"http:\/\/esponsorama.ad\/es\/wp-json\/wp\/v2\/tags?post=16014"}],"curies":[{"name":"wp","href":"https:\/\/api.w.org\/{rel}","templated":true}]}}