{"id":16037,"date":"2020-08-15T21:06:30","date_gmt":"2020-08-15T19:06:30","guid":{"rendered":"http:\/\/esponsorama.ad\/?p=16037"},"modified":"2020-08-15T21:08:22","modified_gmt":"2020-08-15T19:08:22","slug":"carlos-tatay-partira-25o-la-carrera-del-gran-premio-austria","status":"publish","type":"post","link":"http:\/\/esponsorama.ad\/es\/carlos-tatay-partira-25o-la-carrera-del-gran-premio-austria\/","title":{"rendered":"CARLOS TATAY PARTIR\u00c1 25\u00ba EN LA CARRERA DEL GRAN PREMIO DE AUSTRIA"},"content":{"rendered":"<p>Carlos Tatay arrancar\u00e1 la carrera del Gran Premio de Austria en 25\u00aa posici\u00f3n tras completar una ajustada sesi\u00f3n clasificatoria en el Red Bull Ring \u2013 Spielberg.<\/p>\n<p>El piloto valenciano del Reale Avintia Moto3, que despu\u00e9s de disputar los tres entrenamientos libres logr\u00f3 la 24\u00aa posici\u00f3n en los tiempos combinados, ha tenido que disputar la Q1. Tras marcar un mejor registro de 1\u201937.758, Tatay no ha conseguido alcanzar las cuatro mejores posiciones para acceder a la Q2 y finalmente se ha tenido que conformar con la novena l\u00ednea en la parrilla de salida.<\/p>\n<p>Ma\u00f1ana a las 11:00 dar\u00e1 comienzo la carrera del Gran Premio de Austria, donde Carlos Tatay tendr\u00e1 el objetivo de culminar una remontada que le permita alcanzar las posiciones de puntos.<\/p>\n<p>\t\t\t\t\t<div class=\"rider-short\">\n\t\t\t\t<a href=\"http:\/\/esponsorama.ad\/es\/piloto\/carlos-tatay\/\"><img loading=\"lazy\" decoding=\"async\" width=\"300\" height=\"300\" src=\"http:\/\/esponsorama.ad\/wp-content\/uploads\/2021\/02\/dorsal-tatay-gris-300x300.png\" class=\"attachment-medium size-medium\" alt=\"\" srcset=\"http:\/\/esponsorama.ad\/wp-content\/uploads\/2021\/02\/dorsal-tatay-gris-300x300.png 300w, http:\/\/esponsorama.ad\/wp-content\/uploads\/2021\/02\/dorsal-tatay-gris-150x150.png 150w, http:\/\/esponsorama.ad\/wp-content\/uploads\/2021\/02\/dorsal-tatay-gris.png 500w\" sizes=\"auto, (max-width: 300px) 100vw, 300px\" \/><\/a><div class=\"info\"><h3><a href=\"http:\/\/esponsorama.ad\/es\/piloto\/carlos-tatay\/\">Carlos Tatay<\/a> | 1'37.758 | P25<\/h3><div class=\"rrss\"><a target=\"_blank\" href=\"https:\/\/www.facebook.com\/carlostatay99\/\"><i class=\"fa fa-facebook\"><\/i><\/a><a target=\"_blank\" href=\"https:\/\/twitter.com\/carlostatay99\"><i class=\"fa fa-twitter\"><\/i><\/a><a target=\"_blank\" href=\"https:\/\/www.instagram.com\/carlostatay99\/\"><i class=\"fa fa-instagram\"><\/i><\/a><\/div><\/div>\t\t\t\t\t<\/div>\n\t\t\t\t<br \/>\n\u00abHa sido un d\u00eda con muchos cambios, primero el FP3 con lluvia y despu\u00e9s la clasificaci\u00f3n me ha costado un poco m\u00e1s. He salido bien, lo \u00fanico que he cometido un fallo en la estrategia. No me ha salido bien pero esto me hace tener m\u00e1s ganas para ma\u00f1ana, para salir con m\u00e1s garra y para disfrutar la carrera. A ver que podemos hacer.\u00bb<\/p>\n","protected":false},"excerpt":{"rendered":"<p>Carlos Tatay arrancar\u00e1 la carrera del Gran Premio de Austria en 25\u00aa posici\u00f3n tras completar una ajustada sesi\u00f3n clasificatoria en el Red Bull Ring \u2013 Spielberg. El piloto valenciano del Reale Avintia Moto3, que despu\u00e9s de disputar los tres entrenamientos libres logr\u00f3 la 24\u00aa posici\u00f3n en los tiempos combinados, ha tenido que disputar la Q1. [&hellip;]<\/p>\n","protected":false},"author":6,"featured_media":16038,"comment_status":"closed","ping_status":"closed","sticky":false,"template":"","format":"standard","meta":{"footnotes":""},"categories":[12],"tags":[],"class_list":["post-16037","post","type-post","status-publish","format-standard","has-post-thumbnail","hentry","category-moto3"],"yoast_head":"<!-- This site is optimized with the Yoast SEO plugin v27.1.1 - https:\/\/yoast.com\/product\/yoast-seo-wordpress\/ -->\n<title>CARLOS TATAY PARTIR\u00c1 25\u00ba EN LA CARRERA DEL GRAN PREMIO DE AUSTRIA - Esponsorama<\/title>\n<meta name=\"robots\" content=\"index, follow, max-snippet:-1, max-image-preview:large, max-video-preview:-1\" \/>\n<link rel=\"canonical\" href=\"http:\/\/esponsorama.ad\/es\/carlos-tatay-partira-25o-la-carrera-del-gran-premio-austria\/\" \/>\n<meta property=\"og:locale\" content=\"es_ES\" \/>\n<meta property=\"og:type\" content=\"article\" \/>\n<meta property=\"og:title\" content=\"CARLOS TATAY PARTIR\u00c1 25\u00ba EN LA CARRERA DEL GRAN PREMIO DE AUSTRIA - Esponsorama\" \/>\n<meta property=\"og:description\" content=\"Carlos Tatay arrancar\u00e1 la carrera del Gran Premio de Austria en 25\u00aa posici\u00f3n tras completar una ajustada sesi\u00f3n clasificatoria en el Red Bull Ring \u2013 Spielberg. El piloto valenciano del Reale Avintia Moto3, que despu\u00e9s de disputar los tres entrenamientos libres logr\u00f3 la 24\u00aa posici\u00f3n en los tiempos combinados, ha tenido que disputar la Q1. [&hellip;]\" \/>\n<meta property=\"og:url\" content=\"http:\/\/esponsorama.ad\/es\/carlos-tatay-partira-25o-la-carrera-del-gran-premio-austria\/\" \/>\n<meta property=\"og:site_name\" content=\"Esponsorama\" \/>\n<meta property=\"article:published_time\" content=\"2020-08-15T19:06:30+00:00\" \/>\n<meta property=\"article:modified_time\" content=\"2020-08-15T19:08:22+00:00\" \/>\n<meta property=\"og:image\" content=\"http:\/\/esponsorama.ad\/wp-content\/uploads\/2020\/08\/05Austria20M3_Esponsorama_TIN6003.jpg\" \/>\n\t<meta property=\"og:image:width\" content=\"5472\" \/>\n\t<meta property=\"og:image:height\" content=\"3648\" \/>\n\t<meta property=\"og:image:type\" content=\"image\/jpeg\" \/>\n<meta name=\"author\" content=\"Xavi Andornet\" \/>\n<meta name=\"twitter:card\" content=\"summary_large_image\" \/>\n<meta name=\"twitter:label1\" content=\"Escrito por\" \/>\n\t<meta name=\"twitter:data1\" content=\"Xavi Andornet\" \/>\n\t<meta name=\"twitter:label2\" content=\"Tiempo de lectura\" \/>\n\t<meta name=\"twitter:data2\" content=\"1 minuto\" \/>\n<script type=\"application\/ld+json\" class=\"yoast-schema-graph\">{\"@context\":\"https:\/\/schema.org\",\"@graph\":[{\"@type\":\"Article\",\"@id\":\"http:\/\/esponsorama.ad\/es\/carlos-tatay-partira-25o-la-carrera-del-gran-premio-austria\/#article\",\"isPartOf\":{\"@id\":\"http:\/\/esponsorama.ad\/es\/carlos-tatay-partira-25o-la-carrera-del-gran-premio-austria\/\"},\"author\":{\"name\":\"Xavi Andornet\",\"@id\":\"http:\/\/esponsorama.ad\/es\/#\/schema\/person\/a5cde74945183d737066e46b61c6f9c4\"},\"headline\":\"CARLOS TATAY PARTIR\u00c1 25\u00ba EN LA CARRERA DEL GRAN PREMIO DE AUSTRIA\",\"datePublished\":\"2020-08-15T19:06:30+00:00\",\"dateModified\":\"2020-08-15T19:08:22+00:00\",\"mainEntityOfPage\":{\"@id\":\"http:\/\/esponsorama.ad\/es\/carlos-tatay-partira-25o-la-carrera-del-gran-premio-austria\/\"},\"wordCount\":211,\"image\":{\"@id\":\"http:\/\/esponsorama.ad\/es\/carlos-tatay-partira-25o-la-carrera-del-gran-premio-austria\/#primaryimage\"},\"thumbnailUrl\":\"http:\/\/esponsorama.ad\/wp-content\/uploads\/2020\/08\/05Austria20M3_Esponsorama_TIN6003.jpg\",\"articleSection\":[\"Moto3\"],\"inLanguage\":\"es\"},{\"@type\":\"WebPage\",\"@id\":\"http:\/\/esponsorama.ad\/es\/carlos-tatay-partira-25o-la-carrera-del-gran-premio-austria\/\",\"url\":\"http:\/\/esponsorama.ad\/es\/carlos-tatay-partira-25o-la-carrera-del-gran-premio-austria\/\",\"name\":\"CARLOS TATAY PARTIR\u00c1 25\u00ba EN LA CARRERA DEL GRAN PREMIO DE AUSTRIA - Esponsorama\",\"isPartOf\":{\"@id\":\"http:\/\/esponsorama.ad\/es\/#website\"},\"primaryImageOfPage\":{\"@id\":\"http:\/\/esponsorama.ad\/es\/carlos-tatay-partira-25o-la-carrera-del-gran-premio-austria\/#primaryimage\"},\"image\":{\"@id\":\"http:\/\/esponsorama.ad\/es\/carlos-tatay-partira-25o-la-carrera-del-gran-premio-austria\/#primaryimage\"},\"thumbnailUrl\":\"http:\/\/esponsorama.ad\/wp-content\/uploads\/2020\/08\/05Austria20M3_Esponsorama_TIN6003.jpg\",\"datePublished\":\"2020-08-15T19:06:30+00:00\",\"dateModified\":\"2020-08-15T19:08:22+00:00\",\"author\":{\"@id\":\"http:\/\/esponsorama.ad\/es\/#\/schema\/person\/a5cde74945183d737066e46b61c6f9c4\"},\"breadcrumb\":{\"@id\":\"http:\/\/esponsorama.ad\/es\/carlos-tatay-partira-25o-la-carrera-del-gran-premio-austria\/#breadcrumb\"},\"inLanguage\":\"es\",\"potentialAction\":[{\"@type\":\"ReadAction\",\"target\":[\"http:\/\/esponsorama.ad\/es\/carlos-tatay-partira-25o-la-carrera-del-gran-premio-austria\/\"]}]},{\"@type\":\"ImageObject\",\"inLanguage\":\"es\",\"@id\":\"http:\/\/esponsorama.ad\/es\/carlos-tatay-partira-25o-la-carrera-del-gran-premio-austria\/#primaryimage\",\"url\":\"http:\/\/esponsorama.ad\/wp-content\/uploads\/2020\/08\/05Austria20M3_Esponsorama_TIN6003.jpg\",\"contentUrl\":\"http:\/\/esponsorama.ad\/wp-content\/uploads\/2020\/08\/05Austria20M3_Esponsorama_TIN6003.jpg\",\"width\":5472,\"height\":3648,\"caption\":\"05 Austria GP 13 al 16 de Agosto de 2020.\"},{\"@type\":\"BreadcrumbList\",\"@id\":\"http:\/\/esponsorama.ad\/es\/carlos-tatay-partira-25o-la-carrera-del-gran-premio-austria\/#breadcrumb\",\"itemListElement\":[{\"@type\":\"ListItem\",\"position\":1,\"name\":\"Home\",\"item\":\"http:\/\/esponsorama.ad\/es\/\"},{\"@type\":\"ListItem\",\"position\":2,\"name\":\"CARLOS TATAY PARTIR\u00c1 25\u00ba EN LA CARRERA DEL GRAN PREMIO DE AUSTRIA\"}]},{\"@type\":\"WebSite\",\"@id\":\"http:\/\/esponsorama.ad\/es\/#website\",\"url\":\"http:\/\/esponsorama.ad\/es\/\",\"name\":\"Esponsorama\",\"description\":\"Specialist in motorsport sponsorship and event promotions\",\"potentialAction\":[{\"@type\":\"SearchAction\",\"target\":{\"@type\":\"EntryPoint\",\"urlTemplate\":\"http:\/\/esponsorama.ad\/es\/?s={search_term_string}\"},\"query-input\":{\"@type\":\"PropertyValueSpecification\",\"valueRequired\":true,\"valueName\":\"search_term_string\"}}],\"inLanguage\":\"es\"},{\"@type\":\"Person\",\"@id\":\"http:\/\/esponsorama.ad\/es\/#\/schema\/person\/a5cde74945183d737066e46b61c6f9c4\",\"name\":\"Xavi Andornet\",\"image\":{\"@type\":\"ImageObject\",\"inLanguage\":\"es\",\"@id\":\"http:\/\/esponsorama.ad\/es\/#\/schema\/person\/image\/\",\"url\":\"https:\/\/secure.gravatar.com\/avatar\/f10eaf9ad601244a2357c9fd7cd9805ed166cfaaf76d5d9ab08a9d873e70147a?s=96&d=mm&r=g\",\"contentUrl\":\"https:\/\/secure.gravatar.com\/avatar\/f10eaf9ad601244a2357c9fd7cd9805ed166cfaaf76d5d9ab08a9d873e70147a?s=96&d=mm&r=g\",\"caption\":\"Xavi Andornet\"},\"sameAs\":[\"http:\/\/www.andornet.ad\"],\"url\":\"http:\/\/esponsorama.ad\/es\/author\/andornet\/\"}]}<\/script>\n<!-- \/ Yoast SEO plugin. -->","yoast_head_json":{"title":"CARLOS TATAY PARTIR\u00c1 25\u00ba EN LA CARRERA DEL GRAN PREMIO DE AUSTRIA - Esponsorama","robots":{"index":"index","follow":"follow","max-snippet":"max-snippet:-1","max-image-preview":"max-image-preview:large","max-video-preview":"max-video-preview:-1"},"canonical":"http:\/\/esponsorama.ad\/es\/carlos-tatay-partira-25o-la-carrera-del-gran-premio-austria\/","og_locale":"es_ES","og_type":"article","og_title":"CARLOS TATAY PARTIR\u00c1 25\u00ba EN LA CARRERA DEL GRAN PREMIO DE AUSTRIA - Esponsorama","og_description":"Carlos Tatay arrancar\u00e1 la carrera del Gran Premio de Austria en 25\u00aa posici\u00f3n tras completar una ajustada sesi\u00f3n clasificatoria en el Red Bull Ring \u2013 Spielberg. El piloto valenciano del Reale Avintia Moto3, que despu\u00e9s de disputar los tres entrenamientos libres logr\u00f3 la 24\u00aa posici\u00f3n en los tiempos combinados, ha tenido que disputar la Q1. [&hellip;]","og_url":"http:\/\/esponsorama.ad\/es\/carlos-tatay-partira-25o-la-carrera-del-gran-premio-austria\/","og_site_name":"Esponsorama","article_published_time":"2020-08-15T19:06:30+00:00","article_modified_time":"2020-08-15T19:08:22+00:00","og_image":[{"width":5472,"height":3648,"url":"http:\/\/esponsorama.ad\/wp-content\/uploads\/2020\/08\/05Austria20M3_Esponsorama_TIN6003.jpg","type":"image\/jpeg"}],"author":"Xavi Andornet","twitter_card":"summary_large_image","twitter_misc":{"Escrito por":"Xavi Andornet","Tiempo de lectura":"1 minuto"},"schema":{"@context":"https:\/\/schema.org","@graph":[{"@type":"Article","@id":"http:\/\/esponsorama.ad\/es\/carlos-tatay-partira-25o-la-carrera-del-gran-premio-austria\/#article","isPartOf":{"@id":"http:\/\/esponsorama.ad\/es\/carlos-tatay-partira-25o-la-carrera-del-gran-premio-austria\/"},"author":{"name":"Xavi Andornet","@id":"http:\/\/esponsorama.ad\/es\/#\/schema\/person\/a5cde74945183d737066e46b61c6f9c4"},"headline":"CARLOS TATAY PARTIR\u00c1 25\u00ba EN LA CARRERA DEL GRAN PREMIO DE AUSTRIA","datePublished":"2020-08-15T19:06:30+00:00","dateModified":"2020-08-15T19:08:22+00:00","mainEntityOfPage":{"@id":"http:\/\/esponsorama.ad\/es\/carlos-tatay-partira-25o-la-carrera-del-gran-premio-austria\/"},"wordCount":211,"image":{"@id":"http:\/\/esponsorama.ad\/es\/carlos-tatay-partira-25o-la-carrera-del-gran-premio-austria\/#primaryimage"},"thumbnailUrl":"http:\/\/esponsorama.ad\/wp-content\/uploads\/2020\/08\/05Austria20M3_Esponsorama_TIN6003.jpg","articleSection":["Moto3"],"inLanguage":"es"},{"@type":"WebPage","@id":"http:\/\/esponsorama.ad\/es\/carlos-tatay-partira-25o-la-carrera-del-gran-premio-austria\/","url":"http:\/\/esponsorama.ad\/es\/carlos-tatay-partira-25o-la-carrera-del-gran-premio-austria\/","name":"CARLOS TATAY PARTIR\u00c1 25\u00ba EN LA CARRERA DEL GRAN PREMIO DE AUSTRIA - Esponsorama","isPartOf":{"@id":"http:\/\/esponsorama.ad\/es\/#website"},"primaryImageOfPage":{"@id":"http:\/\/esponsorama.ad\/es\/carlos-tatay-partira-25o-la-carrera-del-gran-premio-austria\/#primaryimage"},"image":{"@id":"http:\/\/esponsorama.ad\/es\/carlos-tatay-partira-25o-la-carrera-del-gran-premio-austria\/#primaryimage"},"thumbnailUrl":"http:\/\/esponsorama.ad\/wp-content\/uploads\/2020\/08\/05Austria20M3_Esponsorama_TIN6003.jpg","datePublished":"2020-08-15T19:06:30+00:00","dateModified":"2020-08-15T19:08:22+00:00","author":{"@id":"http:\/\/esponsorama.ad\/es\/#\/schema\/person\/a5cde74945183d737066e46b61c6f9c4"},"breadcrumb":{"@id":"http:\/\/esponsorama.ad\/es\/carlos-tatay-partira-25o-la-carrera-del-gran-premio-austria\/#breadcrumb"},"inLanguage":"es","potentialAction":[{"@type":"ReadAction","target":["http:\/\/esponsorama.ad\/es\/carlos-tatay-partira-25o-la-carrera-del-gran-premio-austria\/"]}]},{"@type":"ImageObject","inLanguage":"es","@id":"http:\/\/esponsorama.ad\/es\/carlos-tatay-partira-25o-la-carrera-del-gran-premio-austria\/#primaryimage","url":"http:\/\/esponsorama.ad\/wp-content\/uploads\/2020\/08\/05Austria20M3_Esponsorama_TIN6003.jpg","contentUrl":"http:\/\/esponsorama.ad\/wp-content\/uploads\/2020\/08\/05Austria20M3_Esponsorama_TIN6003.jpg","width":5472,"height":3648,"caption":"05 Austria GP 13 al 16 de Agosto de 2020."},{"@type":"BreadcrumbList","@id":"http:\/\/esponsorama.ad\/es\/carlos-tatay-partira-25o-la-carrera-del-gran-premio-austria\/#breadcrumb","itemListElement":[{"@type":"ListItem","position":1,"name":"Home","item":"http:\/\/esponsorama.ad\/es\/"},{"@type":"ListItem","position":2,"name":"CARLOS TATAY PARTIR\u00c1 25\u00ba EN LA CARRERA DEL GRAN PREMIO DE AUSTRIA"}]},{"@type":"WebSite","@id":"http:\/\/esponsorama.ad\/es\/#website","url":"http:\/\/esponsorama.ad\/es\/","name":"Esponsorama","description":"Specialist in motorsport sponsorship and event promotions","potentialAction":[{"@type":"SearchAction","target":{"@type":"EntryPoint","urlTemplate":"http:\/\/esponsorama.ad\/es\/?s={search_term_string}"},"query-input":{"@type":"PropertyValueSpecification","valueRequired":true,"valueName":"search_term_string"}}],"inLanguage":"es"},{"@type":"Person","@id":"http:\/\/esponsorama.ad\/es\/#\/schema\/person\/a5cde74945183d737066e46b61c6f9c4","name":"Xavi Andornet","image":{"@type":"ImageObject","inLanguage":"es","@id":"http:\/\/esponsorama.ad\/es\/#\/schema\/person\/image\/","url":"https:\/\/secure.gravatar.com\/avatar\/f10eaf9ad601244a2357c9fd7cd9805ed166cfaaf76d5d9ab08a9d873e70147a?s=96&d=mm&r=g","contentUrl":"https:\/\/secure.gravatar.com\/avatar\/f10eaf9ad601244a2357c9fd7cd9805ed166cfaaf76d5d9ab08a9d873e70147a?s=96&d=mm&r=g","caption":"Xavi Andornet"},"sameAs":["http:\/\/www.andornet.ad"],"url":"http:\/\/esponsorama.ad\/es\/author\/andornet\/"}]}},"_links":{"self":[{"href":"http:\/\/esponsorama.ad\/es\/wp-json\/wp\/v2\/posts\/16037","targetHints":{"allow":["GET"]}}],"collection":[{"href":"http:\/\/esponsorama.ad\/es\/wp-json\/wp\/v2\/posts"}],"about":[{"href":"http:\/\/esponsorama.ad\/es\/wp-json\/wp\/v2\/types\/post"}],"author":[{"embeddable":true,"href":"http:\/\/esponsorama.ad\/es\/wp-json\/wp\/v2\/users\/6"}],"replies":[{"embeddable":true,"href":"http:\/\/esponsorama.ad\/es\/wp-json\/wp\/v2\/comments?post=16037"}],"version-history":[{"count":1,"href":"http:\/\/esponsorama.ad\/es\/wp-json\/wp\/v2\/posts\/16037\/revisions"}],"predecessor-version":[{"id":16041,"href":"http:\/\/esponsorama.ad\/es\/wp-json\/wp\/v2\/posts\/16037\/revisions\/16041"}],"wp:featuredmedia":[{"embeddable":true,"href":"http:\/\/esponsorama.ad\/es\/wp-json\/wp\/v2\/media\/16038"}],"wp:attachment":[{"href":"http:\/\/esponsorama.ad\/es\/wp-json\/wp\/v2\/media?parent=16037"}],"wp:term":[{"taxonomy":"category","embeddable":true,"href":"http:\/\/esponsorama.ad\/es\/wp-json\/wp\/v2\/categories?post=16037"},{"taxonomy":"post_tag","embeddable":true,"href":"http:\/\/esponsorama.ad\/es\/wp-json\/wp\/v2\/tags?post=16037"}],"curies":[{"name":"wp","href":"https:\/\/api.w.org\/{rel}","templated":true}]}}