{"id":16044,"date":"2020-08-16T17:33:34","date_gmt":"2020-08-16T15:33:34","guid":{"rendered":"http:\/\/esponsorama.ad\/?p=16044"},"modified":"2020-08-16T17:35:43","modified_gmt":"2020-08-16T15:35:43","slug":"carlos-tatay-22o-la-carrera-del-gran-premio-austria","status":"publish","type":"post","link":"http:\/\/esponsorama.ad\/es\/carlos-tatay-22o-la-carrera-del-gran-premio-austria\/","title":{"rendered":"CARLOS TATAY, 22\u00ba EN LA CARRERA DEL GRAN PREMIO DE AUSTRIA"},"content":{"rendered":"<p>El Reale Avintia Moto3 y Carlos Tatay han concluido la quinta cita de la temporada para la categor\u00eda en 22\u00aa posici\u00f3n en una carrera muy ajustada en el Red Bull Ring \u2013 Spielberg.<\/p>\n<p>Tras la clasificaci\u00f3n disputada en el d\u00eda de ayer, el piloto valenciano arrancaba 25\u00ba en la parrilla de salida. Durante la carrera, Tatay ha estado luchando por alcanzar la zona de puntos, pero finalmente se ha tenido que conformar con la 22\u00aa posici\u00f3n, finalizando a seis segundos del TOP-15.<\/p>\n<p>El pr\u00f3ximo fin de semana, Carlos Tatay y el Reale Avintia Moto3 tendr\u00e1n una nueva oportunidad para alcanzar su objetivo en el Gran Premio de Styria, que se disputar\u00e1 en el mismo Red Bull Ring \u2013 Spielberg.<\/p>\n<p>\t\t\t\t\t<div class=\"rider-short\">\n\t\t\t\t<a href=\"http:\/\/esponsorama.ad\/es\/piloto\/carlos-tatay\/\"><img loading=\"lazy\" decoding=\"async\" width=\"300\" height=\"300\" src=\"http:\/\/esponsorama.ad\/wp-content\/uploads\/2021\/02\/dorsal-tatay-gris-300x300.png\" class=\"attachment-medium size-medium\" alt=\"\" srcset=\"http:\/\/esponsorama.ad\/wp-content\/uploads\/2021\/02\/dorsal-tatay-gris-300x300.png 300w, http:\/\/esponsorama.ad\/wp-content\/uploads\/2021\/02\/dorsal-tatay-gris-150x150.png 150w, http:\/\/esponsorama.ad\/wp-content\/uploads\/2021\/02\/dorsal-tatay-gris.png 500w\" sizes=\"auto, (max-width: 300px) 100vw, 300px\" \/><\/a><div class=\"info\"><h3><a href=\"http:\/\/esponsorama.ad\/es\/piloto\/carlos-tatay\/\">Carlos Tatay<\/a> | P22<\/h3><div class=\"rrss\"><a target=\"_blank\" href=\"https:\/\/www.facebook.com\/carlostatay99\/\"><i class=\"fa fa-facebook\"><\/i><\/a><a target=\"_blank\" href=\"https:\/\/twitter.com\/carlostatay99\"><i class=\"fa fa-twitter\"><\/i><\/a><a target=\"_blank\" href=\"https:\/\/www.instagram.com\/carlostatay99\/\"><i class=\"fa fa-instagram\"><\/i><\/a><\/div><\/div>\t\t\t\t\t<\/div>\n\t\t\t\t<br \/>\n\u201cEstoy satisfecho con el trabajo y hemos podido dar un paso adelante. No estoy contento con el resultado de la carrera, pero s\u00ed con el trabajo que hemos hecho. He tenido un toque al principio que me ha llevado a unas posiciones muy retrasadas, he intentado volver al grupo y estaba rodando en los mismos tiempos que la cabeza. Nos llevamos buenas conclusiones y una buena base para empezar a trabajar la semana que viene. Muchas gracias al equipo por el trabajo y la semana que viene m\u00e1s.\u201d<\/p>\n","protected":false},"excerpt":{"rendered":"<p>El Reale Avintia Moto3 y Carlos Tatay han concluido la quinta cita de la temporada para la categor\u00eda en 22\u00aa posici\u00f3n en una carrera muy ajustada en el Red Bull Ring \u2013 Spielberg. Tras la clasificaci\u00f3n disputada en el d\u00eda de ayer, el piloto valenciano arrancaba 25\u00ba en la parrilla de salida. Durante la carrera, [&hellip;]<\/p>\n","protected":false},"author":6,"featured_media":16045,"comment_status":"closed","ping_status":"closed","sticky":false,"template":"","format":"standard","meta":{"footnotes":""},"categories":[12],"tags":[],"class_list":["post-16044","post","type-post","status-publish","format-standard","has-post-thumbnail","hentry","category-moto3"],"yoast_head":"<!-- This site is optimized with the Yoast SEO plugin v27.1.1 - https:\/\/yoast.com\/product\/yoast-seo-wordpress\/ -->\n<title>CARLOS TATAY, 22\u00ba EN LA CARRERA DEL GRAN PREMIO DE AUSTRIA - Esponsorama<\/title>\n<meta name=\"robots\" content=\"index, follow, max-snippet:-1, max-image-preview:large, max-video-preview:-1\" \/>\n<link rel=\"canonical\" href=\"http:\/\/esponsorama.ad\/es\/carlos-tatay-22o-la-carrera-del-gran-premio-austria\/\" \/>\n<meta property=\"og:locale\" content=\"es_ES\" \/>\n<meta property=\"og:type\" content=\"article\" \/>\n<meta property=\"og:title\" content=\"CARLOS TATAY, 22\u00ba EN LA CARRERA DEL GRAN PREMIO DE AUSTRIA - Esponsorama\" \/>\n<meta property=\"og:description\" content=\"El Reale Avintia Moto3 y Carlos Tatay han concluido la quinta cita de la temporada para la categor\u00eda en 22\u00aa posici\u00f3n en una carrera muy ajustada en el Red Bull Ring \u2013 Spielberg. Tras la clasificaci\u00f3n disputada en el d\u00eda de ayer, el piloto valenciano arrancaba 25\u00ba en la parrilla de salida. Durante la carrera, [&hellip;]\" \/>\n<meta property=\"og:url\" content=\"http:\/\/esponsorama.ad\/es\/carlos-tatay-22o-la-carrera-del-gran-premio-austria\/\" \/>\n<meta property=\"og:site_name\" content=\"Esponsorama\" \/>\n<meta property=\"article:published_time\" content=\"2020-08-16T15:33:34+00:00\" \/>\n<meta property=\"article:modified_time\" content=\"2020-08-16T15:35:43+00:00\" \/>\n<meta property=\"og:image\" content=\"http:\/\/esponsorama.ad\/wp-content\/uploads\/2020\/08\/05Austria20M3_Esponsorama_TIN1323.jpg\" \/>\n\t<meta property=\"og:image:width\" content=\"5472\" \/>\n\t<meta property=\"og:image:height\" content=\"3648\" \/>\n\t<meta property=\"og:image:type\" content=\"image\/jpeg\" \/>\n<meta name=\"author\" content=\"Xavi Andornet\" \/>\n<meta name=\"twitter:card\" content=\"summary_large_image\" \/>\n<meta name=\"twitter:label1\" content=\"Escrito por\" \/>\n\t<meta name=\"twitter:data1\" content=\"Xavi Andornet\" \/>\n\t<meta name=\"twitter:label2\" content=\"Tiempo de lectura\" \/>\n\t<meta name=\"twitter:data2\" content=\"1 minuto\" \/>\n<script type=\"application\/ld+json\" class=\"yoast-schema-graph\">{\"@context\":\"https:\/\/schema.org\",\"@graph\":[{\"@type\":\"Article\",\"@id\":\"http:\/\/esponsorama.ad\/es\/carlos-tatay-22o-la-carrera-del-gran-premio-austria\/#article\",\"isPartOf\":{\"@id\":\"http:\/\/esponsorama.ad\/es\/carlos-tatay-22o-la-carrera-del-gran-premio-austria\/\"},\"author\":{\"name\":\"Xavi Andornet\",\"@id\":\"http:\/\/esponsorama.ad\/es\/#\/schema\/person\/a5cde74945183d737066e46b61c6f9c4\"},\"headline\":\"CARLOS TATAY, 22\u00ba EN LA CARRERA DEL GRAN PREMIO DE AUSTRIA\",\"datePublished\":\"2020-08-16T15:33:34+00:00\",\"dateModified\":\"2020-08-16T15:35:43+00:00\",\"mainEntityOfPage\":{\"@id\":\"http:\/\/esponsorama.ad\/es\/carlos-tatay-22o-la-carrera-del-gran-premio-austria\/\"},\"wordCount\":223,\"image\":{\"@id\":\"http:\/\/esponsorama.ad\/es\/carlos-tatay-22o-la-carrera-del-gran-premio-austria\/#primaryimage\"},\"thumbnailUrl\":\"http:\/\/esponsorama.ad\/wp-content\/uploads\/2020\/08\/05Austria20M3_Esponsorama_TIN1323.jpg\",\"articleSection\":[\"Moto3\"],\"inLanguage\":\"es\"},{\"@type\":\"WebPage\",\"@id\":\"http:\/\/esponsorama.ad\/es\/carlos-tatay-22o-la-carrera-del-gran-premio-austria\/\",\"url\":\"http:\/\/esponsorama.ad\/es\/carlos-tatay-22o-la-carrera-del-gran-premio-austria\/\",\"name\":\"CARLOS TATAY, 22\u00ba EN LA CARRERA DEL GRAN PREMIO DE AUSTRIA - Esponsorama\",\"isPartOf\":{\"@id\":\"http:\/\/esponsorama.ad\/es\/#website\"},\"primaryImageOfPage\":{\"@id\":\"http:\/\/esponsorama.ad\/es\/carlos-tatay-22o-la-carrera-del-gran-premio-austria\/#primaryimage\"},\"image\":{\"@id\":\"http:\/\/esponsorama.ad\/es\/carlos-tatay-22o-la-carrera-del-gran-premio-austria\/#primaryimage\"},\"thumbnailUrl\":\"http:\/\/esponsorama.ad\/wp-content\/uploads\/2020\/08\/05Austria20M3_Esponsorama_TIN1323.jpg\",\"datePublished\":\"2020-08-16T15:33:34+00:00\",\"dateModified\":\"2020-08-16T15:35:43+00:00\",\"author\":{\"@id\":\"http:\/\/esponsorama.ad\/es\/#\/schema\/person\/a5cde74945183d737066e46b61c6f9c4\"},\"breadcrumb\":{\"@id\":\"http:\/\/esponsorama.ad\/es\/carlos-tatay-22o-la-carrera-del-gran-premio-austria\/#breadcrumb\"},\"inLanguage\":\"es\",\"potentialAction\":[{\"@type\":\"ReadAction\",\"target\":[\"http:\/\/esponsorama.ad\/es\/carlos-tatay-22o-la-carrera-del-gran-premio-austria\/\"]}]},{\"@type\":\"ImageObject\",\"inLanguage\":\"es\",\"@id\":\"http:\/\/esponsorama.ad\/es\/carlos-tatay-22o-la-carrera-del-gran-premio-austria\/#primaryimage\",\"url\":\"http:\/\/esponsorama.ad\/wp-content\/uploads\/2020\/08\/05Austria20M3_Esponsorama_TIN1323.jpg\",\"contentUrl\":\"http:\/\/esponsorama.ad\/wp-content\/uploads\/2020\/08\/05Austria20M3_Esponsorama_TIN1323.jpg\",\"width\":5472,\"height\":3648,\"caption\":\"05 Austria GP 13 al 16 de Agosto de 2020.\"},{\"@type\":\"BreadcrumbList\",\"@id\":\"http:\/\/esponsorama.ad\/es\/carlos-tatay-22o-la-carrera-del-gran-premio-austria\/#breadcrumb\",\"itemListElement\":[{\"@type\":\"ListItem\",\"position\":1,\"name\":\"Home\",\"item\":\"http:\/\/esponsorama.ad\/es\/\"},{\"@type\":\"ListItem\",\"position\":2,\"name\":\"CARLOS TATAY, 22\u00ba EN LA CARRERA DEL GRAN PREMIO DE AUSTRIA\"}]},{\"@type\":\"WebSite\",\"@id\":\"http:\/\/esponsorama.ad\/es\/#website\",\"url\":\"http:\/\/esponsorama.ad\/es\/\",\"name\":\"Esponsorama\",\"description\":\"Specialist in motorsport sponsorship and event promotions\",\"potentialAction\":[{\"@type\":\"SearchAction\",\"target\":{\"@type\":\"EntryPoint\",\"urlTemplate\":\"http:\/\/esponsorama.ad\/es\/?s={search_term_string}\"},\"query-input\":{\"@type\":\"PropertyValueSpecification\",\"valueRequired\":true,\"valueName\":\"search_term_string\"}}],\"inLanguage\":\"es\"},{\"@type\":\"Person\",\"@id\":\"http:\/\/esponsorama.ad\/es\/#\/schema\/person\/a5cde74945183d737066e46b61c6f9c4\",\"name\":\"Xavi Andornet\",\"image\":{\"@type\":\"ImageObject\",\"inLanguage\":\"es\",\"@id\":\"http:\/\/esponsorama.ad\/es\/#\/schema\/person\/image\/\",\"url\":\"https:\/\/secure.gravatar.com\/avatar\/f10eaf9ad601244a2357c9fd7cd9805ed166cfaaf76d5d9ab08a9d873e70147a?s=96&d=mm&r=g\",\"contentUrl\":\"https:\/\/secure.gravatar.com\/avatar\/f10eaf9ad601244a2357c9fd7cd9805ed166cfaaf76d5d9ab08a9d873e70147a?s=96&d=mm&r=g\",\"caption\":\"Xavi Andornet\"},\"sameAs\":[\"http:\/\/www.andornet.ad\"],\"url\":\"http:\/\/esponsorama.ad\/es\/author\/andornet\/\"}]}<\/script>\n<!-- \/ Yoast SEO plugin. -->","yoast_head_json":{"title":"CARLOS TATAY, 22\u00ba EN LA CARRERA DEL GRAN PREMIO DE AUSTRIA - Esponsorama","robots":{"index":"index","follow":"follow","max-snippet":"max-snippet:-1","max-image-preview":"max-image-preview:large","max-video-preview":"max-video-preview:-1"},"canonical":"http:\/\/esponsorama.ad\/es\/carlos-tatay-22o-la-carrera-del-gran-premio-austria\/","og_locale":"es_ES","og_type":"article","og_title":"CARLOS TATAY, 22\u00ba EN LA CARRERA DEL GRAN PREMIO DE AUSTRIA - Esponsorama","og_description":"El Reale Avintia Moto3 y Carlos Tatay han concluido la quinta cita de la temporada para la categor\u00eda en 22\u00aa posici\u00f3n en una carrera muy ajustada en el Red Bull Ring \u2013 Spielberg. Tras la clasificaci\u00f3n disputada en el d\u00eda de ayer, el piloto valenciano arrancaba 25\u00ba en la parrilla de salida. Durante la carrera, [&hellip;]","og_url":"http:\/\/esponsorama.ad\/es\/carlos-tatay-22o-la-carrera-del-gran-premio-austria\/","og_site_name":"Esponsorama","article_published_time":"2020-08-16T15:33:34+00:00","article_modified_time":"2020-08-16T15:35:43+00:00","og_image":[{"width":5472,"height":3648,"url":"http:\/\/esponsorama.ad\/wp-content\/uploads\/2020\/08\/05Austria20M3_Esponsorama_TIN1323.jpg","type":"image\/jpeg"}],"author":"Xavi Andornet","twitter_card":"summary_large_image","twitter_misc":{"Escrito por":"Xavi Andornet","Tiempo de lectura":"1 minuto"},"schema":{"@context":"https:\/\/schema.org","@graph":[{"@type":"Article","@id":"http:\/\/esponsorama.ad\/es\/carlos-tatay-22o-la-carrera-del-gran-premio-austria\/#article","isPartOf":{"@id":"http:\/\/esponsorama.ad\/es\/carlos-tatay-22o-la-carrera-del-gran-premio-austria\/"},"author":{"name":"Xavi Andornet","@id":"http:\/\/esponsorama.ad\/es\/#\/schema\/person\/a5cde74945183d737066e46b61c6f9c4"},"headline":"CARLOS TATAY, 22\u00ba EN LA CARRERA DEL GRAN PREMIO DE AUSTRIA","datePublished":"2020-08-16T15:33:34+00:00","dateModified":"2020-08-16T15:35:43+00:00","mainEntityOfPage":{"@id":"http:\/\/esponsorama.ad\/es\/carlos-tatay-22o-la-carrera-del-gran-premio-austria\/"},"wordCount":223,"image":{"@id":"http:\/\/esponsorama.ad\/es\/carlos-tatay-22o-la-carrera-del-gran-premio-austria\/#primaryimage"},"thumbnailUrl":"http:\/\/esponsorama.ad\/wp-content\/uploads\/2020\/08\/05Austria20M3_Esponsorama_TIN1323.jpg","articleSection":["Moto3"],"inLanguage":"es"},{"@type":"WebPage","@id":"http:\/\/esponsorama.ad\/es\/carlos-tatay-22o-la-carrera-del-gran-premio-austria\/","url":"http:\/\/esponsorama.ad\/es\/carlos-tatay-22o-la-carrera-del-gran-premio-austria\/","name":"CARLOS TATAY, 22\u00ba EN LA CARRERA DEL GRAN PREMIO DE AUSTRIA - Esponsorama","isPartOf":{"@id":"http:\/\/esponsorama.ad\/es\/#website"},"primaryImageOfPage":{"@id":"http:\/\/esponsorama.ad\/es\/carlos-tatay-22o-la-carrera-del-gran-premio-austria\/#primaryimage"},"image":{"@id":"http:\/\/esponsorama.ad\/es\/carlos-tatay-22o-la-carrera-del-gran-premio-austria\/#primaryimage"},"thumbnailUrl":"http:\/\/esponsorama.ad\/wp-content\/uploads\/2020\/08\/05Austria20M3_Esponsorama_TIN1323.jpg","datePublished":"2020-08-16T15:33:34+00:00","dateModified":"2020-08-16T15:35:43+00:00","author":{"@id":"http:\/\/esponsorama.ad\/es\/#\/schema\/person\/a5cde74945183d737066e46b61c6f9c4"},"breadcrumb":{"@id":"http:\/\/esponsorama.ad\/es\/carlos-tatay-22o-la-carrera-del-gran-premio-austria\/#breadcrumb"},"inLanguage":"es","potentialAction":[{"@type":"ReadAction","target":["http:\/\/esponsorama.ad\/es\/carlos-tatay-22o-la-carrera-del-gran-premio-austria\/"]}]},{"@type":"ImageObject","inLanguage":"es","@id":"http:\/\/esponsorama.ad\/es\/carlos-tatay-22o-la-carrera-del-gran-premio-austria\/#primaryimage","url":"http:\/\/esponsorama.ad\/wp-content\/uploads\/2020\/08\/05Austria20M3_Esponsorama_TIN1323.jpg","contentUrl":"http:\/\/esponsorama.ad\/wp-content\/uploads\/2020\/08\/05Austria20M3_Esponsorama_TIN1323.jpg","width":5472,"height":3648,"caption":"05 Austria GP 13 al 16 de Agosto de 2020."},{"@type":"BreadcrumbList","@id":"http:\/\/esponsorama.ad\/es\/carlos-tatay-22o-la-carrera-del-gran-premio-austria\/#breadcrumb","itemListElement":[{"@type":"ListItem","position":1,"name":"Home","item":"http:\/\/esponsorama.ad\/es\/"},{"@type":"ListItem","position":2,"name":"CARLOS TATAY, 22\u00ba EN LA CARRERA DEL GRAN PREMIO DE AUSTRIA"}]},{"@type":"WebSite","@id":"http:\/\/esponsorama.ad\/es\/#website","url":"http:\/\/esponsorama.ad\/es\/","name":"Esponsorama","description":"Specialist in motorsport sponsorship and event promotions","potentialAction":[{"@type":"SearchAction","target":{"@type":"EntryPoint","urlTemplate":"http:\/\/esponsorama.ad\/es\/?s={search_term_string}"},"query-input":{"@type":"PropertyValueSpecification","valueRequired":true,"valueName":"search_term_string"}}],"inLanguage":"es"},{"@type":"Person","@id":"http:\/\/esponsorama.ad\/es\/#\/schema\/person\/a5cde74945183d737066e46b61c6f9c4","name":"Xavi Andornet","image":{"@type":"ImageObject","inLanguage":"es","@id":"http:\/\/esponsorama.ad\/es\/#\/schema\/person\/image\/","url":"https:\/\/secure.gravatar.com\/avatar\/f10eaf9ad601244a2357c9fd7cd9805ed166cfaaf76d5d9ab08a9d873e70147a?s=96&d=mm&r=g","contentUrl":"https:\/\/secure.gravatar.com\/avatar\/f10eaf9ad601244a2357c9fd7cd9805ed166cfaaf76d5d9ab08a9d873e70147a?s=96&d=mm&r=g","caption":"Xavi Andornet"},"sameAs":["http:\/\/www.andornet.ad"],"url":"http:\/\/esponsorama.ad\/es\/author\/andornet\/"}]}},"_links":{"self":[{"href":"http:\/\/esponsorama.ad\/es\/wp-json\/wp\/v2\/posts\/16044","targetHints":{"allow":["GET"]}}],"collection":[{"href":"http:\/\/esponsorama.ad\/es\/wp-json\/wp\/v2\/posts"}],"about":[{"href":"http:\/\/esponsorama.ad\/es\/wp-json\/wp\/v2\/types\/post"}],"author":[{"embeddable":true,"href":"http:\/\/esponsorama.ad\/es\/wp-json\/wp\/v2\/users\/6"}],"replies":[{"embeddable":true,"href":"http:\/\/esponsorama.ad\/es\/wp-json\/wp\/v2\/comments?post=16044"}],"version-history":[{"count":1,"href":"http:\/\/esponsorama.ad\/es\/wp-json\/wp\/v2\/posts\/16044\/revisions"}],"predecessor-version":[{"id":16050,"href":"http:\/\/esponsorama.ad\/es\/wp-json\/wp\/v2\/posts\/16044\/revisions\/16050"}],"wp:featuredmedia":[{"embeddable":true,"href":"http:\/\/esponsorama.ad\/es\/wp-json\/wp\/v2\/media\/16045"}],"wp:attachment":[{"href":"http:\/\/esponsorama.ad\/es\/wp-json\/wp\/v2\/media?parent=16044"}],"wp:term":[{"taxonomy":"category","embeddable":true,"href":"http:\/\/esponsorama.ad\/es\/wp-json\/wp\/v2\/categories?post=16044"},{"taxonomy":"post_tag","embeddable":true,"href":"http:\/\/esponsorama.ad\/es\/wp-json\/wp\/v2\/tags?post=16044"}],"curies":[{"name":"wp","href":"https:\/\/api.w.org\/{rel}","templated":true}]}}