{"id":16053,"date":"2020-08-16T20:34:29","date_gmt":"2020-08-16T18:34:29","guid":{"rendered":"http:\/\/esponsorama.ad\/?p=16053"},"modified":"2020-08-16T20:36:44","modified_gmt":"2020-08-16T18:36:44","slug":"esponosrama-racing-da-finalizado-gran-premio-austria","status":"publish","type":"post","link":"http:\/\/esponsorama.ad\/es\/esponosrama-racing-da-finalizado-gran-premio-austria\/","title":{"rendered":"EL ESPONOSRAMA RACING DA POR FINALIZADO EL GRAN PREMIO DE AUSTRIA"},"content":{"rendered":"<p>El Esponsorama Racing ha concluido la cuarta cita del mundial, el Gran Premio de Austria, con Tito Rabat en 16\u00aa posici\u00f3n y con un aparatoso accidente de Johann Zarco.<\/p>\n<p>El piloto franc\u00e9s, que en el d\u00eda de ayer complet\u00f3 una buena sesi\u00f3n clasificatoria que le permit\u00eda arrancar la carrera en 9\u00aa posici\u00f3n, estaba realizando una gran actuaci\u00f3n luchando por las posiciones cabeceras. A falta de 20 vueltas para el final, Zarco se ha visto envuelto en un desafortunado incidente y ha sido embestido por Franco Morbidelli en la tercera curva, causando un espectacular y aparatoso accidente que le ha impedido finalizar una carrera que promet\u00eda un exitoso resultado. Tras el impacto, ambas motos han salido disparadas y apunto han estado de alcanzar a Rossi y Vi\u00f1ales, pero por suerte, tanto Zarco como todos los pilotos involucrados han salido ilesos.<\/p>\n<p>Despu\u00e9s de los comentarios y declaraciones que han ido apareciendo, Johann Zarco se muestra muy afectado ya que en ning\u00fan momento ha tenido la intenci\u00f3n de realizar una maniobra que pusiera en peligro a ning\u00fan otro contrincante. No obstante, el piloto franc\u00e9s del Esponsorama Racing ha querido disculparse y aclarar con todos y cada uno de los pilotos involucrados en este lance de carrera. Pese a ello, tras la disputa del Gran Premio de Austria, la telemetr\u00eda ha mostrado que, en el momento del accidente, Zarco frena m\u00e1s tarde en la curva 3 que en el resto de las vueltas de la carrera, por lo que de este an\u00e1lisis se desprende que en ning\u00fan momento su intenci\u00f3n es perjudicar en la frenada de Morbidelli y cerrar la trazada de este.<\/p>\n<p>Por su parte, Tito Rabat que logr\u00f3 el 21\u00ba mejor tiempo en la sesi\u00f3n clasificatoria, ha ejecutado una s\u00f3lida carrera y remontada, aunque no le ha permitido entrar a la zona de puntos por tan solo un segundo. El piloto barcelon\u00e9s, tras reemprenderse la carrera despu\u00e9s de la bandera roja, ha llegado a colocarse dentro del Top-15, pero finalmente se ha tenido que conformar con la 16\u00aa posici\u00f3n.<\/p>\n<p>Sin tiempo para descansar, el pr\u00f3ximo fin de semana el Esponsorama Racing tendr\u00e1 una nueva oportunidad de volver a mostrar su gran potencial en el mismo Red Bull Ring \u2013 Spielberg, en este caso para disputar el Gran Premio de Styria.<\/p>\n<p><br \/>\n\u00abUna pena el domingo porque he tenido un gran accidente en la carrera con Franco Morbidelli. En la frenada me ha tocado, y hemos salido volando. Se ha sorprendido porque est\u00e1bamos muy cerca y con la velocidad no era f\u00e1cil reducir la velocidad. Luego nos hemos asustado porque nuestras motos realmente podr\u00edan haber golpeado a alguien pero finalmente nadie se ha lesionado, as\u00ed que eso es lo m\u00e1s importante. Es una l\u00e1stima porque he tenido un buen fin de semana, he sido competitivo y esperaba un gran resultado en la carrera. Tal vez esta era la carrera en la que pod\u00eda tener el mejor ritmo durante las 28 vueltas, pero termin\u00f3 temprano. Es muy importante tener la pr\u00f3xima carrera en el mismo circuito y la pr\u00f3xima semana. A\u00fan necesito mejorar para tener la oportunidad de luchar por el podio, as\u00ed que descansar\u00e9 al m\u00e1ximo durante estos tres d\u00edas y trabajar\u00e9 bien la pr\u00f3xima semana\u00bb.<\/p>\n<p><br \/>\n\u201cHe tenido una salida bastante buena y he podido ascender dos posiciones. Despu\u00e9s ha sido complicado seguir el ritmo, de todas maneras, el grupo delantero no estaba muy lejos y hemos podido acabar la carrera, aunque sin puntos. Estamos pasando por un peque\u00f1o bache, pero la semana que viene tendremos una nueva oportunidad.\u201d<\/p>\n","protected":false},"excerpt":{"rendered":"<p>El Esponsorama Racing ha concluido la cuarta cita del mundial, el Gran Premio de Austria, con Tito Rabat en 16\u00aa posici\u00f3n y con un aparatoso accidente de Johann Zarco. El piloto franc\u00e9s, que en el d\u00eda de ayer complet\u00f3 una buena sesi\u00f3n clasificatoria que le permit\u00eda arrancar la carrera en 9\u00aa posici\u00f3n, estaba realizando una [&hellip;]<\/p>\n","protected":false},"author":6,"featured_media":16054,"comment_status":"closed","ping_status":"closed","sticky":false,"template":"","format":"standard","meta":{"footnotes":""},"categories":[3],"tags":[],"class_list":["post-16053","post","type-post","status-publish","format-standard","has-post-thumbnail","hentry","category-motogp"],"yoast_head":"<!-- This site is optimized with the Yoast SEO plugin v27.1.1 - https:\/\/yoast.com\/product\/yoast-seo-wordpress\/ -->\n<title>EL ESPONOSRAMA RACING DA POR FINALIZADO EL GRAN PREMIO DE AUSTRIA - Esponsorama<\/title>\n<meta name=\"robots\" content=\"index, follow, max-snippet:-1, max-image-preview:large, max-video-preview:-1\" \/>\n<link rel=\"canonical\" href=\"http:\/\/esponsorama.ad\/es\/esponosrama-racing-da-finalizado-gran-premio-austria\/\" \/>\n<meta property=\"og:locale\" content=\"es_ES\" \/>\n<meta property=\"og:type\" content=\"article\" \/>\n<meta property=\"og:title\" content=\"EL ESPONOSRAMA RACING DA POR FINALIZADO EL GRAN PREMIO DE AUSTRIA - Esponsorama\" \/>\n<meta property=\"og:description\" content=\"El Esponsorama Racing ha concluido la cuarta cita del mundial, el Gran Premio de Austria, con Tito Rabat en 16\u00aa posici\u00f3n y con un aparatoso accidente de Johann Zarco. El piloto franc\u00e9s, que en el d\u00eda de ayer complet\u00f3 una buena sesi\u00f3n clasificatoria que le permit\u00eda arrancar la carrera en 9\u00aa posici\u00f3n, estaba realizando una [&hellip;]\" \/>\n<meta property=\"og:url\" content=\"http:\/\/esponsorama.ad\/es\/esponosrama-racing-da-finalizado-gran-premio-austria\/\" \/>\n<meta property=\"og:site_name\" content=\"Esponsorama\" \/>\n<meta property=\"article:published_time\" content=\"2020-08-16T18:34:29+00:00\" \/>\n<meta property=\"article:modified_time\" content=\"2020-08-16T18:36:44+00:00\" \/>\n<meta property=\"og:image\" content=\"http:\/\/esponsorama.ad\/wp-content\/uploads\/2020\/08\/05Austria20Mgp_Esponsorama_TIN4089.jpg\" \/>\n\t<meta property=\"og:image:width\" content=\"3648\" \/>\n\t<meta property=\"og:image:height\" content=\"2432\" \/>\n\t<meta property=\"og:image:type\" content=\"image\/jpeg\" \/>\n<meta name=\"author\" content=\"Xavi Andornet\" \/>\n<meta name=\"twitter:card\" content=\"summary_large_image\" \/>\n<meta name=\"twitter:label1\" content=\"Escrito por\" \/>\n\t<meta name=\"twitter:data1\" content=\"Xavi Andornet\" \/>\n\t<meta name=\"twitter:label2\" content=\"Tiempo de lectura\" \/>\n\t<meta name=\"twitter:data2\" content=\"3 minutos\" \/>\n<script type=\"application\/ld+json\" class=\"yoast-schema-graph\">{\"@context\":\"https:\/\/schema.org\",\"@graph\":[{\"@type\":\"Article\",\"@id\":\"http:\/\/esponsorama.ad\/es\/esponosrama-racing-da-finalizado-gran-premio-austria\/#article\",\"isPartOf\":{\"@id\":\"http:\/\/esponsorama.ad\/es\/esponosrama-racing-da-finalizado-gran-premio-austria\/\"},\"author\":{\"name\":\"Xavi Andornet\",\"@id\":\"http:\/\/esponsorama.ad\/es\/#\/schema\/person\/a5cde74945183d737066e46b61c6f9c4\"},\"headline\":\"EL ESPONOSRAMA RACING DA POR FINALIZADO EL GRAN PREMIO DE AUSTRIA\",\"datePublished\":\"2020-08-16T18:34:29+00:00\",\"dateModified\":\"2020-08-16T18:36:44+00:00\",\"mainEntityOfPage\":{\"@id\":\"http:\/\/esponsorama.ad\/es\/esponosrama-racing-da-finalizado-gran-premio-austria\/\"},\"wordCount\":634,\"image\":{\"@id\":\"http:\/\/esponsorama.ad\/es\/esponosrama-racing-da-finalizado-gran-premio-austria\/#primaryimage\"},\"thumbnailUrl\":\"http:\/\/esponsorama.ad\/wp-content\/uploads\/2020\/08\/05Austria20Mgp_Esponsorama_TIN4089.jpg\",\"articleSection\":[\"MotoGP\"],\"inLanguage\":\"es\"},{\"@type\":\"WebPage\",\"@id\":\"http:\/\/esponsorama.ad\/es\/esponosrama-racing-da-finalizado-gran-premio-austria\/\",\"url\":\"http:\/\/esponsorama.ad\/es\/esponosrama-racing-da-finalizado-gran-premio-austria\/\",\"name\":\"EL ESPONOSRAMA RACING DA POR FINALIZADO EL GRAN PREMIO DE AUSTRIA - Esponsorama\",\"isPartOf\":{\"@id\":\"http:\/\/esponsorama.ad\/es\/#website\"},\"primaryImageOfPage\":{\"@id\":\"http:\/\/esponsorama.ad\/es\/esponosrama-racing-da-finalizado-gran-premio-austria\/#primaryimage\"},\"image\":{\"@id\":\"http:\/\/esponsorama.ad\/es\/esponosrama-racing-da-finalizado-gran-premio-austria\/#primaryimage\"},\"thumbnailUrl\":\"http:\/\/esponsorama.ad\/wp-content\/uploads\/2020\/08\/05Austria20Mgp_Esponsorama_TIN4089.jpg\",\"datePublished\":\"2020-08-16T18:34:29+00:00\",\"dateModified\":\"2020-08-16T18:36:44+00:00\",\"author\":{\"@id\":\"http:\/\/esponsorama.ad\/es\/#\/schema\/person\/a5cde74945183d737066e46b61c6f9c4\"},\"breadcrumb\":{\"@id\":\"http:\/\/esponsorama.ad\/es\/esponosrama-racing-da-finalizado-gran-premio-austria\/#breadcrumb\"},\"inLanguage\":\"es\",\"potentialAction\":[{\"@type\":\"ReadAction\",\"target\":[\"http:\/\/esponsorama.ad\/es\/esponosrama-racing-da-finalizado-gran-premio-austria\/\"]}]},{\"@type\":\"ImageObject\",\"inLanguage\":\"es\",\"@id\":\"http:\/\/esponsorama.ad\/es\/esponosrama-racing-da-finalizado-gran-premio-austria\/#primaryimage\",\"url\":\"http:\/\/esponsorama.ad\/wp-content\/uploads\/2020\/08\/05Austria20Mgp_Esponsorama_TIN4089.jpg\",\"contentUrl\":\"http:\/\/esponsorama.ad\/wp-content\/uploads\/2020\/08\/05Austria20Mgp_Esponsorama_TIN4089.jpg\",\"width\":3648,\"height\":2432,\"caption\":\"05 Austria GP 13 al 16 de Agosto de 2020.\"},{\"@type\":\"BreadcrumbList\",\"@id\":\"http:\/\/esponsorama.ad\/es\/esponosrama-racing-da-finalizado-gran-premio-austria\/#breadcrumb\",\"itemListElement\":[{\"@type\":\"ListItem\",\"position\":1,\"name\":\"Home\",\"item\":\"http:\/\/esponsorama.ad\/es\/\"},{\"@type\":\"ListItem\",\"position\":2,\"name\":\"EL ESPONOSRAMA RACING DA POR FINALIZADO EL GRAN PREMIO DE AUSTRIA\"}]},{\"@type\":\"WebSite\",\"@id\":\"http:\/\/esponsorama.ad\/es\/#website\",\"url\":\"http:\/\/esponsorama.ad\/es\/\",\"name\":\"Esponsorama\",\"description\":\"Specialist in motorsport sponsorship and event promotions\",\"potentialAction\":[{\"@type\":\"SearchAction\",\"target\":{\"@type\":\"EntryPoint\",\"urlTemplate\":\"http:\/\/esponsorama.ad\/es\/?s={search_term_string}\"},\"query-input\":{\"@type\":\"PropertyValueSpecification\",\"valueRequired\":true,\"valueName\":\"search_term_string\"}}],\"inLanguage\":\"es\"},{\"@type\":\"Person\",\"@id\":\"http:\/\/esponsorama.ad\/es\/#\/schema\/person\/a5cde74945183d737066e46b61c6f9c4\",\"name\":\"Xavi Andornet\",\"image\":{\"@type\":\"ImageObject\",\"inLanguage\":\"es\",\"@id\":\"http:\/\/esponsorama.ad\/es\/#\/schema\/person\/image\/\",\"url\":\"https:\/\/secure.gravatar.com\/avatar\/f10eaf9ad601244a2357c9fd7cd9805ed166cfaaf76d5d9ab08a9d873e70147a?s=96&d=mm&r=g\",\"contentUrl\":\"https:\/\/secure.gravatar.com\/avatar\/f10eaf9ad601244a2357c9fd7cd9805ed166cfaaf76d5d9ab08a9d873e70147a?s=96&d=mm&r=g\",\"caption\":\"Xavi Andornet\"},\"sameAs\":[\"http:\/\/www.andornet.ad\"],\"url\":\"http:\/\/esponsorama.ad\/es\/author\/andornet\/\"}]}<\/script>\n<!-- \/ Yoast SEO plugin. -->","yoast_head_json":{"title":"EL ESPONOSRAMA RACING DA POR FINALIZADO EL GRAN PREMIO DE AUSTRIA - Esponsorama","robots":{"index":"index","follow":"follow","max-snippet":"max-snippet:-1","max-image-preview":"max-image-preview:large","max-video-preview":"max-video-preview:-1"},"canonical":"http:\/\/esponsorama.ad\/es\/esponosrama-racing-da-finalizado-gran-premio-austria\/","og_locale":"es_ES","og_type":"article","og_title":"EL ESPONOSRAMA RACING DA POR FINALIZADO EL GRAN PREMIO DE AUSTRIA - Esponsorama","og_description":"El Esponsorama Racing ha concluido la cuarta cita del mundial, el Gran Premio de Austria, con Tito Rabat en 16\u00aa posici\u00f3n y con un aparatoso accidente de Johann Zarco. El piloto franc\u00e9s, que en el d\u00eda de ayer complet\u00f3 una buena sesi\u00f3n clasificatoria que le permit\u00eda arrancar la carrera en 9\u00aa posici\u00f3n, estaba realizando una [&hellip;]","og_url":"http:\/\/esponsorama.ad\/es\/esponosrama-racing-da-finalizado-gran-premio-austria\/","og_site_name":"Esponsorama","article_published_time":"2020-08-16T18:34:29+00:00","article_modified_time":"2020-08-16T18:36:44+00:00","og_image":[{"width":3648,"height":2432,"url":"http:\/\/esponsorama.ad\/wp-content\/uploads\/2020\/08\/05Austria20Mgp_Esponsorama_TIN4089.jpg","type":"image\/jpeg"}],"author":"Xavi Andornet","twitter_card":"summary_large_image","twitter_misc":{"Escrito por":"Xavi Andornet","Tiempo de lectura":"3 minutos"},"schema":{"@context":"https:\/\/schema.org","@graph":[{"@type":"Article","@id":"http:\/\/esponsorama.ad\/es\/esponosrama-racing-da-finalizado-gran-premio-austria\/#article","isPartOf":{"@id":"http:\/\/esponsorama.ad\/es\/esponosrama-racing-da-finalizado-gran-premio-austria\/"},"author":{"name":"Xavi Andornet","@id":"http:\/\/esponsorama.ad\/es\/#\/schema\/person\/a5cde74945183d737066e46b61c6f9c4"},"headline":"EL ESPONOSRAMA RACING DA POR FINALIZADO EL GRAN PREMIO DE AUSTRIA","datePublished":"2020-08-16T18:34:29+00:00","dateModified":"2020-08-16T18:36:44+00:00","mainEntityOfPage":{"@id":"http:\/\/esponsorama.ad\/es\/esponosrama-racing-da-finalizado-gran-premio-austria\/"},"wordCount":634,"image":{"@id":"http:\/\/esponsorama.ad\/es\/esponosrama-racing-da-finalizado-gran-premio-austria\/#primaryimage"},"thumbnailUrl":"http:\/\/esponsorama.ad\/wp-content\/uploads\/2020\/08\/05Austria20Mgp_Esponsorama_TIN4089.jpg","articleSection":["MotoGP"],"inLanguage":"es"},{"@type":"WebPage","@id":"http:\/\/esponsorama.ad\/es\/esponosrama-racing-da-finalizado-gran-premio-austria\/","url":"http:\/\/esponsorama.ad\/es\/esponosrama-racing-da-finalizado-gran-premio-austria\/","name":"EL ESPONOSRAMA RACING DA POR FINALIZADO EL GRAN PREMIO DE AUSTRIA - Esponsorama","isPartOf":{"@id":"http:\/\/esponsorama.ad\/es\/#website"},"primaryImageOfPage":{"@id":"http:\/\/esponsorama.ad\/es\/esponosrama-racing-da-finalizado-gran-premio-austria\/#primaryimage"},"image":{"@id":"http:\/\/esponsorama.ad\/es\/esponosrama-racing-da-finalizado-gran-premio-austria\/#primaryimage"},"thumbnailUrl":"http:\/\/esponsorama.ad\/wp-content\/uploads\/2020\/08\/05Austria20Mgp_Esponsorama_TIN4089.jpg","datePublished":"2020-08-16T18:34:29+00:00","dateModified":"2020-08-16T18:36:44+00:00","author":{"@id":"http:\/\/esponsorama.ad\/es\/#\/schema\/person\/a5cde74945183d737066e46b61c6f9c4"},"breadcrumb":{"@id":"http:\/\/esponsorama.ad\/es\/esponosrama-racing-da-finalizado-gran-premio-austria\/#breadcrumb"},"inLanguage":"es","potentialAction":[{"@type":"ReadAction","target":["http:\/\/esponsorama.ad\/es\/esponosrama-racing-da-finalizado-gran-premio-austria\/"]}]},{"@type":"ImageObject","inLanguage":"es","@id":"http:\/\/esponsorama.ad\/es\/esponosrama-racing-da-finalizado-gran-premio-austria\/#primaryimage","url":"http:\/\/esponsorama.ad\/wp-content\/uploads\/2020\/08\/05Austria20Mgp_Esponsorama_TIN4089.jpg","contentUrl":"http:\/\/esponsorama.ad\/wp-content\/uploads\/2020\/08\/05Austria20Mgp_Esponsorama_TIN4089.jpg","width":3648,"height":2432,"caption":"05 Austria GP 13 al 16 de Agosto de 2020."},{"@type":"BreadcrumbList","@id":"http:\/\/esponsorama.ad\/es\/esponosrama-racing-da-finalizado-gran-premio-austria\/#breadcrumb","itemListElement":[{"@type":"ListItem","position":1,"name":"Home","item":"http:\/\/esponsorama.ad\/es\/"},{"@type":"ListItem","position":2,"name":"EL ESPONOSRAMA RACING DA POR FINALIZADO EL GRAN PREMIO DE AUSTRIA"}]},{"@type":"WebSite","@id":"http:\/\/esponsorama.ad\/es\/#website","url":"http:\/\/esponsorama.ad\/es\/","name":"Esponsorama","description":"Specialist in motorsport sponsorship and event promotions","potentialAction":[{"@type":"SearchAction","target":{"@type":"EntryPoint","urlTemplate":"http:\/\/esponsorama.ad\/es\/?s={search_term_string}"},"query-input":{"@type":"PropertyValueSpecification","valueRequired":true,"valueName":"search_term_string"}}],"inLanguage":"es"},{"@type":"Person","@id":"http:\/\/esponsorama.ad\/es\/#\/schema\/person\/a5cde74945183d737066e46b61c6f9c4","name":"Xavi Andornet","image":{"@type":"ImageObject","inLanguage":"es","@id":"http:\/\/esponsorama.ad\/es\/#\/schema\/person\/image\/","url":"https:\/\/secure.gravatar.com\/avatar\/f10eaf9ad601244a2357c9fd7cd9805ed166cfaaf76d5d9ab08a9d873e70147a?s=96&d=mm&r=g","contentUrl":"https:\/\/secure.gravatar.com\/avatar\/f10eaf9ad601244a2357c9fd7cd9805ed166cfaaf76d5d9ab08a9d873e70147a?s=96&d=mm&r=g","caption":"Xavi Andornet"},"sameAs":["http:\/\/www.andornet.ad"],"url":"http:\/\/esponsorama.ad\/es\/author\/andornet\/"}]}},"_links":{"self":[{"href":"http:\/\/esponsorama.ad\/es\/wp-json\/wp\/v2\/posts\/16053","targetHints":{"allow":["GET"]}}],"collection":[{"href":"http:\/\/esponsorama.ad\/es\/wp-json\/wp\/v2\/posts"}],"about":[{"href":"http:\/\/esponsorama.ad\/es\/wp-json\/wp\/v2\/types\/post"}],"author":[{"embeddable":true,"href":"http:\/\/esponsorama.ad\/es\/wp-json\/wp\/v2\/users\/6"}],"replies":[{"embeddable":true,"href":"http:\/\/esponsorama.ad\/es\/wp-json\/wp\/v2\/comments?post=16053"}],"version-history":[{"count":1,"href":"http:\/\/esponsorama.ad\/es\/wp-json\/wp\/v2\/posts\/16053\/revisions"}],"predecessor-version":[{"id":16059,"href":"http:\/\/esponsorama.ad\/es\/wp-json\/wp\/v2\/posts\/16053\/revisions\/16059"}],"wp:featuredmedia":[{"embeddable":true,"href":"http:\/\/esponsorama.ad\/es\/wp-json\/wp\/v2\/media\/16054"}],"wp:attachment":[{"href":"http:\/\/esponsorama.ad\/es\/wp-json\/wp\/v2\/media?parent=16053"}],"wp:term":[{"taxonomy":"category","embeddable":true,"href":"http:\/\/esponsorama.ad\/es\/wp-json\/wp\/v2\/categories?post=16053"},{"taxonomy":"post_tag","embeddable":true,"href":"http:\/\/esponsorama.ad\/es\/wp-json\/wp\/v2\/tags?post=16053"}],"curies":[{"name":"wp","href":"https:\/\/api.w.org\/{rel}","templated":true}]}}