{"id":16064,"date":"2020-08-18T12:55:15","date_gmt":"2020-08-18T10:55:15","guid":{"rendered":"http:\/\/esponsorama.ad\/?p=16064"},"modified":"2020-08-18T12:57:07","modified_gmt":"2020-08-18T10:57:07","slug":"johann-zarco-pasara-quirofano-debido-una-fractura-escafoides-la-mano-derecha","status":"publish","type":"post","link":"http:\/\/esponsorama.ad\/es\/johann-zarco-pasara-quirofano-debido-una-fractura-escafoides-la-mano-derecha\/","title":{"rendered":"JOHANN ZARCO PASAR\u00c1 POR QUIR\u00d3FANO DEBIDO A UNA FRACTURA EN EL ESCAFOIDES DE LA MANO DERECHA"},"content":{"rendered":"<p>Despu\u00e9s de la fuerte ca\u00edda y posterior impacto sufrido el pasado domingo durante la carrera del Gran Premio de Austria en el Red Bull Ring &#8211; Spielberg, Johann Zarco realiz\u00f3 un chequeo m\u00e9dico el lunes por la ma\u00f1ana debido a que el dolor persist\u00eda en su mu\u00f1eca derecha. Tras conocer los resultados, Zarco viajar\u00e1 a Italia y ser\u00e1 sometido este mismo mi\u00e9rcoles a una operaci\u00f3n a ra\u00edz de una peque\u00f1a fractura en el escafoides de la mano derecha.<\/p>\n<p>El periodo de recuperaci\u00f3n, el chequeo en el centro m\u00e9dico y las sensaciones del propio piloto marcar\u00e1n y determinaran su disponibilidad para el Gran Premio de Styria, que se disputar\u00e1 este fin de semana.<\/p>\n<p><br \/>\n\u00abEl lunes me hice un chequeo en mi mu\u00f1eca derecha ya que a\u00fan me dol\u00eda un poco y tengo una peque\u00f1a fractura en el escafoides. Voy a ir a Italia para operarme el mi\u00e9rcoles por la ma\u00f1ana, con un doctor que tiene muy buena relaci\u00f3n con Ducati, este doctor ha operado muchas veces a pilotos. Luego volveremos a Austria, y el jueves estar\u00e9 en el circuito ya que tengo una reuni\u00f3n sobre el incidente que ocurri\u00f3 el domingo. Si la sensaci\u00f3n en la mu\u00f1eca es buena y el centro m\u00e9dico me declara apto, intentar\u00e9 ver si puedo correr. La ventaja de este fin de semana es que ya tenemos todas las referencias de la semana anterior, por lo que no es un gran drama si me pierdo algunas sesiones y puedo tomar un d\u00edas m\u00e1s para sentir mi mu\u00f1eca bien. Ahora, lo principal es la operaci\u00f3n, y despu\u00e9s de eso ver si mi sensaci\u00f3n mejora. El equipo est\u00e1 trabajando en preparar la moto, y s\u00e9 que todo estar\u00e1 listo si vuelvo. Tal vez llueva, as\u00ed que esto tambi\u00e9n es una oportunidad, ya que en lluvia hacemos menos esfuerzo sobre la moto y para m\u00ed seria realmente bueno si puedo correr con lluvia sin esforzar mucho la mu\u00f1eca.\u00bb<\/p>\n","protected":false},"excerpt":{"rendered":"<p>Despu\u00e9s de la fuerte ca\u00edda y posterior impacto sufrido el pasado domingo durante la carrera del Gran Premio de Austria en el Red Bull Ring &#8211; Spielberg, Johann Zarco realiz\u00f3 un chequeo m\u00e9dico el lunes por la ma\u00f1ana debido a que el dolor persist\u00eda en su mu\u00f1eca derecha. Tras conocer los resultados, Zarco viajar\u00e1 a [&hellip;]<\/p>\n","protected":false},"author":6,"featured_media":16056,"comment_status":"closed","ping_status":"closed","sticky":false,"template":"","format":"standard","meta":{"footnotes":""},"categories":[3],"tags":[],"class_list":["post-16064","post","type-post","status-publish","format-standard","has-post-thumbnail","hentry","category-motogp"],"yoast_head":"<!-- This site is optimized with the Yoast SEO plugin v27.1.1 - https:\/\/yoast.com\/product\/yoast-seo-wordpress\/ -->\n<title>JOHANN ZARCO PASAR\u00c1 POR QUIR\u00d3FANO DEBIDO A UNA FRACTURA EN EL ESCAFOIDES DE LA MANO DERECHA - Esponsorama<\/title>\n<meta name=\"robots\" content=\"index, follow, max-snippet:-1, max-image-preview:large, max-video-preview:-1\" \/>\n<link rel=\"canonical\" href=\"http:\/\/esponsorama.ad\/es\/johann-zarco-pasara-quirofano-debido-una-fractura-escafoides-la-mano-derecha\/\" \/>\n<meta property=\"og:locale\" content=\"es_ES\" \/>\n<meta property=\"og:type\" content=\"article\" \/>\n<meta property=\"og:title\" content=\"JOHANN ZARCO PASAR\u00c1 POR QUIR\u00d3FANO DEBIDO A UNA FRACTURA EN EL ESCAFOIDES DE LA MANO DERECHA - Esponsorama\" \/>\n<meta property=\"og:description\" content=\"Despu\u00e9s de la fuerte ca\u00edda y posterior impacto sufrido el pasado domingo durante la carrera del Gran Premio de Austria en el Red Bull Ring &#8211; Spielberg, Johann Zarco realiz\u00f3 un chequeo m\u00e9dico el lunes por la ma\u00f1ana debido a que el dolor persist\u00eda en su mu\u00f1eca derecha. Tras conocer los resultados, Zarco viajar\u00e1 a [&hellip;]\" \/>\n<meta property=\"og:url\" content=\"http:\/\/esponsorama.ad\/es\/johann-zarco-pasara-quirofano-debido-una-fractura-escafoides-la-mano-derecha\/\" \/>\n<meta property=\"og:site_name\" content=\"Esponsorama\" \/>\n<meta property=\"article:published_time\" content=\"2020-08-18T10:55:15+00:00\" \/>\n<meta property=\"article:modified_time\" content=\"2020-08-18T10:57:07+00:00\" \/>\n<meta property=\"og:image\" content=\"http:\/\/esponsorama.ad\/wp-content\/uploads\/2020\/08\/05Austria20Mgp_Esponsorama_TIN2804-1024x683.jpg\" \/>\n\t<meta property=\"og:image:width\" content=\"1024\" \/>\n\t<meta property=\"og:image:height\" content=\"683\" \/>\n\t<meta property=\"og:image:type\" content=\"image\/jpeg\" \/>\n<meta name=\"author\" content=\"Xavi Andornet\" \/>\n<meta name=\"twitter:card\" content=\"summary_large_image\" \/>\n<meta name=\"twitter:label1\" content=\"Escrito por\" \/>\n\t<meta name=\"twitter:data1\" content=\"Xavi Andornet\" \/>\n\t<meta name=\"twitter:label2\" content=\"Tiempo de lectura\" \/>\n\t<meta name=\"twitter:data2\" content=\"2 minutos\" \/>\n<script type=\"application\/ld+json\" class=\"yoast-schema-graph\">{\"@context\":\"https:\/\/schema.org\",\"@graph\":[{\"@type\":\"Article\",\"@id\":\"http:\/\/esponsorama.ad\/es\/johann-zarco-pasara-quirofano-debido-una-fractura-escafoides-la-mano-derecha\/#article\",\"isPartOf\":{\"@id\":\"http:\/\/esponsorama.ad\/es\/johann-zarco-pasara-quirofano-debido-una-fractura-escafoides-la-mano-derecha\/\"},\"author\":{\"name\":\"Xavi Andornet\",\"@id\":\"http:\/\/esponsorama.ad\/es\/#\/schema\/person\/a5cde74945183d737066e46b61c6f9c4\"},\"headline\":\"JOHANN ZARCO PASAR\u00c1 POR QUIR\u00d3FANO DEBIDO A UNA FRACTURA EN EL ESCAFOIDES DE LA MANO DERECHA\",\"datePublished\":\"2020-08-18T10:55:15+00:00\",\"dateModified\":\"2020-08-18T10:57:07+00:00\",\"mainEntityOfPage\":{\"@id\":\"http:\/\/esponsorama.ad\/es\/johann-zarco-pasara-quirofano-debido-una-fractura-escafoides-la-mano-derecha\/\"},\"wordCount\":370,\"image\":{\"@id\":\"http:\/\/esponsorama.ad\/es\/johann-zarco-pasara-quirofano-debido-una-fractura-escafoides-la-mano-derecha\/#primaryimage\"},\"thumbnailUrl\":\"http:\/\/esponsorama.ad\/wp-content\/uploads\/2020\/08\/05Austria20Mgp_Esponsorama_TIN2804.jpg\",\"articleSection\":[\"MotoGP\"],\"inLanguage\":\"es\"},{\"@type\":\"WebPage\",\"@id\":\"http:\/\/esponsorama.ad\/es\/johann-zarco-pasara-quirofano-debido-una-fractura-escafoides-la-mano-derecha\/\",\"url\":\"http:\/\/esponsorama.ad\/es\/johann-zarco-pasara-quirofano-debido-una-fractura-escafoides-la-mano-derecha\/\",\"name\":\"JOHANN ZARCO PASAR\u00c1 POR QUIR\u00d3FANO DEBIDO A UNA FRACTURA EN EL ESCAFOIDES DE LA MANO DERECHA - Esponsorama\",\"isPartOf\":{\"@id\":\"http:\/\/esponsorama.ad\/es\/#website\"},\"primaryImageOfPage\":{\"@id\":\"http:\/\/esponsorama.ad\/es\/johann-zarco-pasara-quirofano-debido-una-fractura-escafoides-la-mano-derecha\/#primaryimage\"},\"image\":{\"@id\":\"http:\/\/esponsorama.ad\/es\/johann-zarco-pasara-quirofano-debido-una-fractura-escafoides-la-mano-derecha\/#primaryimage\"},\"thumbnailUrl\":\"http:\/\/esponsorama.ad\/wp-content\/uploads\/2020\/08\/05Austria20Mgp_Esponsorama_TIN2804.jpg\",\"datePublished\":\"2020-08-18T10:55:15+00:00\",\"dateModified\":\"2020-08-18T10:57:07+00:00\",\"author\":{\"@id\":\"http:\/\/esponsorama.ad\/es\/#\/schema\/person\/a5cde74945183d737066e46b61c6f9c4\"},\"breadcrumb\":{\"@id\":\"http:\/\/esponsorama.ad\/es\/johann-zarco-pasara-quirofano-debido-una-fractura-escafoides-la-mano-derecha\/#breadcrumb\"},\"inLanguage\":\"es\",\"potentialAction\":[{\"@type\":\"ReadAction\",\"target\":[\"http:\/\/esponsorama.ad\/es\/johann-zarco-pasara-quirofano-debido-una-fractura-escafoides-la-mano-derecha\/\"]}]},{\"@type\":\"ImageObject\",\"inLanguage\":\"es\",\"@id\":\"http:\/\/esponsorama.ad\/es\/johann-zarco-pasara-quirofano-debido-una-fractura-escafoides-la-mano-derecha\/#primaryimage\",\"url\":\"http:\/\/esponsorama.ad\/wp-content\/uploads\/2020\/08\/05Austria20Mgp_Esponsorama_TIN2804.jpg\",\"contentUrl\":\"http:\/\/esponsorama.ad\/wp-content\/uploads\/2020\/08\/05Austria20Mgp_Esponsorama_TIN2804.jpg\",\"width\":5568,\"height\":3712,\"caption\":\"05 Austria GP 13 al 16 de Agosto de 2020.\"},{\"@type\":\"BreadcrumbList\",\"@id\":\"http:\/\/esponsorama.ad\/es\/johann-zarco-pasara-quirofano-debido-una-fractura-escafoides-la-mano-derecha\/#breadcrumb\",\"itemListElement\":[{\"@type\":\"ListItem\",\"position\":1,\"name\":\"Home\",\"item\":\"http:\/\/esponsorama.ad\/en\/\"},{\"@type\":\"ListItem\",\"position\":2,\"name\":\"JOHANN ZARCO PASAR\u00c1 POR QUIR\u00d3FANO DEBIDO A UNA FRACTURA EN EL ESCAFOIDES DE LA MANO DERECHA\"}]},{\"@type\":\"WebSite\",\"@id\":\"http:\/\/esponsorama.ad\/es\/#website\",\"url\":\"http:\/\/esponsorama.ad\/es\/\",\"name\":\"Esponsorama\",\"description\":\"Specialist in motorsport sponsorship and event promotions\",\"potentialAction\":[{\"@type\":\"SearchAction\",\"target\":{\"@type\":\"EntryPoint\",\"urlTemplate\":\"http:\/\/esponsorama.ad\/es\/?s={search_term_string}\"},\"query-input\":{\"@type\":\"PropertyValueSpecification\",\"valueRequired\":true,\"valueName\":\"search_term_string\"}}],\"inLanguage\":\"es\"},{\"@type\":\"Person\",\"@id\":\"http:\/\/esponsorama.ad\/es\/#\/schema\/person\/a5cde74945183d737066e46b61c6f9c4\",\"name\":\"Xavi Andornet\",\"image\":{\"@type\":\"ImageObject\",\"inLanguage\":\"es\",\"@id\":\"http:\/\/esponsorama.ad\/es\/#\/schema\/person\/image\/\",\"url\":\"https:\/\/secure.gravatar.com\/avatar\/f10eaf9ad601244a2357c9fd7cd9805ed166cfaaf76d5d9ab08a9d873e70147a?s=96&d=mm&r=g\",\"contentUrl\":\"https:\/\/secure.gravatar.com\/avatar\/f10eaf9ad601244a2357c9fd7cd9805ed166cfaaf76d5d9ab08a9d873e70147a?s=96&d=mm&r=g\",\"caption\":\"Xavi Andornet\"},\"sameAs\":[\"http:\/\/www.andornet.ad\"],\"url\":\"http:\/\/esponsorama.ad\/es\/author\/andornet\/\"}]}<\/script>\n<!-- \/ Yoast SEO plugin. -->","yoast_head_json":{"title":"JOHANN ZARCO PASAR\u00c1 POR QUIR\u00d3FANO DEBIDO A UNA FRACTURA EN EL ESCAFOIDES DE LA MANO DERECHA - Esponsorama","robots":{"index":"index","follow":"follow","max-snippet":"max-snippet:-1","max-image-preview":"max-image-preview:large","max-video-preview":"max-video-preview:-1"},"canonical":"http:\/\/esponsorama.ad\/es\/johann-zarco-pasara-quirofano-debido-una-fractura-escafoides-la-mano-derecha\/","og_locale":"es_ES","og_type":"article","og_title":"JOHANN ZARCO PASAR\u00c1 POR QUIR\u00d3FANO DEBIDO A UNA FRACTURA EN EL ESCAFOIDES DE LA MANO DERECHA - Esponsorama","og_description":"Despu\u00e9s de la fuerte ca\u00edda y posterior impacto sufrido el pasado domingo durante la carrera del Gran Premio de Austria en el Red Bull Ring &#8211; Spielberg, Johann Zarco realiz\u00f3 un chequeo m\u00e9dico el lunes por la ma\u00f1ana debido a que el dolor persist\u00eda en su mu\u00f1eca derecha. Tras conocer los resultados, Zarco viajar\u00e1 a [&hellip;]","og_url":"http:\/\/esponsorama.ad\/es\/johann-zarco-pasara-quirofano-debido-una-fractura-escafoides-la-mano-derecha\/","og_site_name":"Esponsorama","article_published_time":"2020-08-18T10:55:15+00:00","article_modified_time":"2020-08-18T10:57:07+00:00","og_image":[{"width":1024,"height":683,"url":"http:\/\/esponsorama.ad\/wp-content\/uploads\/2020\/08\/05Austria20Mgp_Esponsorama_TIN2804-1024x683.jpg","type":"image\/jpeg"}],"author":"Xavi Andornet","twitter_card":"summary_large_image","twitter_misc":{"Escrito por":"Xavi Andornet","Tiempo de lectura":"2 minutos"},"schema":{"@context":"https:\/\/schema.org","@graph":[{"@type":"Article","@id":"http:\/\/esponsorama.ad\/es\/johann-zarco-pasara-quirofano-debido-una-fractura-escafoides-la-mano-derecha\/#article","isPartOf":{"@id":"http:\/\/esponsorama.ad\/es\/johann-zarco-pasara-quirofano-debido-una-fractura-escafoides-la-mano-derecha\/"},"author":{"name":"Xavi Andornet","@id":"http:\/\/esponsorama.ad\/es\/#\/schema\/person\/a5cde74945183d737066e46b61c6f9c4"},"headline":"JOHANN ZARCO PASAR\u00c1 POR QUIR\u00d3FANO DEBIDO A UNA FRACTURA EN EL ESCAFOIDES DE LA MANO DERECHA","datePublished":"2020-08-18T10:55:15+00:00","dateModified":"2020-08-18T10:57:07+00:00","mainEntityOfPage":{"@id":"http:\/\/esponsorama.ad\/es\/johann-zarco-pasara-quirofano-debido-una-fractura-escafoides-la-mano-derecha\/"},"wordCount":370,"image":{"@id":"http:\/\/esponsorama.ad\/es\/johann-zarco-pasara-quirofano-debido-una-fractura-escafoides-la-mano-derecha\/#primaryimage"},"thumbnailUrl":"http:\/\/esponsorama.ad\/wp-content\/uploads\/2020\/08\/05Austria20Mgp_Esponsorama_TIN2804.jpg","articleSection":["MotoGP"],"inLanguage":"es"},{"@type":"WebPage","@id":"http:\/\/esponsorama.ad\/es\/johann-zarco-pasara-quirofano-debido-una-fractura-escafoides-la-mano-derecha\/","url":"http:\/\/esponsorama.ad\/es\/johann-zarco-pasara-quirofano-debido-una-fractura-escafoides-la-mano-derecha\/","name":"JOHANN ZARCO PASAR\u00c1 POR QUIR\u00d3FANO DEBIDO A UNA FRACTURA EN EL ESCAFOIDES DE LA MANO DERECHA - Esponsorama","isPartOf":{"@id":"http:\/\/esponsorama.ad\/es\/#website"},"primaryImageOfPage":{"@id":"http:\/\/esponsorama.ad\/es\/johann-zarco-pasara-quirofano-debido-una-fractura-escafoides-la-mano-derecha\/#primaryimage"},"image":{"@id":"http:\/\/esponsorama.ad\/es\/johann-zarco-pasara-quirofano-debido-una-fractura-escafoides-la-mano-derecha\/#primaryimage"},"thumbnailUrl":"http:\/\/esponsorama.ad\/wp-content\/uploads\/2020\/08\/05Austria20Mgp_Esponsorama_TIN2804.jpg","datePublished":"2020-08-18T10:55:15+00:00","dateModified":"2020-08-18T10:57:07+00:00","author":{"@id":"http:\/\/esponsorama.ad\/es\/#\/schema\/person\/a5cde74945183d737066e46b61c6f9c4"},"breadcrumb":{"@id":"http:\/\/esponsorama.ad\/es\/johann-zarco-pasara-quirofano-debido-una-fractura-escafoides-la-mano-derecha\/#breadcrumb"},"inLanguage":"es","potentialAction":[{"@type":"ReadAction","target":["http:\/\/esponsorama.ad\/es\/johann-zarco-pasara-quirofano-debido-una-fractura-escafoides-la-mano-derecha\/"]}]},{"@type":"ImageObject","inLanguage":"es","@id":"http:\/\/esponsorama.ad\/es\/johann-zarco-pasara-quirofano-debido-una-fractura-escafoides-la-mano-derecha\/#primaryimage","url":"http:\/\/esponsorama.ad\/wp-content\/uploads\/2020\/08\/05Austria20Mgp_Esponsorama_TIN2804.jpg","contentUrl":"http:\/\/esponsorama.ad\/wp-content\/uploads\/2020\/08\/05Austria20Mgp_Esponsorama_TIN2804.jpg","width":5568,"height":3712,"caption":"05 Austria GP 13 al 16 de Agosto de 2020."},{"@type":"BreadcrumbList","@id":"http:\/\/esponsorama.ad\/es\/johann-zarco-pasara-quirofano-debido-una-fractura-escafoides-la-mano-derecha\/#breadcrumb","itemListElement":[{"@type":"ListItem","position":1,"name":"Home","item":"http:\/\/esponsorama.ad\/en\/"},{"@type":"ListItem","position":2,"name":"JOHANN ZARCO PASAR\u00c1 POR QUIR\u00d3FANO DEBIDO A UNA FRACTURA EN EL ESCAFOIDES DE LA MANO DERECHA"}]},{"@type":"WebSite","@id":"http:\/\/esponsorama.ad\/es\/#website","url":"http:\/\/esponsorama.ad\/es\/","name":"Esponsorama","description":"Specialist in motorsport sponsorship and event promotions","potentialAction":[{"@type":"SearchAction","target":{"@type":"EntryPoint","urlTemplate":"http:\/\/esponsorama.ad\/es\/?s={search_term_string}"},"query-input":{"@type":"PropertyValueSpecification","valueRequired":true,"valueName":"search_term_string"}}],"inLanguage":"es"},{"@type":"Person","@id":"http:\/\/esponsorama.ad\/es\/#\/schema\/person\/a5cde74945183d737066e46b61c6f9c4","name":"Xavi Andornet","image":{"@type":"ImageObject","inLanguage":"es","@id":"http:\/\/esponsorama.ad\/es\/#\/schema\/person\/image\/","url":"https:\/\/secure.gravatar.com\/avatar\/f10eaf9ad601244a2357c9fd7cd9805ed166cfaaf76d5d9ab08a9d873e70147a?s=96&d=mm&r=g","contentUrl":"https:\/\/secure.gravatar.com\/avatar\/f10eaf9ad601244a2357c9fd7cd9805ed166cfaaf76d5d9ab08a9d873e70147a?s=96&d=mm&r=g","caption":"Xavi Andornet"},"sameAs":["http:\/\/www.andornet.ad"],"url":"http:\/\/esponsorama.ad\/es\/author\/andornet\/"}]}},"_links":{"self":[{"href":"http:\/\/esponsorama.ad\/es\/wp-json\/wp\/v2\/posts\/16064","targetHints":{"allow":["GET"]}}],"collection":[{"href":"http:\/\/esponsorama.ad\/es\/wp-json\/wp\/v2\/posts"}],"about":[{"href":"http:\/\/esponsorama.ad\/es\/wp-json\/wp\/v2\/types\/post"}],"author":[{"embeddable":true,"href":"http:\/\/esponsorama.ad\/es\/wp-json\/wp\/v2\/users\/6"}],"replies":[{"embeddable":true,"href":"http:\/\/esponsorama.ad\/es\/wp-json\/wp\/v2\/comments?post=16064"}],"version-history":[{"count":2,"href":"http:\/\/esponsorama.ad\/es\/wp-json\/wp\/v2\/posts\/16064\/revisions"}],"predecessor-version":[{"id":16067,"href":"http:\/\/esponsorama.ad\/es\/wp-json\/wp\/v2\/posts\/16064\/revisions\/16067"}],"wp:featuredmedia":[{"embeddable":true,"href":"http:\/\/esponsorama.ad\/es\/wp-json\/wp\/v2\/media\/16056"}],"wp:attachment":[{"href":"http:\/\/esponsorama.ad\/es\/wp-json\/wp\/v2\/media?parent=16064"}],"wp:term":[{"taxonomy":"category","embeddable":true,"href":"http:\/\/esponsorama.ad\/es\/wp-json\/wp\/v2\/categories?post=16064"},{"taxonomy":"post_tag","embeddable":true,"href":"http:\/\/esponsorama.ad\/es\/wp-json\/wp\/v2\/tags?post=16064"}],"curies":[{"name":"wp","href":"https:\/\/api.w.org\/{rel}","templated":true}]}}