{"id":16069,"date":"2020-08-20T20:44:52","date_gmt":"2020-08-20T18:44:52","guid":{"rendered":"http:\/\/esponsorama.ad\/?p=16069"},"modified":"2020-08-20T20:47:19","modified_gmt":"2020-08-20T18:47:19","slug":"esponsorama-racing-preparado-gran-premio-styria","status":"publish","type":"post","link":"http:\/\/esponsorama.ad\/es\/esponsorama-racing-preparado-gran-premio-styria\/","title":{"rendered":"EL ESPONSORAMA RACING, PREPARADO PARA EL GRAN PREMIO DE STYRIA"},"content":{"rendered":"<p>Una semana despu\u00e9s del Gran Premio de Austria, el Esponsorama Racing disputar\u00e1 este fin de semana el Gran Premio de Styiria en el mismo Red Bull Ring \u2013 Spielberg.<\/p>\n<p>Johann Zarco pas\u00f3 por quir\u00f3fano el mi\u00e9rcoles tras el fuerte accidente sufrido durante la carrera del pasado domingo debido a una fractura en el escafoides de su mano derecha. El piloto franc\u00e9s tendr\u00e1 que realizar ma\u00f1ana el chequeo m\u00e9dico ya que, por normativa, dicho chequeo se tiene llevar a cabo al menos 48 horas despu\u00e9s de la operaci\u00f3n, por lo que no podr\u00e1 volver a pista hasta el s\u00e1bado si se declara apto. A parte, despu\u00e9s de declarar hoy ante los comisarios por el incidente ocurrido el fin de semana pasado, Zarco est\u00e1 pendiente de la resoluci\u00f3n del caso.<\/p>\n<p>Por su parte, Tito Rabat, que carrera tras carrera est\u00e1 mostrando una gran evoluci\u00f3n y mejorando las sensaciones encima de la Ducati Desmosedici GP19, volver\u00e1 a tener una nueva oportunidad tras quedarse a las puertas de los puntos en el Gran Premio de Austria.<\/p>\n<p>Ser\u00e1 ma\u00f1ana cuando Tito Rabat volver\u00e1 a la acci\u00f3n en el Red Bull Ring \u2013 Spielberg para disputar los dos primeros entrenamientos libres del Gran Premio de Styria, a la espera del chequeo m\u00e9dico de Johann Zarco, para ver si est\u00e1 en condiciones de volver a pista el s\u00e1bado.<\/p>\n<p><br \/>\n\u00abLa operaci\u00f3n ha ido bien. Ahora tengo que esperar 48 horas para el chequeo m\u00e9dico, as\u00ed que ma\u00f1ana no me montar\u00e9 en la moto, espero poder hacerlo el s\u00e1bado. Despu\u00e9s de la operaci\u00f3n estoy mejorando, pero todav\u00eda no me siento listo para pilotar. Espero que con 24 horas m\u00e1s me sienta mejor y pueda dar algunas vueltas el s\u00e1bado para mejorar las sensaciones con la moto. Perderse ma\u00f1ana los dos entrenamientos libres no es un gran drama porque tenemos referencias de la semana pasada y la moto es r\u00e1pida en esta pista. Hoy he tenido la reuni\u00f3n con los comisarios para explicar bien todo sobre el adelantamiento a Morbidelli y contrastarlo con los datos. No hice ninguna locura, as\u00ed que espero que lo entiendan y esperaremos a la decisi\u00f3n final\u00bb.<\/p>\n<p><br \/>\n\u201cSegunda semana en Austria. La primera semana fue dif\u00edcil coger una estabilidad debido a las malas condiciones de la pista en el FP1, luego en los segundos y terceros entrenamientos libres con lluvia, por lo que cost\u00f3 un poco centrarse, pero este fin de semana tendremos la pista limpia. Parece que el viernes y el s\u00e1bado nos va a respetar el tiempo, tendremos que aprovecharlo y a centrarse para conseguir una buena puesta a punto para el domingo.\u201d<\/p>\n","protected":false},"excerpt":{"rendered":"<p>Una semana despu\u00e9s del Gran Premio de Austria, el Esponsorama Racing disputar\u00e1 este fin de semana el Gran Premio de Styiria en el mismo Red Bull Ring \u2013 Spielberg. Johann Zarco pas\u00f3 por quir\u00f3fano el mi\u00e9rcoles tras el fuerte accidente sufrido durante la carrera del pasado domingo debido a una fractura en el escafoides de [&hellip;]<\/p>\n","protected":false},"author":6,"featured_media":16070,"comment_status":"closed","ping_status":"closed","sticky":false,"template":"","format":"standard","meta":{"footnotes":""},"categories":[3],"tags":[],"class_list":["post-16069","post","type-post","status-publish","format-standard","has-post-thumbnail","hentry","category-motogp"],"yoast_head":"<!-- This site is optimized with the Yoast SEO plugin v27.1.1 - https:\/\/yoast.com\/product\/yoast-seo-wordpress\/ -->\n<title>EL ESPONSORAMA RACING, PREPARADO PARA EL GRAN PREMIO DE STYRIA - Esponsorama<\/title>\n<meta name=\"robots\" content=\"index, follow, max-snippet:-1, max-image-preview:large, max-video-preview:-1\" \/>\n<link rel=\"canonical\" href=\"http:\/\/esponsorama.ad\/es\/esponsorama-racing-preparado-gran-premio-styria\/\" \/>\n<meta property=\"og:locale\" content=\"es_ES\" \/>\n<meta property=\"og:type\" content=\"article\" \/>\n<meta property=\"og:title\" content=\"EL ESPONSORAMA RACING, PREPARADO PARA EL GRAN PREMIO DE STYRIA - Esponsorama\" \/>\n<meta property=\"og:description\" content=\"Una semana despu\u00e9s del Gran Premio de Austria, el Esponsorama Racing disputar\u00e1 este fin de semana el Gran Premio de Styiria en el mismo Red Bull Ring \u2013 Spielberg. Johann Zarco pas\u00f3 por quir\u00f3fano el mi\u00e9rcoles tras el fuerte accidente sufrido durante la carrera del pasado domingo debido a una fractura en el escafoides de [&hellip;]\" \/>\n<meta property=\"og:url\" content=\"http:\/\/esponsorama.ad\/es\/esponsorama-racing-preparado-gran-premio-styria\/\" \/>\n<meta property=\"og:site_name\" content=\"Esponsorama\" \/>\n<meta property=\"article:published_time\" content=\"2020-08-20T18:44:52+00:00\" \/>\n<meta property=\"article:modified_time\" content=\"2020-08-20T18:47:19+00:00\" \/>\n<meta property=\"og:image\" content=\"http:\/\/esponsorama.ad\/wp-content\/uploads\/2020\/08\/05Austria20Mgp_Esponsorama_TIN3539.jpg\" \/>\n\t<meta property=\"og:image:width\" content=\"5472\" \/>\n\t<meta property=\"og:image:height\" content=\"3648\" \/>\n\t<meta property=\"og:image:type\" content=\"image\/jpeg\" \/>\n<meta name=\"author\" content=\"Xavi Andornet\" \/>\n<meta name=\"twitter:card\" content=\"summary_large_image\" \/>\n<meta name=\"twitter:label1\" content=\"Escrito por\" \/>\n\t<meta name=\"twitter:data1\" content=\"Xavi Andornet\" \/>\n\t<meta name=\"twitter:label2\" content=\"Tiempo de lectura\" \/>\n\t<meta name=\"twitter:data2\" content=\"2 minutos\" \/>\n<script type=\"application\/ld+json\" class=\"yoast-schema-graph\">{\"@context\":\"https:\/\/schema.org\",\"@graph\":[{\"@type\":\"Article\",\"@id\":\"http:\/\/esponsorama.ad\/es\/esponsorama-racing-preparado-gran-premio-styria\/#article\",\"isPartOf\":{\"@id\":\"http:\/\/esponsorama.ad\/es\/esponsorama-racing-preparado-gran-premio-styria\/\"},\"author\":{\"name\":\"Xavi Andornet\",\"@id\":\"http:\/\/esponsorama.ad\/es\/#\/schema\/person\/a5cde74945183d737066e46b61c6f9c4\"},\"headline\":\"EL ESPONSORAMA RACING, PREPARADO PARA EL GRAN PREMIO DE STYRIA\",\"datePublished\":\"2020-08-20T18:44:52+00:00\",\"dateModified\":\"2020-08-20T18:47:19+00:00\",\"mainEntityOfPage\":{\"@id\":\"http:\/\/esponsorama.ad\/es\/esponsorama-racing-preparado-gran-premio-styria\/\"},\"wordCount\":469,\"image\":{\"@id\":\"http:\/\/esponsorama.ad\/es\/esponsorama-racing-preparado-gran-premio-styria\/#primaryimage\"},\"thumbnailUrl\":\"http:\/\/esponsorama.ad\/wp-content\/uploads\/2020\/08\/05Austria20Mgp_Esponsorama_TIN3539.jpg\",\"articleSection\":[\"MotoGP\"],\"inLanguage\":\"es\"},{\"@type\":\"WebPage\",\"@id\":\"http:\/\/esponsorama.ad\/es\/esponsorama-racing-preparado-gran-premio-styria\/\",\"url\":\"http:\/\/esponsorama.ad\/es\/esponsorama-racing-preparado-gran-premio-styria\/\",\"name\":\"EL ESPONSORAMA RACING, PREPARADO PARA EL GRAN PREMIO DE STYRIA - Esponsorama\",\"isPartOf\":{\"@id\":\"http:\/\/esponsorama.ad\/es\/#website\"},\"primaryImageOfPage\":{\"@id\":\"http:\/\/esponsorama.ad\/es\/esponsorama-racing-preparado-gran-premio-styria\/#primaryimage\"},\"image\":{\"@id\":\"http:\/\/esponsorama.ad\/es\/esponsorama-racing-preparado-gran-premio-styria\/#primaryimage\"},\"thumbnailUrl\":\"http:\/\/esponsorama.ad\/wp-content\/uploads\/2020\/08\/05Austria20Mgp_Esponsorama_TIN3539.jpg\",\"datePublished\":\"2020-08-20T18:44:52+00:00\",\"dateModified\":\"2020-08-20T18:47:19+00:00\",\"author\":{\"@id\":\"http:\/\/esponsorama.ad\/es\/#\/schema\/person\/a5cde74945183d737066e46b61c6f9c4\"},\"breadcrumb\":{\"@id\":\"http:\/\/esponsorama.ad\/es\/esponsorama-racing-preparado-gran-premio-styria\/#breadcrumb\"},\"inLanguage\":\"es\",\"potentialAction\":[{\"@type\":\"ReadAction\",\"target\":[\"http:\/\/esponsorama.ad\/es\/esponsorama-racing-preparado-gran-premio-styria\/\"]}]},{\"@type\":\"ImageObject\",\"inLanguage\":\"es\",\"@id\":\"http:\/\/esponsorama.ad\/es\/esponsorama-racing-preparado-gran-premio-styria\/#primaryimage\",\"url\":\"http:\/\/esponsorama.ad\/wp-content\/uploads\/2020\/08\/05Austria20Mgp_Esponsorama_TIN3539.jpg\",\"contentUrl\":\"http:\/\/esponsorama.ad\/wp-content\/uploads\/2020\/08\/05Austria20Mgp_Esponsorama_TIN3539.jpg\",\"width\":5472,\"height\":3648,\"caption\":\"05 Austria GP 13 al 16 de Agosto de 2020.\"},{\"@type\":\"BreadcrumbList\",\"@id\":\"http:\/\/esponsorama.ad\/es\/esponsorama-racing-preparado-gran-premio-styria\/#breadcrumb\",\"itemListElement\":[{\"@type\":\"ListItem\",\"position\":1,\"name\":\"Home\",\"item\":\"http:\/\/esponsorama.ad\/ca\/\"},{\"@type\":\"ListItem\",\"position\":2,\"name\":\"EL ESPONSORAMA RACING, PREPARADO PARA EL GRAN PREMIO DE STYRIA\"}]},{\"@type\":\"WebSite\",\"@id\":\"http:\/\/esponsorama.ad\/es\/#website\",\"url\":\"http:\/\/esponsorama.ad\/es\/\",\"name\":\"Esponsorama\",\"description\":\"Specialist in motorsport sponsorship and event promotions\",\"potentialAction\":[{\"@type\":\"SearchAction\",\"target\":{\"@type\":\"EntryPoint\",\"urlTemplate\":\"http:\/\/esponsorama.ad\/es\/?s={search_term_string}\"},\"query-input\":{\"@type\":\"PropertyValueSpecification\",\"valueRequired\":true,\"valueName\":\"search_term_string\"}}],\"inLanguage\":\"es\"},{\"@type\":\"Person\",\"@id\":\"http:\/\/esponsorama.ad\/es\/#\/schema\/person\/a5cde74945183d737066e46b61c6f9c4\",\"name\":\"Xavi Andornet\",\"image\":{\"@type\":\"ImageObject\",\"inLanguage\":\"es\",\"@id\":\"http:\/\/esponsorama.ad\/es\/#\/schema\/person\/image\/\",\"url\":\"https:\/\/secure.gravatar.com\/avatar\/f10eaf9ad601244a2357c9fd7cd9805ed166cfaaf76d5d9ab08a9d873e70147a?s=96&d=mm&r=g\",\"contentUrl\":\"https:\/\/secure.gravatar.com\/avatar\/f10eaf9ad601244a2357c9fd7cd9805ed166cfaaf76d5d9ab08a9d873e70147a?s=96&d=mm&r=g\",\"caption\":\"Xavi Andornet\"},\"sameAs\":[\"http:\/\/www.andornet.ad\"],\"url\":\"http:\/\/esponsorama.ad\/es\/author\/andornet\/\"}]}<\/script>\n<!-- \/ Yoast SEO plugin. -->","yoast_head_json":{"title":"EL ESPONSORAMA RACING, PREPARADO PARA EL GRAN PREMIO DE STYRIA - Esponsorama","robots":{"index":"index","follow":"follow","max-snippet":"max-snippet:-1","max-image-preview":"max-image-preview:large","max-video-preview":"max-video-preview:-1"},"canonical":"http:\/\/esponsorama.ad\/es\/esponsorama-racing-preparado-gran-premio-styria\/","og_locale":"es_ES","og_type":"article","og_title":"EL ESPONSORAMA RACING, PREPARADO PARA EL GRAN PREMIO DE STYRIA - Esponsorama","og_description":"Una semana despu\u00e9s del Gran Premio de Austria, el Esponsorama Racing disputar\u00e1 este fin de semana el Gran Premio de Styiria en el mismo Red Bull Ring \u2013 Spielberg. Johann Zarco pas\u00f3 por quir\u00f3fano el mi\u00e9rcoles tras el fuerte accidente sufrido durante la carrera del pasado domingo debido a una fractura en el escafoides de [&hellip;]","og_url":"http:\/\/esponsorama.ad\/es\/esponsorama-racing-preparado-gran-premio-styria\/","og_site_name":"Esponsorama","article_published_time":"2020-08-20T18:44:52+00:00","article_modified_time":"2020-08-20T18:47:19+00:00","og_image":[{"width":5472,"height":3648,"url":"http:\/\/esponsorama.ad\/wp-content\/uploads\/2020\/08\/05Austria20Mgp_Esponsorama_TIN3539.jpg","type":"image\/jpeg"}],"author":"Xavi Andornet","twitter_card":"summary_large_image","twitter_misc":{"Escrito por":"Xavi Andornet","Tiempo de lectura":"2 minutos"},"schema":{"@context":"https:\/\/schema.org","@graph":[{"@type":"Article","@id":"http:\/\/esponsorama.ad\/es\/esponsorama-racing-preparado-gran-premio-styria\/#article","isPartOf":{"@id":"http:\/\/esponsorama.ad\/es\/esponsorama-racing-preparado-gran-premio-styria\/"},"author":{"name":"Xavi Andornet","@id":"http:\/\/esponsorama.ad\/es\/#\/schema\/person\/a5cde74945183d737066e46b61c6f9c4"},"headline":"EL ESPONSORAMA RACING, PREPARADO PARA EL GRAN PREMIO DE STYRIA","datePublished":"2020-08-20T18:44:52+00:00","dateModified":"2020-08-20T18:47:19+00:00","mainEntityOfPage":{"@id":"http:\/\/esponsorama.ad\/es\/esponsorama-racing-preparado-gran-premio-styria\/"},"wordCount":469,"image":{"@id":"http:\/\/esponsorama.ad\/es\/esponsorama-racing-preparado-gran-premio-styria\/#primaryimage"},"thumbnailUrl":"http:\/\/esponsorama.ad\/wp-content\/uploads\/2020\/08\/05Austria20Mgp_Esponsorama_TIN3539.jpg","articleSection":["MotoGP"],"inLanguage":"es"},{"@type":"WebPage","@id":"http:\/\/esponsorama.ad\/es\/esponsorama-racing-preparado-gran-premio-styria\/","url":"http:\/\/esponsorama.ad\/es\/esponsorama-racing-preparado-gran-premio-styria\/","name":"EL ESPONSORAMA RACING, PREPARADO PARA EL GRAN PREMIO DE STYRIA - Esponsorama","isPartOf":{"@id":"http:\/\/esponsorama.ad\/es\/#website"},"primaryImageOfPage":{"@id":"http:\/\/esponsorama.ad\/es\/esponsorama-racing-preparado-gran-premio-styria\/#primaryimage"},"image":{"@id":"http:\/\/esponsorama.ad\/es\/esponsorama-racing-preparado-gran-premio-styria\/#primaryimage"},"thumbnailUrl":"http:\/\/esponsorama.ad\/wp-content\/uploads\/2020\/08\/05Austria20Mgp_Esponsorama_TIN3539.jpg","datePublished":"2020-08-20T18:44:52+00:00","dateModified":"2020-08-20T18:47:19+00:00","author":{"@id":"http:\/\/esponsorama.ad\/es\/#\/schema\/person\/a5cde74945183d737066e46b61c6f9c4"},"breadcrumb":{"@id":"http:\/\/esponsorama.ad\/es\/esponsorama-racing-preparado-gran-premio-styria\/#breadcrumb"},"inLanguage":"es","potentialAction":[{"@type":"ReadAction","target":["http:\/\/esponsorama.ad\/es\/esponsorama-racing-preparado-gran-premio-styria\/"]}]},{"@type":"ImageObject","inLanguage":"es","@id":"http:\/\/esponsorama.ad\/es\/esponsorama-racing-preparado-gran-premio-styria\/#primaryimage","url":"http:\/\/esponsorama.ad\/wp-content\/uploads\/2020\/08\/05Austria20Mgp_Esponsorama_TIN3539.jpg","contentUrl":"http:\/\/esponsorama.ad\/wp-content\/uploads\/2020\/08\/05Austria20Mgp_Esponsorama_TIN3539.jpg","width":5472,"height":3648,"caption":"05 Austria GP 13 al 16 de Agosto de 2020."},{"@type":"BreadcrumbList","@id":"http:\/\/esponsorama.ad\/es\/esponsorama-racing-preparado-gran-premio-styria\/#breadcrumb","itemListElement":[{"@type":"ListItem","position":1,"name":"Home","item":"http:\/\/esponsorama.ad\/ca\/"},{"@type":"ListItem","position":2,"name":"EL ESPONSORAMA RACING, PREPARADO PARA EL GRAN PREMIO DE STYRIA"}]},{"@type":"WebSite","@id":"http:\/\/esponsorama.ad\/es\/#website","url":"http:\/\/esponsorama.ad\/es\/","name":"Esponsorama","description":"Specialist in motorsport sponsorship and event promotions","potentialAction":[{"@type":"SearchAction","target":{"@type":"EntryPoint","urlTemplate":"http:\/\/esponsorama.ad\/es\/?s={search_term_string}"},"query-input":{"@type":"PropertyValueSpecification","valueRequired":true,"valueName":"search_term_string"}}],"inLanguage":"es"},{"@type":"Person","@id":"http:\/\/esponsorama.ad\/es\/#\/schema\/person\/a5cde74945183d737066e46b61c6f9c4","name":"Xavi Andornet","image":{"@type":"ImageObject","inLanguage":"es","@id":"http:\/\/esponsorama.ad\/es\/#\/schema\/person\/image\/","url":"https:\/\/secure.gravatar.com\/avatar\/f10eaf9ad601244a2357c9fd7cd9805ed166cfaaf76d5d9ab08a9d873e70147a?s=96&d=mm&r=g","contentUrl":"https:\/\/secure.gravatar.com\/avatar\/f10eaf9ad601244a2357c9fd7cd9805ed166cfaaf76d5d9ab08a9d873e70147a?s=96&d=mm&r=g","caption":"Xavi Andornet"},"sameAs":["http:\/\/www.andornet.ad"],"url":"http:\/\/esponsorama.ad\/es\/author\/andornet\/"}]}},"_links":{"self":[{"href":"http:\/\/esponsorama.ad\/es\/wp-json\/wp\/v2\/posts\/16069","targetHints":{"allow":["GET"]}}],"collection":[{"href":"http:\/\/esponsorama.ad\/es\/wp-json\/wp\/v2\/posts"}],"about":[{"href":"http:\/\/esponsorama.ad\/es\/wp-json\/wp\/v2\/types\/post"}],"author":[{"embeddable":true,"href":"http:\/\/esponsorama.ad\/es\/wp-json\/wp\/v2\/users\/6"}],"replies":[{"embeddable":true,"href":"http:\/\/esponsorama.ad\/es\/wp-json\/wp\/v2\/comments?post=16069"}],"version-history":[{"count":1,"href":"http:\/\/esponsorama.ad\/es\/wp-json\/wp\/v2\/posts\/16069\/revisions"}],"predecessor-version":[{"id":16071,"href":"http:\/\/esponsorama.ad\/es\/wp-json\/wp\/v2\/posts\/16069\/revisions\/16071"}],"wp:featuredmedia":[{"embeddable":true,"href":"http:\/\/esponsorama.ad\/es\/wp-json\/wp\/v2\/media\/16070"}],"wp:attachment":[{"href":"http:\/\/esponsorama.ad\/es\/wp-json\/wp\/v2\/media?parent=16069"}],"wp:term":[{"taxonomy":"category","embeddable":true,"href":"http:\/\/esponsorama.ad\/es\/wp-json\/wp\/v2\/categories?post=16069"},{"taxonomy":"post_tag","embeddable":true,"href":"http:\/\/esponsorama.ad\/es\/wp-json\/wp\/v2\/tags?post=16069"}],"curies":[{"name":"wp","href":"https:\/\/api.w.org\/{rel}","templated":true}]}}