{"id":16078,"date":"2020-08-21T20:20:43","date_gmt":"2020-08-21T18:20:43","guid":{"rendered":"http:\/\/esponsorama.ad\/?p=16078"},"modified":"2020-08-21T20:22:57","modified_gmt":"2020-08-21T18:22:57","slug":"viernes-singular-esponsorama-racing","status":"publish","type":"post","link":"http:\/\/esponsorama.ad\/es\/viernes-singular-esponsorama-racing\/","title":{"rendered":"VIERNES SINGULAR PARA EL ESPONSORAMA RACING"},"content":{"rendered":"<p>El Esponsorama Racing ha completado el primer d\u00eda del Gran Premio de Styria con un s\u00f3lo piloto en pista en el Red Bull Ring \u2013 Spielberg.   <\/p>\n<p>En la sesi\u00f3n de la ma\u00f1ana, Tito Rabat ha salido a pista con energ\u00eda para continuar exprimiendo al m\u00e1ximo su Ducati. Pese a una ca\u00edda sin consecuencias durante la sesi\u00f3n, el piloto espa\u00f1ol ha terminado en 19\u00aa posici\u00f3n a menos de un segundo del l\u00edder. <\/p>\n<p>Por la tarde, el catal\u00e1n no ha podido mejorar su registro de la ma\u00f1ana finalizando as\u00ed el d\u00eda en la 20\u00aa posici\u00f3n. Pese a no mejorar, su tiempo de 1\u201924.806 es tres d\u00e9cimas mejor que el mejor tiempo del fin de semana pasado, demostrando as\u00ed que sus sensaciones encima de la moto cada vez son mejores.<\/p>\n<p>Respecto a Johann Zarco, hoy ha sido un d\u00eda  singular por  no poder subirse a la moto. Al fin de la primera sesi\u00f3n de entrenamientos libres de MotoGP se conoc\u00eda que el galo tendr\u00e1 que salir de pit lane la pr\u00f3xima carrera debido al incidente del domingo pasado junto a Franco Morbidelli. La buena noticia del d\u00eda es que Johann  ha recibido el apto para poder disputar este Gran Premio de Styria. <\/p>\n<p>Ma\u00f1ana en el Red Bull Ring \u2013 Spielberg se disputar\u00e1n el tercer y cuarto entrenamiento libre y la clasificaci\u00f3n para la carrera del domingo, donde el equipo luchar\u00e1 por obtener la mejor posici\u00f3n posible. <\/p>\n<p><br \/>\n\u201cPor la ma\u00f1ana ha sido un buen entreno, he salido ha pista y he tirado, terminando a 9 d\u00e9cimas del primer clasificado. Pero por la tarde nos ha costado un poco m\u00e1s, aunque de todas maneras vamos a probar a ver si me pueden ayudar con la electr\u00f3nica y poder as\u00ed acelerar m\u00e1s en los primeros metros que es lo que me falta.\u201d<\/p>\n<p><br \/>\n\u201cSobre el d\u00eda de hoy, lo positivo es que soy apto para correr ma\u00f1ana y esto es muy importante. Es cierto que mi mu\u00f1eca est\u00e1 mejorando muy r\u00e1pido y estoy feliz con eso. As\u00ed que claramente es una buena oportunidad de correr para tener algunas sensaciones y poder disfrutar en la moto. Creo que tendr\u00e9 algo de dolor y voy a ver c\u00f3mo puedo controlar este dolor, pero es bueno intentarlo. Estoy feliz con el chequeo m\u00e9dico ya que me dijeron que podr\u00eda correr, y tambi\u00e9n, estoy feliz con la sanci\u00f3n. Estaba pensando en hacer una apelaci\u00f3n a la FIM, pero es un poco dif\u00edcil y ser\u00eda volver al problema incluso m\u00e1s tarde. Y en el caso de que mi apelaci\u00f3n no sea aceptada, mi situaci\u00f3n no seria buena por lo que prefiero resolver esta penalizaci\u00f3n y salir del pit lane este fin de semana, cerrando as\u00ed la historia. Mejor hacerlo de esta manera y luego dar lo mejor de m\u00ed en las carreras de Misano.\u201d<\/p>\n","protected":false},"excerpt":{"rendered":"<p>El Esponsorama Racing ha completado el primer d\u00eda del Gran Premio de Styria con un s\u00f3lo piloto en pista en el Red Bull Ring \u2013 Spielberg. En la sesi\u00f3n de la ma\u00f1ana, Tito Rabat ha salido a pista con energ\u00eda para continuar exprimiendo al m\u00e1ximo su Ducati. Pese a una ca\u00edda sin consecuencias durante la [&hellip;]<\/p>\n","protected":false},"author":6,"featured_media":16082,"comment_status":"closed","ping_status":"closed","sticky":false,"template":"","format":"standard","meta":{"footnotes":""},"categories":[3],"tags":[],"class_list":["post-16078","post","type-post","status-publish","format-standard","has-post-thumbnail","hentry","category-motogp"],"yoast_head":"<!-- This site is optimized with the Yoast SEO plugin v27.1.1 - https:\/\/yoast.com\/product\/yoast-seo-wordpress\/ -->\n<title>VIERNES SINGULAR PARA EL ESPONSORAMA RACING - Esponsorama<\/title>\n<meta name=\"robots\" content=\"index, follow, max-snippet:-1, max-image-preview:large, max-video-preview:-1\" \/>\n<link rel=\"canonical\" href=\"http:\/\/esponsorama.ad\/es\/viernes-singular-esponsorama-racing\/\" \/>\n<meta property=\"og:locale\" content=\"es_ES\" \/>\n<meta property=\"og:type\" content=\"article\" \/>\n<meta property=\"og:title\" content=\"VIERNES SINGULAR PARA EL ESPONSORAMA RACING - Esponsorama\" \/>\n<meta property=\"og:description\" content=\"El Esponsorama Racing ha completado el primer d\u00eda del Gran Premio de Styria con un s\u00f3lo piloto en pista en el Red Bull Ring \u2013 Spielberg. En la sesi\u00f3n de la ma\u00f1ana, Tito Rabat ha salido a pista con energ\u00eda para continuar exprimiendo al m\u00e1ximo su Ducati. Pese a una ca\u00edda sin consecuencias durante la [&hellip;]\" \/>\n<meta property=\"og:url\" content=\"http:\/\/esponsorama.ad\/es\/viernes-singular-esponsorama-racing\/\" \/>\n<meta property=\"og:site_name\" content=\"Esponsorama\" \/>\n<meta property=\"article:published_time\" content=\"2020-08-21T18:20:43+00:00\" \/>\n<meta property=\"article:modified_time\" content=\"2020-08-21T18:22:57+00:00\" \/>\n<meta property=\"og:image\" content=\"http:\/\/esponsorama.ad\/wp-content\/uploads\/2020\/08\/06Styria20Mgp_Esponsorama_TIN6899-1.jpg\" \/>\n\t<meta property=\"og:image:width\" content=\"5568\" \/>\n\t<meta property=\"og:image:height\" content=\"3712\" \/>\n\t<meta property=\"og:image:type\" content=\"image\/jpeg\" \/>\n<meta name=\"author\" content=\"Xavi Andornet\" \/>\n<meta name=\"twitter:card\" content=\"summary_large_image\" \/>\n<meta name=\"twitter:label1\" content=\"Escrito por\" \/>\n\t<meta name=\"twitter:data1\" content=\"Xavi Andornet\" \/>\n\t<meta name=\"twitter:label2\" content=\"Tiempo de lectura\" \/>\n\t<meta name=\"twitter:data2\" content=\"3 minutos\" \/>\n<script type=\"application\/ld+json\" class=\"yoast-schema-graph\">{\"@context\":\"https:\/\/schema.org\",\"@graph\":[{\"@type\":\"Article\",\"@id\":\"http:\/\/esponsorama.ad\/es\/viernes-singular-esponsorama-racing\/#article\",\"isPartOf\":{\"@id\":\"http:\/\/esponsorama.ad\/es\/viernes-singular-esponsorama-racing\/\"},\"author\":{\"name\":\"Xavi Andornet\",\"@id\":\"http:\/\/esponsorama.ad\/es\/#\/schema\/person\/a5cde74945183d737066e46b61c6f9c4\"},\"headline\":\"VIERNES SINGULAR PARA EL ESPONSORAMA RACING\",\"datePublished\":\"2020-08-21T18:20:43+00:00\",\"dateModified\":\"2020-08-21T18:22:57+00:00\",\"mainEntityOfPage\":{\"@id\":\"http:\/\/esponsorama.ad\/es\/viernes-singular-esponsorama-racing\/\"},\"wordCount\":512,\"image\":{\"@id\":\"http:\/\/esponsorama.ad\/es\/viernes-singular-esponsorama-racing\/#primaryimage\"},\"thumbnailUrl\":\"http:\/\/esponsorama.ad\/wp-content\/uploads\/2020\/08\/06Styria20Mgp_Esponsorama_TIN6899-1.jpg\",\"articleSection\":[\"MotoGP\"],\"inLanguage\":\"es\"},{\"@type\":\"WebPage\",\"@id\":\"http:\/\/esponsorama.ad\/es\/viernes-singular-esponsorama-racing\/\",\"url\":\"http:\/\/esponsorama.ad\/es\/viernes-singular-esponsorama-racing\/\",\"name\":\"VIERNES SINGULAR PARA EL ESPONSORAMA RACING - Esponsorama\",\"isPartOf\":{\"@id\":\"http:\/\/esponsorama.ad\/es\/#website\"},\"primaryImageOfPage\":{\"@id\":\"http:\/\/esponsorama.ad\/es\/viernes-singular-esponsorama-racing\/#primaryimage\"},\"image\":{\"@id\":\"http:\/\/esponsorama.ad\/es\/viernes-singular-esponsorama-racing\/#primaryimage\"},\"thumbnailUrl\":\"http:\/\/esponsorama.ad\/wp-content\/uploads\/2020\/08\/06Styria20Mgp_Esponsorama_TIN6899-1.jpg\",\"datePublished\":\"2020-08-21T18:20:43+00:00\",\"dateModified\":\"2020-08-21T18:22:57+00:00\",\"author\":{\"@id\":\"http:\/\/esponsorama.ad\/es\/#\/schema\/person\/a5cde74945183d737066e46b61c6f9c4\"},\"breadcrumb\":{\"@id\":\"http:\/\/esponsorama.ad\/es\/viernes-singular-esponsorama-racing\/#breadcrumb\"},\"inLanguage\":\"es\",\"potentialAction\":[{\"@type\":\"ReadAction\",\"target\":[\"http:\/\/esponsorama.ad\/es\/viernes-singular-esponsorama-racing\/\"]}]},{\"@type\":\"ImageObject\",\"inLanguage\":\"es\",\"@id\":\"http:\/\/esponsorama.ad\/es\/viernes-singular-esponsorama-racing\/#primaryimage\",\"url\":\"http:\/\/esponsorama.ad\/wp-content\/uploads\/2020\/08\/06Styria20Mgp_Esponsorama_TIN6899-1.jpg\",\"contentUrl\":\"http:\/\/esponsorama.ad\/wp-content\/uploads\/2020\/08\/06Styria20Mgp_Esponsorama_TIN6899-1.jpg\",\"width\":5568,\"height\":3712,\"caption\":\"06 Styria GP 21 al 23 de Agosto de 2020.\"},{\"@type\":\"BreadcrumbList\",\"@id\":\"http:\/\/esponsorama.ad\/es\/viernes-singular-esponsorama-racing\/#breadcrumb\",\"itemListElement\":[{\"@type\":\"ListItem\",\"position\":1,\"name\":\"Home\",\"item\":\"http:\/\/esponsorama.ad\/ca\/\"},{\"@type\":\"ListItem\",\"position\":2,\"name\":\"VIERNES SINGULAR PARA EL ESPONSORAMA RACING\"}]},{\"@type\":\"WebSite\",\"@id\":\"http:\/\/esponsorama.ad\/es\/#website\",\"url\":\"http:\/\/esponsorama.ad\/es\/\",\"name\":\"Esponsorama\",\"description\":\"Specialist in motorsport sponsorship and event promotions\",\"potentialAction\":[{\"@type\":\"SearchAction\",\"target\":{\"@type\":\"EntryPoint\",\"urlTemplate\":\"http:\/\/esponsorama.ad\/es\/?s={search_term_string}\"},\"query-input\":{\"@type\":\"PropertyValueSpecification\",\"valueRequired\":true,\"valueName\":\"search_term_string\"}}],\"inLanguage\":\"es\"},{\"@type\":\"Person\",\"@id\":\"http:\/\/esponsorama.ad\/es\/#\/schema\/person\/a5cde74945183d737066e46b61c6f9c4\",\"name\":\"Xavi Andornet\",\"image\":{\"@type\":\"ImageObject\",\"inLanguage\":\"es\",\"@id\":\"http:\/\/esponsorama.ad\/es\/#\/schema\/person\/image\/\",\"url\":\"https:\/\/secure.gravatar.com\/avatar\/f10eaf9ad601244a2357c9fd7cd9805ed166cfaaf76d5d9ab08a9d873e70147a?s=96&d=mm&r=g\",\"contentUrl\":\"https:\/\/secure.gravatar.com\/avatar\/f10eaf9ad601244a2357c9fd7cd9805ed166cfaaf76d5d9ab08a9d873e70147a?s=96&d=mm&r=g\",\"caption\":\"Xavi Andornet\"},\"sameAs\":[\"http:\/\/www.andornet.ad\"],\"url\":\"http:\/\/esponsorama.ad\/es\/author\/andornet\/\"}]}<\/script>\n<!-- \/ Yoast SEO plugin. -->","yoast_head_json":{"title":"VIERNES SINGULAR PARA EL ESPONSORAMA RACING - Esponsorama","robots":{"index":"index","follow":"follow","max-snippet":"max-snippet:-1","max-image-preview":"max-image-preview:large","max-video-preview":"max-video-preview:-1"},"canonical":"http:\/\/esponsorama.ad\/es\/viernes-singular-esponsorama-racing\/","og_locale":"es_ES","og_type":"article","og_title":"VIERNES SINGULAR PARA EL ESPONSORAMA RACING - Esponsorama","og_description":"El Esponsorama Racing ha completado el primer d\u00eda del Gran Premio de Styria con un s\u00f3lo piloto en pista en el Red Bull Ring \u2013 Spielberg. En la sesi\u00f3n de la ma\u00f1ana, Tito Rabat ha salido a pista con energ\u00eda para continuar exprimiendo al m\u00e1ximo su Ducati. Pese a una ca\u00edda sin consecuencias durante la [&hellip;]","og_url":"http:\/\/esponsorama.ad\/es\/viernes-singular-esponsorama-racing\/","og_site_name":"Esponsorama","article_published_time":"2020-08-21T18:20:43+00:00","article_modified_time":"2020-08-21T18:22:57+00:00","og_image":[{"width":5568,"height":3712,"url":"http:\/\/esponsorama.ad\/wp-content\/uploads\/2020\/08\/06Styria20Mgp_Esponsorama_TIN6899-1.jpg","type":"image\/jpeg"}],"author":"Xavi Andornet","twitter_card":"summary_large_image","twitter_misc":{"Escrito por":"Xavi Andornet","Tiempo de lectura":"3 minutos"},"schema":{"@context":"https:\/\/schema.org","@graph":[{"@type":"Article","@id":"http:\/\/esponsorama.ad\/es\/viernes-singular-esponsorama-racing\/#article","isPartOf":{"@id":"http:\/\/esponsorama.ad\/es\/viernes-singular-esponsorama-racing\/"},"author":{"name":"Xavi Andornet","@id":"http:\/\/esponsorama.ad\/es\/#\/schema\/person\/a5cde74945183d737066e46b61c6f9c4"},"headline":"VIERNES SINGULAR PARA EL ESPONSORAMA RACING","datePublished":"2020-08-21T18:20:43+00:00","dateModified":"2020-08-21T18:22:57+00:00","mainEntityOfPage":{"@id":"http:\/\/esponsorama.ad\/es\/viernes-singular-esponsorama-racing\/"},"wordCount":512,"image":{"@id":"http:\/\/esponsorama.ad\/es\/viernes-singular-esponsorama-racing\/#primaryimage"},"thumbnailUrl":"http:\/\/esponsorama.ad\/wp-content\/uploads\/2020\/08\/06Styria20Mgp_Esponsorama_TIN6899-1.jpg","articleSection":["MotoGP"],"inLanguage":"es"},{"@type":"WebPage","@id":"http:\/\/esponsorama.ad\/es\/viernes-singular-esponsorama-racing\/","url":"http:\/\/esponsorama.ad\/es\/viernes-singular-esponsorama-racing\/","name":"VIERNES SINGULAR PARA EL ESPONSORAMA RACING - Esponsorama","isPartOf":{"@id":"http:\/\/esponsorama.ad\/es\/#website"},"primaryImageOfPage":{"@id":"http:\/\/esponsorama.ad\/es\/viernes-singular-esponsorama-racing\/#primaryimage"},"image":{"@id":"http:\/\/esponsorama.ad\/es\/viernes-singular-esponsorama-racing\/#primaryimage"},"thumbnailUrl":"http:\/\/esponsorama.ad\/wp-content\/uploads\/2020\/08\/06Styria20Mgp_Esponsorama_TIN6899-1.jpg","datePublished":"2020-08-21T18:20:43+00:00","dateModified":"2020-08-21T18:22:57+00:00","author":{"@id":"http:\/\/esponsorama.ad\/es\/#\/schema\/person\/a5cde74945183d737066e46b61c6f9c4"},"breadcrumb":{"@id":"http:\/\/esponsorama.ad\/es\/viernes-singular-esponsorama-racing\/#breadcrumb"},"inLanguage":"es","potentialAction":[{"@type":"ReadAction","target":["http:\/\/esponsorama.ad\/es\/viernes-singular-esponsorama-racing\/"]}]},{"@type":"ImageObject","inLanguage":"es","@id":"http:\/\/esponsorama.ad\/es\/viernes-singular-esponsorama-racing\/#primaryimage","url":"http:\/\/esponsorama.ad\/wp-content\/uploads\/2020\/08\/06Styria20Mgp_Esponsorama_TIN6899-1.jpg","contentUrl":"http:\/\/esponsorama.ad\/wp-content\/uploads\/2020\/08\/06Styria20Mgp_Esponsorama_TIN6899-1.jpg","width":5568,"height":3712,"caption":"06 Styria GP 21 al 23 de Agosto de 2020."},{"@type":"BreadcrumbList","@id":"http:\/\/esponsorama.ad\/es\/viernes-singular-esponsorama-racing\/#breadcrumb","itemListElement":[{"@type":"ListItem","position":1,"name":"Home","item":"http:\/\/esponsorama.ad\/ca\/"},{"@type":"ListItem","position":2,"name":"VIERNES SINGULAR PARA EL ESPONSORAMA RACING"}]},{"@type":"WebSite","@id":"http:\/\/esponsorama.ad\/es\/#website","url":"http:\/\/esponsorama.ad\/es\/","name":"Esponsorama","description":"Specialist in motorsport sponsorship and event promotions","potentialAction":[{"@type":"SearchAction","target":{"@type":"EntryPoint","urlTemplate":"http:\/\/esponsorama.ad\/es\/?s={search_term_string}"},"query-input":{"@type":"PropertyValueSpecification","valueRequired":true,"valueName":"search_term_string"}}],"inLanguage":"es"},{"@type":"Person","@id":"http:\/\/esponsorama.ad\/es\/#\/schema\/person\/a5cde74945183d737066e46b61c6f9c4","name":"Xavi Andornet","image":{"@type":"ImageObject","inLanguage":"es","@id":"http:\/\/esponsorama.ad\/es\/#\/schema\/person\/image\/","url":"https:\/\/secure.gravatar.com\/avatar\/f10eaf9ad601244a2357c9fd7cd9805ed166cfaaf76d5d9ab08a9d873e70147a?s=96&d=mm&r=g","contentUrl":"https:\/\/secure.gravatar.com\/avatar\/f10eaf9ad601244a2357c9fd7cd9805ed166cfaaf76d5d9ab08a9d873e70147a?s=96&d=mm&r=g","caption":"Xavi Andornet"},"sameAs":["http:\/\/www.andornet.ad"],"url":"http:\/\/esponsorama.ad\/es\/author\/andornet\/"}]}},"_links":{"self":[{"href":"http:\/\/esponsorama.ad\/es\/wp-json\/wp\/v2\/posts\/16078","targetHints":{"allow":["GET"]}}],"collection":[{"href":"http:\/\/esponsorama.ad\/es\/wp-json\/wp\/v2\/posts"}],"about":[{"href":"http:\/\/esponsorama.ad\/es\/wp-json\/wp\/v2\/types\/post"}],"author":[{"embeddable":true,"href":"http:\/\/esponsorama.ad\/es\/wp-json\/wp\/v2\/users\/6"}],"replies":[{"embeddable":true,"href":"http:\/\/esponsorama.ad\/es\/wp-json\/wp\/v2\/comments?post=16078"}],"version-history":[{"count":1,"href":"http:\/\/esponsorama.ad\/es\/wp-json\/wp\/v2\/posts\/16078\/revisions"}],"predecessor-version":[{"id":16084,"href":"http:\/\/esponsorama.ad\/es\/wp-json\/wp\/v2\/posts\/16078\/revisions\/16084"}],"wp:featuredmedia":[{"embeddable":true,"href":"http:\/\/esponsorama.ad\/es\/wp-json\/wp\/v2\/media\/16082"}],"wp:attachment":[{"href":"http:\/\/esponsorama.ad\/es\/wp-json\/wp\/v2\/media?parent=16078"}],"wp:term":[{"taxonomy":"category","embeddable":true,"href":"http:\/\/esponsorama.ad\/es\/wp-json\/wp\/v2\/categories?post=16078"},{"taxonomy":"post_tag","embeddable":true,"href":"http:\/\/esponsorama.ad\/es\/wp-json\/wp\/v2\/tags?post=16078"}],"curies":[{"name":"wp","href":"https:\/\/api.w.org\/{rel}","templated":true}]}}