{"id":16100,"date":"2020-08-22T19:37:53","date_gmt":"2020-08-22T17:37:53","guid":{"rendered":"http:\/\/esponsorama.ad\/?p=16100"},"modified":"2020-08-22T19:39:51","modified_gmt":"2020-08-22T17:39:51","slug":"carlos-tatay-clasifica-la-23a-posicion-la-carrera-del-gran-premio-styria","status":"publish","type":"post","link":"http:\/\/esponsorama.ad\/es\/carlos-tatay-clasifica-la-23a-posicion-la-carrera-del-gran-premio-styria\/","title":{"rendered":"CARLOS TATAY CLASIFICA EN LA 23\u00aa POSICI\u00d3N PARA LA CARRERA DEL GRAN PREMIO DE STYRIA"},"content":{"rendered":"<p>Carlos Tatay partir\u00e1 23\u00ba en la carrera del Gran Premio de Styria, segunda carrera que disputar\u00e1 en el Red Bull Ring \u2013 Spielberg.<\/p>\n<p>El piloto valenciano del Reale Avintia Moto3 tras completar los tres entrenamientos libres logr\u00f3 la 23\u00aa posici\u00f3n de la tabla de tiempos combinados, por lo que ha tenido que disputar la Q1. Tras marcar un mejor registro de 1\u201937.585, Tatay no ha podido colocarse en las posiciones que dan el paso a la Q2 y ha tenido que conformarse con la octava l\u00ednea de la parrilla de salida. <\/p>\n<p>Ma\u00f1ana a las 11:00 dar\u00e1 comienzo la carrera del Gran Premio de Estiria, donde Carlos Tatay intentar\u00e1 remontar y alcanzar las posiciones de puntos.<\/p>\n<p>\t\t\t\t\t<div class=\"rider-short\">\n\t\t\t\t<a href=\"http:\/\/esponsorama.ad\/es\/piloto\/carlos-tatay\/\"><img loading=\"lazy\" decoding=\"async\" width=\"300\" height=\"300\" src=\"http:\/\/esponsorama.ad\/wp-content\/uploads\/2021\/02\/dorsal-tatay-gris-300x300.png\" class=\"attachment-medium size-medium\" alt=\"\" srcset=\"http:\/\/esponsorama.ad\/wp-content\/uploads\/2021\/02\/dorsal-tatay-gris-300x300.png 300w, http:\/\/esponsorama.ad\/wp-content\/uploads\/2021\/02\/dorsal-tatay-gris-150x150.png 150w, http:\/\/esponsorama.ad\/wp-content\/uploads\/2021\/02\/dorsal-tatay-gris.png 500w\" sizes=\"auto, (max-width: 300px) 100vw, 300px\" \/><\/a><div class=\"info\"><h3><a href=\"http:\/\/esponsorama.ad\/es\/piloto\/carlos-tatay\/\">Carlos Tatay<\/a> | 1'37.585 | P23<\/h3><div class=\"rrss\"><a target=\"_blank\" href=\"https:\/\/www.facebook.com\/carlostatay99\/\"><i class=\"fa fa-facebook\"><\/i><\/a><a target=\"_blank\" href=\"https:\/\/twitter.com\/carlostatay99\"><i class=\"fa fa-twitter\"><\/i><\/a><a target=\"_blank\" href=\"https:\/\/www.instagram.com\/carlostatay99\/\"><i class=\"fa fa-instagram\"><\/i><\/a><\/div><\/div>\t\t\t\t\t<\/div>\n\t\t\t\t<br \/>\n\u201cHa sido un d\u00eda muy positivo en el que hemos descartado muchas cosas, creo que nos ha servido para poder reflexionar, mirar nuestros puntos d\u00e9biles y estamos listos para ma\u00f1ana. En carrera intentar\u00e9 mejorar mis puntos d\u00e9biles y brindarle una muy buena carrera ha mi equipo que est\u00e1 haciendo un gran trabajo.\u201d<\/p>\n","protected":false},"excerpt":{"rendered":"<p>Carlos Tatay partir\u00e1 23\u00ba en la carrera del Gran Premio de Styria, segunda carrera que disputar\u00e1 en el Red Bull Ring \u2013 Spielberg. El piloto valenciano del Reale Avintia Moto3 tras completar los tres entrenamientos libres logr\u00f3 la 23\u00aa posici\u00f3n de la tabla de tiempos combinados, por lo que ha tenido que disputar la Q1. [&hellip;]<\/p>\n","protected":false},"author":6,"featured_media":16101,"comment_status":"closed","ping_status":"closed","sticky":false,"template":"","format":"standard","meta":{"footnotes":""},"categories":[12],"tags":[],"class_list":["post-16100","post","type-post","status-publish","format-standard","has-post-thumbnail","hentry","category-moto3"],"yoast_head":"<!-- This site is optimized with the Yoast SEO plugin v27.1.1 - https:\/\/yoast.com\/product\/yoast-seo-wordpress\/ -->\n<title>CARLOS TATAY CLASIFICA EN LA 23\u00aa POSICI\u00d3N PARA LA CARRERA DEL GRAN PREMIO DE STYRIA - Esponsorama<\/title>\n<meta name=\"robots\" content=\"index, follow, max-snippet:-1, max-image-preview:large, max-video-preview:-1\" \/>\n<link rel=\"canonical\" href=\"http:\/\/esponsorama.ad\/es\/carlos-tatay-clasifica-la-23a-posicion-la-carrera-del-gran-premio-styria\/\" \/>\n<meta property=\"og:locale\" content=\"es_ES\" \/>\n<meta property=\"og:type\" content=\"article\" \/>\n<meta property=\"og:title\" content=\"CARLOS TATAY CLASIFICA EN LA 23\u00aa POSICI\u00d3N PARA LA CARRERA DEL GRAN PREMIO DE STYRIA - Esponsorama\" \/>\n<meta property=\"og:description\" content=\"Carlos Tatay partir\u00e1 23\u00ba en la carrera del Gran Premio de Styria, segunda carrera que disputar\u00e1 en el Red Bull Ring \u2013 Spielberg. El piloto valenciano del Reale Avintia Moto3 tras completar los tres entrenamientos libres logr\u00f3 la 23\u00aa posici\u00f3n de la tabla de tiempos combinados, por lo que ha tenido que disputar la Q1. [&hellip;]\" \/>\n<meta property=\"og:url\" content=\"http:\/\/esponsorama.ad\/es\/carlos-tatay-clasifica-la-23a-posicion-la-carrera-del-gran-premio-styria\/\" \/>\n<meta property=\"og:site_name\" content=\"Esponsorama\" \/>\n<meta property=\"article:published_time\" content=\"2020-08-22T17:37:53+00:00\" \/>\n<meta property=\"article:modified_time\" content=\"2020-08-22T17:39:51+00:00\" \/>\n<meta property=\"og:image\" content=\"http:\/\/esponsorama.ad\/wp-content\/uploads\/2020\/08\/06Styria20M3_Esponsorama_DSC1019.jpg\" \/>\n\t<meta property=\"og:image:width\" content=\"3500\" \/>\n\t<meta property=\"og:image:height\" content=\"2329\" \/>\n\t<meta property=\"og:image:type\" content=\"image\/jpeg\" \/>\n<meta name=\"author\" content=\"Xavi Andornet\" \/>\n<meta name=\"twitter:card\" content=\"summary_large_image\" \/>\n<meta name=\"twitter:label1\" content=\"Escrito por\" \/>\n\t<meta name=\"twitter:data1\" content=\"Xavi Andornet\" \/>\n\t<meta name=\"twitter:label2\" content=\"Tiempo de lectura\" \/>\n\t<meta name=\"twitter:data2\" content=\"1 minuto\" \/>\n<script type=\"application\/ld+json\" class=\"yoast-schema-graph\">{\"@context\":\"https:\/\/schema.org\",\"@graph\":[{\"@type\":\"Article\",\"@id\":\"http:\/\/esponsorama.ad\/es\/carlos-tatay-clasifica-la-23a-posicion-la-carrera-del-gran-premio-styria\/#article\",\"isPartOf\":{\"@id\":\"http:\/\/esponsorama.ad\/es\/carlos-tatay-clasifica-la-23a-posicion-la-carrera-del-gran-premio-styria\/\"},\"author\":{\"name\":\"Xavi Andornet\",\"@id\":\"http:\/\/esponsorama.ad\/es\/#\/schema\/person\/a5cde74945183d737066e46b61c6f9c4\"},\"headline\":\"CARLOS TATAY CLASIFICA EN LA 23\u00aa POSICI\u00d3N PARA LA CARRERA DEL GRAN PREMIO DE STYRIA\",\"datePublished\":\"2020-08-22T17:37:53+00:00\",\"dateModified\":\"2020-08-22T17:39:51+00:00\",\"mainEntityOfPage\":{\"@id\":\"http:\/\/esponsorama.ad\/es\/carlos-tatay-clasifica-la-23a-posicion-la-carrera-del-gran-premio-styria\/\"},\"wordCount\":189,\"image\":{\"@id\":\"http:\/\/esponsorama.ad\/es\/carlos-tatay-clasifica-la-23a-posicion-la-carrera-del-gran-premio-styria\/#primaryimage\"},\"thumbnailUrl\":\"http:\/\/esponsorama.ad\/wp-content\/uploads\/2020\/08\/06Styria20M3_Esponsorama_DSC1019.jpg\",\"articleSection\":[\"Moto3\"],\"inLanguage\":\"es\"},{\"@type\":\"WebPage\",\"@id\":\"http:\/\/esponsorama.ad\/es\/carlos-tatay-clasifica-la-23a-posicion-la-carrera-del-gran-premio-styria\/\",\"url\":\"http:\/\/esponsorama.ad\/es\/carlos-tatay-clasifica-la-23a-posicion-la-carrera-del-gran-premio-styria\/\",\"name\":\"CARLOS TATAY CLASIFICA EN LA 23\u00aa POSICI\u00d3N PARA LA CARRERA DEL GRAN PREMIO DE STYRIA - Esponsorama\",\"isPartOf\":{\"@id\":\"http:\/\/esponsorama.ad\/es\/#website\"},\"primaryImageOfPage\":{\"@id\":\"http:\/\/esponsorama.ad\/es\/carlos-tatay-clasifica-la-23a-posicion-la-carrera-del-gran-premio-styria\/#primaryimage\"},\"image\":{\"@id\":\"http:\/\/esponsorama.ad\/es\/carlos-tatay-clasifica-la-23a-posicion-la-carrera-del-gran-premio-styria\/#primaryimage\"},\"thumbnailUrl\":\"http:\/\/esponsorama.ad\/wp-content\/uploads\/2020\/08\/06Styria20M3_Esponsorama_DSC1019.jpg\",\"datePublished\":\"2020-08-22T17:37:53+00:00\",\"dateModified\":\"2020-08-22T17:39:51+00:00\",\"author\":{\"@id\":\"http:\/\/esponsorama.ad\/es\/#\/schema\/person\/a5cde74945183d737066e46b61c6f9c4\"},\"breadcrumb\":{\"@id\":\"http:\/\/esponsorama.ad\/es\/carlos-tatay-clasifica-la-23a-posicion-la-carrera-del-gran-premio-styria\/#breadcrumb\"},\"inLanguage\":\"es\",\"potentialAction\":[{\"@type\":\"ReadAction\",\"target\":[\"http:\/\/esponsorama.ad\/es\/carlos-tatay-clasifica-la-23a-posicion-la-carrera-del-gran-premio-styria\/\"]}]},{\"@type\":\"ImageObject\",\"inLanguage\":\"es\",\"@id\":\"http:\/\/esponsorama.ad\/es\/carlos-tatay-clasifica-la-23a-posicion-la-carrera-del-gran-premio-styria\/#primaryimage\",\"url\":\"http:\/\/esponsorama.ad\/wp-content\/uploads\/2020\/08\/06Styria20M3_Esponsorama_DSC1019.jpg\",\"contentUrl\":\"http:\/\/esponsorama.ad\/wp-content\/uploads\/2020\/08\/06Styria20M3_Esponsorama_DSC1019.jpg\",\"width\":3500,\"height\":2329,\"caption\":\"06 Styria GP 21 al 23 de Agosto de 2020.\"},{\"@type\":\"BreadcrumbList\",\"@id\":\"http:\/\/esponsorama.ad\/es\/carlos-tatay-clasifica-la-23a-posicion-la-carrera-del-gran-premio-styria\/#breadcrumb\",\"itemListElement\":[{\"@type\":\"ListItem\",\"position\":1,\"name\":\"Home\",\"item\":\"http:\/\/esponsorama.ad\/es\/\"},{\"@type\":\"ListItem\",\"position\":2,\"name\":\"CARLOS TATAY CLASIFICA EN LA 23\u00aa POSICI\u00d3N PARA LA CARRERA DEL GRAN PREMIO DE STYRIA\"}]},{\"@type\":\"WebSite\",\"@id\":\"http:\/\/esponsorama.ad\/es\/#website\",\"url\":\"http:\/\/esponsorama.ad\/es\/\",\"name\":\"Esponsorama\",\"description\":\"Specialist in motorsport sponsorship and event promotions\",\"potentialAction\":[{\"@type\":\"SearchAction\",\"target\":{\"@type\":\"EntryPoint\",\"urlTemplate\":\"http:\/\/esponsorama.ad\/es\/?s={search_term_string}\"},\"query-input\":{\"@type\":\"PropertyValueSpecification\",\"valueRequired\":true,\"valueName\":\"search_term_string\"}}],\"inLanguage\":\"es\"},{\"@type\":\"Person\",\"@id\":\"http:\/\/esponsorama.ad\/es\/#\/schema\/person\/a5cde74945183d737066e46b61c6f9c4\",\"name\":\"Xavi Andornet\",\"image\":{\"@type\":\"ImageObject\",\"inLanguage\":\"es\",\"@id\":\"http:\/\/esponsorama.ad\/es\/#\/schema\/person\/image\/\",\"url\":\"https:\/\/secure.gravatar.com\/avatar\/f10eaf9ad601244a2357c9fd7cd9805ed166cfaaf76d5d9ab08a9d873e70147a?s=96&d=mm&r=g\",\"contentUrl\":\"https:\/\/secure.gravatar.com\/avatar\/f10eaf9ad601244a2357c9fd7cd9805ed166cfaaf76d5d9ab08a9d873e70147a?s=96&d=mm&r=g\",\"caption\":\"Xavi Andornet\"},\"sameAs\":[\"http:\/\/www.andornet.ad\"],\"url\":\"http:\/\/esponsorama.ad\/es\/author\/andornet\/\"}]}<\/script>\n<!-- \/ Yoast SEO plugin. -->","yoast_head_json":{"title":"CARLOS TATAY CLASIFICA EN LA 23\u00aa POSICI\u00d3N PARA LA CARRERA DEL GRAN PREMIO DE STYRIA - Esponsorama","robots":{"index":"index","follow":"follow","max-snippet":"max-snippet:-1","max-image-preview":"max-image-preview:large","max-video-preview":"max-video-preview:-1"},"canonical":"http:\/\/esponsorama.ad\/es\/carlos-tatay-clasifica-la-23a-posicion-la-carrera-del-gran-premio-styria\/","og_locale":"es_ES","og_type":"article","og_title":"CARLOS TATAY CLASIFICA EN LA 23\u00aa POSICI\u00d3N PARA LA CARRERA DEL GRAN PREMIO DE STYRIA - Esponsorama","og_description":"Carlos Tatay partir\u00e1 23\u00ba en la carrera del Gran Premio de Styria, segunda carrera que disputar\u00e1 en el Red Bull Ring \u2013 Spielberg. El piloto valenciano del Reale Avintia Moto3 tras completar los tres entrenamientos libres logr\u00f3 la 23\u00aa posici\u00f3n de la tabla de tiempos combinados, por lo que ha tenido que disputar la Q1. [&hellip;]","og_url":"http:\/\/esponsorama.ad\/es\/carlos-tatay-clasifica-la-23a-posicion-la-carrera-del-gran-premio-styria\/","og_site_name":"Esponsorama","article_published_time":"2020-08-22T17:37:53+00:00","article_modified_time":"2020-08-22T17:39:51+00:00","og_image":[{"width":3500,"height":2329,"url":"http:\/\/esponsorama.ad\/wp-content\/uploads\/2020\/08\/06Styria20M3_Esponsorama_DSC1019.jpg","type":"image\/jpeg"}],"author":"Xavi Andornet","twitter_card":"summary_large_image","twitter_misc":{"Escrito por":"Xavi Andornet","Tiempo de lectura":"1 minuto"},"schema":{"@context":"https:\/\/schema.org","@graph":[{"@type":"Article","@id":"http:\/\/esponsorama.ad\/es\/carlos-tatay-clasifica-la-23a-posicion-la-carrera-del-gran-premio-styria\/#article","isPartOf":{"@id":"http:\/\/esponsorama.ad\/es\/carlos-tatay-clasifica-la-23a-posicion-la-carrera-del-gran-premio-styria\/"},"author":{"name":"Xavi Andornet","@id":"http:\/\/esponsorama.ad\/es\/#\/schema\/person\/a5cde74945183d737066e46b61c6f9c4"},"headline":"CARLOS TATAY CLASIFICA EN LA 23\u00aa POSICI\u00d3N PARA LA CARRERA DEL GRAN PREMIO DE STYRIA","datePublished":"2020-08-22T17:37:53+00:00","dateModified":"2020-08-22T17:39:51+00:00","mainEntityOfPage":{"@id":"http:\/\/esponsorama.ad\/es\/carlos-tatay-clasifica-la-23a-posicion-la-carrera-del-gran-premio-styria\/"},"wordCount":189,"image":{"@id":"http:\/\/esponsorama.ad\/es\/carlos-tatay-clasifica-la-23a-posicion-la-carrera-del-gran-premio-styria\/#primaryimage"},"thumbnailUrl":"http:\/\/esponsorama.ad\/wp-content\/uploads\/2020\/08\/06Styria20M3_Esponsorama_DSC1019.jpg","articleSection":["Moto3"],"inLanguage":"es"},{"@type":"WebPage","@id":"http:\/\/esponsorama.ad\/es\/carlos-tatay-clasifica-la-23a-posicion-la-carrera-del-gran-premio-styria\/","url":"http:\/\/esponsorama.ad\/es\/carlos-tatay-clasifica-la-23a-posicion-la-carrera-del-gran-premio-styria\/","name":"CARLOS TATAY CLASIFICA EN LA 23\u00aa POSICI\u00d3N PARA LA CARRERA DEL GRAN PREMIO DE STYRIA - Esponsorama","isPartOf":{"@id":"http:\/\/esponsorama.ad\/es\/#website"},"primaryImageOfPage":{"@id":"http:\/\/esponsorama.ad\/es\/carlos-tatay-clasifica-la-23a-posicion-la-carrera-del-gran-premio-styria\/#primaryimage"},"image":{"@id":"http:\/\/esponsorama.ad\/es\/carlos-tatay-clasifica-la-23a-posicion-la-carrera-del-gran-premio-styria\/#primaryimage"},"thumbnailUrl":"http:\/\/esponsorama.ad\/wp-content\/uploads\/2020\/08\/06Styria20M3_Esponsorama_DSC1019.jpg","datePublished":"2020-08-22T17:37:53+00:00","dateModified":"2020-08-22T17:39:51+00:00","author":{"@id":"http:\/\/esponsorama.ad\/es\/#\/schema\/person\/a5cde74945183d737066e46b61c6f9c4"},"breadcrumb":{"@id":"http:\/\/esponsorama.ad\/es\/carlos-tatay-clasifica-la-23a-posicion-la-carrera-del-gran-premio-styria\/#breadcrumb"},"inLanguage":"es","potentialAction":[{"@type":"ReadAction","target":["http:\/\/esponsorama.ad\/es\/carlos-tatay-clasifica-la-23a-posicion-la-carrera-del-gran-premio-styria\/"]}]},{"@type":"ImageObject","inLanguage":"es","@id":"http:\/\/esponsorama.ad\/es\/carlos-tatay-clasifica-la-23a-posicion-la-carrera-del-gran-premio-styria\/#primaryimage","url":"http:\/\/esponsorama.ad\/wp-content\/uploads\/2020\/08\/06Styria20M3_Esponsorama_DSC1019.jpg","contentUrl":"http:\/\/esponsorama.ad\/wp-content\/uploads\/2020\/08\/06Styria20M3_Esponsorama_DSC1019.jpg","width":3500,"height":2329,"caption":"06 Styria GP 21 al 23 de Agosto de 2020."},{"@type":"BreadcrumbList","@id":"http:\/\/esponsorama.ad\/es\/carlos-tatay-clasifica-la-23a-posicion-la-carrera-del-gran-premio-styria\/#breadcrumb","itemListElement":[{"@type":"ListItem","position":1,"name":"Home","item":"http:\/\/esponsorama.ad\/es\/"},{"@type":"ListItem","position":2,"name":"CARLOS TATAY CLASIFICA EN LA 23\u00aa POSICI\u00d3N PARA LA CARRERA DEL GRAN PREMIO DE STYRIA"}]},{"@type":"WebSite","@id":"http:\/\/esponsorama.ad\/es\/#website","url":"http:\/\/esponsorama.ad\/es\/","name":"Esponsorama","description":"Specialist in motorsport sponsorship and event promotions","potentialAction":[{"@type":"SearchAction","target":{"@type":"EntryPoint","urlTemplate":"http:\/\/esponsorama.ad\/es\/?s={search_term_string}"},"query-input":{"@type":"PropertyValueSpecification","valueRequired":true,"valueName":"search_term_string"}}],"inLanguage":"es"},{"@type":"Person","@id":"http:\/\/esponsorama.ad\/es\/#\/schema\/person\/a5cde74945183d737066e46b61c6f9c4","name":"Xavi Andornet","image":{"@type":"ImageObject","inLanguage":"es","@id":"http:\/\/esponsorama.ad\/es\/#\/schema\/person\/image\/","url":"https:\/\/secure.gravatar.com\/avatar\/f10eaf9ad601244a2357c9fd7cd9805ed166cfaaf76d5d9ab08a9d873e70147a?s=96&d=mm&r=g","contentUrl":"https:\/\/secure.gravatar.com\/avatar\/f10eaf9ad601244a2357c9fd7cd9805ed166cfaaf76d5d9ab08a9d873e70147a?s=96&d=mm&r=g","caption":"Xavi Andornet"},"sameAs":["http:\/\/www.andornet.ad"],"url":"http:\/\/esponsorama.ad\/es\/author\/andornet\/"}]}},"_links":{"self":[{"href":"http:\/\/esponsorama.ad\/es\/wp-json\/wp\/v2\/posts\/16100","targetHints":{"allow":["GET"]}}],"collection":[{"href":"http:\/\/esponsorama.ad\/es\/wp-json\/wp\/v2\/posts"}],"about":[{"href":"http:\/\/esponsorama.ad\/es\/wp-json\/wp\/v2\/types\/post"}],"author":[{"embeddable":true,"href":"http:\/\/esponsorama.ad\/es\/wp-json\/wp\/v2\/users\/6"}],"replies":[{"embeddable":true,"href":"http:\/\/esponsorama.ad\/es\/wp-json\/wp\/v2\/comments?post=16100"}],"version-history":[{"count":1,"href":"http:\/\/esponsorama.ad\/es\/wp-json\/wp\/v2\/posts\/16100\/revisions"}],"predecessor-version":[{"id":16106,"href":"http:\/\/esponsorama.ad\/es\/wp-json\/wp\/v2\/posts\/16100\/revisions\/16106"}],"wp:featuredmedia":[{"embeddable":true,"href":"http:\/\/esponsorama.ad\/es\/wp-json\/wp\/v2\/media\/16101"}],"wp:attachment":[{"href":"http:\/\/esponsorama.ad\/es\/wp-json\/wp\/v2\/media?parent=16100"}],"wp:term":[{"taxonomy":"category","embeddable":true,"href":"http:\/\/esponsorama.ad\/es\/wp-json\/wp\/v2\/categories?post=16100"},{"taxonomy":"post_tag","embeddable":true,"href":"http:\/\/esponsorama.ad\/es\/wp-json\/wp\/v2\/tags?post=16100"}],"curies":[{"name":"wp","href":"https:\/\/api.w.org\/{rel}","templated":true}]}}