{"id":16123,"date":"2020-09-10T22:02:27","date_gmt":"2020-09-10T20:02:27","guid":{"rendered":"http:\/\/esponsorama.ad\/?p=16123"},"modified":"2020-09-10T22:07:35","modified_gmt":"2020-09-10T20:07:35","slug":"esponsorama-racing-vuelve-la-accion-gran-premio-san-marino","status":"publish","type":"post","link":"http:\/\/esponsorama.ad\/es\/esponsorama-racing-vuelve-la-accion-gran-premio-san-marino\/","title":{"rendered":"EL ESPONSORAMA RACING VUELVE A LA ACCI\u00d3N EN EL GRAN PREMIO DE SAN MARINO"},"content":{"rendered":"<p>Dos semanas despu\u00e9s de la disputa del Gran Premio de Styiria, el Esponsorama Racing afrontar\u00e1 este fin de semana en el Misano World Circuit Marco Simoncelli la sexta cita de la temporada, el Gran Premio de San Marino.<\/p>\n<p>Tras un gran arranque de temporada, Johann Zarco llega a Misano con la intenci\u00f3n de seguir en la l\u00ednea ascendente que atraviesa. Tras las grandes actuaciones en Brno y Austria, el piloto franc\u00e9s afronta el fin de semana con optimismo de continuar cosechando buenos resultados que le permitan sumar puntos importantes para la clasificaci\u00f3n general.  <\/p>\n<p>Tito Rabat, por su parte, afronta el Gran Premio de San Marino con una buena base gracias a los datos recopilados durante las \u00faltimas carreras, con la confianza de dar un paso adelante y volver a la zona de puntos.<\/p>\n<p>Ser\u00e1 el viernes a partir de las 9:55 cuando el Esponsorama Racing volver\u00e1 a la acci\u00f3n para disputar los primeros entrenamientos libres del Gran Premio de San Marino.<\/p>\n<p><br \/>\n\u00abEstas semanas en casa he intentado recuperar mi mu\u00f1eca lo mejor posible, he vuelto muy bien, no dir\u00e9 al 100 por cien porque es un lugar que necesita tiempo y recuperarse perfectamente, pero mucho mejor que hace dos semanas. Hice un buen entrenamiento f\u00edsico, corriendo mucho, y esta una buena manera de saber si est\u00e1s en buena forma o no. Entonces, ver\u00e9 en Misano, que es una pista que me gusta, ya que he tenido muchas veces buenas sensaciones aqu\u00ed, as\u00ed que creo que con la Ducati es posible ir r\u00e1pido tambi\u00e9n, tenemos mucha informaci\u00f3n en esta pista. Espero estar al nivel para luchar por el podio como en la Rep\u00fablica Checa, las nuevas victorias de otros pilotos me motivan.\u00bb<\/p>\n<p><br \/>\n\u00abPara el fin de semana me veo bien, estas dos semanas en casa no he parado de hacer cosas. He renovado energ\u00edas, he descansado cuando tocaba, y llegamos a Misano, que es una pista que me gusta, parece ser que el tiempo nos va a respetar y es una buena oportunidad para solucionar problemas, mejorar, hacer mejores resultados y seguir mejorando.\u00bb<\/p>\n","protected":false},"excerpt":{"rendered":"<p>Dos semanas despu\u00e9s de la disputa del Gran Premio de Styiria, el Esponsorama Racing afrontar\u00e1 este fin de semana en el Misano World Circuit Marco Simoncelli la sexta cita de la temporada, el Gran Premio de San Marino. Tras un gran arranque de temporada, Johann Zarco llega a Misano con la intenci\u00f3n de seguir en [&hellip;]<\/p>\n","protected":false},"author":6,"featured_media":16094,"comment_status":"closed","ping_status":"closed","sticky":false,"template":"","format":"standard","meta":{"footnotes":""},"categories":[3],"tags":[],"class_list":["post-16123","post","type-post","status-publish","format-standard","has-post-thumbnail","hentry","category-motogp"],"yoast_head":"<!-- This site is optimized with the Yoast SEO plugin v27.1.1 - https:\/\/yoast.com\/product\/yoast-seo-wordpress\/ -->\n<title>EL ESPONSORAMA RACING VUELVE A LA ACCI\u00d3N EN EL GRAN PREMIO DE SAN MARINO - Esponsorama<\/title>\n<meta name=\"robots\" content=\"index, follow, max-snippet:-1, max-image-preview:large, max-video-preview:-1\" \/>\n<link rel=\"canonical\" href=\"http:\/\/esponsorama.ad\/es\/esponsorama-racing-vuelve-la-accion-gran-premio-san-marino\/\" \/>\n<meta property=\"og:locale\" content=\"es_ES\" \/>\n<meta property=\"og:type\" content=\"article\" \/>\n<meta property=\"og:title\" content=\"EL ESPONSORAMA RACING VUELVE A LA ACCI\u00d3N EN EL GRAN PREMIO DE SAN MARINO - Esponsorama\" \/>\n<meta property=\"og:description\" content=\"Dos semanas despu\u00e9s de la disputa del Gran Premio de Styiria, el Esponsorama Racing afrontar\u00e1 este fin de semana en el Misano World Circuit Marco Simoncelli la sexta cita de la temporada, el Gran Premio de San Marino. Tras un gran arranque de temporada, Johann Zarco llega a Misano con la intenci\u00f3n de seguir en [&hellip;]\" \/>\n<meta property=\"og:url\" content=\"http:\/\/esponsorama.ad\/es\/esponsorama-racing-vuelve-la-accion-gran-premio-san-marino\/\" \/>\n<meta property=\"og:site_name\" content=\"Esponsorama\" \/>\n<meta property=\"article:published_time\" content=\"2020-09-10T20:02:27+00:00\" \/>\n<meta property=\"article:modified_time\" content=\"2020-09-10T20:07:35+00:00\" \/>\n<meta property=\"og:image\" content=\"http:\/\/esponsorama.ad\/wp-content\/uploads\/2020\/08\/06Styria20Mgp_Esponsorama_TIN0100.jpg\" \/>\n\t<meta property=\"og:image:width\" content=\"5568\" \/>\n\t<meta property=\"og:image:height\" content=\"3712\" \/>\n\t<meta property=\"og:image:type\" content=\"image\/jpeg\" \/>\n<meta name=\"author\" content=\"Xavi Andornet\" \/>\n<meta name=\"twitter:card\" content=\"summary_large_image\" \/>\n<meta name=\"twitter:label1\" content=\"Escrito por\" \/>\n\t<meta name=\"twitter:data1\" content=\"Xavi Andornet\" \/>\n\t<meta name=\"twitter:label2\" content=\"Tiempo de lectura\" \/>\n\t<meta name=\"twitter:data2\" content=\"2 minutos\" \/>\n<script type=\"application\/ld+json\" class=\"yoast-schema-graph\">{\"@context\":\"https:\/\/schema.org\",\"@graph\":[{\"@type\":\"Article\",\"@id\":\"http:\/\/esponsorama.ad\/es\/esponsorama-racing-vuelve-la-accion-gran-premio-san-marino\/#article\",\"isPartOf\":{\"@id\":\"http:\/\/esponsorama.ad\/es\/esponsorama-racing-vuelve-la-accion-gran-premio-san-marino\/\"},\"author\":{\"name\":\"Xavi Andornet\",\"@id\":\"http:\/\/esponsorama.ad\/es\/#\/schema\/person\/a5cde74945183d737066e46b61c6f9c4\"},\"headline\":\"EL ESPONSORAMA RACING VUELVE A LA ACCI\u00d3N EN EL GRAN PREMIO DE SAN MARINO\",\"datePublished\":\"2020-09-10T20:02:27+00:00\",\"dateModified\":\"2020-09-10T20:07:35+00:00\",\"mainEntityOfPage\":{\"@id\":\"http:\/\/esponsorama.ad\/es\/esponsorama-racing-vuelve-la-accion-gran-premio-san-marino\/\"},\"wordCount\":373,\"image\":{\"@id\":\"http:\/\/esponsorama.ad\/es\/esponsorama-racing-vuelve-la-accion-gran-premio-san-marino\/#primaryimage\"},\"thumbnailUrl\":\"http:\/\/esponsorama.ad\/wp-content\/uploads\/2020\/08\/06Styria20Mgp_Esponsorama_TIN0100.jpg\",\"articleSection\":[\"MotoGP\"],\"inLanguage\":\"es\"},{\"@type\":\"WebPage\",\"@id\":\"http:\/\/esponsorama.ad\/es\/esponsorama-racing-vuelve-la-accion-gran-premio-san-marino\/\",\"url\":\"http:\/\/esponsorama.ad\/es\/esponsorama-racing-vuelve-la-accion-gran-premio-san-marino\/\",\"name\":\"EL ESPONSORAMA RACING VUELVE A LA ACCI\u00d3N EN EL GRAN PREMIO DE SAN MARINO - Esponsorama\",\"isPartOf\":{\"@id\":\"http:\/\/esponsorama.ad\/es\/#website\"},\"primaryImageOfPage\":{\"@id\":\"http:\/\/esponsorama.ad\/es\/esponsorama-racing-vuelve-la-accion-gran-premio-san-marino\/#primaryimage\"},\"image\":{\"@id\":\"http:\/\/esponsorama.ad\/es\/esponsorama-racing-vuelve-la-accion-gran-premio-san-marino\/#primaryimage\"},\"thumbnailUrl\":\"http:\/\/esponsorama.ad\/wp-content\/uploads\/2020\/08\/06Styria20Mgp_Esponsorama_TIN0100.jpg\",\"datePublished\":\"2020-09-10T20:02:27+00:00\",\"dateModified\":\"2020-09-10T20:07:35+00:00\",\"author\":{\"@id\":\"http:\/\/esponsorama.ad\/es\/#\/schema\/person\/a5cde74945183d737066e46b61c6f9c4\"},\"breadcrumb\":{\"@id\":\"http:\/\/esponsorama.ad\/es\/esponsorama-racing-vuelve-la-accion-gran-premio-san-marino\/#breadcrumb\"},\"inLanguage\":\"es\",\"potentialAction\":[{\"@type\":\"ReadAction\",\"target\":[\"http:\/\/esponsorama.ad\/es\/esponsorama-racing-vuelve-la-accion-gran-premio-san-marino\/\"]}]},{\"@type\":\"ImageObject\",\"inLanguage\":\"es\",\"@id\":\"http:\/\/esponsorama.ad\/es\/esponsorama-racing-vuelve-la-accion-gran-premio-san-marino\/#primaryimage\",\"url\":\"http:\/\/esponsorama.ad\/wp-content\/uploads\/2020\/08\/06Styria20Mgp_Esponsorama_TIN0100.jpg\",\"contentUrl\":\"http:\/\/esponsorama.ad\/wp-content\/uploads\/2020\/08\/06Styria20Mgp_Esponsorama_TIN0100.jpg\",\"width\":5568,\"height\":3712,\"caption\":\"06 Styria GP 21 al 23 de Agosto de 2020.\"},{\"@type\":\"BreadcrumbList\",\"@id\":\"http:\/\/esponsorama.ad\/es\/esponsorama-racing-vuelve-la-accion-gran-premio-san-marino\/#breadcrumb\",\"itemListElement\":[{\"@type\":\"ListItem\",\"position\":1,\"name\":\"Home\",\"item\":\"http:\/\/esponsorama.ad\/ca\/\"},{\"@type\":\"ListItem\",\"position\":2,\"name\":\"EL ESPONSORAMA RACING VUELVE A LA ACCI\u00d3N EN EL GRAN PREMIO DE SAN MARINO\"}]},{\"@type\":\"WebSite\",\"@id\":\"http:\/\/esponsorama.ad\/es\/#website\",\"url\":\"http:\/\/esponsorama.ad\/es\/\",\"name\":\"Esponsorama\",\"description\":\"Specialist in motorsport sponsorship and event promotions\",\"potentialAction\":[{\"@type\":\"SearchAction\",\"target\":{\"@type\":\"EntryPoint\",\"urlTemplate\":\"http:\/\/esponsorama.ad\/es\/?s={search_term_string}\"},\"query-input\":{\"@type\":\"PropertyValueSpecification\",\"valueRequired\":true,\"valueName\":\"search_term_string\"}}],\"inLanguage\":\"es\"},{\"@type\":\"Person\",\"@id\":\"http:\/\/esponsorama.ad\/es\/#\/schema\/person\/a5cde74945183d737066e46b61c6f9c4\",\"name\":\"Xavi Andornet\",\"image\":{\"@type\":\"ImageObject\",\"inLanguage\":\"es\",\"@id\":\"http:\/\/esponsorama.ad\/es\/#\/schema\/person\/image\/\",\"url\":\"https:\/\/secure.gravatar.com\/avatar\/f10eaf9ad601244a2357c9fd7cd9805ed166cfaaf76d5d9ab08a9d873e70147a?s=96&d=mm&r=g\",\"contentUrl\":\"https:\/\/secure.gravatar.com\/avatar\/f10eaf9ad601244a2357c9fd7cd9805ed166cfaaf76d5d9ab08a9d873e70147a?s=96&d=mm&r=g\",\"caption\":\"Xavi Andornet\"},\"sameAs\":[\"http:\/\/www.andornet.ad\"],\"url\":\"http:\/\/esponsorama.ad\/es\/author\/andornet\/\"}]}<\/script>\n<!-- \/ Yoast SEO plugin. -->","yoast_head_json":{"title":"EL ESPONSORAMA RACING VUELVE A LA ACCI\u00d3N EN EL GRAN PREMIO DE SAN MARINO - Esponsorama","robots":{"index":"index","follow":"follow","max-snippet":"max-snippet:-1","max-image-preview":"max-image-preview:large","max-video-preview":"max-video-preview:-1"},"canonical":"http:\/\/esponsorama.ad\/es\/esponsorama-racing-vuelve-la-accion-gran-premio-san-marino\/","og_locale":"es_ES","og_type":"article","og_title":"EL ESPONSORAMA RACING VUELVE A LA ACCI\u00d3N EN EL GRAN PREMIO DE SAN MARINO - Esponsorama","og_description":"Dos semanas despu\u00e9s de la disputa del Gran Premio de Styiria, el Esponsorama Racing afrontar\u00e1 este fin de semana en el Misano World Circuit Marco Simoncelli la sexta cita de la temporada, el Gran Premio de San Marino. Tras un gran arranque de temporada, Johann Zarco llega a Misano con la intenci\u00f3n de seguir en [&hellip;]","og_url":"http:\/\/esponsorama.ad\/es\/esponsorama-racing-vuelve-la-accion-gran-premio-san-marino\/","og_site_name":"Esponsorama","article_published_time":"2020-09-10T20:02:27+00:00","article_modified_time":"2020-09-10T20:07:35+00:00","og_image":[{"width":5568,"height":3712,"url":"http:\/\/esponsorama.ad\/wp-content\/uploads\/2020\/08\/06Styria20Mgp_Esponsorama_TIN0100.jpg","type":"image\/jpeg"}],"author":"Xavi Andornet","twitter_card":"summary_large_image","twitter_misc":{"Escrito por":"Xavi Andornet","Tiempo de lectura":"2 minutos"},"schema":{"@context":"https:\/\/schema.org","@graph":[{"@type":"Article","@id":"http:\/\/esponsorama.ad\/es\/esponsorama-racing-vuelve-la-accion-gran-premio-san-marino\/#article","isPartOf":{"@id":"http:\/\/esponsorama.ad\/es\/esponsorama-racing-vuelve-la-accion-gran-premio-san-marino\/"},"author":{"name":"Xavi Andornet","@id":"http:\/\/esponsorama.ad\/es\/#\/schema\/person\/a5cde74945183d737066e46b61c6f9c4"},"headline":"EL ESPONSORAMA RACING VUELVE A LA ACCI\u00d3N EN EL GRAN PREMIO DE SAN MARINO","datePublished":"2020-09-10T20:02:27+00:00","dateModified":"2020-09-10T20:07:35+00:00","mainEntityOfPage":{"@id":"http:\/\/esponsorama.ad\/es\/esponsorama-racing-vuelve-la-accion-gran-premio-san-marino\/"},"wordCount":373,"image":{"@id":"http:\/\/esponsorama.ad\/es\/esponsorama-racing-vuelve-la-accion-gran-premio-san-marino\/#primaryimage"},"thumbnailUrl":"http:\/\/esponsorama.ad\/wp-content\/uploads\/2020\/08\/06Styria20Mgp_Esponsorama_TIN0100.jpg","articleSection":["MotoGP"],"inLanguage":"es"},{"@type":"WebPage","@id":"http:\/\/esponsorama.ad\/es\/esponsorama-racing-vuelve-la-accion-gran-premio-san-marino\/","url":"http:\/\/esponsorama.ad\/es\/esponsorama-racing-vuelve-la-accion-gran-premio-san-marino\/","name":"EL ESPONSORAMA RACING VUELVE A LA ACCI\u00d3N EN EL GRAN PREMIO DE SAN MARINO - Esponsorama","isPartOf":{"@id":"http:\/\/esponsorama.ad\/es\/#website"},"primaryImageOfPage":{"@id":"http:\/\/esponsorama.ad\/es\/esponsorama-racing-vuelve-la-accion-gran-premio-san-marino\/#primaryimage"},"image":{"@id":"http:\/\/esponsorama.ad\/es\/esponsorama-racing-vuelve-la-accion-gran-premio-san-marino\/#primaryimage"},"thumbnailUrl":"http:\/\/esponsorama.ad\/wp-content\/uploads\/2020\/08\/06Styria20Mgp_Esponsorama_TIN0100.jpg","datePublished":"2020-09-10T20:02:27+00:00","dateModified":"2020-09-10T20:07:35+00:00","author":{"@id":"http:\/\/esponsorama.ad\/es\/#\/schema\/person\/a5cde74945183d737066e46b61c6f9c4"},"breadcrumb":{"@id":"http:\/\/esponsorama.ad\/es\/esponsorama-racing-vuelve-la-accion-gran-premio-san-marino\/#breadcrumb"},"inLanguage":"es","potentialAction":[{"@type":"ReadAction","target":["http:\/\/esponsorama.ad\/es\/esponsorama-racing-vuelve-la-accion-gran-premio-san-marino\/"]}]},{"@type":"ImageObject","inLanguage":"es","@id":"http:\/\/esponsorama.ad\/es\/esponsorama-racing-vuelve-la-accion-gran-premio-san-marino\/#primaryimage","url":"http:\/\/esponsorama.ad\/wp-content\/uploads\/2020\/08\/06Styria20Mgp_Esponsorama_TIN0100.jpg","contentUrl":"http:\/\/esponsorama.ad\/wp-content\/uploads\/2020\/08\/06Styria20Mgp_Esponsorama_TIN0100.jpg","width":5568,"height":3712,"caption":"06 Styria GP 21 al 23 de Agosto de 2020."},{"@type":"BreadcrumbList","@id":"http:\/\/esponsorama.ad\/es\/esponsorama-racing-vuelve-la-accion-gran-premio-san-marino\/#breadcrumb","itemListElement":[{"@type":"ListItem","position":1,"name":"Home","item":"http:\/\/esponsorama.ad\/ca\/"},{"@type":"ListItem","position":2,"name":"EL ESPONSORAMA RACING VUELVE A LA ACCI\u00d3N EN EL GRAN PREMIO DE SAN MARINO"}]},{"@type":"WebSite","@id":"http:\/\/esponsorama.ad\/es\/#website","url":"http:\/\/esponsorama.ad\/es\/","name":"Esponsorama","description":"Specialist in motorsport sponsorship and event promotions","potentialAction":[{"@type":"SearchAction","target":{"@type":"EntryPoint","urlTemplate":"http:\/\/esponsorama.ad\/es\/?s={search_term_string}"},"query-input":{"@type":"PropertyValueSpecification","valueRequired":true,"valueName":"search_term_string"}}],"inLanguage":"es"},{"@type":"Person","@id":"http:\/\/esponsorama.ad\/es\/#\/schema\/person\/a5cde74945183d737066e46b61c6f9c4","name":"Xavi Andornet","image":{"@type":"ImageObject","inLanguage":"es","@id":"http:\/\/esponsorama.ad\/es\/#\/schema\/person\/image\/","url":"https:\/\/secure.gravatar.com\/avatar\/f10eaf9ad601244a2357c9fd7cd9805ed166cfaaf76d5d9ab08a9d873e70147a?s=96&d=mm&r=g","contentUrl":"https:\/\/secure.gravatar.com\/avatar\/f10eaf9ad601244a2357c9fd7cd9805ed166cfaaf76d5d9ab08a9d873e70147a?s=96&d=mm&r=g","caption":"Xavi Andornet"},"sameAs":["http:\/\/www.andornet.ad"],"url":"http:\/\/esponsorama.ad\/es\/author\/andornet\/"}]}},"_links":{"self":[{"href":"http:\/\/esponsorama.ad\/es\/wp-json\/wp\/v2\/posts\/16123","targetHints":{"allow":["GET"]}}],"collection":[{"href":"http:\/\/esponsorama.ad\/es\/wp-json\/wp\/v2\/posts"}],"about":[{"href":"http:\/\/esponsorama.ad\/es\/wp-json\/wp\/v2\/types\/post"}],"author":[{"embeddable":true,"href":"http:\/\/esponsorama.ad\/es\/wp-json\/wp\/v2\/users\/6"}],"replies":[{"embeddable":true,"href":"http:\/\/esponsorama.ad\/es\/wp-json\/wp\/v2\/comments?post=16123"}],"version-history":[{"count":1,"href":"http:\/\/esponsorama.ad\/es\/wp-json\/wp\/v2\/posts\/16123\/revisions"}],"predecessor-version":[{"id":16124,"href":"http:\/\/esponsorama.ad\/es\/wp-json\/wp\/v2\/posts\/16123\/revisions\/16124"}],"wp:featuredmedia":[{"embeddable":true,"href":"http:\/\/esponsorama.ad\/es\/wp-json\/wp\/v2\/media\/16094"}],"wp:attachment":[{"href":"http:\/\/esponsorama.ad\/es\/wp-json\/wp\/v2\/media?parent=16123"}],"wp:term":[{"taxonomy":"category","embeddable":true,"href":"http:\/\/esponsorama.ad\/es\/wp-json\/wp\/v2\/categories?post=16123"},{"taxonomy":"post_tag","embeddable":true,"href":"http:\/\/esponsorama.ad\/es\/wp-json\/wp\/v2\/tags?post=16123"}],"curies":[{"name":"wp","href":"https:\/\/api.w.org\/{rel}","templated":true}]}}