{"id":16138,"date":"2020-09-11T18:45:11","date_gmt":"2020-09-11T16:45:11","guid":{"rendered":"http:\/\/esponsorama.ad\/?p=16138"},"modified":"2020-09-11T18:47:02","modified_gmt":"2020-09-11T16:47:02","slug":"viernes-positivo-esponsorama-racing-misano","status":"publish","type":"post","link":"http:\/\/esponsorama.ad\/es\/viernes-positivo-esponsorama-racing-misano\/","title":{"rendered":"VIERNES POSITIVO PARA EL ESPONSORAMA RACING EN MISANO"},"content":{"rendered":"<p>El Esponsorama Racing ha vuelto a la acci\u00f3n este viernes para disputar los dos primeros entrenamientos libres del Gran Premio de San Marino en el Misano World Circuit Marco Simoncelli.<\/p>\n<p>Durante la primera sesi\u00f3n, ambos pilotos han podido trabajar en la puesta a punto de la Ducati Desmosedici GP19. Johann Zarco ha concluido en una magn\u00edfica cuarta posici\u00f3n tras marcar un tiempo de 1\u201933.181. Por su parte, Tito Rabat, ha parado el cron\u00f3metro en 1\u201934.619, lo que le ha permitido finalizar 21\u00ba.<\/p>\n<p>De cara a la segunda sesi\u00f3n, Zarco ha aprovechado para acumular vueltas y sumar kil\u00f3metros al trazado italiano. El piloto franc\u00e9s ha logrado mejorar su registro matinal por una d\u00e9cima para finalizar 14\u00ba. Rabat ha conseguido dar un paso adelante y ha rebajado su tiempo por siete d\u00e9cimas tras sumar 21 giros.<\/p>\n<p>Ma\u00f1ana se disputar\u00e1n los terceros y los cuartos entrenamientos libres y posteriormente la clasificaci\u00f3n, donde el Esponsorama Racing luchar\u00e1 por obtener la mejor posici\u00f3n de salida posible para la carrera del domingo.<\/p>\n<p><br \/>\n\u00abHoy hemos tenido un buen comienzo, tenia buenas sensaciones y he visto que puedo ser r\u00e1pido. La mu\u00f1eca derecha me dol\u00eda m\u00e1s de lo que esperaba, por eso por la tarde tom\u00e9 un antiinflamatorio y fue mejor para el dolor. La pista est\u00e1 bien en cuanto al agarre, porque tienes mucha confianza con los neum\u00e1ticos, tanto delantero como trasero, para empujar. Espero poder sentirme mejor ma\u00f1ana ya que siento que puedo ir m\u00e1s r\u00e1pido pero no puedo relajarme.\u00bb<\/p>\n<p><br \/>\n\u201cHa sido un d\u00eda dif\u00edcil, en el que hemos finalizado a 1.7 de la cabeza en un d\u00eda soleado y probando el nuevo asfalto. Ma\u00f1ana continuaremos trabajando\u201d<\/p>\n","protected":false},"excerpt":{"rendered":"<p>El Esponsorama Racing ha vuelto a la acci\u00f3n este viernes para disputar los dos primeros entrenamientos libres del Gran Premio de San Marino en el Misano World Circuit Marco Simoncelli. Durante la primera sesi\u00f3n, ambos pilotos han podido trabajar en la puesta a punto de la Ducati Desmosedici GP19. Johann Zarco ha concluido en una [&hellip;]<\/p>\n","protected":false},"author":6,"featured_media":16144,"comment_status":"closed","ping_status":"closed","sticky":false,"template":"","format":"standard","meta":{"footnotes":""},"categories":[3],"tags":[],"class_list":["post-16138","post","type-post","status-publish","format-standard","has-post-thumbnail","hentry","category-motogp"],"yoast_head":"<!-- This site is optimized with the Yoast SEO plugin v27.1.1 - https:\/\/yoast.com\/product\/yoast-seo-wordpress\/ -->\n<title>VIERNES POSITIVO PARA EL ESPONSORAMA RACING EN MISANO - Esponsorama<\/title>\n<meta name=\"robots\" content=\"index, follow, max-snippet:-1, max-image-preview:large, max-video-preview:-1\" \/>\n<link rel=\"canonical\" href=\"http:\/\/esponsorama.ad\/es\/viernes-positivo-esponsorama-racing-misano\/\" \/>\n<meta property=\"og:locale\" content=\"es_ES\" \/>\n<meta property=\"og:type\" content=\"article\" \/>\n<meta property=\"og:title\" content=\"VIERNES POSITIVO PARA EL ESPONSORAMA RACING EN MISANO - Esponsorama\" \/>\n<meta property=\"og:description\" content=\"El Esponsorama Racing ha vuelto a la acci\u00f3n este viernes para disputar los dos primeros entrenamientos libres del Gran Premio de San Marino en el Misano World Circuit Marco Simoncelli. Durante la primera sesi\u00f3n, ambos pilotos han podido trabajar en la puesta a punto de la Ducati Desmosedici GP19. Johann Zarco ha concluido en una [&hellip;]\" \/>\n<meta property=\"og:url\" content=\"http:\/\/esponsorama.ad\/es\/viernes-positivo-esponsorama-racing-misano\/\" \/>\n<meta property=\"og:site_name\" content=\"Esponsorama\" \/>\n<meta property=\"article:published_time\" content=\"2020-09-11T16:45:11+00:00\" \/>\n<meta property=\"article:modified_time\" content=\"2020-09-11T16:47:02+00:00\" \/>\n<meta property=\"og:image\" content=\"http:\/\/esponsorama.ad\/wp-content\/uploads\/2020\/09\/WhatsApp-Image-2020-09-11-at-11.43.05.jpeg\" \/>\n\t<meta property=\"og:image:width\" content=\"1600\" \/>\n\t<meta property=\"og:image:height\" content=\"1066\" \/>\n\t<meta property=\"og:image:type\" content=\"image\/jpeg\" \/>\n<meta name=\"author\" content=\"Xavi Andornet\" \/>\n<meta name=\"twitter:card\" content=\"summary_large_image\" \/>\n<meta name=\"twitter:label1\" content=\"Escrito por\" \/>\n\t<meta name=\"twitter:data1\" content=\"Xavi Andornet\" \/>\n\t<meta name=\"twitter:label2\" content=\"Tiempo de lectura\" \/>\n\t<meta name=\"twitter:data2\" content=\"1 minuto\" \/>\n<script type=\"application\/ld+json\" class=\"yoast-schema-graph\">{\"@context\":\"https:\/\/schema.org\",\"@graph\":[{\"@type\":\"Article\",\"@id\":\"http:\/\/esponsorama.ad\/es\/viernes-positivo-esponsorama-racing-misano\/#article\",\"isPartOf\":{\"@id\":\"http:\/\/esponsorama.ad\/es\/viernes-positivo-esponsorama-racing-misano\/\"},\"author\":{\"name\":\"Xavi Andornet\",\"@id\":\"http:\/\/esponsorama.ad\/es\/#\/schema\/person\/a5cde74945183d737066e46b61c6f9c4\"},\"headline\":\"VIERNES POSITIVO PARA EL ESPONSORAMA RACING EN MISANO\",\"datePublished\":\"2020-09-11T16:45:11+00:00\",\"dateModified\":\"2020-09-11T16:47:02+00:00\",\"mainEntityOfPage\":{\"@id\":\"http:\/\/esponsorama.ad\/es\/viernes-positivo-esponsorama-racing-misano\/\"},\"wordCount\":303,\"image\":{\"@id\":\"http:\/\/esponsorama.ad\/es\/viernes-positivo-esponsorama-racing-misano\/#primaryimage\"},\"thumbnailUrl\":\"http:\/\/esponsorama.ad\/wp-content\/uploads\/2020\/09\/WhatsApp-Image-2020-09-11-at-11.43.05.jpeg\",\"articleSection\":[\"MotoGP\"],\"inLanguage\":\"es\"},{\"@type\":\"WebPage\",\"@id\":\"http:\/\/esponsorama.ad\/es\/viernes-positivo-esponsorama-racing-misano\/\",\"url\":\"http:\/\/esponsorama.ad\/es\/viernes-positivo-esponsorama-racing-misano\/\",\"name\":\"VIERNES POSITIVO PARA EL ESPONSORAMA RACING EN MISANO - Esponsorama\",\"isPartOf\":{\"@id\":\"http:\/\/esponsorama.ad\/es\/#website\"},\"primaryImageOfPage\":{\"@id\":\"http:\/\/esponsorama.ad\/es\/viernes-positivo-esponsorama-racing-misano\/#primaryimage\"},\"image\":{\"@id\":\"http:\/\/esponsorama.ad\/es\/viernes-positivo-esponsorama-racing-misano\/#primaryimage\"},\"thumbnailUrl\":\"http:\/\/esponsorama.ad\/wp-content\/uploads\/2020\/09\/WhatsApp-Image-2020-09-11-at-11.43.05.jpeg\",\"datePublished\":\"2020-09-11T16:45:11+00:00\",\"dateModified\":\"2020-09-11T16:47:02+00:00\",\"author\":{\"@id\":\"http:\/\/esponsorama.ad\/es\/#\/schema\/person\/a5cde74945183d737066e46b61c6f9c4\"},\"breadcrumb\":{\"@id\":\"http:\/\/esponsorama.ad\/es\/viernes-positivo-esponsorama-racing-misano\/#breadcrumb\"},\"inLanguage\":\"es\",\"potentialAction\":[{\"@type\":\"ReadAction\",\"target\":[\"http:\/\/esponsorama.ad\/es\/viernes-positivo-esponsorama-racing-misano\/\"]}]},{\"@type\":\"ImageObject\",\"inLanguage\":\"es\",\"@id\":\"http:\/\/esponsorama.ad\/es\/viernes-positivo-esponsorama-racing-misano\/#primaryimage\",\"url\":\"http:\/\/esponsorama.ad\/wp-content\/uploads\/2020\/09\/WhatsApp-Image-2020-09-11-at-11.43.05.jpeg\",\"contentUrl\":\"http:\/\/esponsorama.ad\/wp-content\/uploads\/2020\/09\/WhatsApp-Image-2020-09-11-at-11.43.05.jpeg\",\"width\":1600,\"height\":1066},{\"@type\":\"BreadcrumbList\",\"@id\":\"http:\/\/esponsorama.ad\/es\/viernes-positivo-esponsorama-racing-misano\/#breadcrumb\",\"itemListElement\":[{\"@type\":\"ListItem\",\"position\":1,\"name\":\"Home\",\"item\":\"http:\/\/esponsorama.ad\/es\/\"},{\"@type\":\"ListItem\",\"position\":2,\"name\":\"VIERNES POSITIVO PARA EL ESPONSORAMA RACING EN MISANO\"}]},{\"@type\":\"WebSite\",\"@id\":\"http:\/\/esponsorama.ad\/es\/#website\",\"url\":\"http:\/\/esponsorama.ad\/es\/\",\"name\":\"Esponsorama\",\"description\":\"Specialist in motorsport sponsorship and event promotions\",\"potentialAction\":[{\"@type\":\"SearchAction\",\"target\":{\"@type\":\"EntryPoint\",\"urlTemplate\":\"http:\/\/esponsorama.ad\/es\/?s={search_term_string}\"},\"query-input\":{\"@type\":\"PropertyValueSpecification\",\"valueRequired\":true,\"valueName\":\"search_term_string\"}}],\"inLanguage\":\"es\"},{\"@type\":\"Person\",\"@id\":\"http:\/\/esponsorama.ad\/es\/#\/schema\/person\/a5cde74945183d737066e46b61c6f9c4\",\"name\":\"Xavi Andornet\",\"image\":{\"@type\":\"ImageObject\",\"inLanguage\":\"es\",\"@id\":\"http:\/\/esponsorama.ad\/es\/#\/schema\/person\/image\/\",\"url\":\"https:\/\/secure.gravatar.com\/avatar\/f10eaf9ad601244a2357c9fd7cd9805ed166cfaaf76d5d9ab08a9d873e70147a?s=96&d=mm&r=g\",\"contentUrl\":\"https:\/\/secure.gravatar.com\/avatar\/f10eaf9ad601244a2357c9fd7cd9805ed166cfaaf76d5d9ab08a9d873e70147a?s=96&d=mm&r=g\",\"caption\":\"Xavi Andornet\"},\"sameAs\":[\"http:\/\/www.andornet.ad\"],\"url\":\"http:\/\/esponsorama.ad\/es\/author\/andornet\/\"}]}<\/script>\n<!-- \/ Yoast SEO plugin. -->","yoast_head_json":{"title":"VIERNES POSITIVO PARA EL ESPONSORAMA RACING EN MISANO - Esponsorama","robots":{"index":"index","follow":"follow","max-snippet":"max-snippet:-1","max-image-preview":"max-image-preview:large","max-video-preview":"max-video-preview:-1"},"canonical":"http:\/\/esponsorama.ad\/es\/viernes-positivo-esponsorama-racing-misano\/","og_locale":"es_ES","og_type":"article","og_title":"VIERNES POSITIVO PARA EL ESPONSORAMA RACING EN MISANO - Esponsorama","og_description":"El Esponsorama Racing ha vuelto a la acci\u00f3n este viernes para disputar los dos primeros entrenamientos libres del Gran Premio de San Marino en el Misano World Circuit Marco Simoncelli. Durante la primera sesi\u00f3n, ambos pilotos han podido trabajar en la puesta a punto de la Ducati Desmosedici GP19. Johann Zarco ha concluido en una [&hellip;]","og_url":"http:\/\/esponsorama.ad\/es\/viernes-positivo-esponsorama-racing-misano\/","og_site_name":"Esponsorama","article_published_time":"2020-09-11T16:45:11+00:00","article_modified_time":"2020-09-11T16:47:02+00:00","og_image":[{"width":1600,"height":1066,"url":"http:\/\/esponsorama.ad\/wp-content\/uploads\/2020\/09\/WhatsApp-Image-2020-09-11-at-11.43.05.jpeg","type":"image\/jpeg"}],"author":"Xavi Andornet","twitter_card":"summary_large_image","twitter_misc":{"Escrito por":"Xavi Andornet","Tiempo de lectura":"1 minuto"},"schema":{"@context":"https:\/\/schema.org","@graph":[{"@type":"Article","@id":"http:\/\/esponsorama.ad\/es\/viernes-positivo-esponsorama-racing-misano\/#article","isPartOf":{"@id":"http:\/\/esponsorama.ad\/es\/viernes-positivo-esponsorama-racing-misano\/"},"author":{"name":"Xavi Andornet","@id":"http:\/\/esponsorama.ad\/es\/#\/schema\/person\/a5cde74945183d737066e46b61c6f9c4"},"headline":"VIERNES POSITIVO PARA EL ESPONSORAMA RACING EN MISANO","datePublished":"2020-09-11T16:45:11+00:00","dateModified":"2020-09-11T16:47:02+00:00","mainEntityOfPage":{"@id":"http:\/\/esponsorama.ad\/es\/viernes-positivo-esponsorama-racing-misano\/"},"wordCount":303,"image":{"@id":"http:\/\/esponsorama.ad\/es\/viernes-positivo-esponsorama-racing-misano\/#primaryimage"},"thumbnailUrl":"http:\/\/esponsorama.ad\/wp-content\/uploads\/2020\/09\/WhatsApp-Image-2020-09-11-at-11.43.05.jpeg","articleSection":["MotoGP"],"inLanguage":"es"},{"@type":"WebPage","@id":"http:\/\/esponsorama.ad\/es\/viernes-positivo-esponsorama-racing-misano\/","url":"http:\/\/esponsorama.ad\/es\/viernes-positivo-esponsorama-racing-misano\/","name":"VIERNES POSITIVO PARA EL ESPONSORAMA RACING EN MISANO - Esponsorama","isPartOf":{"@id":"http:\/\/esponsorama.ad\/es\/#website"},"primaryImageOfPage":{"@id":"http:\/\/esponsorama.ad\/es\/viernes-positivo-esponsorama-racing-misano\/#primaryimage"},"image":{"@id":"http:\/\/esponsorama.ad\/es\/viernes-positivo-esponsorama-racing-misano\/#primaryimage"},"thumbnailUrl":"http:\/\/esponsorama.ad\/wp-content\/uploads\/2020\/09\/WhatsApp-Image-2020-09-11-at-11.43.05.jpeg","datePublished":"2020-09-11T16:45:11+00:00","dateModified":"2020-09-11T16:47:02+00:00","author":{"@id":"http:\/\/esponsorama.ad\/es\/#\/schema\/person\/a5cde74945183d737066e46b61c6f9c4"},"breadcrumb":{"@id":"http:\/\/esponsorama.ad\/es\/viernes-positivo-esponsorama-racing-misano\/#breadcrumb"},"inLanguage":"es","potentialAction":[{"@type":"ReadAction","target":["http:\/\/esponsorama.ad\/es\/viernes-positivo-esponsorama-racing-misano\/"]}]},{"@type":"ImageObject","inLanguage":"es","@id":"http:\/\/esponsorama.ad\/es\/viernes-positivo-esponsorama-racing-misano\/#primaryimage","url":"http:\/\/esponsorama.ad\/wp-content\/uploads\/2020\/09\/WhatsApp-Image-2020-09-11-at-11.43.05.jpeg","contentUrl":"http:\/\/esponsorama.ad\/wp-content\/uploads\/2020\/09\/WhatsApp-Image-2020-09-11-at-11.43.05.jpeg","width":1600,"height":1066},{"@type":"BreadcrumbList","@id":"http:\/\/esponsorama.ad\/es\/viernes-positivo-esponsorama-racing-misano\/#breadcrumb","itemListElement":[{"@type":"ListItem","position":1,"name":"Home","item":"http:\/\/esponsorama.ad\/es\/"},{"@type":"ListItem","position":2,"name":"VIERNES POSITIVO PARA EL ESPONSORAMA RACING EN MISANO"}]},{"@type":"WebSite","@id":"http:\/\/esponsorama.ad\/es\/#website","url":"http:\/\/esponsorama.ad\/es\/","name":"Esponsorama","description":"Specialist in motorsport sponsorship and event promotions","potentialAction":[{"@type":"SearchAction","target":{"@type":"EntryPoint","urlTemplate":"http:\/\/esponsorama.ad\/es\/?s={search_term_string}"},"query-input":{"@type":"PropertyValueSpecification","valueRequired":true,"valueName":"search_term_string"}}],"inLanguage":"es"},{"@type":"Person","@id":"http:\/\/esponsorama.ad\/es\/#\/schema\/person\/a5cde74945183d737066e46b61c6f9c4","name":"Xavi Andornet","image":{"@type":"ImageObject","inLanguage":"es","@id":"http:\/\/esponsorama.ad\/es\/#\/schema\/person\/image\/","url":"https:\/\/secure.gravatar.com\/avatar\/f10eaf9ad601244a2357c9fd7cd9805ed166cfaaf76d5d9ab08a9d873e70147a?s=96&d=mm&r=g","contentUrl":"https:\/\/secure.gravatar.com\/avatar\/f10eaf9ad601244a2357c9fd7cd9805ed166cfaaf76d5d9ab08a9d873e70147a?s=96&d=mm&r=g","caption":"Xavi Andornet"},"sameAs":["http:\/\/www.andornet.ad"],"url":"http:\/\/esponsorama.ad\/es\/author\/andornet\/"}]}},"_links":{"self":[{"href":"http:\/\/esponsorama.ad\/es\/wp-json\/wp\/v2\/posts\/16138","targetHints":{"allow":["GET"]}}],"collection":[{"href":"http:\/\/esponsorama.ad\/es\/wp-json\/wp\/v2\/posts"}],"about":[{"href":"http:\/\/esponsorama.ad\/es\/wp-json\/wp\/v2\/types\/post"}],"author":[{"embeddable":true,"href":"http:\/\/esponsorama.ad\/es\/wp-json\/wp\/v2\/users\/6"}],"replies":[{"embeddable":true,"href":"http:\/\/esponsorama.ad\/es\/wp-json\/wp\/v2\/comments?post=16138"}],"version-history":[{"count":1,"href":"http:\/\/esponsorama.ad\/es\/wp-json\/wp\/v2\/posts\/16138\/revisions"}],"predecessor-version":[{"id":16145,"href":"http:\/\/esponsorama.ad\/es\/wp-json\/wp\/v2\/posts\/16138\/revisions\/16145"}],"wp:featuredmedia":[{"embeddable":true,"href":"http:\/\/esponsorama.ad\/es\/wp-json\/wp\/v2\/media\/16144"}],"wp:attachment":[{"href":"http:\/\/esponsorama.ad\/es\/wp-json\/wp\/v2\/media?parent=16138"}],"wp:term":[{"taxonomy":"category","embeddable":true,"href":"http:\/\/esponsorama.ad\/es\/wp-json\/wp\/v2\/categories?post=16138"},{"taxonomy":"post_tag","embeddable":true,"href":"http:\/\/esponsorama.ad\/es\/wp-json\/wp\/v2\/tags?post=16138"}],"curies":[{"name":"wp","href":"https:\/\/api.w.org\/{rel}","templated":true}]}}