{"id":16182,"date":"2020-09-12T21:00:06","date_gmt":"2020-09-12T19:00:06","guid":{"rendered":"http:\/\/esponsorama.ad\/?p=16182"},"modified":"2020-09-12T21:01:52","modified_gmt":"2020-09-12T19:01:52","slug":"avintia-esponsorama-racing-concluye-sabado-del-gran-premio-san-marino","status":"publish","type":"post","link":"http:\/\/esponsorama.ad\/es\/avintia-esponsorama-racing-concluye-sabado-del-gran-premio-san-marino\/","title":{"rendered":"EL AVINTIA ESPONSORAMA RACING CONCLUYE EL S\u00c1BADO DEL GRAN PREMIO DE SAN MARINO"},"content":{"rendered":"<p>El Avintia Esponsorama Racing ha completado la E-Pole del Gran Premio de San Marino en el Misano World Circuit Marco Simoncelli con Xavi Cardel\u00fas y Eric Granado en 13\u00aa y \u00faltima posici\u00f3n respectivamente.<\/p>\n<p>Tras un completar unos terceros entrenamientos muy positivos por la ma\u00f1ana finalizando en segunda posici\u00f3n, Eric Granado encaraba la tercera E-Pole de la temporada como uno de los favoritos. El piloto brasile\u00f1o ha logrado el mejor tiempo de la sesi\u00f3n, pero tras pisar la zona verde en la salida de la curva 15, su registro ha sido anulado y arrancar\u00e1 la carrera de ma\u00f1ana desde \u00faltima posici\u00f3n.<\/p>\n<p>Por su parte, Xavi Cardel\u00fas ha conseguido dar un gran paso adelante durante los terceros entrenamientos. En la clasificaci\u00f3n, el piloto andorrano ha conseguido cuadrar una buena vuelta sin cometer ning\u00fan error. Tras marcar un tiempo de 1\u201944.847 y quedarse a tan solo una d\u00e9cima del TOP-10, Cardel\u00fas partir\u00e1 la carrera 13\u00ba.<\/p>\n<p>\t\t\t\t\t<div class=\"rider-short\">\n\t\t\t\t<a href=\"http:\/\/esponsorama.ad\/es\/piloto\/eric-granado\/\"><img loading=\"lazy\" decoding=\"async\" width=\"300\" height=\"300\" src=\"http:\/\/esponsorama.ad\/wp-content\/uploads\/2018\/10\/numero-granado-comunicados-2018.png\" class=\"attachment-medium size-medium\" alt=\"\" srcset=\"http:\/\/esponsorama.ad\/wp-content\/uploads\/2018\/10\/numero-granado-comunicados-2018.png 300w, http:\/\/esponsorama.ad\/wp-content\/uploads\/2018\/10\/numero-granado-comunicados-2018-150x150.png 150w\" sizes=\"auto, (max-width: 300px) 100vw, 300px\" \/><\/a><div class=\"info\"><h3><a href=\"http:\/\/esponsorama.ad\/es\/piloto\/eric-granado\/\">Eric Granado<\/a><\/h3><div class=\"rrss\"><a target=\"_blank\" href=\"https:\/\/www.facebook.com\/PilotoEricGranado\/?ref=br_rs\"><i class=\"fa fa-facebook\"><\/i><\/a><a target=\"_blank\" href=\"https:\/\/twitter.com\/ericgranado\"><i class=\"fa fa-twitter\"><\/i><\/a><a target=\"_blank\" href=\"https:\/\/www.instagram.com\/ericgranado\/\"><i class=\"fa fa-instagram\"><\/i><\/a><\/div><\/div>\t\t\t\t\t<\/div>\n\t\t\t\t<br \/>\n\u201cEl fin de semana estaba yendo muy bien, me sent\u00eda c\u00f3modo con la moto y en todo el fin de semana no hab\u00edamos tocado la zona verde hasta el peor momento posible, la E-pole.\u201d<\/p>\n<p>\t\t\t\t\t<div class=\"rider-short\">\n\t\t\t\t<a href=\"http:\/\/esponsorama.ad\/es\/piloto\/xavier-cardelus\/\"><img loading=\"lazy\" decoding=\"async\" width=\"300\" height=\"300\" src=\"http:\/\/esponsorama.ad\/wp-content\/uploads\/2021\/02\/dorsal-cardelus-gris-300x300.png\" class=\"attachment-medium size-medium\" alt=\"\" srcset=\"http:\/\/esponsorama.ad\/wp-content\/uploads\/2021\/02\/dorsal-cardelus-gris-300x300.png 300w, http:\/\/esponsorama.ad\/wp-content\/uploads\/2021\/02\/dorsal-cardelus-gris-150x150.png 150w, http:\/\/esponsorama.ad\/wp-content\/uploads\/2021\/02\/dorsal-cardelus-gris.png 500w\" sizes=\"auto, (max-width: 300px) 100vw, 300px\" \/><\/a><div class=\"info\"><h3><a href=\"http:\/\/esponsorama.ad\/es\/piloto\/xavier-cardelus\/\">Xavier Cardel\u00fas<\/a> | 1'44.847 | P13<\/h3><div class=\"rrss\"><a target=\"_blank\" href=\"https:\/\/twitter.com\/xavicardelus\"><i class=\"fa fa-twitter\"><\/i><\/a><a target=\"_blank\" href=\"https:\/\/www.instagram.com\/xavicardelus\/\"><i class=\"fa fa-instagram\"><\/i><\/a><\/div><\/div>\t\t\t\t\t<\/div>\n\t\t\t\t<br \/>\n\u201cMuy contento con el paso que hemos dado, en la FP3 con los cambios que hemos hecho ya se ha notado una mejora con neum\u00e1tico usado. Ya sab\u00edamos que con neum\u00e1tico nuevo ir\u00edamos mucho mejor, muy contento con el trabajo realizado por el equipo, creo que hemos conseguido una moto competitiva para ma\u00f1ana con la que me siento muy a gusto.\u00bb<\/p>\n","protected":false},"excerpt":{"rendered":"<p>El Avintia Esponsorama Racing ha completado la E-Pole del Gran Premio de San Marino en el Misano World Circuit Marco Simoncelli con Xavi Cardel\u00fas y Eric Granado en 13\u00aa y \u00faltima posici\u00f3n respectivamente. Tras un completar unos terceros entrenamientos muy positivos por la ma\u00f1ana finalizando en segunda posici\u00f3n, Eric Granado encaraba la tercera E-Pole de [&hellip;]<\/p>\n","protected":false},"author":6,"featured_media":16158,"comment_status":"closed","ping_status":"closed","sticky":false,"template":"","format":"standard","meta":{"footnotes":""},"categories":[21],"tags":[],"class_list":["post-16182","post","type-post","status-publish","format-standard","has-post-thumbnail","hentry","category-motoe"],"yoast_head":"<!-- This site is optimized with the Yoast SEO plugin v27.1.1 - https:\/\/yoast.com\/product\/yoast-seo-wordpress\/ -->\n<title>EL AVINTIA ESPONSORAMA RACING CONCLUYE EL S\u00c1BADO DEL GRAN PREMIO DE SAN MARINO - Esponsorama<\/title>\n<meta name=\"robots\" content=\"index, follow, max-snippet:-1, max-image-preview:large, max-video-preview:-1\" \/>\n<link rel=\"canonical\" href=\"http:\/\/esponsorama.ad\/es\/avintia-esponsorama-racing-concluye-sabado-del-gran-premio-san-marino\/\" \/>\n<meta property=\"og:locale\" content=\"es_ES\" \/>\n<meta property=\"og:type\" content=\"article\" \/>\n<meta property=\"og:title\" content=\"EL AVINTIA ESPONSORAMA RACING CONCLUYE EL S\u00c1BADO DEL GRAN PREMIO DE SAN MARINO - Esponsorama\" \/>\n<meta property=\"og:description\" content=\"El Avintia Esponsorama Racing ha completado la E-Pole del Gran Premio de San Marino en el Misano World Circuit Marco Simoncelli con Xavi Cardel\u00fas y Eric Granado en 13\u00aa y \u00faltima posici\u00f3n respectivamente. Tras un completar unos terceros entrenamientos muy positivos por la ma\u00f1ana finalizando en segunda posici\u00f3n, Eric Granado encaraba la tercera E-Pole de [&hellip;]\" \/>\n<meta property=\"og:url\" content=\"http:\/\/esponsorama.ad\/es\/avintia-esponsorama-racing-concluye-sabado-del-gran-premio-san-marino\/\" \/>\n<meta property=\"og:site_name\" content=\"Esponsorama\" \/>\n<meta property=\"article:published_time\" content=\"2020-09-12T19:00:06+00:00\" \/>\n<meta property=\"article:modified_time\" content=\"2020-09-12T19:01:52+00:00\" \/>\n<meta property=\"og:image\" content=\"http:\/\/esponsorama.ad\/wp-content\/uploads\/2020\/09\/WhatsApp-Image-2020-09-11-at-17.07.05-1-copia.jpeg\" \/>\n\t<meta property=\"og:image:width\" content=\"1600\" \/>\n\t<meta property=\"og:image:height\" content=\"1066\" \/>\n\t<meta property=\"og:image:type\" content=\"image\/jpeg\" \/>\n<meta name=\"author\" content=\"Xavi Andornet\" \/>\n<meta name=\"twitter:card\" content=\"summary_large_image\" \/>\n<meta name=\"twitter:label1\" content=\"Escrito por\" \/>\n\t<meta name=\"twitter:data1\" content=\"Xavi Andornet\" \/>\n\t<meta name=\"twitter:label2\" content=\"Tiempo de lectura\" \/>\n\t<meta name=\"twitter:data2\" content=\"1 minuto\" \/>\n<script type=\"application\/ld+json\" class=\"yoast-schema-graph\">{\"@context\":\"https:\/\/schema.org\",\"@graph\":[{\"@type\":\"Article\",\"@id\":\"http:\/\/esponsorama.ad\/es\/avintia-esponsorama-racing-concluye-sabado-del-gran-premio-san-marino\/#article\",\"isPartOf\":{\"@id\":\"http:\/\/esponsorama.ad\/es\/avintia-esponsorama-racing-concluye-sabado-del-gran-premio-san-marino\/\"},\"author\":{\"name\":\"Xavi Andornet\",\"@id\":\"http:\/\/esponsorama.ad\/es\/#\/schema\/person\/a5cde74945183d737066e46b61c6f9c4\"},\"headline\":\"EL AVINTIA ESPONSORAMA RACING CONCLUYE EL S\u00c1BADO DEL GRAN PREMIO DE SAN MARINO\",\"datePublished\":\"2020-09-12T19:00:06+00:00\",\"dateModified\":\"2020-09-12T19:01:52+00:00\",\"mainEntityOfPage\":{\"@id\":\"http:\/\/esponsorama.ad\/es\/avintia-esponsorama-racing-concluye-sabado-del-gran-premio-san-marino\/\"},\"wordCount\":285,\"image\":{\"@id\":\"http:\/\/esponsorama.ad\/es\/avintia-esponsorama-racing-concluye-sabado-del-gran-premio-san-marino\/#primaryimage\"},\"thumbnailUrl\":\"http:\/\/esponsorama.ad\/wp-content\/uploads\/2020\/09\/WhatsApp-Image-2020-09-11-at-17.07.05-1-copia.jpeg\",\"articleSection\":[\"MotoE\"],\"inLanguage\":\"es\"},{\"@type\":\"WebPage\",\"@id\":\"http:\/\/esponsorama.ad\/es\/avintia-esponsorama-racing-concluye-sabado-del-gran-premio-san-marino\/\",\"url\":\"http:\/\/esponsorama.ad\/es\/avintia-esponsorama-racing-concluye-sabado-del-gran-premio-san-marino\/\",\"name\":\"EL AVINTIA ESPONSORAMA RACING CONCLUYE EL S\u00c1BADO DEL GRAN PREMIO DE SAN MARINO - Esponsorama\",\"isPartOf\":{\"@id\":\"http:\/\/esponsorama.ad\/es\/#website\"},\"primaryImageOfPage\":{\"@id\":\"http:\/\/esponsorama.ad\/es\/avintia-esponsorama-racing-concluye-sabado-del-gran-premio-san-marino\/#primaryimage\"},\"image\":{\"@id\":\"http:\/\/esponsorama.ad\/es\/avintia-esponsorama-racing-concluye-sabado-del-gran-premio-san-marino\/#primaryimage\"},\"thumbnailUrl\":\"http:\/\/esponsorama.ad\/wp-content\/uploads\/2020\/09\/WhatsApp-Image-2020-09-11-at-17.07.05-1-copia.jpeg\",\"datePublished\":\"2020-09-12T19:00:06+00:00\",\"dateModified\":\"2020-09-12T19:01:52+00:00\",\"author\":{\"@id\":\"http:\/\/esponsorama.ad\/es\/#\/schema\/person\/a5cde74945183d737066e46b61c6f9c4\"},\"breadcrumb\":{\"@id\":\"http:\/\/esponsorama.ad\/es\/avintia-esponsorama-racing-concluye-sabado-del-gran-premio-san-marino\/#breadcrumb\"},\"inLanguage\":\"es\",\"potentialAction\":[{\"@type\":\"ReadAction\",\"target\":[\"http:\/\/esponsorama.ad\/es\/avintia-esponsorama-racing-concluye-sabado-del-gran-premio-san-marino\/\"]}]},{\"@type\":\"ImageObject\",\"inLanguage\":\"es\",\"@id\":\"http:\/\/esponsorama.ad\/es\/avintia-esponsorama-racing-concluye-sabado-del-gran-premio-san-marino\/#primaryimage\",\"url\":\"http:\/\/esponsorama.ad\/wp-content\/uploads\/2020\/09\/WhatsApp-Image-2020-09-11-at-17.07.05-1-copia.jpeg\",\"contentUrl\":\"http:\/\/esponsorama.ad\/wp-content\/uploads\/2020\/09\/WhatsApp-Image-2020-09-11-at-17.07.05-1-copia.jpeg\",\"width\":1600,\"height\":1066},{\"@type\":\"BreadcrumbList\",\"@id\":\"http:\/\/esponsorama.ad\/es\/avintia-esponsorama-racing-concluye-sabado-del-gran-premio-san-marino\/#breadcrumb\",\"itemListElement\":[{\"@type\":\"ListItem\",\"position\":1,\"name\":\"Home\",\"item\":\"http:\/\/esponsorama.ad\/es\/\"},{\"@type\":\"ListItem\",\"position\":2,\"name\":\"EL AVINTIA ESPONSORAMA RACING CONCLUYE EL S\u00c1BADO DEL GRAN PREMIO DE SAN MARINO\"}]},{\"@type\":\"WebSite\",\"@id\":\"http:\/\/esponsorama.ad\/es\/#website\",\"url\":\"http:\/\/esponsorama.ad\/es\/\",\"name\":\"Esponsorama\",\"description\":\"Specialist in motorsport sponsorship and event promotions\",\"potentialAction\":[{\"@type\":\"SearchAction\",\"target\":{\"@type\":\"EntryPoint\",\"urlTemplate\":\"http:\/\/esponsorama.ad\/es\/?s={search_term_string}\"},\"query-input\":{\"@type\":\"PropertyValueSpecification\",\"valueRequired\":true,\"valueName\":\"search_term_string\"}}],\"inLanguage\":\"es\"},{\"@type\":\"Person\",\"@id\":\"http:\/\/esponsorama.ad\/es\/#\/schema\/person\/a5cde74945183d737066e46b61c6f9c4\",\"name\":\"Xavi Andornet\",\"image\":{\"@type\":\"ImageObject\",\"inLanguage\":\"es\",\"@id\":\"http:\/\/esponsorama.ad\/es\/#\/schema\/person\/image\/\",\"url\":\"https:\/\/secure.gravatar.com\/avatar\/f10eaf9ad601244a2357c9fd7cd9805ed166cfaaf76d5d9ab08a9d873e70147a?s=96&d=mm&r=g\",\"contentUrl\":\"https:\/\/secure.gravatar.com\/avatar\/f10eaf9ad601244a2357c9fd7cd9805ed166cfaaf76d5d9ab08a9d873e70147a?s=96&d=mm&r=g\",\"caption\":\"Xavi Andornet\"},\"sameAs\":[\"http:\/\/www.andornet.ad\"],\"url\":\"http:\/\/esponsorama.ad\/es\/author\/andornet\/\"}]}<\/script>\n<!-- \/ Yoast SEO plugin. -->","yoast_head_json":{"title":"EL AVINTIA ESPONSORAMA RACING CONCLUYE EL S\u00c1BADO DEL GRAN PREMIO DE SAN MARINO - Esponsorama","robots":{"index":"index","follow":"follow","max-snippet":"max-snippet:-1","max-image-preview":"max-image-preview:large","max-video-preview":"max-video-preview:-1"},"canonical":"http:\/\/esponsorama.ad\/es\/avintia-esponsorama-racing-concluye-sabado-del-gran-premio-san-marino\/","og_locale":"es_ES","og_type":"article","og_title":"EL AVINTIA ESPONSORAMA RACING CONCLUYE EL S\u00c1BADO DEL GRAN PREMIO DE SAN MARINO - Esponsorama","og_description":"El Avintia Esponsorama Racing ha completado la E-Pole del Gran Premio de San Marino en el Misano World Circuit Marco Simoncelli con Xavi Cardel\u00fas y Eric Granado en 13\u00aa y \u00faltima posici\u00f3n respectivamente. Tras un completar unos terceros entrenamientos muy positivos por la ma\u00f1ana finalizando en segunda posici\u00f3n, Eric Granado encaraba la tercera E-Pole de [&hellip;]","og_url":"http:\/\/esponsorama.ad\/es\/avintia-esponsorama-racing-concluye-sabado-del-gran-premio-san-marino\/","og_site_name":"Esponsorama","article_published_time":"2020-09-12T19:00:06+00:00","article_modified_time":"2020-09-12T19:01:52+00:00","og_image":[{"width":1600,"height":1066,"url":"http:\/\/esponsorama.ad\/wp-content\/uploads\/2020\/09\/WhatsApp-Image-2020-09-11-at-17.07.05-1-copia.jpeg","type":"image\/jpeg"}],"author":"Xavi Andornet","twitter_card":"summary_large_image","twitter_misc":{"Escrito por":"Xavi Andornet","Tiempo de lectura":"1 minuto"},"schema":{"@context":"https:\/\/schema.org","@graph":[{"@type":"Article","@id":"http:\/\/esponsorama.ad\/es\/avintia-esponsorama-racing-concluye-sabado-del-gran-premio-san-marino\/#article","isPartOf":{"@id":"http:\/\/esponsorama.ad\/es\/avintia-esponsorama-racing-concluye-sabado-del-gran-premio-san-marino\/"},"author":{"name":"Xavi Andornet","@id":"http:\/\/esponsorama.ad\/es\/#\/schema\/person\/a5cde74945183d737066e46b61c6f9c4"},"headline":"EL AVINTIA ESPONSORAMA RACING CONCLUYE EL S\u00c1BADO DEL GRAN PREMIO DE SAN MARINO","datePublished":"2020-09-12T19:00:06+00:00","dateModified":"2020-09-12T19:01:52+00:00","mainEntityOfPage":{"@id":"http:\/\/esponsorama.ad\/es\/avintia-esponsorama-racing-concluye-sabado-del-gran-premio-san-marino\/"},"wordCount":285,"image":{"@id":"http:\/\/esponsorama.ad\/es\/avintia-esponsorama-racing-concluye-sabado-del-gran-premio-san-marino\/#primaryimage"},"thumbnailUrl":"http:\/\/esponsorama.ad\/wp-content\/uploads\/2020\/09\/WhatsApp-Image-2020-09-11-at-17.07.05-1-copia.jpeg","articleSection":["MotoE"],"inLanguage":"es"},{"@type":"WebPage","@id":"http:\/\/esponsorama.ad\/es\/avintia-esponsorama-racing-concluye-sabado-del-gran-premio-san-marino\/","url":"http:\/\/esponsorama.ad\/es\/avintia-esponsorama-racing-concluye-sabado-del-gran-premio-san-marino\/","name":"EL AVINTIA ESPONSORAMA RACING CONCLUYE EL S\u00c1BADO DEL GRAN PREMIO DE SAN MARINO - Esponsorama","isPartOf":{"@id":"http:\/\/esponsorama.ad\/es\/#website"},"primaryImageOfPage":{"@id":"http:\/\/esponsorama.ad\/es\/avintia-esponsorama-racing-concluye-sabado-del-gran-premio-san-marino\/#primaryimage"},"image":{"@id":"http:\/\/esponsorama.ad\/es\/avintia-esponsorama-racing-concluye-sabado-del-gran-premio-san-marino\/#primaryimage"},"thumbnailUrl":"http:\/\/esponsorama.ad\/wp-content\/uploads\/2020\/09\/WhatsApp-Image-2020-09-11-at-17.07.05-1-copia.jpeg","datePublished":"2020-09-12T19:00:06+00:00","dateModified":"2020-09-12T19:01:52+00:00","author":{"@id":"http:\/\/esponsorama.ad\/es\/#\/schema\/person\/a5cde74945183d737066e46b61c6f9c4"},"breadcrumb":{"@id":"http:\/\/esponsorama.ad\/es\/avintia-esponsorama-racing-concluye-sabado-del-gran-premio-san-marino\/#breadcrumb"},"inLanguage":"es","potentialAction":[{"@type":"ReadAction","target":["http:\/\/esponsorama.ad\/es\/avintia-esponsorama-racing-concluye-sabado-del-gran-premio-san-marino\/"]}]},{"@type":"ImageObject","inLanguage":"es","@id":"http:\/\/esponsorama.ad\/es\/avintia-esponsorama-racing-concluye-sabado-del-gran-premio-san-marino\/#primaryimage","url":"http:\/\/esponsorama.ad\/wp-content\/uploads\/2020\/09\/WhatsApp-Image-2020-09-11-at-17.07.05-1-copia.jpeg","contentUrl":"http:\/\/esponsorama.ad\/wp-content\/uploads\/2020\/09\/WhatsApp-Image-2020-09-11-at-17.07.05-1-copia.jpeg","width":1600,"height":1066},{"@type":"BreadcrumbList","@id":"http:\/\/esponsorama.ad\/es\/avintia-esponsorama-racing-concluye-sabado-del-gran-premio-san-marino\/#breadcrumb","itemListElement":[{"@type":"ListItem","position":1,"name":"Home","item":"http:\/\/esponsorama.ad\/es\/"},{"@type":"ListItem","position":2,"name":"EL AVINTIA ESPONSORAMA RACING CONCLUYE EL S\u00c1BADO DEL GRAN PREMIO DE SAN MARINO"}]},{"@type":"WebSite","@id":"http:\/\/esponsorama.ad\/es\/#website","url":"http:\/\/esponsorama.ad\/es\/","name":"Esponsorama","description":"Specialist in motorsport sponsorship and event promotions","potentialAction":[{"@type":"SearchAction","target":{"@type":"EntryPoint","urlTemplate":"http:\/\/esponsorama.ad\/es\/?s={search_term_string}"},"query-input":{"@type":"PropertyValueSpecification","valueRequired":true,"valueName":"search_term_string"}}],"inLanguage":"es"},{"@type":"Person","@id":"http:\/\/esponsorama.ad\/es\/#\/schema\/person\/a5cde74945183d737066e46b61c6f9c4","name":"Xavi Andornet","image":{"@type":"ImageObject","inLanguage":"es","@id":"http:\/\/esponsorama.ad\/es\/#\/schema\/person\/image\/","url":"https:\/\/secure.gravatar.com\/avatar\/f10eaf9ad601244a2357c9fd7cd9805ed166cfaaf76d5d9ab08a9d873e70147a?s=96&d=mm&r=g","contentUrl":"https:\/\/secure.gravatar.com\/avatar\/f10eaf9ad601244a2357c9fd7cd9805ed166cfaaf76d5d9ab08a9d873e70147a?s=96&d=mm&r=g","caption":"Xavi Andornet"},"sameAs":["http:\/\/www.andornet.ad"],"url":"http:\/\/esponsorama.ad\/es\/author\/andornet\/"}]}},"_links":{"self":[{"href":"http:\/\/esponsorama.ad\/es\/wp-json\/wp\/v2\/posts\/16182","targetHints":{"allow":["GET"]}}],"collection":[{"href":"http:\/\/esponsorama.ad\/es\/wp-json\/wp\/v2\/posts"}],"about":[{"href":"http:\/\/esponsorama.ad\/es\/wp-json\/wp\/v2\/types\/post"}],"author":[{"embeddable":true,"href":"http:\/\/esponsorama.ad\/es\/wp-json\/wp\/v2\/users\/6"}],"replies":[{"embeddable":true,"href":"http:\/\/esponsorama.ad\/es\/wp-json\/wp\/v2\/comments?post=16182"}],"version-history":[{"count":1,"href":"http:\/\/esponsorama.ad\/es\/wp-json\/wp\/v2\/posts\/16182\/revisions"}],"predecessor-version":[{"id":16185,"href":"http:\/\/esponsorama.ad\/es\/wp-json\/wp\/v2\/posts\/16182\/revisions\/16185"}],"wp:featuredmedia":[{"embeddable":true,"href":"http:\/\/esponsorama.ad\/es\/wp-json\/wp\/v2\/media\/16158"}],"wp:attachment":[{"href":"http:\/\/esponsorama.ad\/es\/wp-json\/wp\/v2\/media?parent=16182"}],"wp:term":[{"taxonomy":"category","embeddable":true,"href":"http:\/\/esponsorama.ad\/es\/wp-json\/wp\/v2\/categories?post=16182"},{"taxonomy":"post_tag","embeddable":true,"href":"http:\/\/esponsorama.ad\/es\/wp-json\/wp\/v2\/tags?post=16182"}],"curies":[{"name":"wp","href":"https:\/\/api.w.org\/{rel}","templated":true}]}}