{"id":16188,"date":"2020-09-13T14:08:44","date_gmt":"2020-09-13T12:08:44","guid":{"rendered":"http:\/\/esponsorama.ad\/?p=16188"},"modified":"2020-09-13T14:13:54","modified_gmt":"2020-09-13T12:13:54","slug":"puntos-importantes-avintia-esponsorama-racing-gran-premio-san-marino","status":"publish","type":"post","link":"http:\/\/esponsorama.ad\/es\/puntos-importantes-avintia-esponsorama-racing-gran-premio-san-marino\/","title":{"rendered":"PUNTOS IMPORTANTES PARA EL AVINTIA ESPONSORAMA RACING EN EL GRAN PREMIO DE SAN MARINO"},"content":{"rendered":"<p>El Avintia Esponsorama Racing ha concluido la carrera del Gran Premio de San Marino en el Misano World Circuit Marco Simoncelli con Eric Granado y Xavi Cardel\u00fas en 10\u00aa y 14\u00aa posici\u00f3n respectivamente.<\/p>\n<p>Pese a que la carrera de Eric Granado estaba condicionada por la sanci\u00f3n que este recibi\u00f3 durante la E-Pole, ha podido culminar una remontada para enmarcar. En la primera vuelta el piloto brasile\u00f1o ha logrado recuperar hasta cinco posiciones, pero debido a las pocas vueltas que ofrecen las carreras de esta categor\u00eda, finalmente Granado no ha podido pasar de la 10\u00aa posici\u00f3n, sumando seis puntos muy luchados. <\/p>\n<p>Por su parte, Xavi Cardel\u00fas ha cerrado un fin de semana donde ha conseguido ir de menos a m\u00e1s y dar un paso adelante. Pese a perder tres posiciones durante la vuelta inicial, el piloto andorrano ha conseguido ascender en la clasificaci\u00f3n logrando sumar dos puntos importantes tras cruzar la l\u00ednea de meta 14\u00ba. <\/p>\n<p>La semana que viene se disputar\u00e1 en el mismo Misano World Circuit Marco Simoncelli el segundo Gran Premio de San Marino, donde el Avintia Esponsorama Racing luchar\u00e1 por volver a las posiciones que merece.<\/p>\n<p>\t\t\t\t\t<div class=\"rider-short\">\n\t\t\t\t<a href=\"http:\/\/esponsorama.ad\/es\/piloto\/eric-granado\/\"><img loading=\"lazy\" decoding=\"async\" width=\"300\" height=\"300\" src=\"http:\/\/esponsorama.ad\/wp-content\/uploads\/2018\/10\/numero-granado-comunicados-2018.png\" class=\"attachment-medium size-medium\" alt=\"\" srcset=\"http:\/\/esponsorama.ad\/wp-content\/uploads\/2018\/10\/numero-granado-comunicados-2018.png 300w, http:\/\/esponsorama.ad\/wp-content\/uploads\/2018\/10\/numero-granado-comunicados-2018-150x150.png 150w\" sizes=\"auto, (max-width: 300px) 100vw, 300px\" \/><\/a><div class=\"info\"><h3><a href=\"http:\/\/esponsorama.ad\/es\/piloto\/eric-granado\/\">Eric Granado<\/a> | P10<\/h3><div class=\"rrss\"><a target=\"_blank\" href=\"https:\/\/www.facebook.com\/PilotoEricGranado\/?ref=br_rs\"><i class=\"fa fa-facebook\"><\/i><\/a><a target=\"_blank\" href=\"https:\/\/twitter.com\/ericgranado\"><i class=\"fa fa-twitter\"><\/i><\/a><a target=\"_blank\" href=\"https:\/\/www.instagram.com\/ericgranado\/\"><i class=\"fa fa-instagram\"><\/i><\/a><\/div><\/div>\t\t\t\t\t<\/div>\n\t\t\t\t<br \/>\n\u201cYa sab\u00eda que la carrera iba a ser muy dif\u00edcil al partir \u00faltimo. No pod\u00eda hacer mucho en una carrera tan corta, pero he hecho lo que he podido. La carrera se me ha complicado un poco al final, he encontrado un grupo que me ha frenado al no poder adelantar, pero he preferido salvar puntos y no arriesgar. Estoy lejos de donde me gustar\u00eda estar, s\u00e9 que esta no es mi posici\u00f3n, pero ahora toca pensar en el fin de semana siguiente\u201d.<\/p>\n<p>\t\t\t\t\t<div class=\"rider-short\">\n\t\t\t\t<a href=\"http:\/\/esponsorama.ad\/es\/piloto\/xavier-cardelus\/\"><img loading=\"lazy\" decoding=\"async\" width=\"300\" height=\"300\" src=\"http:\/\/esponsorama.ad\/wp-content\/uploads\/2021\/02\/dorsal-cardelus-gris-300x300.png\" class=\"attachment-medium size-medium\" alt=\"\" srcset=\"http:\/\/esponsorama.ad\/wp-content\/uploads\/2021\/02\/dorsal-cardelus-gris-300x300.png 300w, http:\/\/esponsorama.ad\/wp-content\/uploads\/2021\/02\/dorsal-cardelus-gris-150x150.png 150w, http:\/\/esponsorama.ad\/wp-content\/uploads\/2021\/02\/dorsal-cardelus-gris.png 500w\" sizes=\"auto, (max-width: 300px) 100vw, 300px\" \/><\/a><div class=\"info\"><h3><a href=\"http:\/\/esponsorama.ad\/es\/piloto\/xavier-cardelus\/\">Xavier Cardel\u00fas<\/a> | P14<\/h3><div class=\"rrss\"><a target=\"_blank\" href=\"https:\/\/twitter.com\/xavicardelus\"><i class=\"fa fa-twitter\"><\/i><\/a><a target=\"_blank\" href=\"https:\/\/www.instagram.com\/xavicardelus\/\"><i class=\"fa fa-instagram\"><\/i><\/a><\/div><\/div>\t\t\t\t\t<\/div>\n\t\t\t\t<br \/>\n\u201cSabor agridulce ya que los dos errores que he cometido en las primeras vueltas me han perjudicado mucho. Una vez que he podido centrarme he rodado m\u00e1s r\u00e1pido que el grupo que ten\u00eda delante, e incluso mejor que mi vuelta r\u00e1pida del fin de semana. Contento por este aspecto y con ganas de mejorar el fin de semana que viene\u201d.<\/p>\n","protected":false},"excerpt":{"rendered":"<p>El Avintia Esponsorama Racing ha concluido la carrera del Gran Premio de San Marino en el Misano World Circuit Marco Simoncelli con Eric Granado y Xavi Cardel\u00fas en 10\u00aa y 14\u00aa posici\u00f3n respectivamente. Pese a que la carrera de Eric Granado estaba condicionada por la sanci\u00f3n que este recibi\u00f3 durante la E-Pole, ha podido culminar [&hellip;]<\/p>\n","protected":false},"author":6,"featured_media":16189,"comment_status":"closed","ping_status":"closed","sticky":false,"template":"","format":"standard","meta":{"footnotes":""},"categories":[21,1],"tags":[],"class_list":["post-16188","post","type-post","status-publish","format-standard","has-post-thumbnail","hentry","category-motoe","category-sin-categoria"],"yoast_head":"<!-- This site is optimized with the Yoast SEO plugin v27.1.1 - https:\/\/yoast.com\/product\/yoast-seo-wordpress\/ -->\n<title>PUNTOS IMPORTANTES PARA EL AVINTIA ESPONSORAMA RACING EN EL GRAN PREMIO DE SAN MARINO - Esponsorama<\/title>\n<meta name=\"robots\" content=\"index, follow, max-snippet:-1, max-image-preview:large, max-video-preview:-1\" \/>\n<link rel=\"canonical\" href=\"http:\/\/esponsorama.ad\/es\/puntos-importantes-avintia-esponsorama-racing-gran-premio-san-marino\/\" \/>\n<meta property=\"og:locale\" content=\"es_ES\" \/>\n<meta property=\"og:type\" content=\"article\" \/>\n<meta property=\"og:title\" content=\"PUNTOS IMPORTANTES PARA EL AVINTIA ESPONSORAMA RACING EN EL GRAN PREMIO DE SAN MARINO - Esponsorama\" \/>\n<meta property=\"og:description\" content=\"El Avintia Esponsorama Racing ha concluido la carrera del Gran Premio de San Marino en el Misano World Circuit Marco Simoncelli con Eric Granado y Xavi Cardel\u00fas en 10\u00aa y 14\u00aa posici\u00f3n respectivamente. Pese a que la carrera de Eric Granado estaba condicionada por la sanci\u00f3n que este recibi\u00f3 durante la E-Pole, ha podido culminar [&hellip;]\" \/>\n<meta property=\"og:url\" content=\"http:\/\/esponsorama.ad\/es\/puntos-importantes-avintia-esponsorama-racing-gran-premio-san-marino\/\" \/>\n<meta property=\"og:site_name\" content=\"Esponsorama\" \/>\n<meta property=\"article:published_time\" content=\"2020-09-13T12:08:44+00:00\" \/>\n<meta property=\"article:modified_time\" content=\"2020-09-13T12:13:54+00:00\" \/>\n<meta property=\"og:image\" content=\"http:\/\/esponsorama.ad\/wp-content\/uploads\/2020\/09\/WhatsApp-Image-2020-09-13-at-13.27.49.jpeg\" \/>\n\t<meta property=\"og:image:width\" content=\"1600\" \/>\n\t<meta property=\"og:image:height\" content=\"1066\" \/>\n\t<meta property=\"og:image:type\" content=\"image\/jpeg\" \/>\n<meta name=\"author\" content=\"Xavi Andornet\" \/>\n<meta name=\"twitter:card\" content=\"summary_large_image\" \/>\n<meta name=\"twitter:label1\" content=\"Escrito por\" \/>\n\t<meta name=\"twitter:data1\" content=\"Xavi Andornet\" \/>\n\t<meta name=\"twitter:label2\" content=\"Tiempo de lectura\" \/>\n\t<meta name=\"twitter:data2\" content=\"2 minutos\" \/>\n<script type=\"application\/ld+json\" class=\"yoast-schema-graph\">{\"@context\":\"https:\/\/schema.org\",\"@graph\":[{\"@type\":\"Article\",\"@id\":\"http:\/\/esponsorama.ad\/es\/puntos-importantes-avintia-esponsorama-racing-gran-premio-san-marino\/#article\",\"isPartOf\":{\"@id\":\"http:\/\/esponsorama.ad\/es\/puntos-importantes-avintia-esponsorama-racing-gran-premio-san-marino\/\"},\"author\":{\"name\":\"Xavi Andornet\",\"@id\":\"http:\/\/esponsorama.ad\/es\/#\/schema\/person\/a5cde74945183d737066e46b61c6f9c4\"},\"headline\":\"PUNTOS IMPORTANTES PARA EL AVINTIA ESPONSORAMA RACING EN EL GRAN PREMIO DE SAN MARINO\",\"datePublished\":\"2020-09-13T12:08:44+00:00\",\"dateModified\":\"2020-09-13T12:13:54+00:00\",\"mainEntityOfPage\":{\"@id\":\"http:\/\/esponsorama.ad\/es\/puntos-importantes-avintia-esponsorama-racing-gran-premio-san-marino\/\"},\"wordCount\":366,\"image\":{\"@id\":\"http:\/\/esponsorama.ad\/es\/puntos-importantes-avintia-esponsorama-racing-gran-premio-san-marino\/#primaryimage\"},\"thumbnailUrl\":\"http:\/\/esponsorama.ad\/wp-content\/uploads\/2020\/09\/WhatsApp-Image-2020-09-13-at-13.27.49.jpeg\",\"articleSection\":[\"MotoE\"],\"inLanguage\":\"es\"},{\"@type\":\"WebPage\",\"@id\":\"http:\/\/esponsorama.ad\/es\/puntos-importantes-avintia-esponsorama-racing-gran-premio-san-marino\/\",\"url\":\"http:\/\/esponsorama.ad\/es\/puntos-importantes-avintia-esponsorama-racing-gran-premio-san-marino\/\",\"name\":\"PUNTOS IMPORTANTES PARA EL AVINTIA ESPONSORAMA RACING EN EL GRAN PREMIO DE SAN MARINO - Esponsorama\",\"isPartOf\":{\"@id\":\"http:\/\/esponsorama.ad\/es\/#website\"},\"primaryImageOfPage\":{\"@id\":\"http:\/\/esponsorama.ad\/es\/puntos-importantes-avintia-esponsorama-racing-gran-premio-san-marino\/#primaryimage\"},\"image\":{\"@id\":\"http:\/\/esponsorama.ad\/es\/puntos-importantes-avintia-esponsorama-racing-gran-premio-san-marino\/#primaryimage\"},\"thumbnailUrl\":\"http:\/\/esponsorama.ad\/wp-content\/uploads\/2020\/09\/WhatsApp-Image-2020-09-13-at-13.27.49.jpeg\",\"datePublished\":\"2020-09-13T12:08:44+00:00\",\"dateModified\":\"2020-09-13T12:13:54+00:00\",\"author\":{\"@id\":\"http:\/\/esponsorama.ad\/es\/#\/schema\/person\/a5cde74945183d737066e46b61c6f9c4\"},\"breadcrumb\":{\"@id\":\"http:\/\/esponsorama.ad\/es\/puntos-importantes-avintia-esponsorama-racing-gran-premio-san-marino\/#breadcrumb\"},\"inLanguage\":\"es\",\"potentialAction\":[{\"@type\":\"ReadAction\",\"target\":[\"http:\/\/esponsorama.ad\/es\/puntos-importantes-avintia-esponsorama-racing-gran-premio-san-marino\/\"]}]},{\"@type\":\"ImageObject\",\"inLanguage\":\"es\",\"@id\":\"http:\/\/esponsorama.ad\/es\/puntos-importantes-avintia-esponsorama-racing-gran-premio-san-marino\/#primaryimage\",\"url\":\"http:\/\/esponsorama.ad\/wp-content\/uploads\/2020\/09\/WhatsApp-Image-2020-09-13-at-13.27.49.jpeg\",\"contentUrl\":\"http:\/\/esponsorama.ad\/wp-content\/uploads\/2020\/09\/WhatsApp-Image-2020-09-13-at-13.27.49.jpeg\",\"width\":1600,\"height\":1066},{\"@type\":\"BreadcrumbList\",\"@id\":\"http:\/\/esponsorama.ad\/es\/puntos-importantes-avintia-esponsorama-racing-gran-premio-san-marino\/#breadcrumb\",\"itemListElement\":[{\"@type\":\"ListItem\",\"position\":1,\"name\":\"Home\",\"item\":\"http:\/\/esponsorama.ad\/en\/\"},{\"@type\":\"ListItem\",\"position\":2,\"name\":\"PUNTOS IMPORTANTES PARA EL AVINTIA ESPONSORAMA RACING EN EL GRAN PREMIO DE SAN MARINO\"}]},{\"@type\":\"WebSite\",\"@id\":\"http:\/\/esponsorama.ad\/es\/#website\",\"url\":\"http:\/\/esponsorama.ad\/es\/\",\"name\":\"Esponsorama\",\"description\":\"Specialist in motorsport sponsorship and event promotions\",\"potentialAction\":[{\"@type\":\"SearchAction\",\"target\":{\"@type\":\"EntryPoint\",\"urlTemplate\":\"http:\/\/esponsorama.ad\/es\/?s={search_term_string}\"},\"query-input\":{\"@type\":\"PropertyValueSpecification\",\"valueRequired\":true,\"valueName\":\"search_term_string\"}}],\"inLanguage\":\"es\"},{\"@type\":\"Person\",\"@id\":\"http:\/\/esponsorama.ad\/es\/#\/schema\/person\/a5cde74945183d737066e46b61c6f9c4\",\"name\":\"Xavi Andornet\",\"image\":{\"@type\":\"ImageObject\",\"inLanguage\":\"es\",\"@id\":\"http:\/\/esponsorama.ad\/es\/#\/schema\/person\/image\/\",\"url\":\"https:\/\/secure.gravatar.com\/avatar\/f10eaf9ad601244a2357c9fd7cd9805ed166cfaaf76d5d9ab08a9d873e70147a?s=96&d=mm&r=g\",\"contentUrl\":\"https:\/\/secure.gravatar.com\/avatar\/f10eaf9ad601244a2357c9fd7cd9805ed166cfaaf76d5d9ab08a9d873e70147a?s=96&d=mm&r=g\",\"caption\":\"Xavi Andornet\"},\"sameAs\":[\"http:\/\/www.andornet.ad\"],\"url\":\"http:\/\/esponsorama.ad\/es\/author\/andornet\/\"}]}<\/script>\n<!-- \/ Yoast SEO plugin. -->","yoast_head_json":{"title":"PUNTOS IMPORTANTES PARA EL AVINTIA ESPONSORAMA RACING EN EL GRAN PREMIO DE SAN MARINO - Esponsorama","robots":{"index":"index","follow":"follow","max-snippet":"max-snippet:-1","max-image-preview":"max-image-preview:large","max-video-preview":"max-video-preview:-1"},"canonical":"http:\/\/esponsorama.ad\/es\/puntos-importantes-avintia-esponsorama-racing-gran-premio-san-marino\/","og_locale":"es_ES","og_type":"article","og_title":"PUNTOS IMPORTANTES PARA EL AVINTIA ESPONSORAMA RACING EN EL GRAN PREMIO DE SAN MARINO - Esponsorama","og_description":"El Avintia Esponsorama Racing ha concluido la carrera del Gran Premio de San Marino en el Misano World Circuit Marco Simoncelli con Eric Granado y Xavi Cardel\u00fas en 10\u00aa y 14\u00aa posici\u00f3n respectivamente. Pese a que la carrera de Eric Granado estaba condicionada por la sanci\u00f3n que este recibi\u00f3 durante la E-Pole, ha podido culminar [&hellip;]","og_url":"http:\/\/esponsorama.ad\/es\/puntos-importantes-avintia-esponsorama-racing-gran-premio-san-marino\/","og_site_name":"Esponsorama","article_published_time":"2020-09-13T12:08:44+00:00","article_modified_time":"2020-09-13T12:13:54+00:00","og_image":[{"width":1600,"height":1066,"url":"http:\/\/esponsorama.ad\/wp-content\/uploads\/2020\/09\/WhatsApp-Image-2020-09-13-at-13.27.49.jpeg","type":"image\/jpeg"}],"author":"Xavi Andornet","twitter_card":"summary_large_image","twitter_misc":{"Escrito por":"Xavi Andornet","Tiempo de lectura":"2 minutos"},"schema":{"@context":"https:\/\/schema.org","@graph":[{"@type":"Article","@id":"http:\/\/esponsorama.ad\/es\/puntos-importantes-avintia-esponsorama-racing-gran-premio-san-marino\/#article","isPartOf":{"@id":"http:\/\/esponsorama.ad\/es\/puntos-importantes-avintia-esponsorama-racing-gran-premio-san-marino\/"},"author":{"name":"Xavi Andornet","@id":"http:\/\/esponsorama.ad\/es\/#\/schema\/person\/a5cde74945183d737066e46b61c6f9c4"},"headline":"PUNTOS IMPORTANTES PARA EL AVINTIA ESPONSORAMA RACING EN EL GRAN PREMIO DE SAN MARINO","datePublished":"2020-09-13T12:08:44+00:00","dateModified":"2020-09-13T12:13:54+00:00","mainEntityOfPage":{"@id":"http:\/\/esponsorama.ad\/es\/puntos-importantes-avintia-esponsorama-racing-gran-premio-san-marino\/"},"wordCount":366,"image":{"@id":"http:\/\/esponsorama.ad\/es\/puntos-importantes-avintia-esponsorama-racing-gran-premio-san-marino\/#primaryimage"},"thumbnailUrl":"http:\/\/esponsorama.ad\/wp-content\/uploads\/2020\/09\/WhatsApp-Image-2020-09-13-at-13.27.49.jpeg","articleSection":["MotoE"],"inLanguage":"es"},{"@type":"WebPage","@id":"http:\/\/esponsorama.ad\/es\/puntos-importantes-avintia-esponsorama-racing-gran-premio-san-marino\/","url":"http:\/\/esponsorama.ad\/es\/puntos-importantes-avintia-esponsorama-racing-gran-premio-san-marino\/","name":"PUNTOS IMPORTANTES PARA EL AVINTIA ESPONSORAMA RACING EN EL GRAN PREMIO DE SAN MARINO - Esponsorama","isPartOf":{"@id":"http:\/\/esponsorama.ad\/es\/#website"},"primaryImageOfPage":{"@id":"http:\/\/esponsorama.ad\/es\/puntos-importantes-avintia-esponsorama-racing-gran-premio-san-marino\/#primaryimage"},"image":{"@id":"http:\/\/esponsorama.ad\/es\/puntos-importantes-avintia-esponsorama-racing-gran-premio-san-marino\/#primaryimage"},"thumbnailUrl":"http:\/\/esponsorama.ad\/wp-content\/uploads\/2020\/09\/WhatsApp-Image-2020-09-13-at-13.27.49.jpeg","datePublished":"2020-09-13T12:08:44+00:00","dateModified":"2020-09-13T12:13:54+00:00","author":{"@id":"http:\/\/esponsorama.ad\/es\/#\/schema\/person\/a5cde74945183d737066e46b61c6f9c4"},"breadcrumb":{"@id":"http:\/\/esponsorama.ad\/es\/puntos-importantes-avintia-esponsorama-racing-gran-premio-san-marino\/#breadcrumb"},"inLanguage":"es","potentialAction":[{"@type":"ReadAction","target":["http:\/\/esponsorama.ad\/es\/puntos-importantes-avintia-esponsorama-racing-gran-premio-san-marino\/"]}]},{"@type":"ImageObject","inLanguage":"es","@id":"http:\/\/esponsorama.ad\/es\/puntos-importantes-avintia-esponsorama-racing-gran-premio-san-marino\/#primaryimage","url":"http:\/\/esponsorama.ad\/wp-content\/uploads\/2020\/09\/WhatsApp-Image-2020-09-13-at-13.27.49.jpeg","contentUrl":"http:\/\/esponsorama.ad\/wp-content\/uploads\/2020\/09\/WhatsApp-Image-2020-09-13-at-13.27.49.jpeg","width":1600,"height":1066},{"@type":"BreadcrumbList","@id":"http:\/\/esponsorama.ad\/es\/puntos-importantes-avintia-esponsorama-racing-gran-premio-san-marino\/#breadcrumb","itemListElement":[{"@type":"ListItem","position":1,"name":"Home","item":"http:\/\/esponsorama.ad\/en\/"},{"@type":"ListItem","position":2,"name":"PUNTOS IMPORTANTES PARA EL AVINTIA ESPONSORAMA RACING EN EL GRAN PREMIO DE SAN MARINO"}]},{"@type":"WebSite","@id":"http:\/\/esponsorama.ad\/es\/#website","url":"http:\/\/esponsorama.ad\/es\/","name":"Esponsorama","description":"Specialist in motorsport sponsorship and event promotions","potentialAction":[{"@type":"SearchAction","target":{"@type":"EntryPoint","urlTemplate":"http:\/\/esponsorama.ad\/es\/?s={search_term_string}"},"query-input":{"@type":"PropertyValueSpecification","valueRequired":true,"valueName":"search_term_string"}}],"inLanguage":"es"},{"@type":"Person","@id":"http:\/\/esponsorama.ad\/es\/#\/schema\/person\/a5cde74945183d737066e46b61c6f9c4","name":"Xavi Andornet","image":{"@type":"ImageObject","inLanguage":"es","@id":"http:\/\/esponsorama.ad\/es\/#\/schema\/person\/image\/","url":"https:\/\/secure.gravatar.com\/avatar\/f10eaf9ad601244a2357c9fd7cd9805ed166cfaaf76d5d9ab08a9d873e70147a?s=96&d=mm&r=g","contentUrl":"https:\/\/secure.gravatar.com\/avatar\/f10eaf9ad601244a2357c9fd7cd9805ed166cfaaf76d5d9ab08a9d873e70147a?s=96&d=mm&r=g","caption":"Xavi Andornet"},"sameAs":["http:\/\/www.andornet.ad"],"url":"http:\/\/esponsorama.ad\/es\/author\/andornet\/"}]}},"_links":{"self":[{"href":"http:\/\/esponsorama.ad\/es\/wp-json\/wp\/v2\/posts\/16188","targetHints":{"allow":["GET"]}}],"collection":[{"href":"http:\/\/esponsorama.ad\/es\/wp-json\/wp\/v2\/posts"}],"about":[{"href":"http:\/\/esponsorama.ad\/es\/wp-json\/wp\/v2\/types\/post"}],"author":[{"embeddable":true,"href":"http:\/\/esponsorama.ad\/es\/wp-json\/wp\/v2\/users\/6"}],"replies":[{"embeddable":true,"href":"http:\/\/esponsorama.ad\/es\/wp-json\/wp\/v2\/comments?post=16188"}],"version-history":[{"count":1,"href":"http:\/\/esponsorama.ad\/es\/wp-json\/wp\/v2\/posts\/16188\/revisions"}],"predecessor-version":[{"id":16192,"href":"http:\/\/esponsorama.ad\/es\/wp-json\/wp\/v2\/posts\/16188\/revisions\/16192"}],"wp:featuredmedia":[{"embeddable":true,"href":"http:\/\/esponsorama.ad\/es\/wp-json\/wp\/v2\/media\/16189"}],"wp:attachment":[{"href":"http:\/\/esponsorama.ad\/es\/wp-json\/wp\/v2\/media?parent=16188"}],"wp:term":[{"taxonomy":"category","embeddable":true,"href":"http:\/\/esponsorama.ad\/es\/wp-json\/wp\/v2\/categories?post=16188"},{"taxonomy":"post_tag","embeddable":true,"href":"http:\/\/esponsorama.ad\/es\/wp-json\/wp\/v2\/tags?post=16188"}],"curies":[{"name":"wp","href":"https:\/\/api.w.org\/{rel}","templated":true}]}}