{"id":16204,"date":"2020-09-13T18:22:18","date_gmt":"2020-09-13T16:22:18","guid":{"rendered":"http:\/\/esponsorama.ad\/?p=16204"},"modified":"2020-09-13T18:24:07","modified_gmt":"2020-09-13T16:24:07","slug":"esponsorama-racing-da-finalizado-gran-premio-san-marino","status":"publish","type":"post","link":"http:\/\/esponsorama.ad\/es\/esponsorama-racing-da-finalizado-gran-premio-san-marino\/","title":{"rendered":"EL ESPONSORAMA RACING DA POR FINALIZADO EL GRAN PREMIO DE SAN MARINO"},"content":{"rendered":"<p>El Esponsorama Racing ha concluido el Gran Premio de San Marino en el Misano World Circuit Marco Simoncelli. Johann Zarco ha sido 15\u00ba y Tito Rabat no ha podido terminar la carrera.<\/p>\n<p>Tras mostrar un ritmo prometedor durante los entrenamientos libres y en la clasificaci\u00f3n, Johann Zarco ha arrancado 10\u00ba. Pese a realizar una buena salida y tener un buen ritmo, en el tramo final de la carrera el piloto franc\u00e9s no ha podido mantener su posici\u00f3n debido a la p\u00e9rdida de agarre de su neum\u00e1tico trasero y finalmente ha cruzado la l\u00ednea de meta 15\u00ba, sumando un punto m\u00e1s a su casillero.<\/p>\n<p>Por su parte, Tito Rabat ha tenido un inicio de carrera complicado. El piloto espa\u00f1ol ha perdido varias posiciones durante los primeros compases y a falta de cinco vueltas para el final, ha sufrido una ca\u00edda en la curva 9 que le ha obligado a abandonar. Pese a ello, Rabat ha completado un buen fin de semana, mostrando un buen ritmo y dando un paso adelante para afrontar con un extra de confianza las siguientes carreras.<\/p>\n<p>La semana que viene, en el mismo Misano World Circuit Marco Simoncelli, el Esponsorama Racing tendr\u00e1 una nueva oportunidad para seguir trabajando y volver a las posiciones donde el equipo se merece.<\/p>\n<p><br \/>\n\u201cCreo que la parte positiva de esta carrera, viendo el resultado (P15) y a 20 segundos del vencedor, lejos de la cabeza de carrera, es que he obtenido muchas cosas positivas de la salida. El paso que dimos esta ma\u00f1ana en el \u2018warm up\u2019 me ha ayudado mucho en este inicio de carrera a la hora de seguir a Dovizioso y a Bagnaia. Por mi parte el inicio ha sido bueno, pero a medida que han pasado las vueltas he sufrido mucho con el neum\u00e1tico trasero, sobre todo las \u00faltimas siete vueltas, no he podido mantener el ritmo y he perdido much\u00edsimo\u201d.<\/p>\n<p><br \/>\n\u201cCreo que este fin de semana he dado pasos adelante, en cuanto a la vuelta r\u00e1pida, al ritmo de carrera y a las primeras vueltas de la misma. Mi vuelta r\u00e1pida en carrera ha sido similar a la de mi compa\u00f1ero de equipo, al igual que el ritmo que ha sido muy parejo el de ambos. Ahora tenemos que mantenernos centrados, llegar descansados al \u2018test\u2019 del martes y al fin de semana siguiente y dar el 100% de mi\u201d.<\/p>\n","protected":false},"excerpt":{"rendered":"<p>El Esponsorama Racing ha concluido el Gran Premio de San Marino en el Misano World Circuit Marco Simoncelli. Johann Zarco ha sido 15\u00ba y Tito Rabat no ha podido terminar la carrera. Tras mostrar un ritmo prometedor durante los entrenamientos libres y en la clasificaci\u00f3n, Johann Zarco ha arrancado 10\u00ba. Pese a realizar una buena [&hellip;]<\/p>\n","protected":false},"author":6,"featured_media":16209,"comment_status":"closed","ping_status":"closed","sticky":false,"template":"","format":"standard","meta":{"footnotes":""},"categories":[3],"tags":[],"class_list":["post-16204","post","type-post","status-publish","format-standard","has-post-thumbnail","hentry","category-motogp"],"yoast_head":"<!-- This site is optimized with the Yoast SEO plugin v27.1.1 - https:\/\/yoast.com\/product\/yoast-seo-wordpress\/ -->\n<title>EL ESPONSORAMA RACING DA POR FINALIZADO EL GRAN PREMIO DE SAN MARINO - Esponsorama<\/title>\n<meta name=\"robots\" content=\"index, follow, max-snippet:-1, max-image-preview:large, max-video-preview:-1\" \/>\n<link rel=\"canonical\" href=\"http:\/\/esponsorama.ad\/es\/esponsorama-racing-da-finalizado-gran-premio-san-marino\/\" \/>\n<meta property=\"og:locale\" content=\"es_ES\" \/>\n<meta property=\"og:type\" content=\"article\" \/>\n<meta property=\"og:title\" content=\"EL ESPONSORAMA RACING DA POR FINALIZADO EL GRAN PREMIO DE SAN MARINO - Esponsorama\" \/>\n<meta property=\"og:description\" content=\"El Esponsorama Racing ha concluido el Gran Premio de San Marino en el Misano World Circuit Marco Simoncelli. Johann Zarco ha sido 15\u00ba y Tito Rabat no ha podido terminar la carrera. Tras mostrar un ritmo prometedor durante los entrenamientos libres y en la clasificaci\u00f3n, Johann Zarco ha arrancado 10\u00ba. Pese a realizar una buena [&hellip;]\" \/>\n<meta property=\"og:url\" content=\"http:\/\/esponsorama.ad\/es\/esponsorama-racing-da-finalizado-gran-premio-san-marino\/\" \/>\n<meta property=\"og:site_name\" content=\"Esponsorama\" \/>\n<meta property=\"article:published_time\" content=\"2020-09-13T16:22:18+00:00\" \/>\n<meta property=\"article:modified_time\" content=\"2020-09-13T16:24:07+00:00\" \/>\n<meta property=\"og:image\" content=\"http:\/\/esponsorama.ad\/wp-content\/uploads\/2020\/09\/07SanMarino20Mgp_Esponsorama_AX19199.jpg\" \/>\n\t<meta property=\"og:image:width\" content=\"5472\" \/>\n\t<meta property=\"og:image:height\" content=\"3648\" \/>\n\t<meta property=\"og:image:type\" content=\"image\/jpeg\" \/>\n<meta name=\"author\" content=\"Xavi Andornet\" \/>\n<meta name=\"twitter:card\" content=\"summary_large_image\" \/>\n<meta name=\"twitter:label1\" content=\"Escrito por\" \/>\n\t<meta name=\"twitter:data1\" content=\"Xavi Andornet\" \/>\n\t<meta name=\"twitter:label2\" content=\"Tiempo de lectura\" \/>\n\t<meta name=\"twitter:data2\" content=\"2 minutos\" \/>\n<script type=\"application\/ld+json\" class=\"yoast-schema-graph\">{\"@context\":\"https:\/\/schema.org\",\"@graph\":[{\"@type\":\"Article\",\"@id\":\"http:\/\/esponsorama.ad\/es\/esponsorama-racing-da-finalizado-gran-premio-san-marino\/#article\",\"isPartOf\":{\"@id\":\"http:\/\/esponsorama.ad\/es\/esponsorama-racing-da-finalizado-gran-premio-san-marino\/\"},\"author\":{\"name\":\"Xavi Andornet\",\"@id\":\"http:\/\/esponsorama.ad\/es\/#\/schema\/person\/a5cde74945183d737066e46b61c6f9c4\"},\"headline\":\"EL ESPONSORAMA RACING DA POR FINALIZADO EL GRAN PREMIO DE SAN MARINO\",\"datePublished\":\"2020-09-13T16:22:18+00:00\",\"dateModified\":\"2020-09-13T16:24:07+00:00\",\"mainEntityOfPage\":{\"@id\":\"http:\/\/esponsorama.ad\/es\/esponsorama-racing-da-finalizado-gran-premio-san-marino\/\"},\"wordCount\":420,\"image\":{\"@id\":\"http:\/\/esponsorama.ad\/es\/esponsorama-racing-da-finalizado-gran-premio-san-marino\/#primaryimage\"},\"thumbnailUrl\":\"http:\/\/esponsorama.ad\/wp-content\/uploads\/2020\/09\/07SanMarino20Mgp_Esponsorama_AX19199.jpg\",\"articleSection\":[\"MotoGP\"],\"inLanguage\":\"es\"},{\"@type\":\"WebPage\",\"@id\":\"http:\/\/esponsorama.ad\/es\/esponsorama-racing-da-finalizado-gran-premio-san-marino\/\",\"url\":\"http:\/\/esponsorama.ad\/es\/esponsorama-racing-da-finalizado-gran-premio-san-marino\/\",\"name\":\"EL ESPONSORAMA RACING DA POR FINALIZADO EL GRAN PREMIO DE SAN MARINO - Esponsorama\",\"isPartOf\":{\"@id\":\"http:\/\/esponsorama.ad\/es\/#website\"},\"primaryImageOfPage\":{\"@id\":\"http:\/\/esponsorama.ad\/es\/esponsorama-racing-da-finalizado-gran-premio-san-marino\/#primaryimage\"},\"image\":{\"@id\":\"http:\/\/esponsorama.ad\/es\/esponsorama-racing-da-finalizado-gran-premio-san-marino\/#primaryimage\"},\"thumbnailUrl\":\"http:\/\/esponsorama.ad\/wp-content\/uploads\/2020\/09\/07SanMarino20Mgp_Esponsorama_AX19199.jpg\",\"datePublished\":\"2020-09-13T16:22:18+00:00\",\"dateModified\":\"2020-09-13T16:24:07+00:00\",\"author\":{\"@id\":\"http:\/\/esponsorama.ad\/es\/#\/schema\/person\/a5cde74945183d737066e46b61c6f9c4\"},\"breadcrumb\":{\"@id\":\"http:\/\/esponsorama.ad\/es\/esponsorama-racing-da-finalizado-gran-premio-san-marino\/#breadcrumb\"},\"inLanguage\":\"es\",\"potentialAction\":[{\"@type\":\"ReadAction\",\"target\":[\"http:\/\/esponsorama.ad\/es\/esponsorama-racing-da-finalizado-gran-premio-san-marino\/\"]}]},{\"@type\":\"ImageObject\",\"inLanguage\":\"es\",\"@id\":\"http:\/\/esponsorama.ad\/es\/esponsorama-racing-da-finalizado-gran-premio-san-marino\/#primaryimage\",\"url\":\"http:\/\/esponsorama.ad\/wp-content\/uploads\/2020\/09\/07SanMarino20Mgp_Esponsorama_AX19199.jpg\",\"contentUrl\":\"http:\/\/esponsorama.ad\/wp-content\/uploads\/2020\/09\/07SanMarino20Mgp_Esponsorama_AX19199.jpg\",\"width\":5472,\"height\":3648,\"caption\":\"07 San Marino GP 11 al 13 de Agosto de 2020. Moto3, M3, m3\"},{\"@type\":\"BreadcrumbList\",\"@id\":\"http:\/\/esponsorama.ad\/es\/esponsorama-racing-da-finalizado-gran-premio-san-marino\/#breadcrumb\",\"itemListElement\":[{\"@type\":\"ListItem\",\"position\":1,\"name\":\"Home\",\"item\":\"http:\/\/esponsorama.ad\/en\/\"},{\"@type\":\"ListItem\",\"position\":2,\"name\":\"EL ESPONSORAMA RACING DA POR FINALIZADO EL GRAN PREMIO DE SAN MARINO\"}]},{\"@type\":\"WebSite\",\"@id\":\"http:\/\/esponsorama.ad\/es\/#website\",\"url\":\"http:\/\/esponsorama.ad\/es\/\",\"name\":\"Esponsorama\",\"description\":\"Specialist in motorsport sponsorship and event promotions\",\"potentialAction\":[{\"@type\":\"SearchAction\",\"target\":{\"@type\":\"EntryPoint\",\"urlTemplate\":\"http:\/\/esponsorama.ad\/es\/?s={search_term_string}\"},\"query-input\":{\"@type\":\"PropertyValueSpecification\",\"valueRequired\":true,\"valueName\":\"search_term_string\"}}],\"inLanguage\":\"es\"},{\"@type\":\"Person\",\"@id\":\"http:\/\/esponsorama.ad\/es\/#\/schema\/person\/a5cde74945183d737066e46b61c6f9c4\",\"name\":\"Xavi Andornet\",\"image\":{\"@type\":\"ImageObject\",\"inLanguage\":\"es\",\"@id\":\"http:\/\/esponsorama.ad\/es\/#\/schema\/person\/image\/\",\"url\":\"https:\/\/secure.gravatar.com\/avatar\/f10eaf9ad601244a2357c9fd7cd9805ed166cfaaf76d5d9ab08a9d873e70147a?s=96&d=mm&r=g\",\"contentUrl\":\"https:\/\/secure.gravatar.com\/avatar\/f10eaf9ad601244a2357c9fd7cd9805ed166cfaaf76d5d9ab08a9d873e70147a?s=96&d=mm&r=g\",\"caption\":\"Xavi Andornet\"},\"sameAs\":[\"http:\/\/www.andornet.ad\"],\"url\":\"http:\/\/esponsorama.ad\/es\/author\/andornet\/\"}]}<\/script>\n<!-- \/ Yoast SEO plugin. -->","yoast_head_json":{"title":"EL ESPONSORAMA RACING DA POR FINALIZADO EL GRAN PREMIO DE SAN MARINO - Esponsorama","robots":{"index":"index","follow":"follow","max-snippet":"max-snippet:-1","max-image-preview":"max-image-preview:large","max-video-preview":"max-video-preview:-1"},"canonical":"http:\/\/esponsorama.ad\/es\/esponsorama-racing-da-finalizado-gran-premio-san-marino\/","og_locale":"es_ES","og_type":"article","og_title":"EL ESPONSORAMA RACING DA POR FINALIZADO EL GRAN PREMIO DE SAN MARINO - Esponsorama","og_description":"El Esponsorama Racing ha concluido el Gran Premio de San Marino en el Misano World Circuit Marco Simoncelli. Johann Zarco ha sido 15\u00ba y Tito Rabat no ha podido terminar la carrera. Tras mostrar un ritmo prometedor durante los entrenamientos libres y en la clasificaci\u00f3n, Johann Zarco ha arrancado 10\u00ba. Pese a realizar una buena [&hellip;]","og_url":"http:\/\/esponsorama.ad\/es\/esponsorama-racing-da-finalizado-gran-premio-san-marino\/","og_site_name":"Esponsorama","article_published_time":"2020-09-13T16:22:18+00:00","article_modified_time":"2020-09-13T16:24:07+00:00","og_image":[{"width":5472,"height":3648,"url":"http:\/\/esponsorama.ad\/wp-content\/uploads\/2020\/09\/07SanMarino20Mgp_Esponsorama_AX19199.jpg","type":"image\/jpeg"}],"author":"Xavi Andornet","twitter_card":"summary_large_image","twitter_misc":{"Escrito por":"Xavi Andornet","Tiempo de lectura":"2 minutos"},"schema":{"@context":"https:\/\/schema.org","@graph":[{"@type":"Article","@id":"http:\/\/esponsorama.ad\/es\/esponsorama-racing-da-finalizado-gran-premio-san-marino\/#article","isPartOf":{"@id":"http:\/\/esponsorama.ad\/es\/esponsorama-racing-da-finalizado-gran-premio-san-marino\/"},"author":{"name":"Xavi Andornet","@id":"http:\/\/esponsorama.ad\/es\/#\/schema\/person\/a5cde74945183d737066e46b61c6f9c4"},"headline":"EL ESPONSORAMA RACING DA POR FINALIZADO EL GRAN PREMIO DE SAN MARINO","datePublished":"2020-09-13T16:22:18+00:00","dateModified":"2020-09-13T16:24:07+00:00","mainEntityOfPage":{"@id":"http:\/\/esponsorama.ad\/es\/esponsorama-racing-da-finalizado-gran-premio-san-marino\/"},"wordCount":420,"image":{"@id":"http:\/\/esponsorama.ad\/es\/esponsorama-racing-da-finalizado-gran-premio-san-marino\/#primaryimage"},"thumbnailUrl":"http:\/\/esponsorama.ad\/wp-content\/uploads\/2020\/09\/07SanMarino20Mgp_Esponsorama_AX19199.jpg","articleSection":["MotoGP"],"inLanguage":"es"},{"@type":"WebPage","@id":"http:\/\/esponsorama.ad\/es\/esponsorama-racing-da-finalizado-gran-premio-san-marino\/","url":"http:\/\/esponsorama.ad\/es\/esponsorama-racing-da-finalizado-gran-premio-san-marino\/","name":"EL ESPONSORAMA RACING DA POR FINALIZADO EL GRAN PREMIO DE SAN MARINO - Esponsorama","isPartOf":{"@id":"http:\/\/esponsorama.ad\/es\/#website"},"primaryImageOfPage":{"@id":"http:\/\/esponsorama.ad\/es\/esponsorama-racing-da-finalizado-gran-premio-san-marino\/#primaryimage"},"image":{"@id":"http:\/\/esponsorama.ad\/es\/esponsorama-racing-da-finalizado-gran-premio-san-marino\/#primaryimage"},"thumbnailUrl":"http:\/\/esponsorama.ad\/wp-content\/uploads\/2020\/09\/07SanMarino20Mgp_Esponsorama_AX19199.jpg","datePublished":"2020-09-13T16:22:18+00:00","dateModified":"2020-09-13T16:24:07+00:00","author":{"@id":"http:\/\/esponsorama.ad\/es\/#\/schema\/person\/a5cde74945183d737066e46b61c6f9c4"},"breadcrumb":{"@id":"http:\/\/esponsorama.ad\/es\/esponsorama-racing-da-finalizado-gran-premio-san-marino\/#breadcrumb"},"inLanguage":"es","potentialAction":[{"@type":"ReadAction","target":["http:\/\/esponsorama.ad\/es\/esponsorama-racing-da-finalizado-gran-premio-san-marino\/"]}]},{"@type":"ImageObject","inLanguage":"es","@id":"http:\/\/esponsorama.ad\/es\/esponsorama-racing-da-finalizado-gran-premio-san-marino\/#primaryimage","url":"http:\/\/esponsorama.ad\/wp-content\/uploads\/2020\/09\/07SanMarino20Mgp_Esponsorama_AX19199.jpg","contentUrl":"http:\/\/esponsorama.ad\/wp-content\/uploads\/2020\/09\/07SanMarino20Mgp_Esponsorama_AX19199.jpg","width":5472,"height":3648,"caption":"07 San Marino GP 11 al 13 de Agosto de 2020. Moto3, M3, m3"},{"@type":"BreadcrumbList","@id":"http:\/\/esponsorama.ad\/es\/esponsorama-racing-da-finalizado-gran-premio-san-marino\/#breadcrumb","itemListElement":[{"@type":"ListItem","position":1,"name":"Home","item":"http:\/\/esponsorama.ad\/en\/"},{"@type":"ListItem","position":2,"name":"EL ESPONSORAMA RACING DA POR FINALIZADO EL GRAN PREMIO DE SAN MARINO"}]},{"@type":"WebSite","@id":"http:\/\/esponsorama.ad\/es\/#website","url":"http:\/\/esponsorama.ad\/es\/","name":"Esponsorama","description":"Specialist in motorsport sponsorship and event promotions","potentialAction":[{"@type":"SearchAction","target":{"@type":"EntryPoint","urlTemplate":"http:\/\/esponsorama.ad\/es\/?s={search_term_string}"},"query-input":{"@type":"PropertyValueSpecification","valueRequired":true,"valueName":"search_term_string"}}],"inLanguage":"es"},{"@type":"Person","@id":"http:\/\/esponsorama.ad\/es\/#\/schema\/person\/a5cde74945183d737066e46b61c6f9c4","name":"Xavi Andornet","image":{"@type":"ImageObject","inLanguage":"es","@id":"http:\/\/esponsorama.ad\/es\/#\/schema\/person\/image\/","url":"https:\/\/secure.gravatar.com\/avatar\/f10eaf9ad601244a2357c9fd7cd9805ed166cfaaf76d5d9ab08a9d873e70147a?s=96&d=mm&r=g","contentUrl":"https:\/\/secure.gravatar.com\/avatar\/f10eaf9ad601244a2357c9fd7cd9805ed166cfaaf76d5d9ab08a9d873e70147a?s=96&d=mm&r=g","caption":"Xavi Andornet"},"sameAs":["http:\/\/www.andornet.ad"],"url":"http:\/\/esponsorama.ad\/es\/author\/andornet\/"}]}},"_links":{"self":[{"href":"http:\/\/esponsorama.ad\/es\/wp-json\/wp\/v2\/posts\/16204","targetHints":{"allow":["GET"]}}],"collection":[{"href":"http:\/\/esponsorama.ad\/es\/wp-json\/wp\/v2\/posts"}],"about":[{"href":"http:\/\/esponsorama.ad\/es\/wp-json\/wp\/v2\/types\/post"}],"author":[{"embeddable":true,"href":"http:\/\/esponsorama.ad\/es\/wp-json\/wp\/v2\/users\/6"}],"replies":[{"embeddable":true,"href":"http:\/\/esponsorama.ad\/es\/wp-json\/wp\/v2\/comments?post=16204"}],"version-history":[{"count":1,"href":"http:\/\/esponsorama.ad\/es\/wp-json\/wp\/v2\/posts\/16204\/revisions"}],"predecessor-version":[{"id":16211,"href":"http:\/\/esponsorama.ad\/es\/wp-json\/wp\/v2\/posts\/16204\/revisions\/16211"}],"wp:featuredmedia":[{"embeddable":true,"href":"http:\/\/esponsorama.ad\/es\/wp-json\/wp\/v2\/media\/16209"}],"wp:attachment":[{"href":"http:\/\/esponsorama.ad\/es\/wp-json\/wp\/v2\/media?parent=16204"}],"wp:term":[{"taxonomy":"category","embeddable":true,"href":"http:\/\/esponsorama.ad\/es\/wp-json\/wp\/v2\/categories?post=16204"},{"taxonomy":"post_tag","embeddable":true,"href":"http:\/\/esponsorama.ad\/es\/wp-json\/wp\/v2\/tags?post=16204"}],"curies":[{"name":"wp","href":"https:\/\/api.w.org\/{rel}","templated":true}]}}