{"id":16222,"date":"2020-09-17T19:09:10","date_gmt":"2020-09-17T17:09:10","guid":{"rendered":"http:\/\/esponsorama.ad\/?p=16222"},"modified":"2020-09-17T19:16:43","modified_gmt":"2020-09-17T17:16:43","slug":"esponsorama-racing-preparado-disputar-gran-premio-la-emilia-romagna","status":"publish","type":"post","link":"http:\/\/esponsorama.ad\/es\/esponsorama-racing-preparado-disputar-gran-premio-la-emilia-romagna\/","title":{"rendered":"EL ESPONSORAMA RACING, PREPARADO PARA DISPUTAR EL GRAN PREMIO DE LA EMILIA ROMAGNA"},"content":{"rendered":"<p>El Esponsorama Racing disputar\u00e1 este fin de semana la segunda carrera consecutiva en el Misano World Circuit Marco Simoncelli, el Gran Premio de Emilia Romagna, la s\u00e9ptima cita de la temporada para la categor\u00eda.<\/p>\n<p>Tras un positivo Gran Premio de San Marino y las buenas sensaciones tras completar el test de Misano el pasado martes, el Esponsorama Racing encara un nuevo fin de semana de competici\u00f3n con optimismo de obtener un buen resultado.<\/p>\n<p>Johann Zarco, que logr\u00f3 terminar 15\u00ba el pasado domingo, tendr\u00e1 una nueva oportunidad para seguir sumando puntos y obtener un buen resultado que le acerquen a lo alto de la clasificaci\u00f3n.<\/p>\n<p>Pese a su ca\u00edda en la carrera del Gran Premio de San Marino, Tito Rabat consigui\u00f3 dar un considerable paso adelante. El piloto espa\u00f1ol quiere confirmar las buenas sensaciones y volver a la zona de puntos para seguir recuperando la confianza.<\/p>\n<p>Ser\u00e1 el viernes a partir de las 9:55 cuando el Esponsorama Racing volver\u00e1 a la acci\u00f3n para disputar los primeros entrenamientos libres del Gran Premio de la Emilia Romagna.<\/p>\n<p><br \/>\n\u201cEs bueno repetir este fin de semana en el mismo circuito. El martes tuvimos un test que fue muy importante, porque tuvimos m\u00e1s tiempo para probar set-ups diferentes, tambi\u00e9n probamos m\u00e1s cosas, pude mejorar mi vuelta r\u00e1pida y esto es positivo para empezar el fin de semana. La \u00faltima carrera tuve algunos problemas al final, y para este fin de semana el objetivo es sentirme m\u00e1s c\u00f3modo para as\u00ed poder terminar la carrera mejor, en lugar de perder posiciones, ganar posiciones y espero poder terminar en el Top-10\u201d.<\/p>\n<p><br \/>\n\u201cEmpezamos este fin de semana despu\u00e9s de un d\u00eda de test, en el que estuvimos perjudicados por la elecci\u00f3n de neum\u00e1tico ya que est\u00e1bamos convencidos de que el neum\u00e1tico blando trasero ir\u00eda bien pero la pista cambi\u00f3 bastante y el desgaste era muy grande. A pesar de esto pudimos sacar muchas cosas positivas de las cosas que probamos. De cara a esta segunda carrera me quedo satisfecho si consigo mantenerme con el grupo durante la carrera y mejorar con respecto al fin de semana anterior.\u00bb<\/p>\n","protected":false},"excerpt":{"rendered":"<p>El Esponsorama Racing disputar\u00e1 este fin de semana la segunda carrera consecutiva en el Misano World Circuit Marco Simoncelli, el Gran Premio de Emilia Romagna, la s\u00e9ptima cita de la temporada para la categor\u00eda. Tras un positivo Gran Premio de San Marino y las buenas sensaciones tras completar el test de Misano el pasado martes, [&hellip;]<\/p>\n","protected":false},"author":6,"featured_media":16223,"comment_status":"closed","ping_status":"closed","sticky":false,"template":"","format":"standard","meta":{"footnotes":""},"categories":[3],"tags":[],"class_list":["post-16222","post","type-post","status-publish","format-standard","has-post-thumbnail","hentry","category-motogp"],"yoast_head":"<!-- This site is optimized with the Yoast SEO plugin v27.1.1 - https:\/\/yoast.com\/product\/yoast-seo-wordpress\/ -->\n<title>EL ESPONSORAMA RACING, PREPARADO PARA DISPUTAR EL GRAN PREMIO DE LA EMILIA ROMAGNA - Esponsorama<\/title>\n<meta name=\"robots\" content=\"index, follow, max-snippet:-1, max-image-preview:large, max-video-preview:-1\" \/>\n<link rel=\"canonical\" href=\"http:\/\/esponsorama.ad\/es\/esponsorama-racing-preparado-disputar-gran-premio-la-emilia-romagna\/\" \/>\n<meta property=\"og:locale\" content=\"es_ES\" \/>\n<meta property=\"og:type\" content=\"article\" \/>\n<meta property=\"og:title\" content=\"EL ESPONSORAMA RACING, PREPARADO PARA DISPUTAR EL GRAN PREMIO DE LA EMILIA ROMAGNA - Esponsorama\" \/>\n<meta property=\"og:description\" content=\"El Esponsorama Racing disputar\u00e1 este fin de semana la segunda carrera consecutiva en el Misano World Circuit Marco Simoncelli, el Gran Premio de Emilia Romagna, la s\u00e9ptima cita de la temporada para la categor\u00eda. Tras un positivo Gran Premio de San Marino y las buenas sensaciones tras completar el test de Misano el pasado martes, [&hellip;]\" \/>\n<meta property=\"og:url\" content=\"http:\/\/esponsorama.ad\/es\/esponsorama-racing-preparado-disputar-gran-premio-la-emilia-romagna\/\" \/>\n<meta property=\"og:site_name\" content=\"Esponsorama\" \/>\n<meta property=\"article:published_time\" content=\"2020-09-17T17:09:10+00:00\" \/>\n<meta property=\"article:modified_time\" content=\"2020-09-17T17:16:43+00:00\" \/>\n<meta property=\"og:image\" content=\"http:\/\/esponsorama.ad\/wp-content\/uploads\/2020\/09\/07SanMarino20Mgp_Esponsorama_AX19528-1.jpg\" \/>\n\t<meta property=\"og:image:width\" content=\"5472\" \/>\n\t<meta property=\"og:image:height\" content=\"3648\" \/>\n\t<meta property=\"og:image:type\" content=\"image\/jpeg\" \/>\n<meta name=\"author\" content=\"Xavi Andornet\" \/>\n<meta name=\"twitter:card\" content=\"summary_large_image\" \/>\n<meta name=\"twitter:label1\" content=\"Escrito por\" \/>\n\t<meta name=\"twitter:data1\" content=\"Xavi Andornet\" \/>\n\t<meta name=\"twitter:label2\" content=\"Tiempo de lectura\" \/>\n\t<meta name=\"twitter:data2\" content=\"2 minutos\" \/>\n<script type=\"application\/ld+json\" class=\"yoast-schema-graph\">{\"@context\":\"https:\/\/schema.org\",\"@graph\":[{\"@type\":\"Article\",\"@id\":\"http:\/\/esponsorama.ad\/es\/esponsorama-racing-preparado-disputar-gran-premio-la-emilia-romagna\/#article\",\"isPartOf\":{\"@id\":\"http:\/\/esponsorama.ad\/es\/esponsorama-racing-preparado-disputar-gran-premio-la-emilia-romagna\/\"},\"author\":{\"name\":\"Xavi Andornet\",\"@id\":\"http:\/\/esponsorama.ad\/es\/#\/schema\/person\/a5cde74945183d737066e46b61c6f9c4\"},\"headline\":\"EL ESPONSORAMA RACING, PREPARADO PARA DISPUTAR EL GRAN PREMIO DE LA EMILIA ROMAGNA\",\"datePublished\":\"2020-09-17T17:09:10+00:00\",\"dateModified\":\"2020-09-17T17:16:43+00:00\",\"mainEntityOfPage\":{\"@id\":\"http:\/\/esponsorama.ad\/es\/esponsorama-racing-preparado-disputar-gran-premio-la-emilia-romagna\/\"},\"wordCount\":382,\"image\":{\"@id\":\"http:\/\/esponsorama.ad\/es\/esponsorama-racing-preparado-disputar-gran-premio-la-emilia-romagna\/#primaryimage\"},\"thumbnailUrl\":\"http:\/\/esponsorama.ad\/wp-content\/uploads\/2020\/09\/07SanMarino20Mgp_Esponsorama_AX19528-1.jpg\",\"articleSection\":[\"MotoGP\"],\"inLanguage\":\"es\"},{\"@type\":\"WebPage\",\"@id\":\"http:\/\/esponsorama.ad\/es\/esponsorama-racing-preparado-disputar-gran-premio-la-emilia-romagna\/\",\"url\":\"http:\/\/esponsorama.ad\/es\/esponsorama-racing-preparado-disputar-gran-premio-la-emilia-romagna\/\",\"name\":\"EL ESPONSORAMA RACING, PREPARADO PARA DISPUTAR EL GRAN PREMIO DE LA EMILIA ROMAGNA - Esponsorama\",\"isPartOf\":{\"@id\":\"http:\/\/esponsorama.ad\/es\/#website\"},\"primaryImageOfPage\":{\"@id\":\"http:\/\/esponsorama.ad\/es\/esponsorama-racing-preparado-disputar-gran-premio-la-emilia-romagna\/#primaryimage\"},\"image\":{\"@id\":\"http:\/\/esponsorama.ad\/es\/esponsorama-racing-preparado-disputar-gran-premio-la-emilia-romagna\/#primaryimage\"},\"thumbnailUrl\":\"http:\/\/esponsorama.ad\/wp-content\/uploads\/2020\/09\/07SanMarino20Mgp_Esponsorama_AX19528-1.jpg\",\"datePublished\":\"2020-09-17T17:09:10+00:00\",\"dateModified\":\"2020-09-17T17:16:43+00:00\",\"author\":{\"@id\":\"http:\/\/esponsorama.ad\/es\/#\/schema\/person\/a5cde74945183d737066e46b61c6f9c4\"},\"breadcrumb\":{\"@id\":\"http:\/\/esponsorama.ad\/es\/esponsorama-racing-preparado-disputar-gran-premio-la-emilia-romagna\/#breadcrumb\"},\"inLanguage\":\"es\",\"potentialAction\":[{\"@type\":\"ReadAction\",\"target\":[\"http:\/\/esponsorama.ad\/es\/esponsorama-racing-preparado-disputar-gran-premio-la-emilia-romagna\/\"]}]},{\"@type\":\"ImageObject\",\"inLanguage\":\"es\",\"@id\":\"http:\/\/esponsorama.ad\/es\/esponsorama-racing-preparado-disputar-gran-premio-la-emilia-romagna\/#primaryimage\",\"url\":\"http:\/\/esponsorama.ad\/wp-content\/uploads\/2020\/09\/07SanMarino20Mgp_Esponsorama_AX19528-1.jpg\",\"contentUrl\":\"http:\/\/esponsorama.ad\/wp-content\/uploads\/2020\/09\/07SanMarino20Mgp_Esponsorama_AX19528-1.jpg\",\"width\":5472,\"height\":3648,\"caption\":\"07 San Marino GP 11 al 13 de Agosto de 2020. Moto3, M3, m3\"},{\"@type\":\"BreadcrumbList\",\"@id\":\"http:\/\/esponsorama.ad\/es\/esponsorama-racing-preparado-disputar-gran-premio-la-emilia-romagna\/#breadcrumb\",\"itemListElement\":[{\"@type\":\"ListItem\",\"position\":1,\"name\":\"Home\",\"item\":\"http:\/\/esponsorama.ad\/en\/\"},{\"@type\":\"ListItem\",\"position\":2,\"name\":\"EL ESPONSORAMA RACING, PREPARADO PARA DISPUTAR EL GRAN PREMIO DE LA EMILIA ROMAGNA\"}]},{\"@type\":\"WebSite\",\"@id\":\"http:\/\/esponsorama.ad\/es\/#website\",\"url\":\"http:\/\/esponsorama.ad\/es\/\",\"name\":\"Esponsorama\",\"description\":\"Specialist in motorsport sponsorship and event promotions\",\"potentialAction\":[{\"@type\":\"SearchAction\",\"target\":{\"@type\":\"EntryPoint\",\"urlTemplate\":\"http:\/\/esponsorama.ad\/es\/?s={search_term_string}\"},\"query-input\":{\"@type\":\"PropertyValueSpecification\",\"valueRequired\":true,\"valueName\":\"search_term_string\"}}],\"inLanguage\":\"es\"},{\"@type\":\"Person\",\"@id\":\"http:\/\/esponsorama.ad\/es\/#\/schema\/person\/a5cde74945183d737066e46b61c6f9c4\",\"name\":\"Xavi Andornet\",\"image\":{\"@type\":\"ImageObject\",\"inLanguage\":\"es\",\"@id\":\"http:\/\/esponsorama.ad\/es\/#\/schema\/person\/image\/\",\"url\":\"https:\/\/secure.gravatar.com\/avatar\/f10eaf9ad601244a2357c9fd7cd9805ed166cfaaf76d5d9ab08a9d873e70147a?s=96&d=mm&r=g\",\"contentUrl\":\"https:\/\/secure.gravatar.com\/avatar\/f10eaf9ad601244a2357c9fd7cd9805ed166cfaaf76d5d9ab08a9d873e70147a?s=96&d=mm&r=g\",\"caption\":\"Xavi Andornet\"},\"sameAs\":[\"http:\/\/www.andornet.ad\"],\"url\":\"http:\/\/esponsorama.ad\/es\/author\/andornet\/\"}]}<\/script>\n<!-- \/ Yoast SEO plugin. -->","yoast_head_json":{"title":"EL ESPONSORAMA RACING, PREPARADO PARA DISPUTAR EL GRAN PREMIO DE LA EMILIA ROMAGNA - Esponsorama","robots":{"index":"index","follow":"follow","max-snippet":"max-snippet:-1","max-image-preview":"max-image-preview:large","max-video-preview":"max-video-preview:-1"},"canonical":"http:\/\/esponsorama.ad\/es\/esponsorama-racing-preparado-disputar-gran-premio-la-emilia-romagna\/","og_locale":"es_ES","og_type":"article","og_title":"EL ESPONSORAMA RACING, PREPARADO PARA DISPUTAR EL GRAN PREMIO DE LA EMILIA ROMAGNA - Esponsorama","og_description":"El Esponsorama Racing disputar\u00e1 este fin de semana la segunda carrera consecutiva en el Misano World Circuit Marco Simoncelli, el Gran Premio de Emilia Romagna, la s\u00e9ptima cita de la temporada para la categor\u00eda. Tras un positivo Gran Premio de San Marino y las buenas sensaciones tras completar el test de Misano el pasado martes, [&hellip;]","og_url":"http:\/\/esponsorama.ad\/es\/esponsorama-racing-preparado-disputar-gran-premio-la-emilia-romagna\/","og_site_name":"Esponsorama","article_published_time":"2020-09-17T17:09:10+00:00","article_modified_time":"2020-09-17T17:16:43+00:00","og_image":[{"width":5472,"height":3648,"url":"http:\/\/esponsorama.ad\/wp-content\/uploads\/2020\/09\/07SanMarino20Mgp_Esponsorama_AX19528-1.jpg","type":"image\/jpeg"}],"author":"Xavi Andornet","twitter_card":"summary_large_image","twitter_misc":{"Escrito por":"Xavi Andornet","Tiempo de lectura":"2 minutos"},"schema":{"@context":"https:\/\/schema.org","@graph":[{"@type":"Article","@id":"http:\/\/esponsorama.ad\/es\/esponsorama-racing-preparado-disputar-gran-premio-la-emilia-romagna\/#article","isPartOf":{"@id":"http:\/\/esponsorama.ad\/es\/esponsorama-racing-preparado-disputar-gran-premio-la-emilia-romagna\/"},"author":{"name":"Xavi Andornet","@id":"http:\/\/esponsorama.ad\/es\/#\/schema\/person\/a5cde74945183d737066e46b61c6f9c4"},"headline":"EL ESPONSORAMA RACING, PREPARADO PARA DISPUTAR EL GRAN PREMIO DE LA EMILIA ROMAGNA","datePublished":"2020-09-17T17:09:10+00:00","dateModified":"2020-09-17T17:16:43+00:00","mainEntityOfPage":{"@id":"http:\/\/esponsorama.ad\/es\/esponsorama-racing-preparado-disputar-gran-premio-la-emilia-romagna\/"},"wordCount":382,"image":{"@id":"http:\/\/esponsorama.ad\/es\/esponsorama-racing-preparado-disputar-gran-premio-la-emilia-romagna\/#primaryimage"},"thumbnailUrl":"http:\/\/esponsorama.ad\/wp-content\/uploads\/2020\/09\/07SanMarino20Mgp_Esponsorama_AX19528-1.jpg","articleSection":["MotoGP"],"inLanguage":"es"},{"@type":"WebPage","@id":"http:\/\/esponsorama.ad\/es\/esponsorama-racing-preparado-disputar-gran-premio-la-emilia-romagna\/","url":"http:\/\/esponsorama.ad\/es\/esponsorama-racing-preparado-disputar-gran-premio-la-emilia-romagna\/","name":"EL ESPONSORAMA RACING, PREPARADO PARA DISPUTAR EL GRAN PREMIO DE LA EMILIA ROMAGNA - Esponsorama","isPartOf":{"@id":"http:\/\/esponsorama.ad\/es\/#website"},"primaryImageOfPage":{"@id":"http:\/\/esponsorama.ad\/es\/esponsorama-racing-preparado-disputar-gran-premio-la-emilia-romagna\/#primaryimage"},"image":{"@id":"http:\/\/esponsorama.ad\/es\/esponsorama-racing-preparado-disputar-gran-premio-la-emilia-romagna\/#primaryimage"},"thumbnailUrl":"http:\/\/esponsorama.ad\/wp-content\/uploads\/2020\/09\/07SanMarino20Mgp_Esponsorama_AX19528-1.jpg","datePublished":"2020-09-17T17:09:10+00:00","dateModified":"2020-09-17T17:16:43+00:00","author":{"@id":"http:\/\/esponsorama.ad\/es\/#\/schema\/person\/a5cde74945183d737066e46b61c6f9c4"},"breadcrumb":{"@id":"http:\/\/esponsorama.ad\/es\/esponsorama-racing-preparado-disputar-gran-premio-la-emilia-romagna\/#breadcrumb"},"inLanguage":"es","potentialAction":[{"@type":"ReadAction","target":["http:\/\/esponsorama.ad\/es\/esponsorama-racing-preparado-disputar-gran-premio-la-emilia-romagna\/"]}]},{"@type":"ImageObject","inLanguage":"es","@id":"http:\/\/esponsorama.ad\/es\/esponsorama-racing-preparado-disputar-gran-premio-la-emilia-romagna\/#primaryimage","url":"http:\/\/esponsorama.ad\/wp-content\/uploads\/2020\/09\/07SanMarino20Mgp_Esponsorama_AX19528-1.jpg","contentUrl":"http:\/\/esponsorama.ad\/wp-content\/uploads\/2020\/09\/07SanMarino20Mgp_Esponsorama_AX19528-1.jpg","width":5472,"height":3648,"caption":"07 San Marino GP 11 al 13 de Agosto de 2020. Moto3, M3, m3"},{"@type":"BreadcrumbList","@id":"http:\/\/esponsorama.ad\/es\/esponsorama-racing-preparado-disputar-gran-premio-la-emilia-romagna\/#breadcrumb","itemListElement":[{"@type":"ListItem","position":1,"name":"Home","item":"http:\/\/esponsorama.ad\/en\/"},{"@type":"ListItem","position":2,"name":"EL ESPONSORAMA RACING, PREPARADO PARA DISPUTAR EL GRAN PREMIO DE LA EMILIA ROMAGNA"}]},{"@type":"WebSite","@id":"http:\/\/esponsorama.ad\/es\/#website","url":"http:\/\/esponsorama.ad\/es\/","name":"Esponsorama","description":"Specialist in motorsport sponsorship and event promotions","potentialAction":[{"@type":"SearchAction","target":{"@type":"EntryPoint","urlTemplate":"http:\/\/esponsorama.ad\/es\/?s={search_term_string}"},"query-input":{"@type":"PropertyValueSpecification","valueRequired":true,"valueName":"search_term_string"}}],"inLanguage":"es"},{"@type":"Person","@id":"http:\/\/esponsorama.ad\/es\/#\/schema\/person\/a5cde74945183d737066e46b61c6f9c4","name":"Xavi Andornet","image":{"@type":"ImageObject","inLanguage":"es","@id":"http:\/\/esponsorama.ad\/es\/#\/schema\/person\/image\/","url":"https:\/\/secure.gravatar.com\/avatar\/f10eaf9ad601244a2357c9fd7cd9805ed166cfaaf76d5d9ab08a9d873e70147a?s=96&d=mm&r=g","contentUrl":"https:\/\/secure.gravatar.com\/avatar\/f10eaf9ad601244a2357c9fd7cd9805ed166cfaaf76d5d9ab08a9d873e70147a?s=96&d=mm&r=g","caption":"Xavi Andornet"},"sameAs":["http:\/\/www.andornet.ad"],"url":"http:\/\/esponsorama.ad\/es\/author\/andornet\/"}]}},"_links":{"self":[{"href":"http:\/\/esponsorama.ad\/es\/wp-json\/wp\/v2\/posts\/16222","targetHints":{"allow":["GET"]}}],"collection":[{"href":"http:\/\/esponsorama.ad\/es\/wp-json\/wp\/v2\/posts"}],"about":[{"href":"http:\/\/esponsorama.ad\/es\/wp-json\/wp\/v2\/types\/post"}],"author":[{"embeddable":true,"href":"http:\/\/esponsorama.ad\/es\/wp-json\/wp\/v2\/users\/6"}],"replies":[{"embeddable":true,"href":"http:\/\/esponsorama.ad\/es\/wp-json\/wp\/v2\/comments?post=16222"}],"version-history":[{"count":1,"href":"http:\/\/esponsorama.ad\/es\/wp-json\/wp\/v2\/posts\/16222\/revisions"}],"predecessor-version":[{"id":16226,"href":"http:\/\/esponsorama.ad\/es\/wp-json\/wp\/v2\/posts\/16222\/revisions\/16226"}],"wp:featuredmedia":[{"embeddable":true,"href":"http:\/\/esponsorama.ad\/es\/wp-json\/wp\/v2\/media\/16223"}],"wp:attachment":[{"href":"http:\/\/esponsorama.ad\/es\/wp-json\/wp\/v2\/media?parent=16222"}],"wp:term":[{"taxonomy":"category","embeddable":true,"href":"http:\/\/esponsorama.ad\/es\/wp-json\/wp\/v2\/categories?post=16222"},{"taxonomy":"post_tag","embeddable":true,"href":"http:\/\/esponsorama.ad\/es\/wp-json\/wp\/v2\/tags?post=16222"}],"curies":[{"name":"wp","href":"https:\/\/api.w.org\/{rel}","templated":true}]}}