{"id":16229,"date":"2020-09-17T20:23:28","date_gmt":"2020-09-17T18:23:28","guid":{"rendered":"http:\/\/esponsorama.ad\/?p=16229"},"modified":"2020-09-17T20:25:28","modified_gmt":"2020-09-17T18:25:28","slug":"reale-avintia-moto3-carlos-tatay-motivados-seguir-sumando-puntos-misano","status":"publish","type":"post","link":"http:\/\/esponsorama.ad\/es\/reale-avintia-moto3-carlos-tatay-motivados-seguir-sumando-puntos-misano\/","title":{"rendered":"EL REALE AVINTIA MOTO3 Y CARLOS TATAY, MOTIVADOS PARA SEGUIR SUMANDO PUNTOS EN MISANO"},"content":{"rendered":"<p>El Reale Avintia Moto3 y Carlos Tatay disputar\u00e1n este fin de semana la octava cita de la temporada, el Gran Premio de la Emilia Romagna en el Misano World Circuit Marco Simoncelli.<\/p>\n<p>Despu\u00e9s de finalizar 15\u00ba en el Gran Premio de San Marino, consiguiendo entrar en la zona de puntos por segunda vez esta temporada, Carlos Tatay afronta un nuevo fin de semana de competici\u00f3n con ganas de seguir en la l\u00ednea ascendente que atraviesa el equipo.<\/p>\n<p>Ser\u00e1 el viernes a partir de las 9:00 cuando el Reale Avintia Moto3 volver\u00e1 a la acci\u00f3n para disputar los primeros entrenamientos libres del Gran Premio de la Emilia Romagna.<\/p>\n<p>\t\t\t\t\t<div class=\"rider-short\">\n\t\t\t\t<a href=\"http:\/\/esponsorama.ad\/es\/piloto\/carlos-tatay\/\"><img loading=\"lazy\" decoding=\"async\" width=\"300\" height=\"300\" src=\"http:\/\/esponsorama.ad\/wp-content\/uploads\/2021\/02\/dorsal-tatay-gris-300x300.png\" class=\"attachment-medium size-medium\" alt=\"\" srcset=\"http:\/\/esponsorama.ad\/wp-content\/uploads\/2021\/02\/dorsal-tatay-gris-300x300.png 300w, http:\/\/esponsorama.ad\/wp-content\/uploads\/2021\/02\/dorsal-tatay-gris-150x150.png 150w, http:\/\/esponsorama.ad\/wp-content\/uploads\/2021\/02\/dorsal-tatay-gris.png 500w\" sizes=\"auto, (max-width: 300px) 100vw, 300px\" \/><\/a><div class=\"info\"><h3><a href=\"http:\/\/esponsorama.ad\/es\/piloto\/carlos-tatay\/\">Carlos Tatay<\/a><\/h3><div class=\"rrss\"><a target=\"_blank\" href=\"https:\/\/www.facebook.com\/carlostatay99\/\"><i class=\"fa fa-facebook\"><\/i><\/a><a target=\"_blank\" href=\"https:\/\/twitter.com\/carlostatay99\"><i class=\"fa fa-twitter\"><\/i><\/a><a target=\"_blank\" href=\"https:\/\/www.instagram.com\/carlostatay99\/\"><i class=\"fa fa-instagram\"><\/i><\/a><\/div><\/div>\t\t\t\t\t<\/div>\n\t\t\t\t<br \/>\n\u201cAfrontamos este fin de semana con muchas ganas, tenemos una muy buena base de la semana pasada. Creo que estamos en el buen camino, ahora nos toca continuar trabajando duro en cada entrenamiento libre y a seguir mejorando de cara a carrera.\u00bb<\/p>\n","protected":false},"excerpt":{"rendered":"<p>El Reale Avintia Moto3 y Carlos Tatay disputar\u00e1n este fin de semana la octava cita de la temporada, el Gran Premio de la Emilia Romagna en el Misano World Circuit Marco Simoncelli. Despu\u00e9s de finalizar 15\u00ba en el Gran Premio de San Marino, consiguiendo entrar en la zona de puntos por segunda vez esta temporada, [&hellip;]<\/p>\n","protected":false},"author":6,"featured_media":16177,"comment_status":"closed","ping_status":"closed","sticky":false,"template":"","format":"standard","meta":{"footnotes":""},"categories":[12],"tags":[],"class_list":["post-16229","post","type-post","status-publish","format-standard","has-post-thumbnail","hentry","category-moto3"],"yoast_head":"<!-- This site is optimized with the Yoast SEO plugin v27.1.1 - https:\/\/yoast.com\/product\/yoast-seo-wordpress\/ -->\n<title>EL REALE AVINTIA MOTO3 Y CARLOS TATAY, MOTIVADOS PARA SEGUIR SUMANDO PUNTOS EN MISANO - Esponsorama<\/title>\n<meta name=\"robots\" content=\"index, follow, max-snippet:-1, max-image-preview:large, max-video-preview:-1\" \/>\n<link rel=\"canonical\" href=\"http:\/\/esponsorama.ad\/es\/reale-avintia-moto3-carlos-tatay-motivados-seguir-sumando-puntos-misano\/\" \/>\n<meta property=\"og:locale\" content=\"es_ES\" \/>\n<meta property=\"og:type\" content=\"article\" \/>\n<meta property=\"og:title\" content=\"EL REALE AVINTIA MOTO3 Y CARLOS TATAY, MOTIVADOS PARA SEGUIR SUMANDO PUNTOS EN MISANO - Esponsorama\" \/>\n<meta property=\"og:description\" content=\"El Reale Avintia Moto3 y Carlos Tatay disputar\u00e1n este fin de semana la octava cita de la temporada, el Gran Premio de la Emilia Romagna en el Misano World Circuit Marco Simoncelli. Despu\u00e9s de finalizar 15\u00ba en el Gran Premio de San Marino, consiguiendo entrar en la zona de puntos por segunda vez esta temporada, [&hellip;]\" \/>\n<meta property=\"og:url\" content=\"http:\/\/esponsorama.ad\/es\/reale-avintia-moto3-carlos-tatay-motivados-seguir-sumando-puntos-misano\/\" \/>\n<meta property=\"og:site_name\" content=\"Esponsorama\" \/>\n<meta property=\"article:published_time\" content=\"2020-09-17T18:23:28+00:00\" \/>\n<meta property=\"article:modified_time\" content=\"2020-09-17T18:25:28+00:00\" \/>\n<meta property=\"og:image\" content=\"http:\/\/esponsorama.ad\/wp-content\/uploads\/2020\/09\/07SanMarino20M3_Esponsorama_ROB9037-1024x683.jpg\" \/>\n\t<meta property=\"og:image:width\" content=\"1024\" \/>\n\t<meta property=\"og:image:height\" content=\"683\" \/>\n\t<meta property=\"og:image:type\" content=\"image\/jpeg\" \/>\n<meta name=\"author\" content=\"Xavi Andornet\" \/>\n<meta name=\"twitter:card\" content=\"summary_large_image\" \/>\n<meta name=\"twitter:label1\" content=\"Escrito por\" \/>\n\t<meta name=\"twitter:data1\" content=\"Xavi Andornet\" \/>\n\t<meta name=\"twitter:label2\" content=\"Tiempo de lectura\" \/>\n\t<meta name=\"twitter:data2\" content=\"1 minuto\" \/>\n<script type=\"application\/ld+json\" class=\"yoast-schema-graph\">{\"@context\":\"https:\/\/schema.org\",\"@graph\":[{\"@type\":\"Article\",\"@id\":\"http:\/\/esponsorama.ad\/es\/reale-avintia-moto3-carlos-tatay-motivados-seguir-sumando-puntos-misano\/#article\",\"isPartOf\":{\"@id\":\"http:\/\/esponsorama.ad\/es\/reale-avintia-moto3-carlos-tatay-motivados-seguir-sumando-puntos-misano\/\"},\"author\":{\"name\":\"Xavi Andornet\",\"@id\":\"http:\/\/esponsorama.ad\/es\/#\/schema\/person\/a5cde74945183d737066e46b61c6f9c4\"},\"headline\":\"EL REALE AVINTIA MOTO3 Y CARLOS TATAY, MOTIVADOS PARA SEGUIR SUMANDO PUNTOS EN MISANO\",\"datePublished\":\"2020-09-17T18:23:28+00:00\",\"dateModified\":\"2020-09-17T18:25:28+00:00\",\"mainEntityOfPage\":{\"@id\":\"http:\/\/esponsorama.ad\/es\/reale-avintia-moto3-carlos-tatay-motivados-seguir-sumando-puntos-misano\/\"},\"wordCount\":168,\"image\":{\"@id\":\"http:\/\/esponsorama.ad\/es\/reale-avintia-moto3-carlos-tatay-motivados-seguir-sumando-puntos-misano\/#primaryimage\"},\"thumbnailUrl\":\"http:\/\/esponsorama.ad\/wp-content\/uploads\/2020\/09\/07SanMarino20M3_Esponsorama_ROB9037.jpg\",\"articleSection\":[\"Moto3\"],\"inLanguage\":\"es\"},{\"@type\":\"WebPage\",\"@id\":\"http:\/\/esponsorama.ad\/es\/reale-avintia-moto3-carlos-tatay-motivados-seguir-sumando-puntos-misano\/\",\"url\":\"http:\/\/esponsorama.ad\/es\/reale-avintia-moto3-carlos-tatay-motivados-seguir-sumando-puntos-misano\/\",\"name\":\"EL REALE AVINTIA MOTO3 Y CARLOS TATAY, MOTIVADOS PARA SEGUIR SUMANDO PUNTOS EN MISANO - Esponsorama\",\"isPartOf\":{\"@id\":\"http:\/\/esponsorama.ad\/es\/#website\"},\"primaryImageOfPage\":{\"@id\":\"http:\/\/esponsorama.ad\/es\/reale-avintia-moto3-carlos-tatay-motivados-seguir-sumando-puntos-misano\/#primaryimage\"},\"image\":{\"@id\":\"http:\/\/esponsorama.ad\/es\/reale-avintia-moto3-carlos-tatay-motivados-seguir-sumando-puntos-misano\/#primaryimage\"},\"thumbnailUrl\":\"http:\/\/esponsorama.ad\/wp-content\/uploads\/2020\/09\/07SanMarino20M3_Esponsorama_ROB9037.jpg\",\"datePublished\":\"2020-09-17T18:23:28+00:00\",\"dateModified\":\"2020-09-17T18:25:28+00:00\",\"author\":{\"@id\":\"http:\/\/esponsorama.ad\/es\/#\/schema\/person\/a5cde74945183d737066e46b61c6f9c4\"},\"breadcrumb\":{\"@id\":\"http:\/\/esponsorama.ad\/es\/reale-avintia-moto3-carlos-tatay-motivados-seguir-sumando-puntos-misano\/#breadcrumb\"},\"inLanguage\":\"es\",\"potentialAction\":[{\"@type\":\"ReadAction\",\"target\":[\"http:\/\/esponsorama.ad\/es\/reale-avintia-moto3-carlos-tatay-motivados-seguir-sumando-puntos-misano\/\"]}]},{\"@type\":\"ImageObject\",\"inLanguage\":\"es\",\"@id\":\"http:\/\/esponsorama.ad\/es\/reale-avintia-moto3-carlos-tatay-motivados-seguir-sumando-puntos-misano\/#primaryimage\",\"url\":\"http:\/\/esponsorama.ad\/wp-content\/uploads\/2020\/09\/07SanMarino20M3_Esponsorama_ROB9037.jpg\",\"contentUrl\":\"http:\/\/esponsorama.ad\/wp-content\/uploads\/2020\/09\/07SanMarino20M3_Esponsorama_ROB9037.jpg\",\"width\":5472,\"height\":3648,\"caption\":\"07 San Marino GP 11 al 13 de Agosto de 2020. Moto3, M3, m3\"},{\"@type\":\"BreadcrumbList\",\"@id\":\"http:\/\/esponsorama.ad\/es\/reale-avintia-moto3-carlos-tatay-motivados-seguir-sumando-puntos-misano\/#breadcrumb\",\"itemListElement\":[{\"@type\":\"ListItem\",\"position\":1,\"name\":\"Home\",\"item\":\"http:\/\/esponsorama.ad\/es\/\"},{\"@type\":\"ListItem\",\"position\":2,\"name\":\"EL REALE AVINTIA MOTO3 Y CARLOS TATAY, MOTIVADOS PARA SEGUIR SUMANDO PUNTOS EN MISANO\"}]},{\"@type\":\"WebSite\",\"@id\":\"http:\/\/esponsorama.ad\/es\/#website\",\"url\":\"http:\/\/esponsorama.ad\/es\/\",\"name\":\"Esponsorama\",\"description\":\"Specialist in motorsport sponsorship and event promotions\",\"potentialAction\":[{\"@type\":\"SearchAction\",\"target\":{\"@type\":\"EntryPoint\",\"urlTemplate\":\"http:\/\/esponsorama.ad\/es\/?s={search_term_string}\"},\"query-input\":{\"@type\":\"PropertyValueSpecification\",\"valueRequired\":true,\"valueName\":\"search_term_string\"}}],\"inLanguage\":\"es\"},{\"@type\":\"Person\",\"@id\":\"http:\/\/esponsorama.ad\/es\/#\/schema\/person\/a5cde74945183d737066e46b61c6f9c4\",\"name\":\"Xavi Andornet\",\"image\":{\"@type\":\"ImageObject\",\"inLanguage\":\"es\",\"@id\":\"http:\/\/esponsorama.ad\/es\/#\/schema\/person\/image\/\",\"url\":\"https:\/\/secure.gravatar.com\/avatar\/f10eaf9ad601244a2357c9fd7cd9805ed166cfaaf76d5d9ab08a9d873e70147a?s=96&d=mm&r=g\",\"contentUrl\":\"https:\/\/secure.gravatar.com\/avatar\/f10eaf9ad601244a2357c9fd7cd9805ed166cfaaf76d5d9ab08a9d873e70147a?s=96&d=mm&r=g\",\"caption\":\"Xavi Andornet\"},\"sameAs\":[\"http:\/\/www.andornet.ad\"],\"url\":\"http:\/\/esponsorama.ad\/es\/author\/andornet\/\"}]}<\/script>\n<!-- \/ Yoast SEO plugin. -->","yoast_head_json":{"title":"EL REALE AVINTIA MOTO3 Y CARLOS TATAY, MOTIVADOS PARA SEGUIR SUMANDO PUNTOS EN MISANO - Esponsorama","robots":{"index":"index","follow":"follow","max-snippet":"max-snippet:-1","max-image-preview":"max-image-preview:large","max-video-preview":"max-video-preview:-1"},"canonical":"http:\/\/esponsorama.ad\/es\/reale-avintia-moto3-carlos-tatay-motivados-seguir-sumando-puntos-misano\/","og_locale":"es_ES","og_type":"article","og_title":"EL REALE AVINTIA MOTO3 Y CARLOS TATAY, MOTIVADOS PARA SEGUIR SUMANDO PUNTOS EN MISANO - Esponsorama","og_description":"El Reale Avintia Moto3 y Carlos Tatay disputar\u00e1n este fin de semana la octava cita de la temporada, el Gran Premio de la Emilia Romagna en el Misano World Circuit Marco Simoncelli. Despu\u00e9s de finalizar 15\u00ba en el Gran Premio de San Marino, consiguiendo entrar en la zona de puntos por segunda vez esta temporada, [&hellip;]","og_url":"http:\/\/esponsorama.ad\/es\/reale-avintia-moto3-carlos-tatay-motivados-seguir-sumando-puntos-misano\/","og_site_name":"Esponsorama","article_published_time":"2020-09-17T18:23:28+00:00","article_modified_time":"2020-09-17T18:25:28+00:00","og_image":[{"width":1024,"height":683,"url":"http:\/\/esponsorama.ad\/wp-content\/uploads\/2020\/09\/07SanMarino20M3_Esponsorama_ROB9037-1024x683.jpg","type":"image\/jpeg"}],"author":"Xavi Andornet","twitter_card":"summary_large_image","twitter_misc":{"Escrito por":"Xavi Andornet","Tiempo de lectura":"1 minuto"},"schema":{"@context":"https:\/\/schema.org","@graph":[{"@type":"Article","@id":"http:\/\/esponsorama.ad\/es\/reale-avintia-moto3-carlos-tatay-motivados-seguir-sumando-puntos-misano\/#article","isPartOf":{"@id":"http:\/\/esponsorama.ad\/es\/reale-avintia-moto3-carlos-tatay-motivados-seguir-sumando-puntos-misano\/"},"author":{"name":"Xavi Andornet","@id":"http:\/\/esponsorama.ad\/es\/#\/schema\/person\/a5cde74945183d737066e46b61c6f9c4"},"headline":"EL REALE AVINTIA MOTO3 Y CARLOS TATAY, MOTIVADOS PARA SEGUIR SUMANDO PUNTOS EN MISANO","datePublished":"2020-09-17T18:23:28+00:00","dateModified":"2020-09-17T18:25:28+00:00","mainEntityOfPage":{"@id":"http:\/\/esponsorama.ad\/es\/reale-avintia-moto3-carlos-tatay-motivados-seguir-sumando-puntos-misano\/"},"wordCount":168,"image":{"@id":"http:\/\/esponsorama.ad\/es\/reale-avintia-moto3-carlos-tatay-motivados-seguir-sumando-puntos-misano\/#primaryimage"},"thumbnailUrl":"http:\/\/esponsorama.ad\/wp-content\/uploads\/2020\/09\/07SanMarino20M3_Esponsorama_ROB9037.jpg","articleSection":["Moto3"],"inLanguage":"es"},{"@type":"WebPage","@id":"http:\/\/esponsorama.ad\/es\/reale-avintia-moto3-carlos-tatay-motivados-seguir-sumando-puntos-misano\/","url":"http:\/\/esponsorama.ad\/es\/reale-avintia-moto3-carlos-tatay-motivados-seguir-sumando-puntos-misano\/","name":"EL REALE AVINTIA MOTO3 Y CARLOS TATAY, MOTIVADOS PARA SEGUIR SUMANDO PUNTOS EN MISANO - Esponsorama","isPartOf":{"@id":"http:\/\/esponsorama.ad\/es\/#website"},"primaryImageOfPage":{"@id":"http:\/\/esponsorama.ad\/es\/reale-avintia-moto3-carlos-tatay-motivados-seguir-sumando-puntos-misano\/#primaryimage"},"image":{"@id":"http:\/\/esponsorama.ad\/es\/reale-avintia-moto3-carlos-tatay-motivados-seguir-sumando-puntos-misano\/#primaryimage"},"thumbnailUrl":"http:\/\/esponsorama.ad\/wp-content\/uploads\/2020\/09\/07SanMarino20M3_Esponsorama_ROB9037.jpg","datePublished":"2020-09-17T18:23:28+00:00","dateModified":"2020-09-17T18:25:28+00:00","author":{"@id":"http:\/\/esponsorama.ad\/es\/#\/schema\/person\/a5cde74945183d737066e46b61c6f9c4"},"breadcrumb":{"@id":"http:\/\/esponsorama.ad\/es\/reale-avintia-moto3-carlos-tatay-motivados-seguir-sumando-puntos-misano\/#breadcrumb"},"inLanguage":"es","potentialAction":[{"@type":"ReadAction","target":["http:\/\/esponsorama.ad\/es\/reale-avintia-moto3-carlos-tatay-motivados-seguir-sumando-puntos-misano\/"]}]},{"@type":"ImageObject","inLanguage":"es","@id":"http:\/\/esponsorama.ad\/es\/reale-avintia-moto3-carlos-tatay-motivados-seguir-sumando-puntos-misano\/#primaryimage","url":"http:\/\/esponsorama.ad\/wp-content\/uploads\/2020\/09\/07SanMarino20M3_Esponsorama_ROB9037.jpg","contentUrl":"http:\/\/esponsorama.ad\/wp-content\/uploads\/2020\/09\/07SanMarino20M3_Esponsorama_ROB9037.jpg","width":5472,"height":3648,"caption":"07 San Marino GP 11 al 13 de Agosto de 2020. Moto3, M3, m3"},{"@type":"BreadcrumbList","@id":"http:\/\/esponsorama.ad\/es\/reale-avintia-moto3-carlos-tatay-motivados-seguir-sumando-puntos-misano\/#breadcrumb","itemListElement":[{"@type":"ListItem","position":1,"name":"Home","item":"http:\/\/esponsorama.ad\/es\/"},{"@type":"ListItem","position":2,"name":"EL REALE AVINTIA MOTO3 Y CARLOS TATAY, MOTIVADOS PARA SEGUIR SUMANDO PUNTOS EN MISANO"}]},{"@type":"WebSite","@id":"http:\/\/esponsorama.ad\/es\/#website","url":"http:\/\/esponsorama.ad\/es\/","name":"Esponsorama","description":"Specialist in motorsport sponsorship and event promotions","potentialAction":[{"@type":"SearchAction","target":{"@type":"EntryPoint","urlTemplate":"http:\/\/esponsorama.ad\/es\/?s={search_term_string}"},"query-input":{"@type":"PropertyValueSpecification","valueRequired":true,"valueName":"search_term_string"}}],"inLanguage":"es"},{"@type":"Person","@id":"http:\/\/esponsorama.ad\/es\/#\/schema\/person\/a5cde74945183d737066e46b61c6f9c4","name":"Xavi Andornet","image":{"@type":"ImageObject","inLanguage":"es","@id":"http:\/\/esponsorama.ad\/es\/#\/schema\/person\/image\/","url":"https:\/\/secure.gravatar.com\/avatar\/f10eaf9ad601244a2357c9fd7cd9805ed166cfaaf76d5d9ab08a9d873e70147a?s=96&d=mm&r=g","contentUrl":"https:\/\/secure.gravatar.com\/avatar\/f10eaf9ad601244a2357c9fd7cd9805ed166cfaaf76d5d9ab08a9d873e70147a?s=96&d=mm&r=g","caption":"Xavi Andornet"},"sameAs":["http:\/\/www.andornet.ad"],"url":"http:\/\/esponsorama.ad\/es\/author\/andornet\/"}]}},"_links":{"self":[{"href":"http:\/\/esponsorama.ad\/es\/wp-json\/wp\/v2\/posts\/16229","targetHints":{"allow":["GET"]}}],"collection":[{"href":"http:\/\/esponsorama.ad\/es\/wp-json\/wp\/v2\/posts"}],"about":[{"href":"http:\/\/esponsorama.ad\/es\/wp-json\/wp\/v2\/types\/post"}],"author":[{"embeddable":true,"href":"http:\/\/esponsorama.ad\/es\/wp-json\/wp\/v2\/users\/6"}],"replies":[{"embeddable":true,"href":"http:\/\/esponsorama.ad\/es\/wp-json\/wp\/v2\/comments?post=16229"}],"version-history":[{"count":1,"href":"http:\/\/esponsorama.ad\/es\/wp-json\/wp\/v2\/posts\/16229\/revisions"}],"predecessor-version":[{"id":16230,"href":"http:\/\/esponsorama.ad\/es\/wp-json\/wp\/v2\/posts\/16229\/revisions\/16230"}],"wp:featuredmedia":[{"embeddable":true,"href":"http:\/\/esponsorama.ad\/es\/wp-json\/wp\/v2\/media\/16177"}],"wp:attachment":[{"href":"http:\/\/esponsorama.ad\/es\/wp-json\/wp\/v2\/media?parent=16229"}],"wp:term":[{"taxonomy":"category","embeddable":true,"href":"http:\/\/esponsorama.ad\/es\/wp-json\/wp\/v2\/categories?post=16229"},{"taxonomy":"post_tag","embeddable":true,"href":"http:\/\/esponsorama.ad\/es\/wp-json\/wp\/v2\/tags?post=16229"}],"curies":[{"name":"wp","href":"https:\/\/api.w.org\/{rel}","templated":true}]}}