{"id":16233,"date":"2020-09-17T20:34:28","date_gmt":"2020-09-17T18:34:28","guid":{"rendered":"http:\/\/esponsorama.ad\/?p=16233"},"modified":"2020-09-17T20:36:18","modified_gmt":"2020-09-17T18:36:18","slug":"vuelta-la-accion-avintia-esponsorama-racing-misano-2","status":"publish","type":"post","link":"http:\/\/esponsorama.ad\/es\/vuelta-la-accion-avintia-esponsorama-racing-misano-2\/","title":{"rendered":"VUELTA A LA ACCI\u00d3N PARA EL AVINTIA ESPONSORAMA RACING EN MISANO"},"content":{"rendered":"<p>El Avintia Esponsorama Racing disputar\u00e1 este fin de semana el Gran Premio de la Emilia Romagna en el Misano World Circuit Marco Simoncelli. Ser\u00e1 la primera cita de la temporada donde en el mismo gran premio se disputar\u00e1n dos carreras, una el s\u00e1bado y otra el domingo.<\/p>\n<p>Tras lograr una gran remontada el fin de semana pasado, Eric Granado vuelve a Misano con el mismo objetivo: seguir recortando puntos al l\u00edder. El piloto brasile\u00f1o tendr\u00e1 una doble oportunidad para sumar buenos resultados y as\u00ed ascender a lo alto de la clasificaci\u00f3n.<\/p>\n<p>Por su parte, Xavi Cardel\u00fas quiere confirmar el gran paso adelante mostrado la semana pasada. El piloto andorrano, quien se muestra cada d\u00eda m\u00e1s competitivo y c\u00f3modo encima de su Energica Ego Corsa, luchar\u00e1 este fin de semana por seguir sumando puntos importantes.<\/p>\n<p>Ser\u00e1 el viernes a partir de las 11:50 cuando el Avintia Esponsorama Racing volver\u00e1 a la acci\u00f3n para disputar los primeros entrenamientos libres del Gran Premio de la Emilia Romagna.<\/p>\n<p>\t\t\t\t\t<div class=\"rider-short\">\n\t\t\t\t<a href=\"http:\/\/esponsorama.ad\/es\/piloto\/eric-granado\/\"><img loading=\"lazy\" decoding=\"async\" width=\"300\" height=\"300\" src=\"http:\/\/esponsorama.ad\/wp-content\/uploads\/2018\/10\/numero-granado-comunicados-2018.png\" class=\"attachment-medium size-medium\" alt=\"\" srcset=\"http:\/\/esponsorama.ad\/wp-content\/uploads\/2018\/10\/numero-granado-comunicados-2018.png 300w, http:\/\/esponsorama.ad\/wp-content\/uploads\/2018\/10\/numero-granado-comunicados-2018-150x150.png 150w\" sizes=\"auto, (max-width: 300px) 100vw, 300px\" \/><\/a><div class=\"info\"><h3><a href=\"http:\/\/esponsorama.ad\/es\/piloto\/eric-granado\/\">Eric Granado<\/a><\/h3><div class=\"rrss\"><a target=\"_blank\" href=\"https:\/\/www.facebook.com\/PilotoEricGranado\/?ref=br_rs\"><i class=\"fa fa-facebook\"><\/i><\/a><a target=\"_blank\" href=\"https:\/\/twitter.com\/ericgranado\"><i class=\"fa fa-twitter\"><\/i><\/a><a target=\"_blank\" href=\"https:\/\/www.instagram.com\/ericgranado\/\"><i class=\"fa fa-instagram\"><\/i><\/a><\/div><\/div>\t\t\t\t\t<\/div>\n\t\t\t\t<br \/>\n\u201cMuy motivado para este fin de semana de carreras, el pasado fin de semana lo ten\u00edamos todo para luchar por la victoria pero una penalizaci\u00f3n en la E-Pole no pudimos cumplir con el objetivo marcado al partir desde la \u00faltima posici\u00f3n. Este Gran Premio intentaremos no equivocarnos y esperamos que sea un fin de semana perfecto.\u00bb<\/p>\n<p>\t\t\t\t\t<div class=\"rider-short\">\n\t\t\t\t<a href=\"http:\/\/esponsorama.ad\/es\/piloto\/xavier-cardelus\/\"><img loading=\"lazy\" decoding=\"async\" width=\"300\" height=\"300\" src=\"http:\/\/esponsorama.ad\/wp-content\/uploads\/2021\/02\/dorsal-cardelus-gris-300x300.png\" class=\"attachment-medium size-medium\" alt=\"\" srcset=\"http:\/\/esponsorama.ad\/wp-content\/uploads\/2021\/02\/dorsal-cardelus-gris-300x300.png 300w, http:\/\/esponsorama.ad\/wp-content\/uploads\/2021\/02\/dorsal-cardelus-gris-150x150.png 150w, http:\/\/esponsorama.ad\/wp-content\/uploads\/2021\/02\/dorsal-cardelus-gris.png 500w\" sizes=\"auto, (max-width: 300px) 100vw, 300px\" \/><\/a><div class=\"info\"><h3><a href=\"http:\/\/esponsorama.ad\/es\/piloto\/xavier-cardelus\/\">Xavier Cardel\u00fas<\/a><\/h3><div class=\"rrss\"><a target=\"_blank\" href=\"https:\/\/twitter.com\/xavicardelus\"><i class=\"fa fa-twitter\"><\/i><\/a><a target=\"_blank\" href=\"https:\/\/www.instagram.com\/xavicardelus\/\"><i class=\"fa fa-instagram\"><\/i><\/a><\/div><\/div>\t\t\t\t\t<\/div>\n\t\t\t\t<br \/>\n\u201cCon muchas ganas de empezar ma\u00f1ana, estoy motivado despu\u00e9s de como fue la carrera la semana pasada, independientemente de los errores que comet\u00ed. El objetivo es comenzar del mismo modo que como terminamos la semana pasada, y si conseguimos esto creo que daremos un gran paso adelante.\u00bb<\/p>\n","protected":false},"excerpt":{"rendered":"<p>El Avintia Esponsorama Racing disputar\u00e1 este fin de semana el Gran Premio de la Emilia Romagna en el Misano World Circuit Marco Simoncelli. Ser\u00e1 la primera cita de la temporada donde en el mismo gran premio se disputar\u00e1n dos carreras, una el s\u00e1bado y otra el domingo. Tras lograr una gran remontada el fin de [&hellip;]<\/p>\n","protected":false},"author":6,"featured_media":16235,"comment_status":"closed","ping_status":"closed","sticky":false,"template":"","format":"standard","meta":{"footnotes":""},"categories":[21],"tags":[],"class_list":["post-16233","post","type-post","status-publish","format-standard","has-post-thumbnail","hentry","category-motoe"],"yoast_head":"<!-- This site is optimized with the Yoast SEO plugin v27.1.1 - https:\/\/yoast.com\/product\/yoast-seo-wordpress\/ -->\n<title>VUELTA A LA ACCI\u00d3N PARA EL AVINTIA ESPONSORAMA RACING EN MISANO - Esponsorama<\/title>\n<meta name=\"robots\" content=\"index, follow, max-snippet:-1, max-image-preview:large, max-video-preview:-1\" \/>\n<link rel=\"canonical\" href=\"http:\/\/esponsorama.ad\/es\/vuelta-la-accion-avintia-esponsorama-racing-misano-2\/\" \/>\n<meta property=\"og:locale\" content=\"es_ES\" \/>\n<meta property=\"og:type\" content=\"article\" \/>\n<meta property=\"og:title\" content=\"VUELTA A LA ACCI\u00d3N PARA EL AVINTIA ESPONSORAMA RACING EN MISANO - Esponsorama\" \/>\n<meta property=\"og:description\" content=\"El Avintia Esponsorama Racing disputar\u00e1 este fin de semana el Gran Premio de la Emilia Romagna en el Misano World Circuit Marco Simoncelli. Ser\u00e1 la primera cita de la temporada donde en el mismo gran premio se disputar\u00e1n dos carreras, una el s\u00e1bado y otra el domingo. Tras lograr una gran remontada el fin de [&hellip;]\" \/>\n<meta property=\"og:url\" content=\"http:\/\/esponsorama.ad\/es\/vuelta-la-accion-avintia-esponsorama-racing-misano-2\/\" \/>\n<meta property=\"og:site_name\" content=\"Esponsorama\" \/>\n<meta property=\"article:published_time\" content=\"2020-09-17T18:34:28+00:00\" \/>\n<meta property=\"article:modified_time\" content=\"2020-09-17T18:36:18+00:00\" \/>\n<meta property=\"og:image\" content=\"http:\/\/esponsorama.ad\/wp-content\/uploads\/2020\/09\/WhatsApp-Image-2020-09-13-at-13.27.47.jpeg\" \/>\n\t<meta property=\"og:image:width\" content=\"1600\" \/>\n\t<meta property=\"og:image:height\" content=\"1066\" \/>\n\t<meta property=\"og:image:type\" content=\"image\/jpeg\" \/>\n<meta name=\"author\" content=\"Xavi Andornet\" \/>\n<meta name=\"twitter:card\" content=\"summary_large_image\" \/>\n<meta name=\"twitter:label1\" content=\"Escrito por\" \/>\n\t<meta name=\"twitter:data1\" content=\"Xavi Andornet\" \/>\n\t<meta name=\"twitter:label2\" content=\"Tiempo de lectura\" \/>\n\t<meta name=\"twitter:data2\" content=\"1 minuto\" \/>\n<script type=\"application\/ld+json\" class=\"yoast-schema-graph\">{\"@context\":\"https:\/\/schema.org\",\"@graph\":[{\"@type\":\"Article\",\"@id\":\"http:\/\/esponsorama.ad\/es\/vuelta-la-accion-avintia-esponsorama-racing-misano-2\/#article\",\"isPartOf\":{\"@id\":\"http:\/\/esponsorama.ad\/es\/vuelta-la-accion-avintia-esponsorama-racing-misano-2\/\"},\"author\":{\"name\":\"Xavi Andornet\",\"@id\":\"http:\/\/esponsorama.ad\/es\/#\/schema\/person\/a5cde74945183d737066e46b61c6f9c4\"},\"headline\":\"VUELTA A LA ACCI\u00d3N PARA EL AVINTIA ESPONSORAMA RACING EN MISANO\",\"datePublished\":\"2020-09-17T18:34:28+00:00\",\"dateModified\":\"2020-09-17T18:36:18+00:00\",\"mainEntityOfPage\":{\"@id\":\"http:\/\/esponsorama.ad\/es\/vuelta-la-accion-avintia-esponsorama-racing-misano-2\/\"},\"wordCount\":297,\"image\":{\"@id\":\"http:\/\/esponsorama.ad\/es\/vuelta-la-accion-avintia-esponsorama-racing-misano-2\/#primaryimage\"},\"thumbnailUrl\":\"http:\/\/esponsorama.ad\/wp-content\/uploads\/2020\/09\/WhatsApp-Image-2020-09-13-at-13.27.47.jpeg\",\"articleSection\":[\"MotoE\"],\"inLanguage\":\"es\"},{\"@type\":\"WebPage\",\"@id\":\"http:\/\/esponsorama.ad\/es\/vuelta-la-accion-avintia-esponsorama-racing-misano-2\/\",\"url\":\"http:\/\/esponsorama.ad\/es\/vuelta-la-accion-avintia-esponsorama-racing-misano-2\/\",\"name\":\"VUELTA A LA ACCI\u00d3N PARA EL AVINTIA ESPONSORAMA RACING EN MISANO - Esponsorama\",\"isPartOf\":{\"@id\":\"http:\/\/esponsorama.ad\/es\/#website\"},\"primaryImageOfPage\":{\"@id\":\"http:\/\/esponsorama.ad\/es\/vuelta-la-accion-avintia-esponsorama-racing-misano-2\/#primaryimage\"},\"image\":{\"@id\":\"http:\/\/esponsorama.ad\/es\/vuelta-la-accion-avintia-esponsorama-racing-misano-2\/#primaryimage\"},\"thumbnailUrl\":\"http:\/\/esponsorama.ad\/wp-content\/uploads\/2020\/09\/WhatsApp-Image-2020-09-13-at-13.27.47.jpeg\",\"datePublished\":\"2020-09-17T18:34:28+00:00\",\"dateModified\":\"2020-09-17T18:36:18+00:00\",\"author\":{\"@id\":\"http:\/\/esponsorama.ad\/es\/#\/schema\/person\/a5cde74945183d737066e46b61c6f9c4\"},\"breadcrumb\":{\"@id\":\"http:\/\/esponsorama.ad\/es\/vuelta-la-accion-avintia-esponsorama-racing-misano-2\/#breadcrumb\"},\"inLanguage\":\"es\",\"potentialAction\":[{\"@type\":\"ReadAction\",\"target\":[\"http:\/\/esponsorama.ad\/es\/vuelta-la-accion-avintia-esponsorama-racing-misano-2\/\"]}]},{\"@type\":\"ImageObject\",\"inLanguage\":\"es\",\"@id\":\"http:\/\/esponsorama.ad\/es\/vuelta-la-accion-avintia-esponsorama-racing-misano-2\/#primaryimage\",\"url\":\"http:\/\/esponsorama.ad\/wp-content\/uploads\/2020\/09\/WhatsApp-Image-2020-09-13-at-13.27.47.jpeg\",\"contentUrl\":\"http:\/\/esponsorama.ad\/wp-content\/uploads\/2020\/09\/WhatsApp-Image-2020-09-13-at-13.27.47.jpeg\",\"width\":1600,\"height\":1066},{\"@type\":\"BreadcrumbList\",\"@id\":\"http:\/\/esponsorama.ad\/es\/vuelta-la-accion-avintia-esponsorama-racing-misano-2\/#breadcrumb\",\"itemListElement\":[{\"@type\":\"ListItem\",\"position\":1,\"name\":\"Home\",\"item\":\"http:\/\/esponsorama.ad\/es\/\"},{\"@type\":\"ListItem\",\"position\":2,\"name\":\"VUELTA A LA ACCI\u00d3N PARA EL AVINTIA ESPONSORAMA RACING EN MISANO\"}]},{\"@type\":\"WebSite\",\"@id\":\"http:\/\/esponsorama.ad\/es\/#website\",\"url\":\"http:\/\/esponsorama.ad\/es\/\",\"name\":\"Esponsorama\",\"description\":\"Specialist in motorsport sponsorship and event promotions\",\"potentialAction\":[{\"@type\":\"SearchAction\",\"target\":{\"@type\":\"EntryPoint\",\"urlTemplate\":\"http:\/\/esponsorama.ad\/es\/?s={search_term_string}\"},\"query-input\":{\"@type\":\"PropertyValueSpecification\",\"valueRequired\":true,\"valueName\":\"search_term_string\"}}],\"inLanguage\":\"es\"},{\"@type\":\"Person\",\"@id\":\"http:\/\/esponsorama.ad\/es\/#\/schema\/person\/a5cde74945183d737066e46b61c6f9c4\",\"name\":\"Xavi Andornet\",\"image\":{\"@type\":\"ImageObject\",\"inLanguage\":\"es\",\"@id\":\"http:\/\/esponsorama.ad\/es\/#\/schema\/person\/image\/\",\"url\":\"https:\/\/secure.gravatar.com\/avatar\/f10eaf9ad601244a2357c9fd7cd9805ed166cfaaf76d5d9ab08a9d873e70147a?s=96&d=mm&r=g\",\"contentUrl\":\"https:\/\/secure.gravatar.com\/avatar\/f10eaf9ad601244a2357c9fd7cd9805ed166cfaaf76d5d9ab08a9d873e70147a?s=96&d=mm&r=g\",\"caption\":\"Xavi Andornet\"},\"sameAs\":[\"http:\/\/www.andornet.ad\"],\"url\":\"http:\/\/esponsorama.ad\/es\/author\/andornet\/\"}]}<\/script>\n<!-- \/ Yoast SEO plugin. -->","yoast_head_json":{"title":"VUELTA A LA ACCI\u00d3N PARA EL AVINTIA ESPONSORAMA RACING EN MISANO - Esponsorama","robots":{"index":"index","follow":"follow","max-snippet":"max-snippet:-1","max-image-preview":"max-image-preview:large","max-video-preview":"max-video-preview:-1"},"canonical":"http:\/\/esponsorama.ad\/es\/vuelta-la-accion-avintia-esponsorama-racing-misano-2\/","og_locale":"es_ES","og_type":"article","og_title":"VUELTA A LA ACCI\u00d3N PARA EL AVINTIA ESPONSORAMA RACING EN MISANO - Esponsorama","og_description":"El Avintia Esponsorama Racing disputar\u00e1 este fin de semana el Gran Premio de la Emilia Romagna en el Misano World Circuit Marco Simoncelli. Ser\u00e1 la primera cita de la temporada donde en el mismo gran premio se disputar\u00e1n dos carreras, una el s\u00e1bado y otra el domingo. Tras lograr una gran remontada el fin de [&hellip;]","og_url":"http:\/\/esponsorama.ad\/es\/vuelta-la-accion-avintia-esponsorama-racing-misano-2\/","og_site_name":"Esponsorama","article_published_time":"2020-09-17T18:34:28+00:00","article_modified_time":"2020-09-17T18:36:18+00:00","og_image":[{"width":1600,"height":1066,"url":"http:\/\/esponsorama.ad\/wp-content\/uploads\/2020\/09\/WhatsApp-Image-2020-09-13-at-13.27.47.jpeg","type":"image\/jpeg"}],"author":"Xavi Andornet","twitter_card":"summary_large_image","twitter_misc":{"Escrito por":"Xavi Andornet","Tiempo de lectura":"1 minuto"},"schema":{"@context":"https:\/\/schema.org","@graph":[{"@type":"Article","@id":"http:\/\/esponsorama.ad\/es\/vuelta-la-accion-avintia-esponsorama-racing-misano-2\/#article","isPartOf":{"@id":"http:\/\/esponsorama.ad\/es\/vuelta-la-accion-avintia-esponsorama-racing-misano-2\/"},"author":{"name":"Xavi Andornet","@id":"http:\/\/esponsorama.ad\/es\/#\/schema\/person\/a5cde74945183d737066e46b61c6f9c4"},"headline":"VUELTA A LA ACCI\u00d3N PARA EL AVINTIA ESPONSORAMA RACING EN MISANO","datePublished":"2020-09-17T18:34:28+00:00","dateModified":"2020-09-17T18:36:18+00:00","mainEntityOfPage":{"@id":"http:\/\/esponsorama.ad\/es\/vuelta-la-accion-avintia-esponsorama-racing-misano-2\/"},"wordCount":297,"image":{"@id":"http:\/\/esponsorama.ad\/es\/vuelta-la-accion-avintia-esponsorama-racing-misano-2\/#primaryimage"},"thumbnailUrl":"http:\/\/esponsorama.ad\/wp-content\/uploads\/2020\/09\/WhatsApp-Image-2020-09-13-at-13.27.47.jpeg","articleSection":["MotoE"],"inLanguage":"es"},{"@type":"WebPage","@id":"http:\/\/esponsorama.ad\/es\/vuelta-la-accion-avintia-esponsorama-racing-misano-2\/","url":"http:\/\/esponsorama.ad\/es\/vuelta-la-accion-avintia-esponsorama-racing-misano-2\/","name":"VUELTA A LA ACCI\u00d3N PARA EL AVINTIA ESPONSORAMA RACING EN MISANO - Esponsorama","isPartOf":{"@id":"http:\/\/esponsorama.ad\/es\/#website"},"primaryImageOfPage":{"@id":"http:\/\/esponsorama.ad\/es\/vuelta-la-accion-avintia-esponsorama-racing-misano-2\/#primaryimage"},"image":{"@id":"http:\/\/esponsorama.ad\/es\/vuelta-la-accion-avintia-esponsorama-racing-misano-2\/#primaryimage"},"thumbnailUrl":"http:\/\/esponsorama.ad\/wp-content\/uploads\/2020\/09\/WhatsApp-Image-2020-09-13-at-13.27.47.jpeg","datePublished":"2020-09-17T18:34:28+00:00","dateModified":"2020-09-17T18:36:18+00:00","author":{"@id":"http:\/\/esponsorama.ad\/es\/#\/schema\/person\/a5cde74945183d737066e46b61c6f9c4"},"breadcrumb":{"@id":"http:\/\/esponsorama.ad\/es\/vuelta-la-accion-avintia-esponsorama-racing-misano-2\/#breadcrumb"},"inLanguage":"es","potentialAction":[{"@type":"ReadAction","target":["http:\/\/esponsorama.ad\/es\/vuelta-la-accion-avintia-esponsorama-racing-misano-2\/"]}]},{"@type":"ImageObject","inLanguage":"es","@id":"http:\/\/esponsorama.ad\/es\/vuelta-la-accion-avintia-esponsorama-racing-misano-2\/#primaryimage","url":"http:\/\/esponsorama.ad\/wp-content\/uploads\/2020\/09\/WhatsApp-Image-2020-09-13-at-13.27.47.jpeg","contentUrl":"http:\/\/esponsorama.ad\/wp-content\/uploads\/2020\/09\/WhatsApp-Image-2020-09-13-at-13.27.47.jpeg","width":1600,"height":1066},{"@type":"BreadcrumbList","@id":"http:\/\/esponsorama.ad\/es\/vuelta-la-accion-avintia-esponsorama-racing-misano-2\/#breadcrumb","itemListElement":[{"@type":"ListItem","position":1,"name":"Home","item":"http:\/\/esponsorama.ad\/es\/"},{"@type":"ListItem","position":2,"name":"VUELTA A LA ACCI\u00d3N PARA EL AVINTIA ESPONSORAMA RACING EN MISANO"}]},{"@type":"WebSite","@id":"http:\/\/esponsorama.ad\/es\/#website","url":"http:\/\/esponsorama.ad\/es\/","name":"Esponsorama","description":"Specialist in motorsport sponsorship and event promotions","potentialAction":[{"@type":"SearchAction","target":{"@type":"EntryPoint","urlTemplate":"http:\/\/esponsorama.ad\/es\/?s={search_term_string}"},"query-input":{"@type":"PropertyValueSpecification","valueRequired":true,"valueName":"search_term_string"}}],"inLanguage":"es"},{"@type":"Person","@id":"http:\/\/esponsorama.ad\/es\/#\/schema\/person\/a5cde74945183d737066e46b61c6f9c4","name":"Xavi Andornet","image":{"@type":"ImageObject","inLanguage":"es","@id":"http:\/\/esponsorama.ad\/es\/#\/schema\/person\/image\/","url":"https:\/\/secure.gravatar.com\/avatar\/f10eaf9ad601244a2357c9fd7cd9805ed166cfaaf76d5d9ab08a9d873e70147a?s=96&d=mm&r=g","contentUrl":"https:\/\/secure.gravatar.com\/avatar\/f10eaf9ad601244a2357c9fd7cd9805ed166cfaaf76d5d9ab08a9d873e70147a?s=96&d=mm&r=g","caption":"Xavi Andornet"},"sameAs":["http:\/\/www.andornet.ad"],"url":"http:\/\/esponsorama.ad\/es\/author\/andornet\/"}]}},"_links":{"self":[{"href":"http:\/\/esponsorama.ad\/es\/wp-json\/wp\/v2\/posts\/16233","targetHints":{"allow":["GET"]}}],"collection":[{"href":"http:\/\/esponsorama.ad\/es\/wp-json\/wp\/v2\/posts"}],"about":[{"href":"http:\/\/esponsorama.ad\/es\/wp-json\/wp\/v2\/types\/post"}],"author":[{"embeddable":true,"href":"http:\/\/esponsorama.ad\/es\/wp-json\/wp\/v2\/users\/6"}],"replies":[{"embeddable":true,"href":"http:\/\/esponsorama.ad\/es\/wp-json\/wp\/v2\/comments?post=16233"}],"version-history":[{"count":1,"href":"http:\/\/esponsorama.ad\/es\/wp-json\/wp\/v2\/posts\/16233\/revisions"}],"predecessor-version":[{"id":16236,"href":"http:\/\/esponsorama.ad\/es\/wp-json\/wp\/v2\/posts\/16233\/revisions\/16236"}],"wp:featuredmedia":[{"embeddable":true,"href":"http:\/\/esponsorama.ad\/es\/wp-json\/wp\/v2\/media\/16235"}],"wp:attachment":[{"href":"http:\/\/esponsorama.ad\/es\/wp-json\/wp\/v2\/media?parent=16233"}],"wp:term":[{"taxonomy":"category","embeddable":true,"href":"http:\/\/esponsorama.ad\/es\/wp-json\/wp\/v2\/categories?post=16233"},{"taxonomy":"post_tag","embeddable":true,"href":"http:\/\/esponsorama.ad\/es\/wp-json\/wp\/v2\/tags?post=16233"}],"curies":[{"name":"wp","href":"https:\/\/api.w.org\/{rel}","templated":true}]}}