{"id":16248,"date":"2020-09-19T00:44:45","date_gmt":"2020-09-18T22:44:45","guid":{"rendered":"http:\/\/esponsorama.ad\/?p=16248"},"modified":"2020-09-19T00:55:21","modified_gmt":"2020-09-18T22:55:21","slug":"buenas-sensaciones-carlos-tatay-primer-dia-del-gran-premio-la-emilia-romagna","status":"publish","type":"post","link":"http:\/\/esponsorama.ad\/es\/buenas-sensaciones-carlos-tatay-primer-dia-del-gran-premio-la-emilia-romagna\/","title":{"rendered":"BUENAS SENSACIONES PARA CARLOS TATAY EN EL PRIMER D\u00cdA DEL GRAN PREMIO DE LA EMILIA ROMAGNA"},"content":{"rendered":"<p>Carlos Tatay y el Reale Avintia Moto3 han disputado en el d\u00eda de hoy los dos primeros entrenamientos libres del Gran Premio de la Emilia Romagna en el Misano World Circuit Marco Simoncelli.<\/p>\n<p>Durante la sesi\u00f3n matinal, Tatay ha trabajado con el equipo para seguir con la adaptaci\u00f3n a su KTM. El piloto espa\u00f1ol, tras completar un total de 13 vueltas, ha logrado marcar un mejor tiempo de 1\u201943.060.<\/p>\n<p>En la segunda sesi\u00f3n, Carlos Tatay ha dado un significativo paso adelante tras mejorar su mejor registro en cuatro d\u00e9cimas. Tras parar el cron\u00f3metro en 1\u201942.679, el valenciano ha sido solamente tres d\u00e9cimas m\u00e1s lento que la \u2018pole position\u2019 del fin de semana pasado.<\/p>\n<p>Ma\u00f1ana se disputar\u00e1n los terceros entrenamientos libres y la clasificaci\u00f3n del Gran Premio de la Emilia Romagna, donde el Reale Avintia Moto3 pelear\u00e1 para obtener la mejor posici\u00f3n de salida posible para el domingo.<\/p>\n<p>\t\t\t\t\t<div class=\"rider-short\">\n\t\t\t\t<a href=\"http:\/\/esponsorama.ad\/es\/piloto\/carlos-tatay\/\"><img loading=\"lazy\" decoding=\"async\" width=\"300\" height=\"300\" src=\"http:\/\/esponsorama.ad\/wp-content\/uploads\/2021\/02\/dorsal-tatay-gris-300x300.png\" class=\"attachment-medium size-medium\" alt=\"\" srcset=\"http:\/\/esponsorama.ad\/wp-content\/uploads\/2021\/02\/dorsal-tatay-gris-300x300.png 300w, http:\/\/esponsorama.ad\/wp-content\/uploads\/2021\/02\/dorsal-tatay-gris-150x150.png 150w, http:\/\/esponsorama.ad\/wp-content\/uploads\/2021\/02\/dorsal-tatay-gris.png 500w\" sizes=\"auto, (max-width: 300px) 100vw, 300px\" \/><\/a><div class=\"info\"><h3><a href=\"http:\/\/esponsorama.ad\/es\/piloto\/carlos-tatay\/\">Carlos Tatay<\/a><\/h3><div class=\"rrss\"><a target=\"_blank\" href=\"https:\/\/www.facebook.com\/carlostatay99\/\"><i class=\"fa fa-facebook\"><\/i><\/a><a target=\"_blank\" href=\"https:\/\/twitter.com\/carlostatay99\"><i class=\"fa fa-twitter\"><\/i><\/a><a target=\"_blank\" href=\"https:\/\/www.instagram.com\/carlostatay99\/\"><i class=\"fa fa-instagram\"><\/i><\/a><\/div><\/div>\t\t\t\t\t<\/div>\n\t\t\t\t<br \/>\n\u201cLa posici\u00f3n no refleja todo el trabajo que hemos hecho, ya que hemos dado un gran paso adelante terminando a un segundo del primero y a +0.3 de la Q2. Ma\u00f1ana continuaremos trabajando en esta l\u00ednea, y agradecer todo el trabajo que est\u00e1 realizando el equipo.\u201d<\/p>\n","protected":false},"excerpt":{"rendered":"<p>Carlos Tatay y el Reale Avintia Moto3 han disputado en el d\u00eda de hoy los dos primeros entrenamientos libres del Gran Premio de la Emilia Romagna en el Misano World Circuit Marco Simoncelli. Durante la sesi\u00f3n matinal, Tatay ha trabajado con el equipo para seguir con la adaptaci\u00f3n a su KTM. El piloto espa\u00f1ol, tras [&hellip;]<\/p>\n","protected":false},"author":6,"featured_media":16249,"comment_status":"closed","ping_status":"closed","sticky":false,"template":"","format":"standard","meta":{"footnotes":""},"categories":[12],"tags":[],"class_list":["post-16248","post","type-post","status-publish","format-standard","has-post-thumbnail","hentry","category-moto3"],"yoast_head":"<!-- This site is optimized with the Yoast SEO plugin v27.1.1 - https:\/\/yoast.com\/product\/yoast-seo-wordpress\/ -->\n<title>BUENAS SENSACIONES PARA CARLOS TATAY EN EL PRIMER D\u00cdA DEL GRAN PREMIO DE LA EMILIA ROMAGNA - Esponsorama<\/title>\n<meta name=\"robots\" content=\"index, follow, max-snippet:-1, max-image-preview:large, max-video-preview:-1\" \/>\n<link rel=\"canonical\" href=\"http:\/\/esponsorama.ad\/es\/buenas-sensaciones-carlos-tatay-primer-dia-del-gran-premio-la-emilia-romagna\/\" \/>\n<meta property=\"og:locale\" content=\"es_ES\" \/>\n<meta property=\"og:type\" content=\"article\" \/>\n<meta property=\"og:title\" content=\"BUENAS SENSACIONES PARA CARLOS TATAY EN EL PRIMER D\u00cdA DEL GRAN PREMIO DE LA EMILIA ROMAGNA - Esponsorama\" \/>\n<meta property=\"og:description\" content=\"Carlos Tatay y el Reale Avintia Moto3 han disputado en el d\u00eda de hoy los dos primeros entrenamientos libres del Gran Premio de la Emilia Romagna en el Misano World Circuit Marco Simoncelli. Durante la sesi\u00f3n matinal, Tatay ha trabajado con el equipo para seguir con la adaptaci\u00f3n a su KTM. El piloto espa\u00f1ol, tras [&hellip;]\" \/>\n<meta property=\"og:url\" content=\"http:\/\/esponsorama.ad\/es\/buenas-sensaciones-carlos-tatay-primer-dia-del-gran-premio-la-emilia-romagna\/\" \/>\n<meta property=\"og:site_name\" content=\"Esponsorama\" \/>\n<meta property=\"article:published_time\" content=\"2020-09-18T22:44:45+00:00\" \/>\n<meta property=\"article:modified_time\" content=\"2020-09-18T22:55:21+00:00\" \/>\n<meta property=\"og:image\" content=\"http:\/\/esponsorama.ad\/wp-content\/uploads\/2020\/09\/WhatsApp-Image-2020-09-18-at-15.50.17.jpeg\" \/>\n\t<meta property=\"og:image:width\" content=\"1600\" \/>\n\t<meta property=\"og:image:height\" content=\"1066\" \/>\n\t<meta property=\"og:image:type\" content=\"image\/jpeg\" \/>\n<meta name=\"author\" content=\"Xavi Andornet\" \/>\n<meta name=\"twitter:card\" content=\"summary_large_image\" \/>\n<meta name=\"twitter:label1\" content=\"Escrito por\" \/>\n\t<meta name=\"twitter:data1\" content=\"Xavi Andornet\" \/>\n\t<meta name=\"twitter:label2\" content=\"Tiempo de lectura\" \/>\n\t<meta name=\"twitter:data2\" content=\"1 minuto\" \/>\n<script type=\"application\/ld+json\" class=\"yoast-schema-graph\">{\"@context\":\"https:\/\/schema.org\",\"@graph\":[{\"@type\":\"Article\",\"@id\":\"http:\/\/esponsorama.ad\/es\/buenas-sensaciones-carlos-tatay-primer-dia-del-gran-premio-la-emilia-romagna\/#article\",\"isPartOf\":{\"@id\":\"http:\/\/esponsorama.ad\/es\/buenas-sensaciones-carlos-tatay-primer-dia-del-gran-premio-la-emilia-romagna\/\"},\"author\":{\"name\":\"Xavi Andornet\",\"@id\":\"http:\/\/esponsorama.ad\/es\/#\/schema\/person\/a5cde74945183d737066e46b61c6f9c4\"},\"headline\":\"BUENAS SENSACIONES PARA CARLOS TATAY EN EL PRIMER D\u00cdA DEL GRAN PREMIO DE LA EMILIA ROMAGNA\",\"datePublished\":\"2020-09-18T22:44:45+00:00\",\"dateModified\":\"2020-09-18T22:55:21+00:00\",\"mainEntityOfPage\":{\"@id\":\"http:\/\/esponsorama.ad\/es\/buenas-sensaciones-carlos-tatay-primer-dia-del-gran-premio-la-emilia-romagna\/\"},\"wordCount\":224,\"image\":{\"@id\":\"http:\/\/esponsorama.ad\/es\/buenas-sensaciones-carlos-tatay-primer-dia-del-gran-premio-la-emilia-romagna\/#primaryimage\"},\"thumbnailUrl\":\"http:\/\/esponsorama.ad\/wp-content\/uploads\/2020\/09\/WhatsApp-Image-2020-09-18-at-15.50.17.jpeg\",\"articleSection\":[\"Moto3\"],\"inLanguage\":\"es\"},{\"@type\":\"WebPage\",\"@id\":\"http:\/\/esponsorama.ad\/es\/buenas-sensaciones-carlos-tatay-primer-dia-del-gran-premio-la-emilia-romagna\/\",\"url\":\"http:\/\/esponsorama.ad\/es\/buenas-sensaciones-carlos-tatay-primer-dia-del-gran-premio-la-emilia-romagna\/\",\"name\":\"BUENAS SENSACIONES PARA CARLOS TATAY EN EL PRIMER D\u00cdA DEL GRAN PREMIO DE LA EMILIA ROMAGNA - Esponsorama\",\"isPartOf\":{\"@id\":\"http:\/\/esponsorama.ad\/es\/#website\"},\"primaryImageOfPage\":{\"@id\":\"http:\/\/esponsorama.ad\/es\/buenas-sensaciones-carlos-tatay-primer-dia-del-gran-premio-la-emilia-romagna\/#primaryimage\"},\"image\":{\"@id\":\"http:\/\/esponsorama.ad\/es\/buenas-sensaciones-carlos-tatay-primer-dia-del-gran-premio-la-emilia-romagna\/#primaryimage\"},\"thumbnailUrl\":\"http:\/\/esponsorama.ad\/wp-content\/uploads\/2020\/09\/WhatsApp-Image-2020-09-18-at-15.50.17.jpeg\",\"datePublished\":\"2020-09-18T22:44:45+00:00\",\"dateModified\":\"2020-09-18T22:55:21+00:00\",\"author\":{\"@id\":\"http:\/\/esponsorama.ad\/es\/#\/schema\/person\/a5cde74945183d737066e46b61c6f9c4\"},\"breadcrumb\":{\"@id\":\"http:\/\/esponsorama.ad\/es\/buenas-sensaciones-carlos-tatay-primer-dia-del-gran-premio-la-emilia-romagna\/#breadcrumb\"},\"inLanguage\":\"es\",\"potentialAction\":[{\"@type\":\"ReadAction\",\"target\":[\"http:\/\/esponsorama.ad\/es\/buenas-sensaciones-carlos-tatay-primer-dia-del-gran-premio-la-emilia-romagna\/\"]}]},{\"@type\":\"ImageObject\",\"inLanguage\":\"es\",\"@id\":\"http:\/\/esponsorama.ad\/es\/buenas-sensaciones-carlos-tatay-primer-dia-del-gran-premio-la-emilia-romagna\/#primaryimage\",\"url\":\"http:\/\/esponsorama.ad\/wp-content\/uploads\/2020\/09\/WhatsApp-Image-2020-09-18-at-15.50.17.jpeg\",\"contentUrl\":\"http:\/\/esponsorama.ad\/wp-content\/uploads\/2020\/09\/WhatsApp-Image-2020-09-18-at-15.50.17.jpeg\",\"width\":1600,\"height\":1066},{\"@type\":\"BreadcrumbList\",\"@id\":\"http:\/\/esponsorama.ad\/es\/buenas-sensaciones-carlos-tatay-primer-dia-del-gran-premio-la-emilia-romagna\/#breadcrumb\",\"itemListElement\":[{\"@type\":\"ListItem\",\"position\":1,\"name\":\"Home\",\"item\":\"http:\/\/esponsorama.ad\/ca\/\"},{\"@type\":\"ListItem\",\"position\":2,\"name\":\"BUENAS SENSACIONES PARA CARLOS TATAY EN EL PRIMER D\u00cdA DEL GRAN PREMIO DE LA EMILIA ROMAGNA\"}]},{\"@type\":\"WebSite\",\"@id\":\"http:\/\/esponsorama.ad\/es\/#website\",\"url\":\"http:\/\/esponsorama.ad\/es\/\",\"name\":\"Esponsorama\",\"description\":\"Specialist in motorsport sponsorship and event promotions\",\"potentialAction\":[{\"@type\":\"SearchAction\",\"target\":{\"@type\":\"EntryPoint\",\"urlTemplate\":\"http:\/\/esponsorama.ad\/es\/?s={search_term_string}\"},\"query-input\":{\"@type\":\"PropertyValueSpecification\",\"valueRequired\":true,\"valueName\":\"search_term_string\"}}],\"inLanguage\":\"es\"},{\"@type\":\"Person\",\"@id\":\"http:\/\/esponsorama.ad\/es\/#\/schema\/person\/a5cde74945183d737066e46b61c6f9c4\",\"name\":\"Xavi Andornet\",\"image\":{\"@type\":\"ImageObject\",\"inLanguage\":\"es\",\"@id\":\"http:\/\/esponsorama.ad\/es\/#\/schema\/person\/image\/\",\"url\":\"https:\/\/secure.gravatar.com\/avatar\/f10eaf9ad601244a2357c9fd7cd9805ed166cfaaf76d5d9ab08a9d873e70147a?s=96&d=mm&r=g\",\"contentUrl\":\"https:\/\/secure.gravatar.com\/avatar\/f10eaf9ad601244a2357c9fd7cd9805ed166cfaaf76d5d9ab08a9d873e70147a?s=96&d=mm&r=g\",\"caption\":\"Xavi Andornet\"},\"sameAs\":[\"http:\/\/www.andornet.ad\"],\"url\":\"http:\/\/esponsorama.ad\/es\/author\/andornet\/\"}]}<\/script>\n<!-- \/ Yoast SEO plugin. -->","yoast_head_json":{"title":"BUENAS SENSACIONES PARA CARLOS TATAY EN EL PRIMER D\u00cdA DEL GRAN PREMIO DE LA EMILIA ROMAGNA - Esponsorama","robots":{"index":"index","follow":"follow","max-snippet":"max-snippet:-1","max-image-preview":"max-image-preview:large","max-video-preview":"max-video-preview:-1"},"canonical":"http:\/\/esponsorama.ad\/es\/buenas-sensaciones-carlos-tatay-primer-dia-del-gran-premio-la-emilia-romagna\/","og_locale":"es_ES","og_type":"article","og_title":"BUENAS SENSACIONES PARA CARLOS TATAY EN EL PRIMER D\u00cdA DEL GRAN PREMIO DE LA EMILIA ROMAGNA - Esponsorama","og_description":"Carlos Tatay y el Reale Avintia Moto3 han disputado en el d\u00eda de hoy los dos primeros entrenamientos libres del Gran Premio de la Emilia Romagna en el Misano World Circuit Marco Simoncelli. Durante la sesi\u00f3n matinal, Tatay ha trabajado con el equipo para seguir con la adaptaci\u00f3n a su KTM. El piloto espa\u00f1ol, tras [&hellip;]","og_url":"http:\/\/esponsorama.ad\/es\/buenas-sensaciones-carlos-tatay-primer-dia-del-gran-premio-la-emilia-romagna\/","og_site_name":"Esponsorama","article_published_time":"2020-09-18T22:44:45+00:00","article_modified_time":"2020-09-18T22:55:21+00:00","og_image":[{"width":1600,"height":1066,"url":"http:\/\/esponsorama.ad\/wp-content\/uploads\/2020\/09\/WhatsApp-Image-2020-09-18-at-15.50.17.jpeg","type":"image\/jpeg"}],"author":"Xavi Andornet","twitter_card":"summary_large_image","twitter_misc":{"Escrito por":"Xavi Andornet","Tiempo de lectura":"1 minuto"},"schema":{"@context":"https:\/\/schema.org","@graph":[{"@type":"Article","@id":"http:\/\/esponsorama.ad\/es\/buenas-sensaciones-carlos-tatay-primer-dia-del-gran-premio-la-emilia-romagna\/#article","isPartOf":{"@id":"http:\/\/esponsorama.ad\/es\/buenas-sensaciones-carlos-tatay-primer-dia-del-gran-premio-la-emilia-romagna\/"},"author":{"name":"Xavi Andornet","@id":"http:\/\/esponsorama.ad\/es\/#\/schema\/person\/a5cde74945183d737066e46b61c6f9c4"},"headline":"BUENAS SENSACIONES PARA CARLOS TATAY EN EL PRIMER D\u00cdA DEL GRAN PREMIO DE LA EMILIA ROMAGNA","datePublished":"2020-09-18T22:44:45+00:00","dateModified":"2020-09-18T22:55:21+00:00","mainEntityOfPage":{"@id":"http:\/\/esponsorama.ad\/es\/buenas-sensaciones-carlos-tatay-primer-dia-del-gran-premio-la-emilia-romagna\/"},"wordCount":224,"image":{"@id":"http:\/\/esponsorama.ad\/es\/buenas-sensaciones-carlos-tatay-primer-dia-del-gran-premio-la-emilia-romagna\/#primaryimage"},"thumbnailUrl":"http:\/\/esponsorama.ad\/wp-content\/uploads\/2020\/09\/WhatsApp-Image-2020-09-18-at-15.50.17.jpeg","articleSection":["Moto3"],"inLanguage":"es"},{"@type":"WebPage","@id":"http:\/\/esponsorama.ad\/es\/buenas-sensaciones-carlos-tatay-primer-dia-del-gran-premio-la-emilia-romagna\/","url":"http:\/\/esponsorama.ad\/es\/buenas-sensaciones-carlos-tatay-primer-dia-del-gran-premio-la-emilia-romagna\/","name":"BUENAS SENSACIONES PARA CARLOS TATAY EN EL PRIMER D\u00cdA DEL GRAN PREMIO DE LA EMILIA ROMAGNA - Esponsorama","isPartOf":{"@id":"http:\/\/esponsorama.ad\/es\/#website"},"primaryImageOfPage":{"@id":"http:\/\/esponsorama.ad\/es\/buenas-sensaciones-carlos-tatay-primer-dia-del-gran-premio-la-emilia-romagna\/#primaryimage"},"image":{"@id":"http:\/\/esponsorama.ad\/es\/buenas-sensaciones-carlos-tatay-primer-dia-del-gran-premio-la-emilia-romagna\/#primaryimage"},"thumbnailUrl":"http:\/\/esponsorama.ad\/wp-content\/uploads\/2020\/09\/WhatsApp-Image-2020-09-18-at-15.50.17.jpeg","datePublished":"2020-09-18T22:44:45+00:00","dateModified":"2020-09-18T22:55:21+00:00","author":{"@id":"http:\/\/esponsorama.ad\/es\/#\/schema\/person\/a5cde74945183d737066e46b61c6f9c4"},"breadcrumb":{"@id":"http:\/\/esponsorama.ad\/es\/buenas-sensaciones-carlos-tatay-primer-dia-del-gran-premio-la-emilia-romagna\/#breadcrumb"},"inLanguage":"es","potentialAction":[{"@type":"ReadAction","target":["http:\/\/esponsorama.ad\/es\/buenas-sensaciones-carlos-tatay-primer-dia-del-gran-premio-la-emilia-romagna\/"]}]},{"@type":"ImageObject","inLanguage":"es","@id":"http:\/\/esponsorama.ad\/es\/buenas-sensaciones-carlos-tatay-primer-dia-del-gran-premio-la-emilia-romagna\/#primaryimage","url":"http:\/\/esponsorama.ad\/wp-content\/uploads\/2020\/09\/WhatsApp-Image-2020-09-18-at-15.50.17.jpeg","contentUrl":"http:\/\/esponsorama.ad\/wp-content\/uploads\/2020\/09\/WhatsApp-Image-2020-09-18-at-15.50.17.jpeg","width":1600,"height":1066},{"@type":"BreadcrumbList","@id":"http:\/\/esponsorama.ad\/es\/buenas-sensaciones-carlos-tatay-primer-dia-del-gran-premio-la-emilia-romagna\/#breadcrumb","itemListElement":[{"@type":"ListItem","position":1,"name":"Home","item":"http:\/\/esponsorama.ad\/ca\/"},{"@type":"ListItem","position":2,"name":"BUENAS SENSACIONES PARA CARLOS TATAY EN EL PRIMER D\u00cdA DEL GRAN PREMIO DE LA EMILIA ROMAGNA"}]},{"@type":"WebSite","@id":"http:\/\/esponsorama.ad\/es\/#website","url":"http:\/\/esponsorama.ad\/es\/","name":"Esponsorama","description":"Specialist in motorsport sponsorship and event promotions","potentialAction":[{"@type":"SearchAction","target":{"@type":"EntryPoint","urlTemplate":"http:\/\/esponsorama.ad\/es\/?s={search_term_string}"},"query-input":{"@type":"PropertyValueSpecification","valueRequired":true,"valueName":"search_term_string"}}],"inLanguage":"es"},{"@type":"Person","@id":"http:\/\/esponsorama.ad\/es\/#\/schema\/person\/a5cde74945183d737066e46b61c6f9c4","name":"Xavi Andornet","image":{"@type":"ImageObject","inLanguage":"es","@id":"http:\/\/esponsorama.ad\/es\/#\/schema\/person\/image\/","url":"https:\/\/secure.gravatar.com\/avatar\/f10eaf9ad601244a2357c9fd7cd9805ed166cfaaf76d5d9ab08a9d873e70147a?s=96&d=mm&r=g","contentUrl":"https:\/\/secure.gravatar.com\/avatar\/f10eaf9ad601244a2357c9fd7cd9805ed166cfaaf76d5d9ab08a9d873e70147a?s=96&d=mm&r=g","caption":"Xavi Andornet"},"sameAs":["http:\/\/www.andornet.ad"],"url":"http:\/\/esponsorama.ad\/es\/author\/andornet\/"}]}},"_links":{"self":[{"href":"http:\/\/esponsorama.ad\/es\/wp-json\/wp\/v2\/posts\/16248","targetHints":{"allow":["GET"]}}],"collection":[{"href":"http:\/\/esponsorama.ad\/es\/wp-json\/wp\/v2\/posts"}],"about":[{"href":"http:\/\/esponsorama.ad\/es\/wp-json\/wp\/v2\/types\/post"}],"author":[{"embeddable":true,"href":"http:\/\/esponsorama.ad\/es\/wp-json\/wp\/v2\/users\/6"}],"replies":[{"embeddable":true,"href":"http:\/\/esponsorama.ad\/es\/wp-json\/wp\/v2\/comments?post=16248"}],"version-history":[{"count":1,"href":"http:\/\/esponsorama.ad\/es\/wp-json\/wp\/v2\/posts\/16248\/revisions"}],"predecessor-version":[{"id":16252,"href":"http:\/\/esponsorama.ad\/es\/wp-json\/wp\/v2\/posts\/16248\/revisions\/16252"}],"wp:featuredmedia":[{"embeddable":true,"href":"http:\/\/esponsorama.ad\/es\/wp-json\/wp\/v2\/media\/16249"}],"wp:attachment":[{"href":"http:\/\/esponsorama.ad\/es\/wp-json\/wp\/v2\/media?parent=16248"}],"wp:term":[{"taxonomy":"category","embeddable":true,"href":"http:\/\/esponsorama.ad\/es\/wp-json\/wp\/v2\/categories?post=16248"},{"taxonomy":"post_tag","embeddable":true,"href":"http:\/\/esponsorama.ad\/es\/wp-json\/wp\/v2\/tags?post=16248"}],"curies":[{"name":"wp","href":"https:\/\/api.w.org\/{rel}","templated":true}]}}