{"id":16255,"date":"2020-09-19T01:05:06","date_gmt":"2020-09-18T23:05:06","guid":{"rendered":"http:\/\/esponsorama.ad\/?p=16255"},"modified":"2020-09-19T01:05:06","modified_gmt":"2020-09-18T23:05:06","slug":"inicio-positivo-avintia-esponsorama-racing-gran-premio-la-emilia-romagna","status":"publish","type":"post","link":"http:\/\/esponsorama.ad\/es\/inicio-positivo-avintia-esponsorama-racing-gran-premio-la-emilia-romagna\/","title":{"rendered":"INICIO POSITIVO PARA EL AVINTIA ESPONSORAMA RACING EN EL GRAN PREMIO DE LA EMILIA ROMAGNA"},"content":{"rendered":"<p>El Avintia Esponsorama Racing ha vuelto a la acci\u00f3n para disputar los dos primeros entrenamientos libres del Gran Premio de la Emilia Romagna en el Misano World Circuit Marco Simoncelli.<\/p>\n<p>Durante la sesi\u00f3n matinal, ambos pilotos han podido acumular vueltas para as\u00ed trabajar en la puesta a punto de la moto para el fin de semana. Eric Granado, que ha concluido en primera posici\u00f3n siendo el dominador de la sesi\u00f3n, ha marcado un tiempo de 1\u201943.400. Por su parte, Xavi Cardel\u00fas ha finalizado 17\u00ba, con un mejor registro de 1\u201944.751.<\/p>\n<p>Pese a sufrir una leve ca\u00edda sin consecuencias en la curva 4 durante los \u00faltimos instantes, Eric Granado ha vuelto a mandar en la segunda sesi\u00f3n y ha logrado ser el \u00fanico piloto en bajar al 1\u201942 tras completar una espectacular vuelta. Xavi Cardel\u00fas ha podido mejorar por dos d\u00e9cimas su registro matinal, y finalmente ha concluido 17\u00ba.<\/p>\n<p>Ma\u00f1ana el Avintia Esponsorama Racing disputar\u00e1 la E-Pole y la primera de las dos carreras del Gran Premio de la Emilia Romagna de la Copa del Mundo de MotoE.<\/p>\n<p>\t\t\t\t\t<div class=\"rider-short\">\n\t\t\t\t<a href=\"http:\/\/esponsorama.ad\/es\/piloto\/eric-granado\/\"><img loading=\"lazy\" decoding=\"async\" width=\"300\" height=\"300\" src=\"http:\/\/esponsorama.ad\/wp-content\/uploads\/2018\/10\/numero-granado-comunicados-2018.png\" class=\"attachment-medium size-medium\" alt=\"\" srcset=\"http:\/\/esponsorama.ad\/wp-content\/uploads\/2018\/10\/numero-granado-comunicados-2018.png 300w, http:\/\/esponsorama.ad\/wp-content\/uploads\/2018\/10\/numero-granado-comunicados-2018-150x150.png 150w\" sizes=\"auto, (max-width: 300px) 100vw, 300px\" \/><\/a><div class=\"info\"><h3><a href=\"http:\/\/esponsorama.ad\/es\/piloto\/eric-granado\/\">Eric Granado<\/a><\/h3><div class=\"rrss\"><a target=\"_blank\" href=\"https:\/\/www.facebook.com\/PilotoEricGranado\/?ref=br_rs\"><i class=\"fa fa-facebook\"><\/i><\/a><a target=\"_blank\" href=\"https:\/\/twitter.com\/ericgranado\"><i class=\"fa fa-twitter\"><\/i><\/a><a target=\"_blank\" href=\"https:\/\/www.instagram.com\/ericgranado\/\"><i class=\"fa fa-instagram\"><\/i><\/a><\/div><\/div>\t\t\t\t\t<\/div>\n\t\t\t\t<br \/>\n\u201cMuy contento con el d\u00eda de hoy, hemos dado un gran paso adelante tanto por la ma\u00f1ana como por la tarde. Estoy contento con las sensaciones que tengo con la moto y esto es muy importante de cara a la confianza con la que afrontare la E-Pole. Ma\u00f1ana intentar\u00e9 garantizar una de las posiciones delanteras que es nuestra prioridad de cara a ma\u00f1ana.\u201d<\/p>\n<p>\t\t\t\t\t<div class=\"rider-short\">\n\t\t\t\t<a href=\"http:\/\/esponsorama.ad\/es\/piloto\/xavier-cardelus\/\"><img loading=\"lazy\" decoding=\"async\" width=\"300\" height=\"300\" src=\"http:\/\/esponsorama.ad\/wp-content\/uploads\/2021\/02\/dorsal-cardelus-gris-300x300.png\" class=\"attachment-medium size-medium\" alt=\"\" srcset=\"http:\/\/esponsorama.ad\/wp-content\/uploads\/2021\/02\/dorsal-cardelus-gris-300x300.png 300w, http:\/\/esponsorama.ad\/wp-content\/uploads\/2021\/02\/dorsal-cardelus-gris-150x150.png 150w, http:\/\/esponsorama.ad\/wp-content\/uploads\/2021\/02\/dorsal-cardelus-gris.png 500w\" sizes=\"auto, (max-width: 300px) 100vw, 300px\" \/><\/a><div class=\"info\"><h3><a href=\"http:\/\/esponsorama.ad\/es\/piloto\/xavier-cardelus\/\">Xavier Cardel\u00fas<\/a><\/h3><div class=\"rrss\"><a target=\"_blank\" href=\"https:\/\/twitter.com\/xavicardelus\"><i class=\"fa fa-twitter\"><\/i><\/a><a target=\"_blank\" href=\"https:\/\/www.instagram.com\/xavicardelus\/\"><i class=\"fa fa-instagram\"><\/i><\/a><\/div><\/div>\t\t\t\t\t<\/div>\n\t\t\t\t<br \/>\n\u201cHa sido un d\u00eda un poco raro, del cual no estoy muy satisfecho. Los cambios que hemos hecho me ayudan en algunos puntos pero en otros me perjudica, a pesar de esto he logrado hacer una vuelta decente. Creo que deber\u00edamos haber dado un paso grande y no ha sido as\u00ed, entonces para ma\u00f1ana debemos hacer algunos cambios.\u201d<\/p>\n","protected":false},"excerpt":{"rendered":"<p>El Avintia Esponsorama Racing ha vuelto a la acci\u00f3n para disputar los dos primeros entrenamientos libres del Gran Premio de la Emilia Romagna en el Misano World Circuit Marco Simoncelli. Durante la sesi\u00f3n matinal, ambos pilotos han podido acumular vueltas para as\u00ed trabajar en la puesta a punto de la moto para el fin de [&hellip;]<\/p>\n","protected":false},"author":6,"featured_media":16257,"comment_status":"closed","ping_status":"closed","sticky":false,"template":"","format":"standard","meta":{"footnotes":""},"categories":[21],"tags":[],"class_list":["post-16255","post","type-post","status-publish","format-standard","has-post-thumbnail","hentry","category-motoe"],"yoast_head":"<!-- This site is optimized with the Yoast SEO plugin v27.1.1 - https:\/\/yoast.com\/product\/yoast-seo-wordpress\/ -->\n<title>INICIO POSITIVO PARA EL AVINTIA ESPONSORAMA RACING EN EL GRAN PREMIO DE LA EMILIA ROMAGNA - Esponsorama<\/title>\n<meta name=\"robots\" content=\"index, follow, max-snippet:-1, max-image-preview:large, max-video-preview:-1\" \/>\n<link rel=\"canonical\" href=\"http:\/\/esponsorama.ad\/es\/inicio-positivo-avintia-esponsorama-racing-gran-premio-la-emilia-romagna\/\" \/>\n<meta property=\"og:locale\" content=\"es_ES\" \/>\n<meta property=\"og:type\" content=\"article\" \/>\n<meta property=\"og:title\" content=\"INICIO POSITIVO PARA EL AVINTIA ESPONSORAMA RACING EN EL GRAN PREMIO DE LA EMILIA ROMAGNA - Esponsorama\" \/>\n<meta property=\"og:description\" content=\"El Avintia Esponsorama Racing ha vuelto a la acci\u00f3n para disputar los dos primeros entrenamientos libres del Gran Premio de la Emilia Romagna en el Misano World Circuit Marco Simoncelli. Durante la sesi\u00f3n matinal, ambos pilotos han podido acumular vueltas para as\u00ed trabajar en la puesta a punto de la moto para el fin de [&hellip;]\" \/>\n<meta property=\"og:url\" content=\"http:\/\/esponsorama.ad\/es\/inicio-positivo-avintia-esponsorama-racing-gran-premio-la-emilia-romagna\/\" \/>\n<meta property=\"og:site_name\" content=\"Esponsorama\" \/>\n<meta property=\"article:published_time\" content=\"2020-09-18T23:05:06+00:00\" \/>\n<meta property=\"og:image\" content=\"http:\/\/esponsorama.ad\/wp-content\/uploads\/2020\/09\/WhatsApp-Image-2020-09-18-at-17.59.44-1.jpeg\" \/>\n\t<meta property=\"og:image:width\" content=\"1024\" \/>\n\t<meta property=\"og:image:height\" content=\"683\" \/>\n\t<meta property=\"og:image:type\" content=\"image\/jpeg\" \/>\n<meta name=\"author\" content=\"Xavi Andornet\" \/>\n<meta name=\"twitter:card\" content=\"summary_large_image\" \/>\n<meta name=\"twitter:label1\" content=\"Escrito por\" \/>\n\t<meta name=\"twitter:data1\" content=\"Xavi Andornet\" \/>\n\t<meta name=\"twitter:label2\" content=\"Tiempo de lectura\" \/>\n\t<meta name=\"twitter:data2\" content=\"2 minutos\" \/>\n<script type=\"application\/ld+json\" class=\"yoast-schema-graph\">{\"@context\":\"https:\/\/schema.org\",\"@graph\":[{\"@type\":\"Article\",\"@id\":\"http:\/\/esponsorama.ad\/es\/inicio-positivo-avintia-esponsorama-racing-gran-premio-la-emilia-romagna\/#article\",\"isPartOf\":{\"@id\":\"http:\/\/esponsorama.ad\/es\/inicio-positivo-avintia-esponsorama-racing-gran-premio-la-emilia-romagna\/\"},\"author\":{\"name\":\"Xavi Andornet\",\"@id\":\"http:\/\/esponsorama.ad\/es\/#\/schema\/person\/a5cde74945183d737066e46b61c6f9c4\"},\"headline\":\"INICIO POSITIVO PARA EL AVINTIA ESPONSORAMA RACING EN EL GRAN PREMIO DE LA EMILIA ROMAGNA\",\"datePublished\":\"2020-09-18T23:05:06+00:00\",\"mainEntityOfPage\":{\"@id\":\"http:\/\/esponsorama.ad\/es\/inicio-positivo-avintia-esponsorama-racing-gran-premio-la-emilia-romagna\/\"},\"wordCount\":328,\"image\":{\"@id\":\"http:\/\/esponsorama.ad\/es\/inicio-positivo-avintia-esponsorama-racing-gran-premio-la-emilia-romagna\/#primaryimage\"},\"thumbnailUrl\":\"http:\/\/esponsorama.ad\/wp-content\/uploads\/2020\/09\/WhatsApp-Image-2020-09-18-at-17.59.44-1.jpeg\",\"articleSection\":[\"MotoE\"],\"inLanguage\":\"es\"},{\"@type\":\"WebPage\",\"@id\":\"http:\/\/esponsorama.ad\/es\/inicio-positivo-avintia-esponsorama-racing-gran-premio-la-emilia-romagna\/\",\"url\":\"http:\/\/esponsorama.ad\/es\/inicio-positivo-avintia-esponsorama-racing-gran-premio-la-emilia-romagna\/\",\"name\":\"INICIO POSITIVO PARA EL AVINTIA ESPONSORAMA RACING EN EL GRAN PREMIO DE LA EMILIA ROMAGNA - Esponsorama\",\"isPartOf\":{\"@id\":\"http:\/\/esponsorama.ad\/es\/#website\"},\"primaryImageOfPage\":{\"@id\":\"http:\/\/esponsorama.ad\/es\/inicio-positivo-avintia-esponsorama-racing-gran-premio-la-emilia-romagna\/#primaryimage\"},\"image\":{\"@id\":\"http:\/\/esponsorama.ad\/es\/inicio-positivo-avintia-esponsorama-racing-gran-premio-la-emilia-romagna\/#primaryimage\"},\"thumbnailUrl\":\"http:\/\/esponsorama.ad\/wp-content\/uploads\/2020\/09\/WhatsApp-Image-2020-09-18-at-17.59.44-1.jpeg\",\"datePublished\":\"2020-09-18T23:05:06+00:00\",\"author\":{\"@id\":\"http:\/\/esponsorama.ad\/es\/#\/schema\/person\/a5cde74945183d737066e46b61c6f9c4\"},\"breadcrumb\":{\"@id\":\"http:\/\/esponsorama.ad\/es\/inicio-positivo-avintia-esponsorama-racing-gran-premio-la-emilia-romagna\/#breadcrumb\"},\"inLanguage\":\"es\",\"potentialAction\":[{\"@type\":\"ReadAction\",\"target\":[\"http:\/\/esponsorama.ad\/es\/inicio-positivo-avintia-esponsorama-racing-gran-premio-la-emilia-romagna\/\"]}]},{\"@type\":\"ImageObject\",\"inLanguage\":\"es\",\"@id\":\"http:\/\/esponsorama.ad\/es\/inicio-positivo-avintia-esponsorama-racing-gran-premio-la-emilia-romagna\/#primaryimage\",\"url\":\"http:\/\/esponsorama.ad\/wp-content\/uploads\/2020\/09\/WhatsApp-Image-2020-09-18-at-17.59.44-1.jpeg\",\"contentUrl\":\"http:\/\/esponsorama.ad\/wp-content\/uploads\/2020\/09\/WhatsApp-Image-2020-09-18-at-17.59.44-1.jpeg\",\"width\":1024,\"height\":683},{\"@type\":\"BreadcrumbList\",\"@id\":\"http:\/\/esponsorama.ad\/es\/inicio-positivo-avintia-esponsorama-racing-gran-premio-la-emilia-romagna\/#breadcrumb\",\"itemListElement\":[{\"@type\":\"ListItem\",\"position\":1,\"name\":\"Home\",\"item\":\"http:\/\/esponsorama.ad\/es\/\"},{\"@type\":\"ListItem\",\"position\":2,\"name\":\"INICIO POSITIVO PARA EL AVINTIA ESPONSORAMA RACING EN EL GRAN PREMIO DE LA EMILIA ROMAGNA\"}]},{\"@type\":\"WebSite\",\"@id\":\"http:\/\/esponsorama.ad\/es\/#website\",\"url\":\"http:\/\/esponsorama.ad\/es\/\",\"name\":\"Esponsorama\",\"description\":\"Specialist in motorsport sponsorship and event promotions\",\"potentialAction\":[{\"@type\":\"SearchAction\",\"target\":{\"@type\":\"EntryPoint\",\"urlTemplate\":\"http:\/\/esponsorama.ad\/es\/?s={search_term_string}\"},\"query-input\":{\"@type\":\"PropertyValueSpecification\",\"valueRequired\":true,\"valueName\":\"search_term_string\"}}],\"inLanguage\":\"es\"},{\"@type\":\"Person\",\"@id\":\"http:\/\/esponsorama.ad\/es\/#\/schema\/person\/a5cde74945183d737066e46b61c6f9c4\",\"name\":\"Xavi Andornet\",\"image\":{\"@type\":\"ImageObject\",\"inLanguage\":\"es\",\"@id\":\"http:\/\/esponsorama.ad\/es\/#\/schema\/person\/image\/\",\"url\":\"https:\/\/secure.gravatar.com\/avatar\/f10eaf9ad601244a2357c9fd7cd9805ed166cfaaf76d5d9ab08a9d873e70147a?s=96&d=mm&r=g\",\"contentUrl\":\"https:\/\/secure.gravatar.com\/avatar\/f10eaf9ad601244a2357c9fd7cd9805ed166cfaaf76d5d9ab08a9d873e70147a?s=96&d=mm&r=g\",\"caption\":\"Xavi Andornet\"},\"sameAs\":[\"http:\/\/www.andornet.ad\"],\"url\":\"http:\/\/esponsorama.ad\/es\/author\/andornet\/\"}]}<\/script>\n<!-- \/ Yoast SEO plugin. -->","yoast_head_json":{"title":"INICIO POSITIVO PARA EL AVINTIA ESPONSORAMA RACING EN EL GRAN PREMIO DE LA EMILIA ROMAGNA - Esponsorama","robots":{"index":"index","follow":"follow","max-snippet":"max-snippet:-1","max-image-preview":"max-image-preview:large","max-video-preview":"max-video-preview:-1"},"canonical":"http:\/\/esponsorama.ad\/es\/inicio-positivo-avintia-esponsorama-racing-gran-premio-la-emilia-romagna\/","og_locale":"es_ES","og_type":"article","og_title":"INICIO POSITIVO PARA EL AVINTIA ESPONSORAMA RACING EN EL GRAN PREMIO DE LA EMILIA ROMAGNA - Esponsorama","og_description":"El Avintia Esponsorama Racing ha vuelto a la acci\u00f3n para disputar los dos primeros entrenamientos libres del Gran Premio de la Emilia Romagna en el Misano World Circuit Marco Simoncelli. Durante la sesi\u00f3n matinal, ambos pilotos han podido acumular vueltas para as\u00ed trabajar en la puesta a punto de la moto para el fin de [&hellip;]","og_url":"http:\/\/esponsorama.ad\/es\/inicio-positivo-avintia-esponsorama-racing-gran-premio-la-emilia-romagna\/","og_site_name":"Esponsorama","article_published_time":"2020-09-18T23:05:06+00:00","og_image":[{"width":1024,"height":683,"url":"http:\/\/esponsorama.ad\/wp-content\/uploads\/2020\/09\/WhatsApp-Image-2020-09-18-at-17.59.44-1.jpeg","type":"image\/jpeg"}],"author":"Xavi Andornet","twitter_card":"summary_large_image","twitter_misc":{"Escrito por":"Xavi Andornet","Tiempo de lectura":"2 minutos"},"schema":{"@context":"https:\/\/schema.org","@graph":[{"@type":"Article","@id":"http:\/\/esponsorama.ad\/es\/inicio-positivo-avintia-esponsorama-racing-gran-premio-la-emilia-romagna\/#article","isPartOf":{"@id":"http:\/\/esponsorama.ad\/es\/inicio-positivo-avintia-esponsorama-racing-gran-premio-la-emilia-romagna\/"},"author":{"name":"Xavi Andornet","@id":"http:\/\/esponsorama.ad\/es\/#\/schema\/person\/a5cde74945183d737066e46b61c6f9c4"},"headline":"INICIO POSITIVO PARA EL AVINTIA ESPONSORAMA RACING EN EL GRAN PREMIO DE LA EMILIA ROMAGNA","datePublished":"2020-09-18T23:05:06+00:00","mainEntityOfPage":{"@id":"http:\/\/esponsorama.ad\/es\/inicio-positivo-avintia-esponsorama-racing-gran-premio-la-emilia-romagna\/"},"wordCount":328,"image":{"@id":"http:\/\/esponsorama.ad\/es\/inicio-positivo-avintia-esponsorama-racing-gran-premio-la-emilia-romagna\/#primaryimage"},"thumbnailUrl":"http:\/\/esponsorama.ad\/wp-content\/uploads\/2020\/09\/WhatsApp-Image-2020-09-18-at-17.59.44-1.jpeg","articleSection":["MotoE"],"inLanguage":"es"},{"@type":"WebPage","@id":"http:\/\/esponsorama.ad\/es\/inicio-positivo-avintia-esponsorama-racing-gran-premio-la-emilia-romagna\/","url":"http:\/\/esponsorama.ad\/es\/inicio-positivo-avintia-esponsorama-racing-gran-premio-la-emilia-romagna\/","name":"INICIO POSITIVO PARA EL AVINTIA ESPONSORAMA RACING EN EL GRAN PREMIO DE LA EMILIA ROMAGNA - Esponsorama","isPartOf":{"@id":"http:\/\/esponsorama.ad\/es\/#website"},"primaryImageOfPage":{"@id":"http:\/\/esponsorama.ad\/es\/inicio-positivo-avintia-esponsorama-racing-gran-premio-la-emilia-romagna\/#primaryimage"},"image":{"@id":"http:\/\/esponsorama.ad\/es\/inicio-positivo-avintia-esponsorama-racing-gran-premio-la-emilia-romagna\/#primaryimage"},"thumbnailUrl":"http:\/\/esponsorama.ad\/wp-content\/uploads\/2020\/09\/WhatsApp-Image-2020-09-18-at-17.59.44-1.jpeg","datePublished":"2020-09-18T23:05:06+00:00","author":{"@id":"http:\/\/esponsorama.ad\/es\/#\/schema\/person\/a5cde74945183d737066e46b61c6f9c4"},"breadcrumb":{"@id":"http:\/\/esponsorama.ad\/es\/inicio-positivo-avintia-esponsorama-racing-gran-premio-la-emilia-romagna\/#breadcrumb"},"inLanguage":"es","potentialAction":[{"@type":"ReadAction","target":["http:\/\/esponsorama.ad\/es\/inicio-positivo-avintia-esponsorama-racing-gran-premio-la-emilia-romagna\/"]}]},{"@type":"ImageObject","inLanguage":"es","@id":"http:\/\/esponsorama.ad\/es\/inicio-positivo-avintia-esponsorama-racing-gran-premio-la-emilia-romagna\/#primaryimage","url":"http:\/\/esponsorama.ad\/wp-content\/uploads\/2020\/09\/WhatsApp-Image-2020-09-18-at-17.59.44-1.jpeg","contentUrl":"http:\/\/esponsorama.ad\/wp-content\/uploads\/2020\/09\/WhatsApp-Image-2020-09-18-at-17.59.44-1.jpeg","width":1024,"height":683},{"@type":"BreadcrumbList","@id":"http:\/\/esponsorama.ad\/es\/inicio-positivo-avintia-esponsorama-racing-gran-premio-la-emilia-romagna\/#breadcrumb","itemListElement":[{"@type":"ListItem","position":1,"name":"Home","item":"http:\/\/esponsorama.ad\/es\/"},{"@type":"ListItem","position":2,"name":"INICIO POSITIVO PARA EL AVINTIA ESPONSORAMA RACING EN EL GRAN PREMIO DE LA EMILIA ROMAGNA"}]},{"@type":"WebSite","@id":"http:\/\/esponsorama.ad\/es\/#website","url":"http:\/\/esponsorama.ad\/es\/","name":"Esponsorama","description":"Specialist in motorsport sponsorship and event promotions","potentialAction":[{"@type":"SearchAction","target":{"@type":"EntryPoint","urlTemplate":"http:\/\/esponsorama.ad\/es\/?s={search_term_string}"},"query-input":{"@type":"PropertyValueSpecification","valueRequired":true,"valueName":"search_term_string"}}],"inLanguage":"es"},{"@type":"Person","@id":"http:\/\/esponsorama.ad\/es\/#\/schema\/person\/a5cde74945183d737066e46b61c6f9c4","name":"Xavi Andornet","image":{"@type":"ImageObject","inLanguage":"es","@id":"http:\/\/esponsorama.ad\/es\/#\/schema\/person\/image\/","url":"https:\/\/secure.gravatar.com\/avatar\/f10eaf9ad601244a2357c9fd7cd9805ed166cfaaf76d5d9ab08a9d873e70147a?s=96&d=mm&r=g","contentUrl":"https:\/\/secure.gravatar.com\/avatar\/f10eaf9ad601244a2357c9fd7cd9805ed166cfaaf76d5d9ab08a9d873e70147a?s=96&d=mm&r=g","caption":"Xavi Andornet"},"sameAs":["http:\/\/www.andornet.ad"],"url":"http:\/\/esponsorama.ad\/es\/author\/andornet\/"}]}},"_links":{"self":[{"href":"http:\/\/esponsorama.ad\/es\/wp-json\/wp\/v2\/posts\/16255","targetHints":{"allow":["GET"]}}],"collection":[{"href":"http:\/\/esponsorama.ad\/es\/wp-json\/wp\/v2\/posts"}],"about":[{"href":"http:\/\/esponsorama.ad\/es\/wp-json\/wp\/v2\/types\/post"}],"author":[{"embeddable":true,"href":"http:\/\/esponsorama.ad\/es\/wp-json\/wp\/v2\/users\/6"}],"replies":[{"embeddable":true,"href":"http:\/\/esponsorama.ad\/es\/wp-json\/wp\/v2\/comments?post=16255"}],"version-history":[{"count":1,"href":"http:\/\/esponsorama.ad\/es\/wp-json\/wp\/v2\/posts\/16255\/revisions"}],"predecessor-version":[{"id":16259,"href":"http:\/\/esponsorama.ad\/es\/wp-json\/wp\/v2\/posts\/16255\/revisions\/16259"}],"wp:featuredmedia":[{"embeddable":true,"href":"http:\/\/esponsorama.ad\/es\/wp-json\/wp\/v2\/media\/16257"}],"wp:attachment":[{"href":"http:\/\/esponsorama.ad\/es\/wp-json\/wp\/v2\/media?parent=16255"}],"wp:term":[{"taxonomy":"category","embeddable":true,"href":"http:\/\/esponsorama.ad\/es\/wp-json\/wp\/v2\/categories?post=16255"},{"taxonomy":"post_tag","embeddable":true,"href":"http:\/\/esponsorama.ad\/es\/wp-json\/wp\/v2\/tags?post=16255"}],"curies":[{"name":"wp","href":"https:\/\/api.w.org\/{rel}","templated":true}]}}