{"id":16262,"date":"2020-09-20T17:28:08","date_gmt":"2020-09-20T15:28:08","guid":{"rendered":"http:\/\/esponsorama.ad\/?p=16262"},"modified":"2020-09-20T17:31:34","modified_gmt":"2020-09-20T15:31:34","slug":"avintia-esponsorama-racing-finaliza-gran-premio-la-emilia-romagna","status":"publish","type":"post","link":"http:\/\/esponsorama.ad\/es\/avintia-esponsorama-racing-finaliza-gran-premio-la-emilia-romagna\/","title":{"rendered":"EL AVINTIA ESPONSORAMA RACING FINALIZA EL GRAN PREMIO DE LA EMILIA ROMAGNA"},"content":{"rendered":"<p>El Avintia Esponsorama Racing ha completado el Gran Premio de la Emilia Romagna en el Misano World Circuit Marco Simoncelli.<\/p>\n<p>Durante la primera de las dos carreras, Eric Granado sufri\u00f3 una ca\u00edda que no le permiti\u00f3 finalizar. El piloto brasile\u00f1o, que estaba en la lucha por la victoria, perdi\u00f3 le control de su moto y no pudo hacer nada para evitar irse al suelo. Su compa\u00f1ero de equipo, Xavi Cardel\u00fas, logr\u00f3 una fant\u00e1stica 9\u00aa posici\u00f3n, sumando siete puntos muy importantes.<\/p>\n<p>De cara a la segunda carrera, Granado ha culminado una gran remontada tras arrancar desde la parte trasera de la parrilla. Debido a las pocas vueltas que ofrecen las carreras de la categor\u00eda, el piloto de Sao Paulo ha podido finalizar 7\u00ba. Por su parte, Xavi Cardel\u00fas, al igual que en la primera carrera, ha podido entrar dentro del TOP-10, resultado muy importante para \u00e9l y para el equipo para afrontar las pr\u00f3ximas citas con la mayor confianza posible.<\/p>\n<p>Tras dos semanas muy intensas en Misano, el Avintia Esponsorama Racing se preparar\u00e1 para el \u00faltimo fin de semana de competici\u00f3n de la Copa del Mundo de MotoE, el Gran Premio de Francia, que se disputar\u00e1 del 9 al 11 de octubre en Le Mans.<\/p>\n<p>\t\t\t\t\t<div class=\"rider-short\">\n\t\t\t\t<a href=\"http:\/\/esponsorama.ad\/es\/piloto\/eric-granado\/\"><img loading=\"lazy\" decoding=\"async\" width=\"300\" height=\"300\" src=\"http:\/\/esponsorama.ad\/wp-content\/uploads\/2018\/10\/numero-granado-comunicados-2018.png\" class=\"attachment-medium size-medium\" alt=\"\" srcset=\"http:\/\/esponsorama.ad\/wp-content\/uploads\/2018\/10\/numero-granado-comunicados-2018.png 300w, http:\/\/esponsorama.ad\/wp-content\/uploads\/2018\/10\/numero-granado-comunicados-2018-150x150.png 150w\" sizes=\"auto, (max-width: 300px) 100vw, 300px\" \/><\/a><div class=\"info\"><h3><a href=\"http:\/\/esponsorama.ad\/es\/piloto\/eric-granado\/\">Eric Granado<\/a> | P7<\/h3><div class=\"rrss\"><a target=\"_blank\" href=\"https:\/\/www.facebook.com\/PilotoEricGranado\/?ref=br_rs\"><i class=\"fa fa-facebook\"><\/i><\/a><a target=\"_blank\" href=\"https:\/\/twitter.com\/ericgranado\"><i class=\"fa fa-twitter\"><\/i><\/a><a target=\"_blank\" href=\"https:\/\/www.instagram.com\/ericgranado\/\"><i class=\"fa fa-instagram\"><\/i><\/a><\/div><\/div>\t\t\t\t\t<\/div>\n\t\t\t\t<br \/>\n\u201cTras la ca\u00edda de la carrera de ayer part\u00edamos en la 14\u00aa posici\u00f3n por lo que ten\u00edamos que remontar. En mitad de carrera he tenido un toque con un piloto y he perdido algo de tiempo, pero contentos con la s\u00e9ptima posici\u00f3n que ha sido lo m\u00e1ximo a lo que hemos podido aspirar hoy.\u201d <\/p>\n<p>\t\t\t\t\t<div class=\"rider-short\">\n\t\t\t\t<a href=\"http:\/\/esponsorama.ad\/es\/piloto\/xavier-cardelus\/\"><img loading=\"lazy\" decoding=\"async\" width=\"300\" height=\"300\" src=\"http:\/\/esponsorama.ad\/wp-content\/uploads\/2021\/02\/dorsal-cardelus-gris-300x300.png\" class=\"attachment-medium size-medium\" alt=\"\" srcset=\"http:\/\/esponsorama.ad\/wp-content\/uploads\/2021\/02\/dorsal-cardelus-gris-300x300.png 300w, http:\/\/esponsorama.ad\/wp-content\/uploads\/2021\/02\/dorsal-cardelus-gris-150x150.png 150w, http:\/\/esponsorama.ad\/wp-content\/uploads\/2021\/02\/dorsal-cardelus-gris.png 500w\" sizes=\"auto, (max-width: 300px) 100vw, 300px\" \/><\/a><div class=\"info\"><h3><a href=\"http:\/\/esponsorama.ad\/es\/piloto\/xavier-cardelus\/\">Xavier Cardel\u00fas<\/a> | P10<\/h3><div class=\"rrss\"><a target=\"_blank\" href=\"https:\/\/twitter.com\/xavicardelus\"><i class=\"fa fa-twitter\"><\/i><\/a><a target=\"_blank\" href=\"https:\/\/www.instagram.com\/xavicardelus\/\"><i class=\"fa fa-instagram\"><\/i><\/a><\/div><\/div>\t\t\t\t\t<\/div>\n\t\t\t\t<br \/>\n\u201cOtro Top-10 conseguido, aunque esperaba algo m\u00e1s de la carrera de hoy al salir en tercera l\u00ednea. Tengo que mejorar las primeras vueltas y conseguir confianza a la hora de adelantar, que es algo que a\u00fan me cuesta con esta moto. De cara a Le Mans intentaremos mejorar esto y espero poder hacer una buena carrera.\u201d<\/p>\n","protected":false},"excerpt":{"rendered":"<p>El Avintia Esponsorama Racing ha completado el Gran Premio de la Emilia Romagna en el Misano World Circuit Marco Simoncelli. Durante la primera de las dos carreras, Eric Granado sufri\u00f3 una ca\u00edda que no le permiti\u00f3 finalizar. El piloto brasile\u00f1o, que estaba en la lucha por la victoria, perdi\u00f3 le control de su moto y [&hellip;]<\/p>\n","protected":false},"author":6,"featured_media":16263,"comment_status":"closed","ping_status":"closed","sticky":false,"template":"","format":"standard","meta":{"footnotes":""},"categories":[21],"tags":[],"class_list":["post-16262","post","type-post","status-publish","format-standard","has-post-thumbnail","hentry","category-motoe"],"yoast_head":"<!-- This site is optimized with the Yoast SEO plugin v27.1.1 - https:\/\/yoast.com\/product\/yoast-seo-wordpress\/ -->\n<title>EL AVINTIA ESPONSORAMA RACING FINALIZA EL GRAN PREMIO DE LA EMILIA ROMAGNA - Esponsorama<\/title>\n<meta name=\"robots\" content=\"index, follow, max-snippet:-1, max-image-preview:large, max-video-preview:-1\" \/>\n<link rel=\"canonical\" href=\"http:\/\/esponsorama.ad\/es\/avintia-esponsorama-racing-finaliza-gran-premio-la-emilia-romagna\/\" \/>\n<meta property=\"og:locale\" content=\"es_ES\" \/>\n<meta property=\"og:type\" content=\"article\" \/>\n<meta property=\"og:title\" content=\"EL AVINTIA ESPONSORAMA RACING FINALIZA EL GRAN PREMIO DE LA EMILIA ROMAGNA - Esponsorama\" \/>\n<meta property=\"og:description\" content=\"El Avintia Esponsorama Racing ha completado el Gran Premio de la Emilia Romagna en el Misano World Circuit Marco Simoncelli. Durante la primera de las dos carreras, Eric Granado sufri\u00f3 una ca\u00edda que no le permiti\u00f3 finalizar. El piloto brasile\u00f1o, que estaba en la lucha por la victoria, perdi\u00f3 le control de su moto y [&hellip;]\" \/>\n<meta property=\"og:url\" content=\"http:\/\/esponsorama.ad\/es\/avintia-esponsorama-racing-finaliza-gran-premio-la-emilia-romagna\/\" \/>\n<meta property=\"og:site_name\" content=\"Esponsorama\" \/>\n<meta property=\"article:published_time\" content=\"2020-09-20T15:28:08+00:00\" \/>\n<meta property=\"article:modified_time\" content=\"2020-09-20T15:31:34+00:00\" \/>\n<meta property=\"og:image\" content=\"http:\/\/esponsorama.ad\/wp-content\/uploads\/2020\/09\/WhatsApp-Image-2020-09-20-at-13.13.28.jpeg\" \/>\n\t<meta property=\"og:image:width\" content=\"1600\" \/>\n\t<meta property=\"og:image:height\" content=\"1066\" \/>\n\t<meta property=\"og:image:type\" content=\"image\/jpeg\" \/>\n<meta name=\"author\" content=\"Xavi Andornet\" \/>\n<meta name=\"twitter:card\" content=\"summary_large_image\" \/>\n<meta name=\"twitter:label1\" content=\"Escrito por\" \/>\n\t<meta name=\"twitter:data1\" content=\"Xavi Andornet\" \/>\n\t<meta name=\"twitter:label2\" content=\"Tiempo de lectura\" \/>\n\t<meta name=\"twitter:data2\" content=\"2 minutos\" \/>\n<script type=\"application\/ld+json\" class=\"yoast-schema-graph\">{\"@context\":\"https:\/\/schema.org\",\"@graph\":[{\"@type\":\"Article\",\"@id\":\"http:\/\/esponsorama.ad\/es\/avintia-esponsorama-racing-finaliza-gran-premio-la-emilia-romagna\/#article\",\"isPartOf\":{\"@id\":\"http:\/\/esponsorama.ad\/es\/avintia-esponsorama-racing-finaliza-gran-premio-la-emilia-romagna\/\"},\"author\":{\"name\":\"Xavi Andornet\",\"@id\":\"http:\/\/esponsorama.ad\/es\/#\/schema\/person\/a5cde74945183d737066e46b61c6f9c4\"},\"headline\":\"EL AVINTIA ESPONSORAMA RACING FINALIZA EL GRAN PREMIO DE LA EMILIA ROMAGNA\",\"datePublished\":\"2020-09-20T15:28:08+00:00\",\"dateModified\":\"2020-09-20T15:31:34+00:00\",\"mainEntityOfPage\":{\"@id\":\"http:\/\/esponsorama.ad\/es\/avintia-esponsorama-racing-finaliza-gran-premio-la-emilia-romagna\/\"},\"wordCount\":347,\"image\":{\"@id\":\"http:\/\/esponsorama.ad\/es\/avintia-esponsorama-racing-finaliza-gran-premio-la-emilia-romagna\/#primaryimage\"},\"thumbnailUrl\":\"http:\/\/esponsorama.ad\/wp-content\/uploads\/2020\/09\/WhatsApp-Image-2020-09-20-at-13.13.28.jpeg\",\"articleSection\":[\"MotoE\"],\"inLanguage\":\"es\"},{\"@type\":\"WebPage\",\"@id\":\"http:\/\/esponsorama.ad\/es\/avintia-esponsorama-racing-finaliza-gran-premio-la-emilia-romagna\/\",\"url\":\"http:\/\/esponsorama.ad\/es\/avintia-esponsorama-racing-finaliza-gran-premio-la-emilia-romagna\/\",\"name\":\"EL AVINTIA ESPONSORAMA RACING FINALIZA EL GRAN PREMIO DE LA EMILIA ROMAGNA - Esponsorama\",\"isPartOf\":{\"@id\":\"http:\/\/esponsorama.ad\/es\/#website\"},\"primaryImageOfPage\":{\"@id\":\"http:\/\/esponsorama.ad\/es\/avintia-esponsorama-racing-finaliza-gran-premio-la-emilia-romagna\/#primaryimage\"},\"image\":{\"@id\":\"http:\/\/esponsorama.ad\/es\/avintia-esponsorama-racing-finaliza-gran-premio-la-emilia-romagna\/#primaryimage\"},\"thumbnailUrl\":\"http:\/\/esponsorama.ad\/wp-content\/uploads\/2020\/09\/WhatsApp-Image-2020-09-20-at-13.13.28.jpeg\",\"datePublished\":\"2020-09-20T15:28:08+00:00\",\"dateModified\":\"2020-09-20T15:31:34+00:00\",\"author\":{\"@id\":\"http:\/\/esponsorama.ad\/es\/#\/schema\/person\/a5cde74945183d737066e46b61c6f9c4\"},\"breadcrumb\":{\"@id\":\"http:\/\/esponsorama.ad\/es\/avintia-esponsorama-racing-finaliza-gran-premio-la-emilia-romagna\/#breadcrumb\"},\"inLanguage\":\"es\",\"potentialAction\":[{\"@type\":\"ReadAction\",\"target\":[\"http:\/\/esponsorama.ad\/es\/avintia-esponsorama-racing-finaliza-gran-premio-la-emilia-romagna\/\"]}]},{\"@type\":\"ImageObject\",\"inLanguage\":\"es\",\"@id\":\"http:\/\/esponsorama.ad\/es\/avintia-esponsorama-racing-finaliza-gran-premio-la-emilia-romagna\/#primaryimage\",\"url\":\"http:\/\/esponsorama.ad\/wp-content\/uploads\/2020\/09\/WhatsApp-Image-2020-09-20-at-13.13.28.jpeg\",\"contentUrl\":\"http:\/\/esponsorama.ad\/wp-content\/uploads\/2020\/09\/WhatsApp-Image-2020-09-20-at-13.13.28.jpeg\",\"width\":1600,\"height\":1066},{\"@type\":\"BreadcrumbList\",\"@id\":\"http:\/\/esponsorama.ad\/es\/avintia-esponsorama-racing-finaliza-gran-premio-la-emilia-romagna\/#breadcrumb\",\"itemListElement\":[{\"@type\":\"ListItem\",\"position\":1,\"name\":\"Home\",\"item\":\"http:\/\/esponsorama.ad\/es\/\"},{\"@type\":\"ListItem\",\"position\":2,\"name\":\"EL AVINTIA ESPONSORAMA RACING FINALIZA EL GRAN PREMIO DE LA EMILIA ROMAGNA\"}]},{\"@type\":\"WebSite\",\"@id\":\"http:\/\/esponsorama.ad\/es\/#website\",\"url\":\"http:\/\/esponsorama.ad\/es\/\",\"name\":\"Esponsorama\",\"description\":\"Specialist in motorsport sponsorship and event promotions\",\"potentialAction\":[{\"@type\":\"SearchAction\",\"target\":{\"@type\":\"EntryPoint\",\"urlTemplate\":\"http:\/\/esponsorama.ad\/es\/?s={search_term_string}\"},\"query-input\":{\"@type\":\"PropertyValueSpecification\",\"valueRequired\":true,\"valueName\":\"search_term_string\"}}],\"inLanguage\":\"es\"},{\"@type\":\"Person\",\"@id\":\"http:\/\/esponsorama.ad\/es\/#\/schema\/person\/a5cde74945183d737066e46b61c6f9c4\",\"name\":\"Xavi Andornet\",\"image\":{\"@type\":\"ImageObject\",\"inLanguage\":\"es\",\"@id\":\"http:\/\/esponsorama.ad\/es\/#\/schema\/person\/image\/\",\"url\":\"https:\/\/secure.gravatar.com\/avatar\/f10eaf9ad601244a2357c9fd7cd9805ed166cfaaf76d5d9ab08a9d873e70147a?s=96&d=mm&r=g\",\"contentUrl\":\"https:\/\/secure.gravatar.com\/avatar\/f10eaf9ad601244a2357c9fd7cd9805ed166cfaaf76d5d9ab08a9d873e70147a?s=96&d=mm&r=g\",\"caption\":\"Xavi Andornet\"},\"sameAs\":[\"http:\/\/www.andornet.ad\"],\"url\":\"http:\/\/esponsorama.ad\/es\/author\/andornet\/\"}]}<\/script>\n<!-- \/ Yoast SEO plugin. -->","yoast_head_json":{"title":"EL AVINTIA ESPONSORAMA RACING FINALIZA EL GRAN PREMIO DE LA EMILIA ROMAGNA - Esponsorama","robots":{"index":"index","follow":"follow","max-snippet":"max-snippet:-1","max-image-preview":"max-image-preview:large","max-video-preview":"max-video-preview:-1"},"canonical":"http:\/\/esponsorama.ad\/es\/avintia-esponsorama-racing-finaliza-gran-premio-la-emilia-romagna\/","og_locale":"es_ES","og_type":"article","og_title":"EL AVINTIA ESPONSORAMA RACING FINALIZA EL GRAN PREMIO DE LA EMILIA ROMAGNA - Esponsorama","og_description":"El Avintia Esponsorama Racing ha completado el Gran Premio de la Emilia Romagna en el Misano World Circuit Marco Simoncelli. Durante la primera de las dos carreras, Eric Granado sufri\u00f3 una ca\u00edda que no le permiti\u00f3 finalizar. El piloto brasile\u00f1o, que estaba en la lucha por la victoria, perdi\u00f3 le control de su moto y [&hellip;]","og_url":"http:\/\/esponsorama.ad\/es\/avintia-esponsorama-racing-finaliza-gran-premio-la-emilia-romagna\/","og_site_name":"Esponsorama","article_published_time":"2020-09-20T15:28:08+00:00","article_modified_time":"2020-09-20T15:31:34+00:00","og_image":[{"width":1600,"height":1066,"url":"http:\/\/esponsorama.ad\/wp-content\/uploads\/2020\/09\/WhatsApp-Image-2020-09-20-at-13.13.28.jpeg","type":"image\/jpeg"}],"author":"Xavi Andornet","twitter_card":"summary_large_image","twitter_misc":{"Escrito por":"Xavi Andornet","Tiempo de lectura":"2 minutos"},"schema":{"@context":"https:\/\/schema.org","@graph":[{"@type":"Article","@id":"http:\/\/esponsorama.ad\/es\/avintia-esponsorama-racing-finaliza-gran-premio-la-emilia-romagna\/#article","isPartOf":{"@id":"http:\/\/esponsorama.ad\/es\/avintia-esponsorama-racing-finaliza-gran-premio-la-emilia-romagna\/"},"author":{"name":"Xavi Andornet","@id":"http:\/\/esponsorama.ad\/es\/#\/schema\/person\/a5cde74945183d737066e46b61c6f9c4"},"headline":"EL AVINTIA ESPONSORAMA RACING FINALIZA EL GRAN PREMIO DE LA EMILIA ROMAGNA","datePublished":"2020-09-20T15:28:08+00:00","dateModified":"2020-09-20T15:31:34+00:00","mainEntityOfPage":{"@id":"http:\/\/esponsorama.ad\/es\/avintia-esponsorama-racing-finaliza-gran-premio-la-emilia-romagna\/"},"wordCount":347,"image":{"@id":"http:\/\/esponsorama.ad\/es\/avintia-esponsorama-racing-finaliza-gran-premio-la-emilia-romagna\/#primaryimage"},"thumbnailUrl":"http:\/\/esponsorama.ad\/wp-content\/uploads\/2020\/09\/WhatsApp-Image-2020-09-20-at-13.13.28.jpeg","articleSection":["MotoE"],"inLanguage":"es"},{"@type":"WebPage","@id":"http:\/\/esponsorama.ad\/es\/avintia-esponsorama-racing-finaliza-gran-premio-la-emilia-romagna\/","url":"http:\/\/esponsorama.ad\/es\/avintia-esponsorama-racing-finaliza-gran-premio-la-emilia-romagna\/","name":"EL AVINTIA ESPONSORAMA RACING FINALIZA EL GRAN PREMIO DE LA EMILIA ROMAGNA - Esponsorama","isPartOf":{"@id":"http:\/\/esponsorama.ad\/es\/#website"},"primaryImageOfPage":{"@id":"http:\/\/esponsorama.ad\/es\/avintia-esponsorama-racing-finaliza-gran-premio-la-emilia-romagna\/#primaryimage"},"image":{"@id":"http:\/\/esponsorama.ad\/es\/avintia-esponsorama-racing-finaliza-gran-premio-la-emilia-romagna\/#primaryimage"},"thumbnailUrl":"http:\/\/esponsorama.ad\/wp-content\/uploads\/2020\/09\/WhatsApp-Image-2020-09-20-at-13.13.28.jpeg","datePublished":"2020-09-20T15:28:08+00:00","dateModified":"2020-09-20T15:31:34+00:00","author":{"@id":"http:\/\/esponsorama.ad\/es\/#\/schema\/person\/a5cde74945183d737066e46b61c6f9c4"},"breadcrumb":{"@id":"http:\/\/esponsorama.ad\/es\/avintia-esponsorama-racing-finaliza-gran-premio-la-emilia-romagna\/#breadcrumb"},"inLanguage":"es","potentialAction":[{"@type":"ReadAction","target":["http:\/\/esponsorama.ad\/es\/avintia-esponsorama-racing-finaliza-gran-premio-la-emilia-romagna\/"]}]},{"@type":"ImageObject","inLanguage":"es","@id":"http:\/\/esponsorama.ad\/es\/avintia-esponsorama-racing-finaliza-gran-premio-la-emilia-romagna\/#primaryimage","url":"http:\/\/esponsorama.ad\/wp-content\/uploads\/2020\/09\/WhatsApp-Image-2020-09-20-at-13.13.28.jpeg","contentUrl":"http:\/\/esponsorama.ad\/wp-content\/uploads\/2020\/09\/WhatsApp-Image-2020-09-20-at-13.13.28.jpeg","width":1600,"height":1066},{"@type":"BreadcrumbList","@id":"http:\/\/esponsorama.ad\/es\/avintia-esponsorama-racing-finaliza-gran-premio-la-emilia-romagna\/#breadcrumb","itemListElement":[{"@type":"ListItem","position":1,"name":"Home","item":"http:\/\/esponsorama.ad\/es\/"},{"@type":"ListItem","position":2,"name":"EL AVINTIA ESPONSORAMA RACING FINALIZA EL GRAN PREMIO DE LA EMILIA ROMAGNA"}]},{"@type":"WebSite","@id":"http:\/\/esponsorama.ad\/es\/#website","url":"http:\/\/esponsorama.ad\/es\/","name":"Esponsorama","description":"Specialist in motorsport sponsorship and event promotions","potentialAction":[{"@type":"SearchAction","target":{"@type":"EntryPoint","urlTemplate":"http:\/\/esponsorama.ad\/es\/?s={search_term_string}"},"query-input":{"@type":"PropertyValueSpecification","valueRequired":true,"valueName":"search_term_string"}}],"inLanguage":"es"},{"@type":"Person","@id":"http:\/\/esponsorama.ad\/es\/#\/schema\/person\/a5cde74945183d737066e46b61c6f9c4","name":"Xavi Andornet","image":{"@type":"ImageObject","inLanguage":"es","@id":"http:\/\/esponsorama.ad\/es\/#\/schema\/person\/image\/","url":"https:\/\/secure.gravatar.com\/avatar\/f10eaf9ad601244a2357c9fd7cd9805ed166cfaaf76d5d9ab08a9d873e70147a?s=96&d=mm&r=g","contentUrl":"https:\/\/secure.gravatar.com\/avatar\/f10eaf9ad601244a2357c9fd7cd9805ed166cfaaf76d5d9ab08a9d873e70147a?s=96&d=mm&r=g","caption":"Xavi Andornet"},"sameAs":["http:\/\/www.andornet.ad"],"url":"http:\/\/esponsorama.ad\/es\/author\/andornet\/"}]}},"_links":{"self":[{"href":"http:\/\/esponsorama.ad\/es\/wp-json\/wp\/v2\/posts\/16262","targetHints":{"allow":["GET"]}}],"collection":[{"href":"http:\/\/esponsorama.ad\/es\/wp-json\/wp\/v2\/posts"}],"about":[{"href":"http:\/\/esponsorama.ad\/es\/wp-json\/wp\/v2\/types\/post"}],"author":[{"embeddable":true,"href":"http:\/\/esponsorama.ad\/es\/wp-json\/wp\/v2\/users\/6"}],"replies":[{"embeddable":true,"href":"http:\/\/esponsorama.ad\/es\/wp-json\/wp\/v2\/comments?post=16262"}],"version-history":[{"count":1,"href":"http:\/\/esponsorama.ad\/es\/wp-json\/wp\/v2\/posts\/16262\/revisions"}],"predecessor-version":[{"id":16267,"href":"http:\/\/esponsorama.ad\/es\/wp-json\/wp\/v2\/posts\/16262\/revisions\/16267"}],"wp:featuredmedia":[{"embeddable":true,"href":"http:\/\/esponsorama.ad\/es\/wp-json\/wp\/v2\/media\/16263"}],"wp:attachment":[{"href":"http:\/\/esponsorama.ad\/es\/wp-json\/wp\/v2\/media?parent=16262"}],"wp:term":[{"taxonomy":"category","embeddable":true,"href":"http:\/\/esponsorama.ad\/es\/wp-json\/wp\/v2\/categories?post=16262"},{"taxonomy":"post_tag","embeddable":true,"href":"http:\/\/esponsorama.ad\/es\/wp-json\/wp\/v2\/tags?post=16262"}],"curies":[{"name":"wp","href":"https:\/\/api.w.org\/{rel}","templated":true}]}}