{"id":16270,"date":"2020-09-20T17:41:58","date_gmt":"2020-09-20T15:41:58","guid":{"rendered":"http:\/\/esponsorama.ad\/?p=16270"},"modified":"2020-09-20T17:44:41","modified_gmt":"2020-09-20T15:44:41","slug":"una-penalizacion-compromete-la-carrera-carlos-tatay-misano","status":"publish","type":"post","link":"http:\/\/esponsorama.ad\/es\/una-penalizacion-compromete-la-carrera-carlos-tatay-misano\/","title":{"rendered":"UNA PENALIZACI\u00d3N COMPROMETE LA CARRERA DE CARLOS TATAY EN MISANO"},"content":{"rendered":"<p>El Reale Avintia Moto3 y Carlos Tatay han completado el Gran Premio de la Emilia Romagna en el Misano World Circuit Marco Simoncelli.<\/p>\n<p>Tras clasificar 29\u00ba en la sesi\u00f3n clasificatoria disputada durante el s\u00e1bado, Carlos Tatay ha encarado la carrera con el objetivo de remontar posiciones. Pero el piloto espa\u00f1ol se ha visto penalizado con una doble \u2018long lap\u2019 al saltarse la salida. Pese a ello, Tatay no ha tirado la toalla y ha logrado cruzar la l\u00ednea de meta 19\u00ba.<\/p>\n<p>Sin tiempo para descansar, el Reale Avintia Moto3 ya tiene la mirada puesta en el Gran Premio de Catalunya, que se disputar\u00e1 el pr\u00f3ximo fin de semana en el Circuit de Barcelona- Catalunya.<\/p>\n<p>\t\t\t\t\t<div class=\"rider-short\">\n\t\t\t\t<a href=\"http:\/\/esponsorama.ad\/es\/piloto\/carlos-tatay\/\"><img loading=\"lazy\" decoding=\"async\" width=\"300\" height=\"300\" src=\"http:\/\/esponsorama.ad\/wp-content\/uploads\/2021\/02\/dorsal-tatay-gris-300x300.png\" class=\"attachment-medium size-medium\" alt=\"\" srcset=\"http:\/\/esponsorama.ad\/wp-content\/uploads\/2021\/02\/dorsal-tatay-gris-300x300.png 300w, http:\/\/esponsorama.ad\/wp-content\/uploads\/2021\/02\/dorsal-tatay-gris-150x150.png 150w, http:\/\/esponsorama.ad\/wp-content\/uploads\/2021\/02\/dorsal-tatay-gris.png 500w\" sizes=\"auto, (max-width: 300px) 100vw, 300px\" \/><\/a><div class=\"info\"><h3><a href=\"http:\/\/esponsorama.ad\/es\/piloto\/carlos-tatay\/\">Carlos Tatay<\/a> | P19<\/h3><div class=\"rrss\"><a target=\"_blank\" href=\"https:\/\/www.facebook.com\/carlostatay99\/\"><i class=\"fa fa-facebook\"><\/i><\/a><a target=\"_blank\" href=\"https:\/\/twitter.com\/carlostatay99\"><i class=\"fa fa-twitter\"><\/i><\/a><a target=\"_blank\" href=\"https:\/\/www.instagram.com\/carlostatay99\/\"><i class=\"fa fa-instagram\"><\/i><\/a><\/div><\/div>\t\t\t\t\t<\/div>\n\t\t\t\t<br \/>\n\u201cLa carrera no ha ido como yo esperaba, he cometido un fallo en la salida y me he adelantado un poco, por lo que hemos cumplido la sanci\u00f3n de una doble &#8216;long lap&#8217;. Ten\u00eda el ritmo y la moto para estar con el grupo l\u00edder pero en la pr\u00f3xima carrera volver\u00e9 a intentarlo. Muchas gracias al equipo por el trabajo y nos vemos en Barcelona el fin de semana que viene.\u201d<\/p>\n","protected":false},"excerpt":{"rendered":"<p>El Reale Avintia Moto3 y Carlos Tatay han completado el Gran Premio de la Emilia Romagna en el Misano World Circuit Marco Simoncelli. Tras clasificar 29\u00ba en la sesi\u00f3n clasificatoria disputada durante el s\u00e1bado, Carlos Tatay ha encarado la carrera con el objetivo de remontar posiciones. Pero el piloto espa\u00f1ol se ha visto penalizado con [&hellip;]<\/p>\n","protected":false},"author":6,"featured_media":16271,"comment_status":"closed","ping_status":"closed","sticky":false,"template":"","format":"standard","meta":{"footnotes":""},"categories":[12],"tags":[],"class_list":["post-16270","post","type-post","status-publish","format-standard","has-post-thumbnail","hentry","category-moto3"],"yoast_head":"<!-- This site is optimized with the Yoast SEO plugin v27.1.1 - https:\/\/yoast.com\/product\/yoast-seo-wordpress\/ -->\n<title>UNA PENALIZACI\u00d3N COMPROMETE LA CARRERA DE CARLOS TATAY EN MISANO - Esponsorama<\/title>\n<meta name=\"robots\" content=\"index, follow, max-snippet:-1, max-image-preview:large, max-video-preview:-1\" \/>\n<link rel=\"canonical\" href=\"http:\/\/esponsorama.ad\/es\/una-penalizacion-compromete-la-carrera-carlos-tatay-misano\/\" \/>\n<meta property=\"og:locale\" content=\"es_ES\" \/>\n<meta property=\"og:type\" content=\"article\" \/>\n<meta property=\"og:title\" content=\"UNA PENALIZACI\u00d3N COMPROMETE LA CARRERA DE CARLOS TATAY EN MISANO - Esponsorama\" \/>\n<meta property=\"og:description\" content=\"El Reale Avintia Moto3 y Carlos Tatay han completado el Gran Premio de la Emilia Romagna en el Misano World Circuit Marco Simoncelli. Tras clasificar 29\u00ba en la sesi\u00f3n clasificatoria disputada durante el s\u00e1bado, Carlos Tatay ha encarado la carrera con el objetivo de remontar posiciones. Pero el piloto espa\u00f1ol se ha visto penalizado con [&hellip;]\" \/>\n<meta property=\"og:url\" content=\"http:\/\/esponsorama.ad\/es\/una-penalizacion-compromete-la-carrera-carlos-tatay-misano\/\" \/>\n<meta property=\"og:site_name\" content=\"Esponsorama\" \/>\n<meta property=\"article:published_time\" content=\"2020-09-20T15:41:58+00:00\" \/>\n<meta property=\"article:modified_time\" content=\"2020-09-20T15:44:41+00:00\" \/>\n<meta property=\"og:image\" content=\"http:\/\/esponsorama.ad\/wp-content\/uploads\/2020\/09\/08Misano20M3Esponsorama_ROB0213.jpg\" \/>\n\t<meta property=\"og:image:width\" content=\"5472\" \/>\n\t<meta property=\"og:image:height\" content=\"3648\" \/>\n\t<meta property=\"og:image:type\" content=\"image\/jpeg\" \/>\n<meta name=\"author\" content=\"Xavi Andornet\" \/>\n<meta name=\"twitter:card\" content=\"summary_large_image\" \/>\n<meta name=\"twitter:label1\" content=\"Escrito por\" \/>\n\t<meta name=\"twitter:data1\" content=\"Xavi Andornet\" \/>\n\t<meta name=\"twitter:label2\" content=\"Tiempo de lectura\" \/>\n\t<meta name=\"twitter:data2\" content=\"1 minuto\" \/>\n<script type=\"application\/ld+json\" class=\"yoast-schema-graph\">{\"@context\":\"https:\/\/schema.org\",\"@graph\":[{\"@type\":\"Article\",\"@id\":\"http:\/\/esponsorama.ad\/es\/una-penalizacion-compromete-la-carrera-carlos-tatay-misano\/#article\",\"isPartOf\":{\"@id\":\"http:\/\/esponsorama.ad\/es\/una-penalizacion-compromete-la-carrera-carlos-tatay-misano\/\"},\"author\":{\"name\":\"Xavi Andornet\",\"@id\":\"http:\/\/esponsorama.ad\/es\/#\/schema\/person\/a5cde74945183d737066e46b61c6f9c4\"},\"headline\":\"UNA PENALIZACI\u00d3N COMPROMETE LA CARRERA DE CARLOS TATAY EN MISANO\",\"datePublished\":\"2020-09-20T15:41:58+00:00\",\"dateModified\":\"2020-09-20T15:44:41+00:00\",\"mainEntityOfPage\":{\"@id\":\"http:\/\/esponsorama.ad\/es\/una-penalizacion-compromete-la-carrera-carlos-tatay-misano\/\"},\"wordCount\":206,\"image\":{\"@id\":\"http:\/\/esponsorama.ad\/es\/una-penalizacion-compromete-la-carrera-carlos-tatay-misano\/#primaryimage\"},\"thumbnailUrl\":\"http:\/\/esponsorama.ad\/wp-content\/uploads\/2020\/09\/08Misano20M3Esponsorama_ROB0213.jpg\",\"articleSection\":[\"Moto3\"],\"inLanguage\":\"es\"},{\"@type\":\"WebPage\",\"@id\":\"http:\/\/esponsorama.ad\/es\/una-penalizacion-compromete-la-carrera-carlos-tatay-misano\/\",\"url\":\"http:\/\/esponsorama.ad\/es\/una-penalizacion-compromete-la-carrera-carlos-tatay-misano\/\",\"name\":\"UNA PENALIZACI\u00d3N COMPROMETE LA CARRERA DE CARLOS TATAY EN MISANO - Esponsorama\",\"isPartOf\":{\"@id\":\"http:\/\/esponsorama.ad\/es\/#website\"},\"primaryImageOfPage\":{\"@id\":\"http:\/\/esponsorama.ad\/es\/una-penalizacion-compromete-la-carrera-carlos-tatay-misano\/#primaryimage\"},\"image\":{\"@id\":\"http:\/\/esponsorama.ad\/es\/una-penalizacion-compromete-la-carrera-carlos-tatay-misano\/#primaryimage\"},\"thumbnailUrl\":\"http:\/\/esponsorama.ad\/wp-content\/uploads\/2020\/09\/08Misano20M3Esponsorama_ROB0213.jpg\",\"datePublished\":\"2020-09-20T15:41:58+00:00\",\"dateModified\":\"2020-09-20T15:44:41+00:00\",\"author\":{\"@id\":\"http:\/\/esponsorama.ad\/es\/#\/schema\/person\/a5cde74945183d737066e46b61c6f9c4\"},\"breadcrumb\":{\"@id\":\"http:\/\/esponsorama.ad\/es\/una-penalizacion-compromete-la-carrera-carlos-tatay-misano\/#breadcrumb\"},\"inLanguage\":\"es\",\"potentialAction\":[{\"@type\":\"ReadAction\",\"target\":[\"http:\/\/esponsorama.ad\/es\/una-penalizacion-compromete-la-carrera-carlos-tatay-misano\/\"]}]},{\"@type\":\"ImageObject\",\"inLanguage\":\"es\",\"@id\":\"http:\/\/esponsorama.ad\/es\/una-penalizacion-compromete-la-carrera-carlos-tatay-misano\/#primaryimage\",\"url\":\"http:\/\/esponsorama.ad\/wp-content\/uploads\/2020\/09\/08Misano20M3Esponsorama_ROB0213.jpg\",\"contentUrl\":\"http:\/\/esponsorama.ad\/wp-content\/uploads\/2020\/09\/08Misano20M3Esponsorama_ROB0213.jpg\",\"width\":5472,\"height\":3648,\"caption\":\"08 Missano GP; 18 al 20 de Septiembre de 2020.;\"},{\"@type\":\"BreadcrumbList\",\"@id\":\"http:\/\/esponsorama.ad\/es\/una-penalizacion-compromete-la-carrera-carlos-tatay-misano\/#breadcrumb\",\"itemListElement\":[{\"@type\":\"ListItem\",\"position\":1,\"name\":\"Home\",\"item\":\"http:\/\/esponsorama.ad\/en\/\"},{\"@type\":\"ListItem\",\"position\":2,\"name\":\"UNA PENALIZACI\u00d3N COMPROMETE LA CARRERA DE CARLOS TATAY EN MISANO\"}]},{\"@type\":\"WebSite\",\"@id\":\"http:\/\/esponsorama.ad\/es\/#website\",\"url\":\"http:\/\/esponsorama.ad\/es\/\",\"name\":\"Esponsorama\",\"description\":\"Specialist in motorsport sponsorship and event promotions\",\"potentialAction\":[{\"@type\":\"SearchAction\",\"target\":{\"@type\":\"EntryPoint\",\"urlTemplate\":\"http:\/\/esponsorama.ad\/es\/?s={search_term_string}\"},\"query-input\":{\"@type\":\"PropertyValueSpecification\",\"valueRequired\":true,\"valueName\":\"search_term_string\"}}],\"inLanguage\":\"es\"},{\"@type\":\"Person\",\"@id\":\"http:\/\/esponsorama.ad\/es\/#\/schema\/person\/a5cde74945183d737066e46b61c6f9c4\",\"name\":\"Xavi Andornet\",\"image\":{\"@type\":\"ImageObject\",\"inLanguage\":\"es\",\"@id\":\"http:\/\/esponsorama.ad\/es\/#\/schema\/person\/image\/\",\"url\":\"https:\/\/secure.gravatar.com\/avatar\/f10eaf9ad601244a2357c9fd7cd9805ed166cfaaf76d5d9ab08a9d873e70147a?s=96&d=mm&r=g\",\"contentUrl\":\"https:\/\/secure.gravatar.com\/avatar\/f10eaf9ad601244a2357c9fd7cd9805ed166cfaaf76d5d9ab08a9d873e70147a?s=96&d=mm&r=g\",\"caption\":\"Xavi Andornet\"},\"sameAs\":[\"http:\/\/www.andornet.ad\"],\"url\":\"http:\/\/esponsorama.ad\/es\/author\/andornet\/\"}]}<\/script>\n<!-- \/ Yoast SEO plugin. -->","yoast_head_json":{"title":"UNA PENALIZACI\u00d3N COMPROMETE LA CARRERA DE CARLOS TATAY EN MISANO - Esponsorama","robots":{"index":"index","follow":"follow","max-snippet":"max-snippet:-1","max-image-preview":"max-image-preview:large","max-video-preview":"max-video-preview:-1"},"canonical":"http:\/\/esponsorama.ad\/es\/una-penalizacion-compromete-la-carrera-carlos-tatay-misano\/","og_locale":"es_ES","og_type":"article","og_title":"UNA PENALIZACI\u00d3N COMPROMETE LA CARRERA DE CARLOS TATAY EN MISANO - Esponsorama","og_description":"El Reale Avintia Moto3 y Carlos Tatay han completado el Gran Premio de la Emilia Romagna en el Misano World Circuit Marco Simoncelli. Tras clasificar 29\u00ba en la sesi\u00f3n clasificatoria disputada durante el s\u00e1bado, Carlos Tatay ha encarado la carrera con el objetivo de remontar posiciones. Pero el piloto espa\u00f1ol se ha visto penalizado con [&hellip;]","og_url":"http:\/\/esponsorama.ad\/es\/una-penalizacion-compromete-la-carrera-carlos-tatay-misano\/","og_site_name":"Esponsorama","article_published_time":"2020-09-20T15:41:58+00:00","article_modified_time":"2020-09-20T15:44:41+00:00","og_image":[{"width":5472,"height":3648,"url":"http:\/\/esponsorama.ad\/wp-content\/uploads\/2020\/09\/08Misano20M3Esponsorama_ROB0213.jpg","type":"image\/jpeg"}],"author":"Xavi Andornet","twitter_card":"summary_large_image","twitter_misc":{"Escrito por":"Xavi Andornet","Tiempo de lectura":"1 minuto"},"schema":{"@context":"https:\/\/schema.org","@graph":[{"@type":"Article","@id":"http:\/\/esponsorama.ad\/es\/una-penalizacion-compromete-la-carrera-carlos-tatay-misano\/#article","isPartOf":{"@id":"http:\/\/esponsorama.ad\/es\/una-penalizacion-compromete-la-carrera-carlos-tatay-misano\/"},"author":{"name":"Xavi Andornet","@id":"http:\/\/esponsorama.ad\/es\/#\/schema\/person\/a5cde74945183d737066e46b61c6f9c4"},"headline":"UNA PENALIZACI\u00d3N COMPROMETE LA CARRERA DE CARLOS TATAY EN MISANO","datePublished":"2020-09-20T15:41:58+00:00","dateModified":"2020-09-20T15:44:41+00:00","mainEntityOfPage":{"@id":"http:\/\/esponsorama.ad\/es\/una-penalizacion-compromete-la-carrera-carlos-tatay-misano\/"},"wordCount":206,"image":{"@id":"http:\/\/esponsorama.ad\/es\/una-penalizacion-compromete-la-carrera-carlos-tatay-misano\/#primaryimage"},"thumbnailUrl":"http:\/\/esponsorama.ad\/wp-content\/uploads\/2020\/09\/08Misano20M3Esponsorama_ROB0213.jpg","articleSection":["Moto3"],"inLanguage":"es"},{"@type":"WebPage","@id":"http:\/\/esponsorama.ad\/es\/una-penalizacion-compromete-la-carrera-carlos-tatay-misano\/","url":"http:\/\/esponsorama.ad\/es\/una-penalizacion-compromete-la-carrera-carlos-tatay-misano\/","name":"UNA PENALIZACI\u00d3N COMPROMETE LA CARRERA DE CARLOS TATAY EN MISANO - Esponsorama","isPartOf":{"@id":"http:\/\/esponsorama.ad\/es\/#website"},"primaryImageOfPage":{"@id":"http:\/\/esponsorama.ad\/es\/una-penalizacion-compromete-la-carrera-carlos-tatay-misano\/#primaryimage"},"image":{"@id":"http:\/\/esponsorama.ad\/es\/una-penalizacion-compromete-la-carrera-carlos-tatay-misano\/#primaryimage"},"thumbnailUrl":"http:\/\/esponsorama.ad\/wp-content\/uploads\/2020\/09\/08Misano20M3Esponsorama_ROB0213.jpg","datePublished":"2020-09-20T15:41:58+00:00","dateModified":"2020-09-20T15:44:41+00:00","author":{"@id":"http:\/\/esponsorama.ad\/es\/#\/schema\/person\/a5cde74945183d737066e46b61c6f9c4"},"breadcrumb":{"@id":"http:\/\/esponsorama.ad\/es\/una-penalizacion-compromete-la-carrera-carlos-tatay-misano\/#breadcrumb"},"inLanguage":"es","potentialAction":[{"@type":"ReadAction","target":["http:\/\/esponsorama.ad\/es\/una-penalizacion-compromete-la-carrera-carlos-tatay-misano\/"]}]},{"@type":"ImageObject","inLanguage":"es","@id":"http:\/\/esponsorama.ad\/es\/una-penalizacion-compromete-la-carrera-carlos-tatay-misano\/#primaryimage","url":"http:\/\/esponsorama.ad\/wp-content\/uploads\/2020\/09\/08Misano20M3Esponsorama_ROB0213.jpg","contentUrl":"http:\/\/esponsorama.ad\/wp-content\/uploads\/2020\/09\/08Misano20M3Esponsorama_ROB0213.jpg","width":5472,"height":3648,"caption":"08 Missano GP; 18 al 20 de Septiembre de 2020.;"},{"@type":"BreadcrumbList","@id":"http:\/\/esponsorama.ad\/es\/una-penalizacion-compromete-la-carrera-carlos-tatay-misano\/#breadcrumb","itemListElement":[{"@type":"ListItem","position":1,"name":"Home","item":"http:\/\/esponsorama.ad\/en\/"},{"@type":"ListItem","position":2,"name":"UNA PENALIZACI\u00d3N COMPROMETE LA CARRERA DE CARLOS TATAY EN MISANO"}]},{"@type":"WebSite","@id":"http:\/\/esponsorama.ad\/es\/#website","url":"http:\/\/esponsorama.ad\/es\/","name":"Esponsorama","description":"Specialist in motorsport sponsorship and event promotions","potentialAction":[{"@type":"SearchAction","target":{"@type":"EntryPoint","urlTemplate":"http:\/\/esponsorama.ad\/es\/?s={search_term_string}"},"query-input":{"@type":"PropertyValueSpecification","valueRequired":true,"valueName":"search_term_string"}}],"inLanguage":"es"},{"@type":"Person","@id":"http:\/\/esponsorama.ad\/es\/#\/schema\/person\/a5cde74945183d737066e46b61c6f9c4","name":"Xavi Andornet","image":{"@type":"ImageObject","inLanguage":"es","@id":"http:\/\/esponsorama.ad\/es\/#\/schema\/person\/image\/","url":"https:\/\/secure.gravatar.com\/avatar\/f10eaf9ad601244a2357c9fd7cd9805ed166cfaaf76d5d9ab08a9d873e70147a?s=96&d=mm&r=g","contentUrl":"https:\/\/secure.gravatar.com\/avatar\/f10eaf9ad601244a2357c9fd7cd9805ed166cfaaf76d5d9ab08a9d873e70147a?s=96&d=mm&r=g","caption":"Xavi Andornet"},"sameAs":["http:\/\/www.andornet.ad"],"url":"http:\/\/esponsorama.ad\/es\/author\/andornet\/"}]}},"_links":{"self":[{"href":"http:\/\/esponsorama.ad\/es\/wp-json\/wp\/v2\/posts\/16270","targetHints":{"allow":["GET"]}}],"collection":[{"href":"http:\/\/esponsorama.ad\/es\/wp-json\/wp\/v2\/posts"}],"about":[{"href":"http:\/\/esponsorama.ad\/es\/wp-json\/wp\/v2\/types\/post"}],"author":[{"embeddable":true,"href":"http:\/\/esponsorama.ad\/es\/wp-json\/wp\/v2\/users\/6"}],"replies":[{"embeddable":true,"href":"http:\/\/esponsorama.ad\/es\/wp-json\/wp\/v2\/comments?post=16270"}],"version-history":[{"count":1,"href":"http:\/\/esponsorama.ad\/es\/wp-json\/wp\/v2\/posts\/16270\/revisions"}],"predecessor-version":[{"id":16272,"href":"http:\/\/esponsorama.ad\/es\/wp-json\/wp\/v2\/posts\/16270\/revisions\/16272"}],"wp:featuredmedia":[{"embeddable":true,"href":"http:\/\/esponsorama.ad\/es\/wp-json\/wp\/v2\/media\/16271"}],"wp:attachment":[{"href":"http:\/\/esponsorama.ad\/es\/wp-json\/wp\/v2\/media?parent=16270"}],"wp:term":[{"taxonomy":"category","embeddable":true,"href":"http:\/\/esponsorama.ad\/es\/wp-json\/wp\/v2\/categories?post=16270"},{"taxonomy":"post_tag","embeddable":true,"href":"http:\/\/esponsorama.ad\/es\/wp-json\/wp\/v2\/tags?post=16270"}],"curies":[{"name":"wp","href":"https:\/\/api.w.org\/{rel}","templated":true}]}}