{"id":16276,"date":"2020-09-20T18:11:44","date_gmt":"2020-09-20T16:11:44","guid":{"rendered":"http:\/\/esponsorama.ad\/?p=16276"},"modified":"2020-09-20T18:14:15","modified_gmt":"2020-09-20T16:14:15","slug":"esponsorma-racing-da-concluido-gran-premio-la-emilia-romagna","status":"publish","type":"post","link":"http:\/\/esponsorama.ad\/es\/esponsorma-racing-da-concluido-gran-premio-la-emilia-romagna\/","title":{"rendered":"EL ESPONSORMA RACING DA POR CONCLUIDO EL GRAN PREMIO DE LA EMILIA ROMAGNA"},"content":{"rendered":"<p>El Esponsorama Racing ha finalizado la s\u00e9ptima carrera de la temporada, el Gran Premio de la Emilia Romagna, en el Misano World Circuit Marco Simoncelli.<\/p>\n<p>Tras la sesi\u00f3n de clasificaci\u00f3n de ayer, Johann Zarco ha partido en 14\u00aa posici\u00f3n. El piloto franc\u00e9s ha podido sumar 5 importantes puntos al cruzar la l\u00ednea de meta 11\u00ba tras luchar toda la carrera por entrar al Top-10.<\/p>\n<p>Tito Rabat por su parte, que ha arrancado 20\u00ba, no ha podido terminar la carrera debido a una ca\u00edda. El piloto espa\u00f1ol ha perdido el control de su Ducati Desmosedici GP19 en la curva 6 a falta de 15 vueltas para el final y se ha visto obligado a abandonar.<\/p>\n<p>La semana que viene, en el Circuit de Barcelona \u2013 Catalunya se disputar\u00e1 el Gran Premio de Catalunya, donde el Esponsorama Racing tendr\u00e1 una nueva oportunidad para seguir trabajando y volver a las posiciones donde el equipo se merece.<\/p>\n<p><br \/>\n\u201cUna carrera m\u00e1s finalizada, aunque ha sido una situaci\u00f3n dif\u00edcil de manejar. La elecci\u00f3n del neum\u00e1tico trasero ha sido crucial, elegimos una opci\u00f3n pensando que nos dar\u00eda alguna ventaja a partir de la segunda mitad de la carrera pero esto no ha sido as\u00ed. El ritmo ha sido muy constante pero un poco lento en comparaci\u00f3n con el Top-10. Deseando que llegue Barcelona para continuar mejorando.\u201d <\/p>\n<p><br \/>\n\u201cDe la ca\u00edda de hoy vamos a mirar el lado positivo como siempre. La vuelta r\u00e1pida de carrera nuestra solo ha sido una d\u00e9cima m\u00e1s lenta que la de mi compa\u00f1ero de equipo. Las condiciones de la pista hoy eran muy raras y a\u00fan as\u00ed ten\u00edamos un ritmo de 1.33. La ca\u00edda ha sido consecuencia de intentar seguir al grupo de delante, al ir forzando se me ha cerrado de delante y he ca\u00eddo. Ahora tenemos la mirada puesta en la carrera de casa de la semana que viene.\u201d<\/p>\n","protected":false},"excerpt":{"rendered":"<p>El Esponsorama Racing ha finalizado la s\u00e9ptima carrera de la temporada, el Gran Premio de la Emilia Romagna, en el Misano World Circuit Marco Simoncelli. Tras la sesi\u00f3n de clasificaci\u00f3n de ayer, Johann Zarco ha partido en 14\u00aa posici\u00f3n. El piloto franc\u00e9s ha podido sumar 5 importantes puntos al cruzar la l\u00ednea de meta 11\u00ba [&hellip;]<\/p>\n","protected":false},"author":6,"featured_media":16281,"comment_status":"closed","ping_status":"closed","sticky":false,"template":"","format":"standard","meta":{"footnotes":""},"categories":[3],"tags":[],"class_list":["post-16276","post","type-post","status-publish","format-standard","has-post-thumbnail","hentry","category-motogp"],"yoast_head":"<!-- This site is optimized with the Yoast SEO plugin v27.1.1 - https:\/\/yoast.com\/product\/yoast-seo-wordpress\/ -->\n<title>EL ESPONSORMA RACING DA POR CONCLUIDO EL GRAN PREMIO DE LA EMILIA ROMAGNA - Esponsorama<\/title>\n<meta name=\"robots\" content=\"index, follow, max-snippet:-1, max-image-preview:large, max-video-preview:-1\" \/>\n<link rel=\"canonical\" href=\"http:\/\/esponsorama.ad\/es\/esponsorma-racing-da-concluido-gran-premio-la-emilia-romagna\/\" \/>\n<meta property=\"og:locale\" content=\"es_ES\" \/>\n<meta property=\"og:type\" content=\"article\" \/>\n<meta property=\"og:title\" content=\"EL ESPONSORMA RACING DA POR CONCLUIDO EL GRAN PREMIO DE LA EMILIA ROMAGNA - Esponsorama\" \/>\n<meta property=\"og:description\" content=\"El Esponsorama Racing ha finalizado la s\u00e9ptima carrera de la temporada, el Gran Premio de la Emilia Romagna, en el Misano World Circuit Marco Simoncelli. Tras la sesi\u00f3n de clasificaci\u00f3n de ayer, Johann Zarco ha partido en 14\u00aa posici\u00f3n. El piloto franc\u00e9s ha podido sumar 5 importantes puntos al cruzar la l\u00ednea de meta 11\u00ba [&hellip;]\" \/>\n<meta property=\"og:url\" content=\"http:\/\/esponsorama.ad\/es\/esponsorma-racing-da-concluido-gran-premio-la-emilia-romagna\/\" \/>\n<meta property=\"og:site_name\" content=\"Esponsorama\" \/>\n<meta property=\"article:published_time\" content=\"2020-09-20T16:11:44+00:00\" \/>\n<meta property=\"article:modified_time\" content=\"2020-09-20T16:14:15+00:00\" \/>\n<meta property=\"og:image\" content=\"http:\/\/esponsorama.ad\/wp-content\/uploads\/2020\/09\/08Misano20MgpEsponsorama_A929295.jpg\" \/>\n\t<meta property=\"og:image:width\" content=\"5472\" \/>\n\t<meta property=\"og:image:height\" content=\"3648\" \/>\n\t<meta property=\"og:image:type\" content=\"image\/jpeg\" \/>\n<meta name=\"author\" content=\"Xavi Andornet\" \/>\n<meta name=\"twitter:card\" content=\"summary_large_image\" \/>\n<meta name=\"twitter:label1\" content=\"Escrito por\" \/>\n\t<meta name=\"twitter:data1\" content=\"Xavi Andornet\" \/>\n\t<meta name=\"twitter:label2\" content=\"Tiempo de lectura\" \/>\n\t<meta name=\"twitter:data2\" content=\"2 minutos\" \/>\n<script type=\"application\/ld+json\" class=\"yoast-schema-graph\">{\"@context\":\"https:\/\/schema.org\",\"@graph\":[{\"@type\":\"Article\",\"@id\":\"http:\/\/esponsorama.ad\/es\/esponsorma-racing-da-concluido-gran-premio-la-emilia-romagna\/#article\",\"isPartOf\":{\"@id\":\"http:\/\/esponsorama.ad\/es\/esponsorma-racing-da-concluido-gran-premio-la-emilia-romagna\/\"},\"author\":{\"name\":\"Xavi Andornet\",\"@id\":\"http:\/\/esponsorama.ad\/es\/#\/schema\/person\/a5cde74945183d737066e46b61c6f9c4\"},\"headline\":\"EL ESPONSORMA RACING DA POR CONCLUIDO EL GRAN PREMIO DE LA EMILIA ROMAGNA\",\"datePublished\":\"2020-09-20T16:11:44+00:00\",\"dateModified\":\"2020-09-20T16:14:15+00:00\",\"mainEntityOfPage\":{\"@id\":\"http:\/\/esponsorama.ad\/es\/esponsorma-racing-da-concluido-gran-premio-la-emilia-romagna\/\"},\"wordCount\":345,\"image\":{\"@id\":\"http:\/\/esponsorama.ad\/es\/esponsorma-racing-da-concluido-gran-premio-la-emilia-romagna\/#primaryimage\"},\"thumbnailUrl\":\"http:\/\/esponsorama.ad\/wp-content\/uploads\/2020\/09\/08Misano20MgpEsponsorama_A929295.jpg\",\"articleSection\":[\"MotoGP\"],\"inLanguage\":\"es\"},{\"@type\":\"WebPage\",\"@id\":\"http:\/\/esponsorama.ad\/es\/esponsorma-racing-da-concluido-gran-premio-la-emilia-romagna\/\",\"url\":\"http:\/\/esponsorama.ad\/es\/esponsorma-racing-da-concluido-gran-premio-la-emilia-romagna\/\",\"name\":\"EL ESPONSORMA RACING DA POR CONCLUIDO EL GRAN PREMIO DE LA EMILIA ROMAGNA - Esponsorama\",\"isPartOf\":{\"@id\":\"http:\/\/esponsorama.ad\/es\/#website\"},\"primaryImageOfPage\":{\"@id\":\"http:\/\/esponsorama.ad\/es\/esponsorma-racing-da-concluido-gran-premio-la-emilia-romagna\/#primaryimage\"},\"image\":{\"@id\":\"http:\/\/esponsorama.ad\/es\/esponsorma-racing-da-concluido-gran-premio-la-emilia-romagna\/#primaryimage\"},\"thumbnailUrl\":\"http:\/\/esponsorama.ad\/wp-content\/uploads\/2020\/09\/08Misano20MgpEsponsorama_A929295.jpg\",\"datePublished\":\"2020-09-20T16:11:44+00:00\",\"dateModified\":\"2020-09-20T16:14:15+00:00\",\"author\":{\"@id\":\"http:\/\/esponsorama.ad\/es\/#\/schema\/person\/a5cde74945183d737066e46b61c6f9c4\"},\"breadcrumb\":{\"@id\":\"http:\/\/esponsorama.ad\/es\/esponsorma-racing-da-concluido-gran-premio-la-emilia-romagna\/#breadcrumb\"},\"inLanguage\":\"es\",\"potentialAction\":[{\"@type\":\"ReadAction\",\"target\":[\"http:\/\/esponsorama.ad\/es\/esponsorma-racing-da-concluido-gran-premio-la-emilia-romagna\/\"]}]},{\"@type\":\"ImageObject\",\"inLanguage\":\"es\",\"@id\":\"http:\/\/esponsorama.ad\/es\/esponsorma-racing-da-concluido-gran-premio-la-emilia-romagna\/#primaryimage\",\"url\":\"http:\/\/esponsorama.ad\/wp-content\/uploads\/2020\/09\/08Misano20MgpEsponsorama_A929295.jpg\",\"contentUrl\":\"http:\/\/esponsorama.ad\/wp-content\/uploads\/2020\/09\/08Misano20MgpEsponsorama_A929295.jpg\",\"width\":5472,\"height\":3648,\"caption\":\"08 Missano GP; 18 al 20 de Septiembre de 2020.;\"},{\"@type\":\"BreadcrumbList\",\"@id\":\"http:\/\/esponsorama.ad\/es\/esponsorma-racing-da-concluido-gran-premio-la-emilia-romagna\/#breadcrumb\",\"itemListElement\":[{\"@type\":\"ListItem\",\"position\":1,\"name\":\"Home\",\"item\":\"http:\/\/esponsorama.ad\/en\/\"},{\"@type\":\"ListItem\",\"position\":2,\"name\":\"EL ESPONSORMA RACING DA POR CONCLUIDO EL GRAN PREMIO DE LA EMILIA ROMAGNA\"}]},{\"@type\":\"WebSite\",\"@id\":\"http:\/\/esponsorama.ad\/es\/#website\",\"url\":\"http:\/\/esponsorama.ad\/es\/\",\"name\":\"Esponsorama\",\"description\":\"Specialist in motorsport sponsorship and event promotions\",\"potentialAction\":[{\"@type\":\"SearchAction\",\"target\":{\"@type\":\"EntryPoint\",\"urlTemplate\":\"http:\/\/esponsorama.ad\/es\/?s={search_term_string}\"},\"query-input\":{\"@type\":\"PropertyValueSpecification\",\"valueRequired\":true,\"valueName\":\"search_term_string\"}}],\"inLanguage\":\"es\"},{\"@type\":\"Person\",\"@id\":\"http:\/\/esponsorama.ad\/es\/#\/schema\/person\/a5cde74945183d737066e46b61c6f9c4\",\"name\":\"Xavi Andornet\",\"image\":{\"@type\":\"ImageObject\",\"inLanguage\":\"es\",\"@id\":\"http:\/\/esponsorama.ad\/es\/#\/schema\/person\/image\/\",\"url\":\"https:\/\/secure.gravatar.com\/avatar\/f10eaf9ad601244a2357c9fd7cd9805ed166cfaaf76d5d9ab08a9d873e70147a?s=96&d=mm&r=g\",\"contentUrl\":\"https:\/\/secure.gravatar.com\/avatar\/f10eaf9ad601244a2357c9fd7cd9805ed166cfaaf76d5d9ab08a9d873e70147a?s=96&d=mm&r=g\",\"caption\":\"Xavi Andornet\"},\"sameAs\":[\"http:\/\/www.andornet.ad\"],\"url\":\"http:\/\/esponsorama.ad\/es\/author\/andornet\/\"}]}<\/script>\n<!-- \/ Yoast SEO plugin. -->","yoast_head_json":{"title":"EL ESPONSORMA RACING DA POR CONCLUIDO EL GRAN PREMIO DE LA EMILIA ROMAGNA - Esponsorama","robots":{"index":"index","follow":"follow","max-snippet":"max-snippet:-1","max-image-preview":"max-image-preview:large","max-video-preview":"max-video-preview:-1"},"canonical":"http:\/\/esponsorama.ad\/es\/esponsorma-racing-da-concluido-gran-premio-la-emilia-romagna\/","og_locale":"es_ES","og_type":"article","og_title":"EL ESPONSORMA RACING DA POR CONCLUIDO EL GRAN PREMIO DE LA EMILIA ROMAGNA - Esponsorama","og_description":"El Esponsorama Racing ha finalizado la s\u00e9ptima carrera de la temporada, el Gran Premio de la Emilia Romagna, en el Misano World Circuit Marco Simoncelli. Tras la sesi\u00f3n de clasificaci\u00f3n de ayer, Johann Zarco ha partido en 14\u00aa posici\u00f3n. El piloto franc\u00e9s ha podido sumar 5 importantes puntos al cruzar la l\u00ednea de meta 11\u00ba [&hellip;]","og_url":"http:\/\/esponsorama.ad\/es\/esponsorma-racing-da-concluido-gran-premio-la-emilia-romagna\/","og_site_name":"Esponsorama","article_published_time":"2020-09-20T16:11:44+00:00","article_modified_time":"2020-09-20T16:14:15+00:00","og_image":[{"width":5472,"height":3648,"url":"http:\/\/esponsorama.ad\/wp-content\/uploads\/2020\/09\/08Misano20MgpEsponsorama_A929295.jpg","type":"image\/jpeg"}],"author":"Xavi Andornet","twitter_card":"summary_large_image","twitter_misc":{"Escrito por":"Xavi Andornet","Tiempo de lectura":"2 minutos"},"schema":{"@context":"https:\/\/schema.org","@graph":[{"@type":"Article","@id":"http:\/\/esponsorama.ad\/es\/esponsorma-racing-da-concluido-gran-premio-la-emilia-romagna\/#article","isPartOf":{"@id":"http:\/\/esponsorama.ad\/es\/esponsorma-racing-da-concluido-gran-premio-la-emilia-romagna\/"},"author":{"name":"Xavi Andornet","@id":"http:\/\/esponsorama.ad\/es\/#\/schema\/person\/a5cde74945183d737066e46b61c6f9c4"},"headline":"EL ESPONSORMA RACING DA POR CONCLUIDO EL GRAN PREMIO DE LA EMILIA ROMAGNA","datePublished":"2020-09-20T16:11:44+00:00","dateModified":"2020-09-20T16:14:15+00:00","mainEntityOfPage":{"@id":"http:\/\/esponsorama.ad\/es\/esponsorma-racing-da-concluido-gran-premio-la-emilia-romagna\/"},"wordCount":345,"image":{"@id":"http:\/\/esponsorama.ad\/es\/esponsorma-racing-da-concluido-gran-premio-la-emilia-romagna\/#primaryimage"},"thumbnailUrl":"http:\/\/esponsorama.ad\/wp-content\/uploads\/2020\/09\/08Misano20MgpEsponsorama_A929295.jpg","articleSection":["MotoGP"],"inLanguage":"es"},{"@type":"WebPage","@id":"http:\/\/esponsorama.ad\/es\/esponsorma-racing-da-concluido-gran-premio-la-emilia-romagna\/","url":"http:\/\/esponsorama.ad\/es\/esponsorma-racing-da-concluido-gran-premio-la-emilia-romagna\/","name":"EL ESPONSORMA RACING DA POR CONCLUIDO EL GRAN PREMIO DE LA EMILIA ROMAGNA - Esponsorama","isPartOf":{"@id":"http:\/\/esponsorama.ad\/es\/#website"},"primaryImageOfPage":{"@id":"http:\/\/esponsorama.ad\/es\/esponsorma-racing-da-concluido-gran-premio-la-emilia-romagna\/#primaryimage"},"image":{"@id":"http:\/\/esponsorama.ad\/es\/esponsorma-racing-da-concluido-gran-premio-la-emilia-romagna\/#primaryimage"},"thumbnailUrl":"http:\/\/esponsorama.ad\/wp-content\/uploads\/2020\/09\/08Misano20MgpEsponsorama_A929295.jpg","datePublished":"2020-09-20T16:11:44+00:00","dateModified":"2020-09-20T16:14:15+00:00","author":{"@id":"http:\/\/esponsorama.ad\/es\/#\/schema\/person\/a5cde74945183d737066e46b61c6f9c4"},"breadcrumb":{"@id":"http:\/\/esponsorama.ad\/es\/esponsorma-racing-da-concluido-gran-premio-la-emilia-romagna\/#breadcrumb"},"inLanguage":"es","potentialAction":[{"@type":"ReadAction","target":["http:\/\/esponsorama.ad\/es\/esponsorma-racing-da-concluido-gran-premio-la-emilia-romagna\/"]}]},{"@type":"ImageObject","inLanguage":"es","@id":"http:\/\/esponsorama.ad\/es\/esponsorma-racing-da-concluido-gran-premio-la-emilia-romagna\/#primaryimage","url":"http:\/\/esponsorama.ad\/wp-content\/uploads\/2020\/09\/08Misano20MgpEsponsorama_A929295.jpg","contentUrl":"http:\/\/esponsorama.ad\/wp-content\/uploads\/2020\/09\/08Misano20MgpEsponsorama_A929295.jpg","width":5472,"height":3648,"caption":"08 Missano GP; 18 al 20 de Septiembre de 2020.;"},{"@type":"BreadcrumbList","@id":"http:\/\/esponsorama.ad\/es\/esponsorma-racing-da-concluido-gran-premio-la-emilia-romagna\/#breadcrumb","itemListElement":[{"@type":"ListItem","position":1,"name":"Home","item":"http:\/\/esponsorama.ad\/en\/"},{"@type":"ListItem","position":2,"name":"EL ESPONSORMA RACING DA POR CONCLUIDO EL GRAN PREMIO DE LA EMILIA ROMAGNA"}]},{"@type":"WebSite","@id":"http:\/\/esponsorama.ad\/es\/#website","url":"http:\/\/esponsorama.ad\/es\/","name":"Esponsorama","description":"Specialist in motorsport sponsorship and event promotions","potentialAction":[{"@type":"SearchAction","target":{"@type":"EntryPoint","urlTemplate":"http:\/\/esponsorama.ad\/es\/?s={search_term_string}"},"query-input":{"@type":"PropertyValueSpecification","valueRequired":true,"valueName":"search_term_string"}}],"inLanguage":"es"},{"@type":"Person","@id":"http:\/\/esponsorama.ad\/es\/#\/schema\/person\/a5cde74945183d737066e46b61c6f9c4","name":"Xavi Andornet","image":{"@type":"ImageObject","inLanguage":"es","@id":"http:\/\/esponsorama.ad\/es\/#\/schema\/person\/image\/","url":"https:\/\/secure.gravatar.com\/avatar\/f10eaf9ad601244a2357c9fd7cd9805ed166cfaaf76d5d9ab08a9d873e70147a?s=96&d=mm&r=g","contentUrl":"https:\/\/secure.gravatar.com\/avatar\/f10eaf9ad601244a2357c9fd7cd9805ed166cfaaf76d5d9ab08a9d873e70147a?s=96&d=mm&r=g","caption":"Xavi Andornet"},"sameAs":["http:\/\/www.andornet.ad"],"url":"http:\/\/esponsorama.ad\/es\/author\/andornet\/"}]}},"_links":{"self":[{"href":"http:\/\/esponsorama.ad\/es\/wp-json\/wp\/v2\/posts\/16276","targetHints":{"allow":["GET"]}}],"collection":[{"href":"http:\/\/esponsorama.ad\/es\/wp-json\/wp\/v2\/posts"}],"about":[{"href":"http:\/\/esponsorama.ad\/es\/wp-json\/wp\/v2\/types\/post"}],"author":[{"embeddable":true,"href":"http:\/\/esponsorama.ad\/es\/wp-json\/wp\/v2\/users\/6"}],"replies":[{"embeddable":true,"href":"http:\/\/esponsorama.ad\/es\/wp-json\/wp\/v2\/comments?post=16276"}],"version-history":[{"count":1,"href":"http:\/\/esponsorama.ad\/es\/wp-json\/wp\/v2\/posts\/16276\/revisions"}],"predecessor-version":[{"id":16282,"href":"http:\/\/esponsorama.ad\/es\/wp-json\/wp\/v2\/posts\/16276\/revisions\/16282"}],"wp:featuredmedia":[{"embeddable":true,"href":"http:\/\/esponsorama.ad\/es\/wp-json\/wp\/v2\/media\/16281"}],"wp:attachment":[{"href":"http:\/\/esponsorama.ad\/es\/wp-json\/wp\/v2\/media?parent=16276"}],"wp:term":[{"taxonomy":"category","embeddable":true,"href":"http:\/\/esponsorama.ad\/es\/wp-json\/wp\/v2\/categories?post=16276"},{"taxonomy":"post_tag","embeddable":true,"href":"http:\/\/esponsorama.ad\/es\/wp-json\/wp\/v2\/tags?post=16276"}],"curies":[{"name":"wp","href":"https:\/\/api.w.org\/{rel}","templated":true}]}}