{"id":16322,"date":"2020-09-26T19:09:55","date_gmt":"2020-09-26T17:09:55","guid":{"rendered":"http:\/\/esponsorama.ad\/?p=16322"},"modified":"2020-09-26T19:09:55","modified_gmt":"2020-09-26T17:09:55","slug":"reale-avintia-moto3-suena-la-remontada-gran-premio-cataluna","status":"publish","type":"post","link":"http:\/\/esponsorama.ad\/es\/reale-avintia-moto3-suena-la-remontada-gran-premio-cataluna\/","title":{"rendered":"EL REALE AVINTIA MOTO3 SUE\u00d1A CON LA REMONTADA EN EL GRAN PREMIO DE CATALU\u00d1A"},"content":{"rendered":"<p>El Reale Avintia Moto3 partir\u00e1 desde la vig\u00e9simo primera posici\u00f3n en la carrera del Gran Premio de Catalu\u00f1a donde Carlos Tatay conf\u00eda en poder remontar posiciones.<\/p>\n<p>A pesar del buen registro conseguido ayer por Carlos Tatay, hoy en el FP3 ha tenido que luchar por hacerse un hueco en las posiciones de la Q2. Aunque haya terminado la sesi\u00f3n a 1.2 segundos del mejor tiempo, el Reale Avintia Moto3 ha tenido que disputar la Q1.<\/p>\n<p>En los primeros compases de la sesi\u00f3n clasificatoria, Carlos Tatay rod\u00f3 en solitario consiguiendo parar el cron\u00f3metro en 1.49,420. Este tiempo le permiti\u00f3 encontrarse entre las cuatro primeras posiciones gran parte de la sesi\u00f3n. L\u00e1stima que a la hora de atacar el cron\u00f3metro el valenciano sufriera una ca\u00edda que trunc\u00f3 sus posibilidades de lograr el pase a la Q2.<\/p>\n<p>Ma\u00f1ana a las 12:00 dar\u00e1 comienzo la carrera de Moto3 donde El Reale Avintia Moto3 y Carlos Tatay luchar\u00e1n por volver a los puntos.<br \/>\n\t\t\t\t\t<div class=\"rider-short\">\n\t\t\t\t<a href=\"http:\/\/esponsorama.ad\/es\/piloto\/carlos-tatay\/\"><img loading=\"lazy\" decoding=\"async\" width=\"300\" height=\"300\" src=\"http:\/\/esponsorama.ad\/wp-content\/uploads\/2021\/02\/dorsal-tatay-gris-300x300.png\" class=\"attachment-medium size-medium\" alt=\"\" srcset=\"http:\/\/esponsorama.ad\/wp-content\/uploads\/2021\/02\/dorsal-tatay-gris-300x300.png 300w, http:\/\/esponsorama.ad\/wp-content\/uploads\/2021\/02\/dorsal-tatay-gris-150x150.png 150w, http:\/\/esponsorama.ad\/wp-content\/uploads\/2021\/02\/dorsal-tatay-gris.png 500w\" sizes=\"auto, (max-width: 300px) 100vw, 300px\" \/><\/a><div class=\"info\"><h3><a href=\"http:\/\/esponsorama.ad\/es\/piloto\/carlos-tatay\/\">Carlos Tatay<\/a> | 1.49,420 | P21<\/h3><div class=\"rrss\"><a target=\"_blank\" href=\"https:\/\/www.facebook.com\/carlostatay99\/\"><i class=\"fa fa-facebook\"><\/i><\/a><a target=\"_blank\" href=\"https:\/\/twitter.com\/carlostatay99\"><i class=\"fa fa-twitter\"><\/i><\/a><a target=\"_blank\" href=\"https:\/\/www.instagram.com\/carlostatay99\/\"><i class=\"fa fa-instagram\"><\/i><\/a><\/div><\/div>\t\t\t\t\t<\/div>\n\t\t\t\t<br \/>\n<em>\u201cHa sido un d\u00eda complicado, en el FP3 no hemos podido cuadrar una buena vuelta. En la clasificaci\u00f3n me sent\u00eda muy c\u00f3modo con la moto, he intentado rodar yo solo pero nos han faltado esas d\u00e9cimas de rebufo. Lo importante es que me siento bien, me encuentro fuerte en ritmo de carrera y ma\u00f1ana intentar\u00e9 dar lo mejor de mi. Gracias al equipo por todo el trabajo realizado.\u201d\u00a0<\/em><\/p>\n","protected":false},"excerpt":{"rendered":"<p>El Reale Avintia Moto3 partir\u00e1 desde la vig\u00e9simo primera posici\u00f3n en la carrera del Gran Premio de Catalu\u00f1a donde Carlos Tatay conf\u00eda en poder remontar posiciones. A pesar del buen registro conseguido ayer por Carlos Tatay, hoy en el FP3 ha tenido que luchar por hacerse un hueco en las posiciones de la Q2. Aunque [&hellip;]<\/p>\n","protected":false},"author":6,"featured_media":16323,"comment_status":"closed","ping_status":"closed","sticky":false,"template":"","format":"standard","meta":{"footnotes":""},"categories":[12],"tags":[],"class_list":["post-16322","post","type-post","status-publish","format-standard","has-post-thumbnail","hentry","category-moto3"],"yoast_head":"<!-- This site is optimized with the Yoast SEO plugin v27.1.1 - https:\/\/yoast.com\/product\/yoast-seo-wordpress\/ -->\n<title>EL REALE AVINTIA MOTO3 SUE\u00d1A CON LA REMONTADA EN EL GRAN PREMIO DE CATALU\u00d1A - Esponsorama<\/title>\n<meta name=\"robots\" content=\"index, follow, max-snippet:-1, max-image-preview:large, max-video-preview:-1\" \/>\n<link rel=\"canonical\" href=\"http:\/\/esponsorama.ad\/es\/reale-avintia-moto3-suena-la-remontada-gran-premio-cataluna\/\" \/>\n<meta property=\"og:locale\" content=\"es_ES\" \/>\n<meta property=\"og:type\" content=\"article\" \/>\n<meta property=\"og:title\" content=\"EL REALE AVINTIA MOTO3 SUE\u00d1A CON LA REMONTADA EN EL GRAN PREMIO DE CATALU\u00d1A - Esponsorama\" \/>\n<meta property=\"og:description\" content=\"El Reale Avintia Moto3 partir\u00e1 desde la vig\u00e9simo primera posici\u00f3n en la carrera del Gran Premio de Catalu\u00f1a donde Carlos Tatay conf\u00eda en poder remontar posiciones. A pesar del buen registro conseguido ayer por Carlos Tatay, hoy en el FP3 ha tenido que luchar por hacerse un hueco en las posiciones de la Q2. Aunque [&hellip;]\" \/>\n<meta property=\"og:url\" content=\"http:\/\/esponsorama.ad\/es\/reale-avintia-moto3-suena-la-remontada-gran-premio-cataluna\/\" \/>\n<meta property=\"og:site_name\" content=\"Esponsorama\" \/>\n<meta property=\"article:published_time\" content=\"2020-09-26T17:09:55+00:00\" \/>\n<meta property=\"og:image\" content=\"http:\/\/esponsorama.ad\/wp-content\/uploads\/2020\/09\/01I3455.jpg\" \/>\n\t<meta property=\"og:image:width\" content=\"640\" \/>\n\t<meta property=\"og:image:height\" content=\"427\" \/>\n\t<meta property=\"og:image:type\" content=\"image\/jpeg\" \/>\n<meta name=\"author\" content=\"Xavi Andornet\" \/>\n<meta name=\"twitter:card\" content=\"summary_large_image\" \/>\n<meta name=\"twitter:label1\" content=\"Escrito por\" \/>\n\t<meta name=\"twitter:data1\" content=\"Xavi Andornet\" \/>\n\t<meta name=\"twitter:label2\" content=\"Tiempo de lectura\" \/>\n\t<meta name=\"twitter:data2\" content=\"1 minuto\" \/>\n<script type=\"application\/ld+json\" class=\"yoast-schema-graph\">{\"@context\":\"https:\/\/schema.org\",\"@graph\":[{\"@type\":\"Article\",\"@id\":\"http:\/\/esponsorama.ad\/es\/reale-avintia-moto3-suena-la-remontada-gran-premio-cataluna\/#article\",\"isPartOf\":{\"@id\":\"http:\/\/esponsorama.ad\/es\/reale-avintia-moto3-suena-la-remontada-gran-premio-cataluna\/\"},\"author\":{\"name\":\"Xavi Andornet\",\"@id\":\"http:\/\/esponsorama.ad\/es\/#\/schema\/person\/a5cde74945183d737066e46b61c6f9c4\"},\"headline\":\"EL REALE AVINTIA MOTO3 SUE\u00d1A CON LA REMONTADA EN EL GRAN PREMIO DE CATALU\u00d1A\",\"datePublished\":\"2020-09-26T17:09:55+00:00\",\"mainEntityOfPage\":{\"@id\":\"http:\/\/esponsorama.ad\/es\/reale-avintia-moto3-suena-la-remontada-gran-premio-cataluna\/\"},\"wordCount\":262,\"image\":{\"@id\":\"http:\/\/esponsorama.ad\/es\/reale-avintia-moto3-suena-la-remontada-gran-premio-cataluna\/#primaryimage\"},\"thumbnailUrl\":\"http:\/\/esponsorama.ad\/wp-content\/uploads\/2020\/09\/01I3455.jpg\",\"articleSection\":[\"Moto3\"],\"inLanguage\":\"es\"},{\"@type\":\"WebPage\",\"@id\":\"http:\/\/esponsorama.ad\/es\/reale-avintia-moto3-suena-la-remontada-gran-premio-cataluna\/\",\"url\":\"http:\/\/esponsorama.ad\/es\/reale-avintia-moto3-suena-la-remontada-gran-premio-cataluna\/\",\"name\":\"EL REALE AVINTIA MOTO3 SUE\u00d1A CON LA REMONTADA EN EL GRAN PREMIO DE CATALU\u00d1A - Esponsorama\",\"isPartOf\":{\"@id\":\"http:\/\/esponsorama.ad\/es\/#website\"},\"primaryImageOfPage\":{\"@id\":\"http:\/\/esponsorama.ad\/es\/reale-avintia-moto3-suena-la-remontada-gran-premio-cataluna\/#primaryimage\"},\"image\":{\"@id\":\"http:\/\/esponsorama.ad\/es\/reale-avintia-moto3-suena-la-remontada-gran-premio-cataluna\/#primaryimage\"},\"thumbnailUrl\":\"http:\/\/esponsorama.ad\/wp-content\/uploads\/2020\/09\/01I3455.jpg\",\"datePublished\":\"2020-09-26T17:09:55+00:00\",\"author\":{\"@id\":\"http:\/\/esponsorama.ad\/es\/#\/schema\/person\/a5cde74945183d737066e46b61c6f9c4\"},\"breadcrumb\":{\"@id\":\"http:\/\/esponsorama.ad\/es\/reale-avintia-moto3-suena-la-remontada-gran-premio-cataluna\/#breadcrumb\"},\"inLanguage\":\"es\",\"potentialAction\":[{\"@type\":\"ReadAction\",\"target\":[\"http:\/\/esponsorama.ad\/es\/reale-avintia-moto3-suena-la-remontada-gran-premio-cataluna\/\"]}]},{\"@type\":\"ImageObject\",\"inLanguage\":\"es\",\"@id\":\"http:\/\/esponsorama.ad\/es\/reale-avintia-moto3-suena-la-remontada-gran-premio-cataluna\/#primaryimage\",\"url\":\"http:\/\/esponsorama.ad\/wp-content\/uploads\/2020\/09\/01I3455.jpg\",\"contentUrl\":\"http:\/\/esponsorama.ad\/wp-content\/uploads\/2020\/09\/01I3455.jpg\",\"width\":640,\"height\":427},{\"@type\":\"BreadcrumbList\",\"@id\":\"http:\/\/esponsorama.ad\/es\/reale-avintia-moto3-suena-la-remontada-gran-premio-cataluna\/#breadcrumb\",\"itemListElement\":[{\"@type\":\"ListItem\",\"position\":1,\"name\":\"Home\",\"item\":\"http:\/\/esponsorama.ad\/es\/\"},{\"@type\":\"ListItem\",\"position\":2,\"name\":\"EL REALE AVINTIA MOTO3 SUE\u00d1A CON LA REMONTADA EN EL GRAN PREMIO DE CATALU\u00d1A\"}]},{\"@type\":\"WebSite\",\"@id\":\"http:\/\/esponsorama.ad\/es\/#website\",\"url\":\"http:\/\/esponsorama.ad\/es\/\",\"name\":\"Esponsorama\",\"description\":\"Specialist in motorsport sponsorship and event promotions\",\"potentialAction\":[{\"@type\":\"SearchAction\",\"target\":{\"@type\":\"EntryPoint\",\"urlTemplate\":\"http:\/\/esponsorama.ad\/es\/?s={search_term_string}\"},\"query-input\":{\"@type\":\"PropertyValueSpecification\",\"valueRequired\":true,\"valueName\":\"search_term_string\"}}],\"inLanguage\":\"es\"},{\"@type\":\"Person\",\"@id\":\"http:\/\/esponsorama.ad\/es\/#\/schema\/person\/a5cde74945183d737066e46b61c6f9c4\",\"name\":\"Xavi Andornet\",\"image\":{\"@type\":\"ImageObject\",\"inLanguage\":\"es\",\"@id\":\"http:\/\/esponsorama.ad\/es\/#\/schema\/person\/image\/\",\"url\":\"https:\/\/secure.gravatar.com\/avatar\/f10eaf9ad601244a2357c9fd7cd9805ed166cfaaf76d5d9ab08a9d873e70147a?s=96&d=mm&r=g\",\"contentUrl\":\"https:\/\/secure.gravatar.com\/avatar\/f10eaf9ad601244a2357c9fd7cd9805ed166cfaaf76d5d9ab08a9d873e70147a?s=96&d=mm&r=g\",\"caption\":\"Xavi Andornet\"},\"sameAs\":[\"http:\/\/www.andornet.ad\"],\"url\":\"http:\/\/esponsorama.ad\/es\/author\/andornet\/\"}]}<\/script>\n<!-- \/ Yoast SEO plugin. -->","yoast_head_json":{"title":"EL REALE AVINTIA MOTO3 SUE\u00d1A CON LA REMONTADA EN EL GRAN PREMIO DE CATALU\u00d1A - Esponsorama","robots":{"index":"index","follow":"follow","max-snippet":"max-snippet:-1","max-image-preview":"max-image-preview:large","max-video-preview":"max-video-preview:-1"},"canonical":"http:\/\/esponsorama.ad\/es\/reale-avintia-moto3-suena-la-remontada-gran-premio-cataluna\/","og_locale":"es_ES","og_type":"article","og_title":"EL REALE AVINTIA MOTO3 SUE\u00d1A CON LA REMONTADA EN EL GRAN PREMIO DE CATALU\u00d1A - Esponsorama","og_description":"El Reale Avintia Moto3 partir\u00e1 desde la vig\u00e9simo primera posici\u00f3n en la carrera del Gran Premio de Catalu\u00f1a donde Carlos Tatay conf\u00eda en poder remontar posiciones. A pesar del buen registro conseguido ayer por Carlos Tatay, hoy en el FP3 ha tenido que luchar por hacerse un hueco en las posiciones de la Q2. Aunque [&hellip;]","og_url":"http:\/\/esponsorama.ad\/es\/reale-avintia-moto3-suena-la-remontada-gran-premio-cataluna\/","og_site_name":"Esponsorama","article_published_time":"2020-09-26T17:09:55+00:00","og_image":[{"width":640,"height":427,"url":"http:\/\/esponsorama.ad\/wp-content\/uploads\/2020\/09\/01I3455.jpg","type":"image\/jpeg"}],"author":"Xavi Andornet","twitter_card":"summary_large_image","twitter_misc":{"Escrito por":"Xavi Andornet","Tiempo de lectura":"1 minuto"},"schema":{"@context":"https:\/\/schema.org","@graph":[{"@type":"Article","@id":"http:\/\/esponsorama.ad\/es\/reale-avintia-moto3-suena-la-remontada-gran-premio-cataluna\/#article","isPartOf":{"@id":"http:\/\/esponsorama.ad\/es\/reale-avintia-moto3-suena-la-remontada-gran-premio-cataluna\/"},"author":{"name":"Xavi Andornet","@id":"http:\/\/esponsorama.ad\/es\/#\/schema\/person\/a5cde74945183d737066e46b61c6f9c4"},"headline":"EL REALE AVINTIA MOTO3 SUE\u00d1A CON LA REMONTADA EN EL GRAN PREMIO DE CATALU\u00d1A","datePublished":"2020-09-26T17:09:55+00:00","mainEntityOfPage":{"@id":"http:\/\/esponsorama.ad\/es\/reale-avintia-moto3-suena-la-remontada-gran-premio-cataluna\/"},"wordCount":262,"image":{"@id":"http:\/\/esponsorama.ad\/es\/reale-avintia-moto3-suena-la-remontada-gran-premio-cataluna\/#primaryimage"},"thumbnailUrl":"http:\/\/esponsorama.ad\/wp-content\/uploads\/2020\/09\/01I3455.jpg","articleSection":["Moto3"],"inLanguage":"es"},{"@type":"WebPage","@id":"http:\/\/esponsorama.ad\/es\/reale-avintia-moto3-suena-la-remontada-gran-premio-cataluna\/","url":"http:\/\/esponsorama.ad\/es\/reale-avintia-moto3-suena-la-remontada-gran-premio-cataluna\/","name":"EL REALE AVINTIA MOTO3 SUE\u00d1A CON LA REMONTADA EN EL GRAN PREMIO DE CATALU\u00d1A - Esponsorama","isPartOf":{"@id":"http:\/\/esponsorama.ad\/es\/#website"},"primaryImageOfPage":{"@id":"http:\/\/esponsorama.ad\/es\/reale-avintia-moto3-suena-la-remontada-gran-premio-cataluna\/#primaryimage"},"image":{"@id":"http:\/\/esponsorama.ad\/es\/reale-avintia-moto3-suena-la-remontada-gran-premio-cataluna\/#primaryimage"},"thumbnailUrl":"http:\/\/esponsorama.ad\/wp-content\/uploads\/2020\/09\/01I3455.jpg","datePublished":"2020-09-26T17:09:55+00:00","author":{"@id":"http:\/\/esponsorama.ad\/es\/#\/schema\/person\/a5cde74945183d737066e46b61c6f9c4"},"breadcrumb":{"@id":"http:\/\/esponsorama.ad\/es\/reale-avintia-moto3-suena-la-remontada-gran-premio-cataluna\/#breadcrumb"},"inLanguage":"es","potentialAction":[{"@type":"ReadAction","target":["http:\/\/esponsorama.ad\/es\/reale-avintia-moto3-suena-la-remontada-gran-premio-cataluna\/"]}]},{"@type":"ImageObject","inLanguage":"es","@id":"http:\/\/esponsorama.ad\/es\/reale-avintia-moto3-suena-la-remontada-gran-premio-cataluna\/#primaryimage","url":"http:\/\/esponsorama.ad\/wp-content\/uploads\/2020\/09\/01I3455.jpg","contentUrl":"http:\/\/esponsorama.ad\/wp-content\/uploads\/2020\/09\/01I3455.jpg","width":640,"height":427},{"@type":"BreadcrumbList","@id":"http:\/\/esponsorama.ad\/es\/reale-avintia-moto3-suena-la-remontada-gran-premio-cataluna\/#breadcrumb","itemListElement":[{"@type":"ListItem","position":1,"name":"Home","item":"http:\/\/esponsorama.ad\/es\/"},{"@type":"ListItem","position":2,"name":"EL REALE AVINTIA MOTO3 SUE\u00d1A CON LA REMONTADA EN EL GRAN PREMIO DE CATALU\u00d1A"}]},{"@type":"WebSite","@id":"http:\/\/esponsorama.ad\/es\/#website","url":"http:\/\/esponsorama.ad\/es\/","name":"Esponsorama","description":"Specialist in motorsport sponsorship and event promotions","potentialAction":[{"@type":"SearchAction","target":{"@type":"EntryPoint","urlTemplate":"http:\/\/esponsorama.ad\/es\/?s={search_term_string}"},"query-input":{"@type":"PropertyValueSpecification","valueRequired":true,"valueName":"search_term_string"}}],"inLanguage":"es"},{"@type":"Person","@id":"http:\/\/esponsorama.ad\/es\/#\/schema\/person\/a5cde74945183d737066e46b61c6f9c4","name":"Xavi Andornet","image":{"@type":"ImageObject","inLanguage":"es","@id":"http:\/\/esponsorama.ad\/es\/#\/schema\/person\/image\/","url":"https:\/\/secure.gravatar.com\/avatar\/f10eaf9ad601244a2357c9fd7cd9805ed166cfaaf76d5d9ab08a9d873e70147a?s=96&d=mm&r=g","contentUrl":"https:\/\/secure.gravatar.com\/avatar\/f10eaf9ad601244a2357c9fd7cd9805ed166cfaaf76d5d9ab08a9d873e70147a?s=96&d=mm&r=g","caption":"Xavi Andornet"},"sameAs":["http:\/\/www.andornet.ad"],"url":"http:\/\/esponsorama.ad\/es\/author\/andornet\/"}]}},"_links":{"self":[{"href":"http:\/\/esponsorama.ad\/es\/wp-json\/wp\/v2\/posts\/16322","targetHints":{"allow":["GET"]}}],"collection":[{"href":"http:\/\/esponsorama.ad\/es\/wp-json\/wp\/v2\/posts"}],"about":[{"href":"http:\/\/esponsorama.ad\/es\/wp-json\/wp\/v2\/types\/post"}],"author":[{"embeddable":true,"href":"http:\/\/esponsorama.ad\/es\/wp-json\/wp\/v2\/users\/6"}],"replies":[{"embeddable":true,"href":"http:\/\/esponsorama.ad\/es\/wp-json\/wp\/v2\/comments?post=16322"}],"version-history":[{"count":1,"href":"http:\/\/esponsorama.ad\/es\/wp-json\/wp\/v2\/posts\/16322\/revisions"}],"predecessor-version":[{"id":16328,"href":"http:\/\/esponsorama.ad\/es\/wp-json\/wp\/v2\/posts\/16322\/revisions\/16328"}],"wp:featuredmedia":[{"embeddable":true,"href":"http:\/\/esponsorama.ad\/es\/wp-json\/wp\/v2\/media\/16323"}],"wp:attachment":[{"href":"http:\/\/esponsorama.ad\/es\/wp-json\/wp\/v2\/media?parent=16322"}],"wp:term":[{"taxonomy":"category","embeddable":true,"href":"http:\/\/esponsorama.ad\/es\/wp-json\/wp\/v2\/categories?post=16322"},{"taxonomy":"post_tag","embeddable":true,"href":"http:\/\/esponsorama.ad\/es\/wp-json\/wp\/v2\/tags?post=16322"}],"curies":[{"name":"wp","href":"https:\/\/api.w.org\/{rel}","templated":true}]}}