{"id":16499,"date":"2020-10-24T10:28:55","date_gmt":"2020-10-24T08:28:55","guid":{"rendered":"http:\/\/esponsorama.ad\/?p=16499"},"modified":"2020-10-24T10:28:55","modified_gmt":"2020-10-24T08:28:55","slug":"esponsorama-racing-esta-listo-gran-premio-teruel","status":"publish","type":"post","link":"http:\/\/esponsorama.ad\/es\/esponsorama-racing-esta-listo-gran-premio-teruel\/","title":{"rendered":"EL ESPONSORAMA RACING EST\u00c1 LISTO PARA EL GRAN PREMIO DE TERUEL"},"content":{"rendered":"<p>Tito Rabat y Johann Zarco est\u00e1n preparados para luchar por obtener los mejores resultados posibles en el Circuito Motorland de Arag\u00f3n.<\/p>\n<p>Tras un positivo Gran Premio de Arag\u00f3n, el Esponsorama Racing encara un nuevo fin de semana de competici\u00f3n en el trazado aragon\u00e9s con optimismo de obtener un buen resultado.<\/p>\n<p>Johann Zarco que logr\u00f3 terminar en la d\u00e9cima posici\u00f3n el pasado domingo, tendr\u00e1 una nueva oportunidad de continuar mejorando sus sensaciones con la moto y seguir sumando puntos a su casillero.<\/p>\n<p>Tito Rabat afronta este Gran Premio motivado despu\u00e9s de haber registrado su mejor carrera del a\u00f1o finalizando a s\u00f3lo 25 segundos del ganador. El piloto espa\u00f1ol quiere confirmar sus buenas sensaciones y regresar a la zona de puntos.<\/p>\n<p>El viernes a partir de las 10:55 el Esponsorama Racing volver\u00e1 a la acci\u00f3n para disputar los primeros entrenamientos libres del Gran Premio de Teruel<\/p>\n<p><br \/>\n<em>\u201cOtra vez de vuelta en Alca\u00f1iz, llego motivado y con ganas de darlo todo igual que siempre. El pasado fin de semana termin\u00e9 a 25 segundos del primero, una distancia muy respetable, en mi mejor carrera del a\u00f1o. Estoy centrado en mejorar este fin de semana y continuar dando pasos adelantes como estoy haciendo desde la primera carrera en Jerez\u201d<\/em><\/p>\n<p><br \/>\n<em>\u201cEste fin de semana se espera que haga mejor tiempo que el anterior, lo que espero que nos ayude a tener m\u00e1s confianza sobre la moto. Durante la carrera di un gran paso adelante, me sent\u00eda muy c\u00f3modo y pude ir r\u00e1pido sin tomar riesgos. Partimos de una buena base, a partir de la cual esperamos continuar mejorando\u201d<\/em><\/p>\n","protected":false},"excerpt":{"rendered":"<p>Tito Rabat y Johann Zarco est\u00e1n preparados para luchar por obtener los mejores resultados posibles en el Circuito Motorland de Arag\u00f3n. Tras un positivo Gran Premio de Arag\u00f3n, el Esponsorama Racing encara un nuevo fin de semana de competici\u00f3n en el trazado aragon\u00e9s con optimismo de obtener un buen resultado. Johann Zarco que logr\u00f3 terminar [&hellip;]<\/p>\n","protected":false},"author":6,"featured_media":16503,"comment_status":"closed","ping_status":"closed","sticky":false,"template":"","format":"standard","meta":{"footnotes":""},"categories":[3],"tags":[],"class_list":["post-16499","post","type-post","status-publish","format-standard","has-post-thumbnail","hentry","category-motogp"],"yoast_head":"<!-- This site is optimized with the Yoast SEO plugin v27.1.1 - https:\/\/yoast.com\/product\/yoast-seo-wordpress\/ -->\n<title>EL ESPONSORAMA RACING EST\u00c1 LISTO PARA EL GRAN PREMIO DE TERUEL - Esponsorama<\/title>\n<meta name=\"robots\" content=\"index, follow, max-snippet:-1, max-image-preview:large, max-video-preview:-1\" \/>\n<link rel=\"canonical\" href=\"http:\/\/esponsorama.ad\/es\/esponsorama-racing-esta-listo-gran-premio-teruel\/\" \/>\n<meta property=\"og:locale\" content=\"es_ES\" \/>\n<meta property=\"og:type\" content=\"article\" \/>\n<meta property=\"og:title\" content=\"EL ESPONSORAMA RACING EST\u00c1 LISTO PARA EL GRAN PREMIO DE TERUEL - Esponsorama\" \/>\n<meta property=\"og:description\" content=\"Tito Rabat y Johann Zarco est\u00e1n preparados para luchar por obtener los mejores resultados posibles en el Circuito Motorland de Arag\u00f3n. Tras un positivo Gran Premio de Arag\u00f3n, el Esponsorama Racing encara un nuevo fin de semana de competici\u00f3n en el trazado aragon\u00e9s con optimismo de obtener un buen resultado. Johann Zarco que logr\u00f3 terminar [&hellip;]\" \/>\n<meta property=\"og:url\" content=\"http:\/\/esponsorama.ad\/es\/esponsorama-racing-esta-listo-gran-premio-teruel\/\" \/>\n<meta property=\"og:site_name\" content=\"Esponsorama\" \/>\n<meta property=\"article:published_time\" content=\"2020-10-24T08:28:55+00:00\" \/>\n<meta property=\"og:image\" content=\"http:\/\/esponsorama.ad\/wp-content\/uploads\/2020\/10\/unnamed-15.jpg\" \/>\n\t<meta property=\"og:image:width\" content=\"5472\" \/>\n\t<meta property=\"og:image:height\" content=\"3648\" \/>\n\t<meta property=\"og:image:type\" content=\"image\/jpeg\" \/>\n<meta name=\"author\" content=\"Xavi Andornet\" \/>\n<meta name=\"twitter:card\" content=\"summary_large_image\" \/>\n<meta name=\"twitter:label1\" content=\"Escrito por\" \/>\n\t<meta name=\"twitter:data1\" content=\"Xavi Andornet\" \/>\n\t<meta name=\"twitter:label2\" content=\"Tiempo de lectura\" \/>\n\t<meta name=\"twitter:data2\" content=\"1 minuto\" \/>\n<script type=\"application\/ld+json\" class=\"yoast-schema-graph\">{\"@context\":\"https:\/\/schema.org\",\"@graph\":[{\"@type\":\"Article\",\"@id\":\"http:\/\/esponsorama.ad\/es\/esponsorama-racing-esta-listo-gran-premio-teruel\/#article\",\"isPartOf\":{\"@id\":\"http:\/\/esponsorama.ad\/es\/esponsorama-racing-esta-listo-gran-premio-teruel\/\"},\"author\":{\"name\":\"Xavi Andornet\",\"@id\":\"http:\/\/esponsorama.ad\/es\/#\/schema\/person\/a5cde74945183d737066e46b61c6f9c4\"},\"headline\":\"EL ESPONSORAMA RACING EST\u00c1 LISTO PARA EL GRAN PREMIO DE TERUEL\",\"datePublished\":\"2020-10-24T08:28:55+00:00\",\"mainEntityOfPage\":{\"@id\":\"http:\/\/esponsorama.ad\/es\/esponsorama-racing-esta-listo-gran-premio-teruel\/\"},\"wordCount\":292,\"image\":{\"@id\":\"http:\/\/esponsorama.ad\/es\/esponsorama-racing-esta-listo-gran-premio-teruel\/#primaryimage\"},\"thumbnailUrl\":\"http:\/\/esponsorama.ad\/wp-content\/uploads\/2020\/10\/unnamed-15.jpg\",\"articleSection\":[\"MotoGP\"],\"inLanguage\":\"es\"},{\"@type\":\"WebPage\",\"@id\":\"http:\/\/esponsorama.ad\/es\/esponsorama-racing-esta-listo-gran-premio-teruel\/\",\"url\":\"http:\/\/esponsorama.ad\/es\/esponsorama-racing-esta-listo-gran-premio-teruel\/\",\"name\":\"EL ESPONSORAMA RACING EST\u00c1 LISTO PARA EL GRAN PREMIO DE TERUEL - Esponsorama\",\"isPartOf\":{\"@id\":\"http:\/\/esponsorama.ad\/es\/#website\"},\"primaryImageOfPage\":{\"@id\":\"http:\/\/esponsorama.ad\/es\/esponsorama-racing-esta-listo-gran-premio-teruel\/#primaryimage\"},\"image\":{\"@id\":\"http:\/\/esponsorama.ad\/es\/esponsorama-racing-esta-listo-gran-premio-teruel\/#primaryimage\"},\"thumbnailUrl\":\"http:\/\/esponsorama.ad\/wp-content\/uploads\/2020\/10\/unnamed-15.jpg\",\"datePublished\":\"2020-10-24T08:28:55+00:00\",\"author\":{\"@id\":\"http:\/\/esponsorama.ad\/es\/#\/schema\/person\/a5cde74945183d737066e46b61c6f9c4\"},\"breadcrumb\":{\"@id\":\"http:\/\/esponsorama.ad\/es\/esponsorama-racing-esta-listo-gran-premio-teruel\/#breadcrumb\"},\"inLanguage\":\"es\",\"potentialAction\":[{\"@type\":\"ReadAction\",\"target\":[\"http:\/\/esponsorama.ad\/es\/esponsorama-racing-esta-listo-gran-premio-teruel\/\"]}]},{\"@type\":\"ImageObject\",\"inLanguage\":\"es\",\"@id\":\"http:\/\/esponsorama.ad\/es\/esponsorama-racing-esta-listo-gran-premio-teruel\/#primaryimage\",\"url\":\"http:\/\/esponsorama.ad\/wp-content\/uploads\/2020\/10\/unnamed-15.jpg\",\"contentUrl\":\"http:\/\/esponsorama.ad\/wp-content\/uploads\/2020\/10\/unnamed-15.jpg\",\"width\":5472,\"height\":3648,\"caption\":\"11 Arag\u00f3n GP 16 al 17 de Octubre de 2020. Motorland, Arag\u00f3n, Espa\u00f1a\"},{\"@type\":\"BreadcrumbList\",\"@id\":\"http:\/\/esponsorama.ad\/es\/esponsorama-racing-esta-listo-gran-premio-teruel\/#breadcrumb\",\"itemListElement\":[{\"@type\":\"ListItem\",\"position\":1,\"name\":\"Home\",\"item\":\"http:\/\/esponsorama.ad\/en\/\"},{\"@type\":\"ListItem\",\"position\":2,\"name\":\"EL ESPONSORAMA RACING EST\u00c1 LISTO PARA EL GRAN PREMIO DE TERUEL\"}]},{\"@type\":\"WebSite\",\"@id\":\"http:\/\/esponsorama.ad\/es\/#website\",\"url\":\"http:\/\/esponsorama.ad\/es\/\",\"name\":\"Esponsorama\",\"description\":\"Specialist in motorsport sponsorship and event promotions\",\"potentialAction\":[{\"@type\":\"SearchAction\",\"target\":{\"@type\":\"EntryPoint\",\"urlTemplate\":\"http:\/\/esponsorama.ad\/es\/?s={search_term_string}\"},\"query-input\":{\"@type\":\"PropertyValueSpecification\",\"valueRequired\":true,\"valueName\":\"search_term_string\"}}],\"inLanguage\":\"es\"},{\"@type\":\"Person\",\"@id\":\"http:\/\/esponsorama.ad\/es\/#\/schema\/person\/a5cde74945183d737066e46b61c6f9c4\",\"name\":\"Xavi Andornet\",\"image\":{\"@type\":\"ImageObject\",\"inLanguage\":\"es\",\"@id\":\"http:\/\/esponsorama.ad\/es\/#\/schema\/person\/image\/\",\"url\":\"https:\/\/secure.gravatar.com\/avatar\/f10eaf9ad601244a2357c9fd7cd9805ed166cfaaf76d5d9ab08a9d873e70147a?s=96&d=mm&r=g\",\"contentUrl\":\"https:\/\/secure.gravatar.com\/avatar\/f10eaf9ad601244a2357c9fd7cd9805ed166cfaaf76d5d9ab08a9d873e70147a?s=96&d=mm&r=g\",\"caption\":\"Xavi Andornet\"},\"sameAs\":[\"http:\/\/www.andornet.ad\"],\"url\":\"http:\/\/esponsorama.ad\/es\/author\/andornet\/\"}]}<\/script>\n<!-- \/ Yoast SEO plugin. -->","yoast_head_json":{"title":"EL ESPONSORAMA RACING EST\u00c1 LISTO PARA EL GRAN PREMIO DE TERUEL - Esponsorama","robots":{"index":"index","follow":"follow","max-snippet":"max-snippet:-1","max-image-preview":"max-image-preview:large","max-video-preview":"max-video-preview:-1"},"canonical":"http:\/\/esponsorama.ad\/es\/esponsorama-racing-esta-listo-gran-premio-teruel\/","og_locale":"es_ES","og_type":"article","og_title":"EL ESPONSORAMA RACING EST\u00c1 LISTO PARA EL GRAN PREMIO DE TERUEL - Esponsorama","og_description":"Tito Rabat y Johann Zarco est\u00e1n preparados para luchar por obtener los mejores resultados posibles en el Circuito Motorland de Arag\u00f3n. Tras un positivo Gran Premio de Arag\u00f3n, el Esponsorama Racing encara un nuevo fin de semana de competici\u00f3n en el trazado aragon\u00e9s con optimismo de obtener un buen resultado. Johann Zarco que logr\u00f3 terminar [&hellip;]","og_url":"http:\/\/esponsorama.ad\/es\/esponsorama-racing-esta-listo-gran-premio-teruel\/","og_site_name":"Esponsorama","article_published_time":"2020-10-24T08:28:55+00:00","og_image":[{"width":5472,"height":3648,"url":"http:\/\/esponsorama.ad\/wp-content\/uploads\/2020\/10\/unnamed-15.jpg","type":"image\/jpeg"}],"author":"Xavi Andornet","twitter_card":"summary_large_image","twitter_misc":{"Escrito por":"Xavi Andornet","Tiempo de lectura":"1 minuto"},"schema":{"@context":"https:\/\/schema.org","@graph":[{"@type":"Article","@id":"http:\/\/esponsorama.ad\/es\/esponsorama-racing-esta-listo-gran-premio-teruel\/#article","isPartOf":{"@id":"http:\/\/esponsorama.ad\/es\/esponsorama-racing-esta-listo-gran-premio-teruel\/"},"author":{"name":"Xavi Andornet","@id":"http:\/\/esponsorama.ad\/es\/#\/schema\/person\/a5cde74945183d737066e46b61c6f9c4"},"headline":"EL ESPONSORAMA RACING EST\u00c1 LISTO PARA EL GRAN PREMIO DE TERUEL","datePublished":"2020-10-24T08:28:55+00:00","mainEntityOfPage":{"@id":"http:\/\/esponsorama.ad\/es\/esponsorama-racing-esta-listo-gran-premio-teruel\/"},"wordCount":292,"image":{"@id":"http:\/\/esponsorama.ad\/es\/esponsorama-racing-esta-listo-gran-premio-teruel\/#primaryimage"},"thumbnailUrl":"http:\/\/esponsorama.ad\/wp-content\/uploads\/2020\/10\/unnamed-15.jpg","articleSection":["MotoGP"],"inLanguage":"es"},{"@type":"WebPage","@id":"http:\/\/esponsorama.ad\/es\/esponsorama-racing-esta-listo-gran-premio-teruel\/","url":"http:\/\/esponsorama.ad\/es\/esponsorama-racing-esta-listo-gran-premio-teruel\/","name":"EL ESPONSORAMA RACING EST\u00c1 LISTO PARA EL GRAN PREMIO DE TERUEL - Esponsorama","isPartOf":{"@id":"http:\/\/esponsorama.ad\/es\/#website"},"primaryImageOfPage":{"@id":"http:\/\/esponsorama.ad\/es\/esponsorama-racing-esta-listo-gran-premio-teruel\/#primaryimage"},"image":{"@id":"http:\/\/esponsorama.ad\/es\/esponsorama-racing-esta-listo-gran-premio-teruel\/#primaryimage"},"thumbnailUrl":"http:\/\/esponsorama.ad\/wp-content\/uploads\/2020\/10\/unnamed-15.jpg","datePublished":"2020-10-24T08:28:55+00:00","author":{"@id":"http:\/\/esponsorama.ad\/es\/#\/schema\/person\/a5cde74945183d737066e46b61c6f9c4"},"breadcrumb":{"@id":"http:\/\/esponsorama.ad\/es\/esponsorama-racing-esta-listo-gran-premio-teruel\/#breadcrumb"},"inLanguage":"es","potentialAction":[{"@type":"ReadAction","target":["http:\/\/esponsorama.ad\/es\/esponsorama-racing-esta-listo-gran-premio-teruel\/"]}]},{"@type":"ImageObject","inLanguage":"es","@id":"http:\/\/esponsorama.ad\/es\/esponsorama-racing-esta-listo-gran-premio-teruel\/#primaryimage","url":"http:\/\/esponsorama.ad\/wp-content\/uploads\/2020\/10\/unnamed-15.jpg","contentUrl":"http:\/\/esponsorama.ad\/wp-content\/uploads\/2020\/10\/unnamed-15.jpg","width":5472,"height":3648,"caption":"11 Arag\u00f3n GP 16 al 17 de Octubre de 2020. Motorland, Arag\u00f3n, Espa\u00f1a"},{"@type":"BreadcrumbList","@id":"http:\/\/esponsorama.ad\/es\/esponsorama-racing-esta-listo-gran-premio-teruel\/#breadcrumb","itemListElement":[{"@type":"ListItem","position":1,"name":"Home","item":"http:\/\/esponsorama.ad\/en\/"},{"@type":"ListItem","position":2,"name":"EL ESPONSORAMA RACING EST\u00c1 LISTO PARA EL GRAN PREMIO DE TERUEL"}]},{"@type":"WebSite","@id":"http:\/\/esponsorama.ad\/es\/#website","url":"http:\/\/esponsorama.ad\/es\/","name":"Esponsorama","description":"Specialist in motorsport sponsorship and event promotions","potentialAction":[{"@type":"SearchAction","target":{"@type":"EntryPoint","urlTemplate":"http:\/\/esponsorama.ad\/es\/?s={search_term_string}"},"query-input":{"@type":"PropertyValueSpecification","valueRequired":true,"valueName":"search_term_string"}}],"inLanguage":"es"},{"@type":"Person","@id":"http:\/\/esponsorama.ad\/es\/#\/schema\/person\/a5cde74945183d737066e46b61c6f9c4","name":"Xavi Andornet","image":{"@type":"ImageObject","inLanguage":"es","@id":"http:\/\/esponsorama.ad\/es\/#\/schema\/person\/image\/","url":"https:\/\/secure.gravatar.com\/avatar\/f10eaf9ad601244a2357c9fd7cd9805ed166cfaaf76d5d9ab08a9d873e70147a?s=96&d=mm&r=g","contentUrl":"https:\/\/secure.gravatar.com\/avatar\/f10eaf9ad601244a2357c9fd7cd9805ed166cfaaf76d5d9ab08a9d873e70147a?s=96&d=mm&r=g","caption":"Xavi Andornet"},"sameAs":["http:\/\/www.andornet.ad"],"url":"http:\/\/esponsorama.ad\/es\/author\/andornet\/"}]}},"_links":{"self":[{"href":"http:\/\/esponsorama.ad\/es\/wp-json\/wp\/v2\/posts\/16499","targetHints":{"allow":["GET"]}}],"collection":[{"href":"http:\/\/esponsorama.ad\/es\/wp-json\/wp\/v2\/posts"}],"about":[{"href":"http:\/\/esponsorama.ad\/es\/wp-json\/wp\/v2\/types\/post"}],"author":[{"embeddable":true,"href":"http:\/\/esponsorama.ad\/es\/wp-json\/wp\/v2\/users\/6"}],"replies":[{"embeddable":true,"href":"http:\/\/esponsorama.ad\/es\/wp-json\/wp\/v2\/comments?post=16499"}],"version-history":[{"count":1,"href":"http:\/\/esponsorama.ad\/es\/wp-json\/wp\/v2\/posts\/16499\/revisions"}],"predecessor-version":[{"id":16504,"href":"http:\/\/esponsorama.ad\/es\/wp-json\/wp\/v2\/posts\/16499\/revisions\/16504"}],"wp:featuredmedia":[{"embeddable":true,"href":"http:\/\/esponsorama.ad\/es\/wp-json\/wp\/v2\/media\/16503"}],"wp:attachment":[{"href":"http:\/\/esponsorama.ad\/es\/wp-json\/wp\/v2\/media?parent=16499"}],"wp:term":[{"taxonomy":"category","embeddable":true,"href":"http:\/\/esponsorama.ad\/es\/wp-json\/wp\/v2\/categories?post=16499"},{"taxonomy":"post_tag","embeddable":true,"href":"http:\/\/esponsorama.ad\/es\/wp-json\/wp\/v2\/tags?post=16499"}],"curies":[{"name":"wp","href":"https:\/\/api.w.org\/{rel}","templated":true}]}}