{"id":16506,"date":"2020-10-24T10:35:48","date_gmt":"2020-10-24T08:35:48","guid":{"rendered":"http:\/\/esponsorama.ad\/?p=16506"},"modified":"2020-10-24T10:35:48","modified_gmt":"2020-10-24T08:35:48","slug":"esponsorama-racing-completa-primer-dia-positivo-circuito-motorland-aragon","status":"publish","type":"post","link":"http:\/\/esponsorama.ad\/es\/esponsorama-racing-completa-primer-dia-positivo-circuito-motorland-aragon\/","title":{"rendered":"EL ESPONSORAMA RACING COMPLETA UN PRIMER D\u00cdA POSITIVO EN EL CIRCUITO MOTORLAND DE ARAG\u00d3N"},"content":{"rendered":"<p>Johann Zarco finaliza en la decimo tercera posici\u00f3n a menos de una d\u00e9cima del top10 mientras que Tito Rabat ha finalizado vigesimoprimero el primer d\u00eda de entrenamientos libres del Gran Premio de Teruel.<\/p>\n<p>&nbsp;<\/p>\n<p>En el primer entreno, Johann Zarco ha marcado un tiempo de 1\u201949.360, finalizando en la und\u00e9cima posici\u00f3n a poco m\u00e1s de un segundo del primer clasificado. Tito Rabat por su parte finaliz\u00f3 en la vig\u00e9sima plaza con un mejor tiempo de 1\u201950.215.<\/p>\n<p>&nbsp;<\/p>\n<p>Por la tarde, ambos pilotos del Esponsorama Racing mejoraron sus mejores registros de la ma\u00f1ana. Johann Zarco a pesar de mejorar en ocho d\u00e9cimas su registro tuvo que conformarse con la decimotercera posici\u00f3n, a menos de una d\u00e9cima del top10. Tito Rabat, mejor\u00f3 en medio segundo su mejor tiempo, consiguiendo parar el cron\u00f3metro en 1\u201949.733.<\/p>\n<p>&nbsp;<\/p>\n<p>Ma\u00f1ana a partir de las 10:55 tendr\u00e1n lugar los \u00faltimos entrenamientos libres y las sesiones clasificatorias del Gran Premio de Teruel.<\/p>\n<p>&nbsp;<\/p>\n<p><br \/>\n<em>\u201cUn poco decepcionado con hoy porque no estoy en el top10 y las ducatis no est\u00e1n siendo tan fuertes como esper\u00e1bamos. Creo que podr\u00edamos haber ido un poco m\u00e1s r\u00e1pidos con el neum\u00e1tico nuevo pero no supe sacarle el mayor partido a este. Hoy hemos hecho un trabajo muy bueno, y esperamos que ma\u00f1ana podamos mejorar y conseguir pasar a la Q2\u201d<\/em><\/p>\n<p>&nbsp;<\/p>\n<p><br \/>\n<em>\u201cHa sido un d\u00eda dif\u00edcil en el que las cosas no han salido del todo como esper\u00e1bamos. Hoy nos hemos centrado m\u00e1s en trabajar de cara a carrera y ma\u00f1ana buscaremos una vuelta r\u00e1pida\u201d<\/em><\/p>\n","protected":false},"excerpt":{"rendered":"<p>Johann Zarco finaliza en la decimo tercera posici\u00f3n a menos de una d\u00e9cima del top10 mientras que Tito Rabat ha finalizado vigesimoprimero el primer d\u00eda de entrenamientos libres del Gran Premio de Teruel. &nbsp; En el primer entreno, Johann Zarco ha marcado un tiempo de 1\u201949.360, finalizando en la und\u00e9cima posici\u00f3n a poco m\u00e1s de [&hellip;]<\/p>\n","protected":false},"author":6,"featured_media":16515,"comment_status":"closed","ping_status":"closed","sticky":false,"template":"","format":"standard","meta":{"footnotes":""},"categories":[3],"tags":[],"class_list":["post-16506","post","type-post","status-publish","format-standard","has-post-thumbnail","hentry","category-motogp"],"yoast_head":"<!-- This site is optimized with the Yoast SEO plugin v27.1.1 - https:\/\/yoast.com\/product\/yoast-seo-wordpress\/ -->\n<title>EL ESPONSORAMA RACING COMPLETA UN PRIMER D\u00cdA POSITIVO EN EL CIRCUITO MOTORLAND DE ARAG\u00d3N - Esponsorama<\/title>\n<meta name=\"robots\" content=\"index, follow, max-snippet:-1, max-image-preview:large, max-video-preview:-1\" \/>\n<link rel=\"canonical\" href=\"http:\/\/esponsorama.ad\/es\/esponsorama-racing-completa-primer-dia-positivo-circuito-motorland-aragon\/\" \/>\n<meta property=\"og:locale\" content=\"es_ES\" \/>\n<meta property=\"og:type\" content=\"article\" \/>\n<meta property=\"og:title\" content=\"EL ESPONSORAMA RACING COMPLETA UN PRIMER D\u00cdA POSITIVO EN EL CIRCUITO MOTORLAND DE ARAG\u00d3N - Esponsorama\" \/>\n<meta property=\"og:description\" content=\"Johann Zarco finaliza en la decimo tercera posici\u00f3n a menos de una d\u00e9cima del top10 mientras que Tito Rabat ha finalizado vigesimoprimero el primer d\u00eda de entrenamientos libres del Gran Premio de Teruel. &nbsp; En el primer entreno, Johann Zarco ha marcado un tiempo de 1\u201949.360, finalizando en la und\u00e9cima posici\u00f3n a poco m\u00e1s de [&hellip;]\" \/>\n<meta property=\"og:url\" content=\"http:\/\/esponsorama.ad\/es\/esponsorama-racing-completa-primer-dia-positivo-circuito-motorland-aragon\/\" \/>\n<meta property=\"og:site_name\" content=\"Esponsorama\" \/>\n<meta property=\"article:published_time\" content=\"2020-10-24T08:35:48+00:00\" \/>\n<meta property=\"og:image\" content=\"http:\/\/esponsorama.ad\/wp-content\/uploads\/2020\/10\/IMG_3730.jpg\" \/>\n\t<meta property=\"og:image:width\" content=\"5472\" \/>\n\t<meta property=\"og:image:height\" content=\"3648\" \/>\n\t<meta property=\"og:image:type\" content=\"image\/jpeg\" \/>\n<meta name=\"author\" content=\"Xavi Andornet\" \/>\n<meta name=\"twitter:card\" content=\"summary_large_image\" \/>\n<meta name=\"twitter:label1\" content=\"Escrito por\" \/>\n\t<meta name=\"twitter:data1\" content=\"Xavi Andornet\" \/>\n\t<meta name=\"twitter:label2\" content=\"Tiempo de lectura\" \/>\n\t<meta name=\"twitter:data2\" content=\"1 minuto\" \/>\n<script type=\"application\/ld+json\" class=\"yoast-schema-graph\">{\"@context\":\"https:\/\/schema.org\",\"@graph\":[{\"@type\":\"Article\",\"@id\":\"http:\/\/esponsorama.ad\/es\/esponsorama-racing-completa-primer-dia-positivo-circuito-motorland-aragon\/#article\",\"isPartOf\":{\"@id\":\"http:\/\/esponsorama.ad\/es\/esponsorama-racing-completa-primer-dia-positivo-circuito-motorland-aragon\/\"},\"author\":{\"name\":\"Xavi Andornet\",\"@id\":\"http:\/\/esponsorama.ad\/es\/#\/schema\/person\/a5cde74945183d737066e46b61c6f9c4\"},\"headline\":\"EL ESPONSORAMA RACING COMPLETA UN PRIMER D\u00cdA POSITIVO EN EL CIRCUITO MOTORLAND DE ARAG\u00d3N\",\"datePublished\":\"2020-10-24T08:35:48+00:00\",\"mainEntityOfPage\":{\"@id\":\"http:\/\/esponsorama.ad\/es\/esponsorama-racing-completa-primer-dia-positivo-circuito-motorland-aragon\/\"},\"wordCount\":297,\"image\":{\"@id\":\"http:\/\/esponsorama.ad\/es\/esponsorama-racing-completa-primer-dia-positivo-circuito-motorland-aragon\/#primaryimage\"},\"thumbnailUrl\":\"http:\/\/esponsorama.ad\/wp-content\/uploads\/2020\/10\/IMG_3730.jpg\",\"articleSection\":[\"MotoGP\"],\"inLanguage\":\"es\"},{\"@type\":\"WebPage\",\"@id\":\"http:\/\/esponsorama.ad\/es\/esponsorama-racing-completa-primer-dia-positivo-circuito-motorland-aragon\/\",\"url\":\"http:\/\/esponsorama.ad\/es\/esponsorama-racing-completa-primer-dia-positivo-circuito-motorland-aragon\/\",\"name\":\"EL ESPONSORAMA RACING COMPLETA UN PRIMER D\u00cdA POSITIVO EN EL CIRCUITO MOTORLAND DE ARAG\u00d3N - Esponsorama\",\"isPartOf\":{\"@id\":\"http:\/\/esponsorama.ad\/es\/#website\"},\"primaryImageOfPage\":{\"@id\":\"http:\/\/esponsorama.ad\/es\/esponsorama-racing-completa-primer-dia-positivo-circuito-motorland-aragon\/#primaryimage\"},\"image\":{\"@id\":\"http:\/\/esponsorama.ad\/es\/esponsorama-racing-completa-primer-dia-positivo-circuito-motorland-aragon\/#primaryimage\"},\"thumbnailUrl\":\"http:\/\/esponsorama.ad\/wp-content\/uploads\/2020\/10\/IMG_3730.jpg\",\"datePublished\":\"2020-10-24T08:35:48+00:00\",\"author\":{\"@id\":\"http:\/\/esponsorama.ad\/es\/#\/schema\/person\/a5cde74945183d737066e46b61c6f9c4\"},\"breadcrumb\":{\"@id\":\"http:\/\/esponsorama.ad\/es\/esponsorama-racing-completa-primer-dia-positivo-circuito-motorland-aragon\/#breadcrumb\"},\"inLanguage\":\"es\",\"potentialAction\":[{\"@type\":\"ReadAction\",\"target\":[\"http:\/\/esponsorama.ad\/es\/esponsorama-racing-completa-primer-dia-positivo-circuito-motorland-aragon\/\"]}]},{\"@type\":\"ImageObject\",\"inLanguage\":\"es\",\"@id\":\"http:\/\/esponsorama.ad\/es\/esponsorama-racing-completa-primer-dia-positivo-circuito-motorland-aragon\/#primaryimage\",\"url\":\"http:\/\/esponsorama.ad\/wp-content\/uploads\/2020\/10\/IMG_3730.jpg\",\"contentUrl\":\"http:\/\/esponsorama.ad\/wp-content\/uploads\/2020\/10\/IMG_3730.jpg\",\"width\":5472,\"height\":3648,\"caption\":\"12 Teruel GP 26 al 29 de Octubre de 2020. Motorland, Arag\u00f3n, Espa\u00f1a\"},{\"@type\":\"BreadcrumbList\",\"@id\":\"http:\/\/esponsorama.ad\/es\/esponsorama-racing-completa-primer-dia-positivo-circuito-motorland-aragon\/#breadcrumb\",\"itemListElement\":[{\"@type\":\"ListItem\",\"position\":1,\"name\":\"Home\",\"item\":\"http:\/\/esponsorama.ad\/es\/\"},{\"@type\":\"ListItem\",\"position\":2,\"name\":\"EL ESPONSORAMA RACING COMPLETA UN PRIMER D\u00cdA POSITIVO EN EL CIRCUITO MOTORLAND DE ARAG\u00d3N\"}]},{\"@type\":\"WebSite\",\"@id\":\"http:\/\/esponsorama.ad\/es\/#website\",\"url\":\"http:\/\/esponsorama.ad\/es\/\",\"name\":\"Esponsorama\",\"description\":\"Specialist in motorsport sponsorship and event promotions\",\"potentialAction\":[{\"@type\":\"SearchAction\",\"target\":{\"@type\":\"EntryPoint\",\"urlTemplate\":\"http:\/\/esponsorama.ad\/es\/?s={search_term_string}\"},\"query-input\":{\"@type\":\"PropertyValueSpecification\",\"valueRequired\":true,\"valueName\":\"search_term_string\"}}],\"inLanguage\":\"es\"},{\"@type\":\"Person\",\"@id\":\"http:\/\/esponsorama.ad\/es\/#\/schema\/person\/a5cde74945183d737066e46b61c6f9c4\",\"name\":\"Xavi Andornet\",\"image\":{\"@type\":\"ImageObject\",\"inLanguage\":\"es\",\"@id\":\"http:\/\/esponsorama.ad\/es\/#\/schema\/person\/image\/\",\"url\":\"https:\/\/secure.gravatar.com\/avatar\/f10eaf9ad601244a2357c9fd7cd9805ed166cfaaf76d5d9ab08a9d873e70147a?s=96&d=mm&r=g\",\"contentUrl\":\"https:\/\/secure.gravatar.com\/avatar\/f10eaf9ad601244a2357c9fd7cd9805ed166cfaaf76d5d9ab08a9d873e70147a?s=96&d=mm&r=g\",\"caption\":\"Xavi Andornet\"},\"sameAs\":[\"http:\/\/www.andornet.ad\"],\"url\":\"http:\/\/esponsorama.ad\/es\/author\/andornet\/\"}]}<\/script>\n<!-- \/ Yoast SEO plugin. -->","yoast_head_json":{"title":"EL ESPONSORAMA RACING COMPLETA UN PRIMER D\u00cdA POSITIVO EN EL CIRCUITO MOTORLAND DE ARAG\u00d3N - Esponsorama","robots":{"index":"index","follow":"follow","max-snippet":"max-snippet:-1","max-image-preview":"max-image-preview:large","max-video-preview":"max-video-preview:-1"},"canonical":"http:\/\/esponsorama.ad\/es\/esponsorama-racing-completa-primer-dia-positivo-circuito-motorland-aragon\/","og_locale":"es_ES","og_type":"article","og_title":"EL ESPONSORAMA RACING COMPLETA UN PRIMER D\u00cdA POSITIVO EN EL CIRCUITO MOTORLAND DE ARAG\u00d3N - Esponsorama","og_description":"Johann Zarco finaliza en la decimo tercera posici\u00f3n a menos de una d\u00e9cima del top10 mientras que Tito Rabat ha finalizado vigesimoprimero el primer d\u00eda de entrenamientos libres del Gran Premio de Teruel. &nbsp; En el primer entreno, Johann Zarco ha marcado un tiempo de 1\u201949.360, finalizando en la und\u00e9cima posici\u00f3n a poco m\u00e1s de [&hellip;]","og_url":"http:\/\/esponsorama.ad\/es\/esponsorama-racing-completa-primer-dia-positivo-circuito-motorland-aragon\/","og_site_name":"Esponsorama","article_published_time":"2020-10-24T08:35:48+00:00","og_image":[{"width":5472,"height":3648,"url":"http:\/\/esponsorama.ad\/wp-content\/uploads\/2020\/10\/IMG_3730.jpg","type":"image\/jpeg"}],"author":"Xavi Andornet","twitter_card":"summary_large_image","twitter_misc":{"Escrito por":"Xavi Andornet","Tiempo de lectura":"1 minuto"},"schema":{"@context":"https:\/\/schema.org","@graph":[{"@type":"Article","@id":"http:\/\/esponsorama.ad\/es\/esponsorama-racing-completa-primer-dia-positivo-circuito-motorland-aragon\/#article","isPartOf":{"@id":"http:\/\/esponsorama.ad\/es\/esponsorama-racing-completa-primer-dia-positivo-circuito-motorland-aragon\/"},"author":{"name":"Xavi Andornet","@id":"http:\/\/esponsorama.ad\/es\/#\/schema\/person\/a5cde74945183d737066e46b61c6f9c4"},"headline":"EL ESPONSORAMA RACING COMPLETA UN PRIMER D\u00cdA POSITIVO EN EL CIRCUITO MOTORLAND DE ARAG\u00d3N","datePublished":"2020-10-24T08:35:48+00:00","mainEntityOfPage":{"@id":"http:\/\/esponsorama.ad\/es\/esponsorama-racing-completa-primer-dia-positivo-circuito-motorland-aragon\/"},"wordCount":297,"image":{"@id":"http:\/\/esponsorama.ad\/es\/esponsorama-racing-completa-primer-dia-positivo-circuito-motorland-aragon\/#primaryimage"},"thumbnailUrl":"http:\/\/esponsorama.ad\/wp-content\/uploads\/2020\/10\/IMG_3730.jpg","articleSection":["MotoGP"],"inLanguage":"es"},{"@type":"WebPage","@id":"http:\/\/esponsorama.ad\/es\/esponsorama-racing-completa-primer-dia-positivo-circuito-motorland-aragon\/","url":"http:\/\/esponsorama.ad\/es\/esponsorama-racing-completa-primer-dia-positivo-circuito-motorland-aragon\/","name":"EL ESPONSORAMA RACING COMPLETA UN PRIMER D\u00cdA POSITIVO EN EL CIRCUITO MOTORLAND DE ARAG\u00d3N - Esponsorama","isPartOf":{"@id":"http:\/\/esponsorama.ad\/es\/#website"},"primaryImageOfPage":{"@id":"http:\/\/esponsorama.ad\/es\/esponsorama-racing-completa-primer-dia-positivo-circuito-motorland-aragon\/#primaryimage"},"image":{"@id":"http:\/\/esponsorama.ad\/es\/esponsorama-racing-completa-primer-dia-positivo-circuito-motorland-aragon\/#primaryimage"},"thumbnailUrl":"http:\/\/esponsorama.ad\/wp-content\/uploads\/2020\/10\/IMG_3730.jpg","datePublished":"2020-10-24T08:35:48+00:00","author":{"@id":"http:\/\/esponsorama.ad\/es\/#\/schema\/person\/a5cde74945183d737066e46b61c6f9c4"},"breadcrumb":{"@id":"http:\/\/esponsorama.ad\/es\/esponsorama-racing-completa-primer-dia-positivo-circuito-motorland-aragon\/#breadcrumb"},"inLanguage":"es","potentialAction":[{"@type":"ReadAction","target":["http:\/\/esponsorama.ad\/es\/esponsorama-racing-completa-primer-dia-positivo-circuito-motorland-aragon\/"]}]},{"@type":"ImageObject","inLanguage":"es","@id":"http:\/\/esponsorama.ad\/es\/esponsorama-racing-completa-primer-dia-positivo-circuito-motorland-aragon\/#primaryimage","url":"http:\/\/esponsorama.ad\/wp-content\/uploads\/2020\/10\/IMG_3730.jpg","contentUrl":"http:\/\/esponsorama.ad\/wp-content\/uploads\/2020\/10\/IMG_3730.jpg","width":5472,"height":3648,"caption":"12 Teruel GP 26 al 29 de Octubre de 2020. Motorland, Arag\u00f3n, Espa\u00f1a"},{"@type":"BreadcrumbList","@id":"http:\/\/esponsorama.ad\/es\/esponsorama-racing-completa-primer-dia-positivo-circuito-motorland-aragon\/#breadcrumb","itemListElement":[{"@type":"ListItem","position":1,"name":"Home","item":"http:\/\/esponsorama.ad\/es\/"},{"@type":"ListItem","position":2,"name":"EL ESPONSORAMA RACING COMPLETA UN PRIMER D\u00cdA POSITIVO EN EL CIRCUITO MOTORLAND DE ARAG\u00d3N"}]},{"@type":"WebSite","@id":"http:\/\/esponsorama.ad\/es\/#website","url":"http:\/\/esponsorama.ad\/es\/","name":"Esponsorama","description":"Specialist in motorsport sponsorship and event promotions","potentialAction":[{"@type":"SearchAction","target":{"@type":"EntryPoint","urlTemplate":"http:\/\/esponsorama.ad\/es\/?s={search_term_string}"},"query-input":{"@type":"PropertyValueSpecification","valueRequired":true,"valueName":"search_term_string"}}],"inLanguage":"es"},{"@type":"Person","@id":"http:\/\/esponsorama.ad\/es\/#\/schema\/person\/a5cde74945183d737066e46b61c6f9c4","name":"Xavi Andornet","image":{"@type":"ImageObject","inLanguage":"es","@id":"http:\/\/esponsorama.ad\/es\/#\/schema\/person\/image\/","url":"https:\/\/secure.gravatar.com\/avatar\/f10eaf9ad601244a2357c9fd7cd9805ed166cfaaf76d5d9ab08a9d873e70147a?s=96&d=mm&r=g","contentUrl":"https:\/\/secure.gravatar.com\/avatar\/f10eaf9ad601244a2357c9fd7cd9805ed166cfaaf76d5d9ab08a9d873e70147a?s=96&d=mm&r=g","caption":"Xavi Andornet"},"sameAs":["http:\/\/www.andornet.ad"],"url":"http:\/\/esponsorama.ad\/es\/author\/andornet\/"}]}},"_links":{"self":[{"href":"http:\/\/esponsorama.ad\/es\/wp-json\/wp\/v2\/posts\/16506","targetHints":{"allow":["GET"]}}],"collection":[{"href":"http:\/\/esponsorama.ad\/es\/wp-json\/wp\/v2\/posts"}],"about":[{"href":"http:\/\/esponsorama.ad\/es\/wp-json\/wp\/v2\/types\/post"}],"author":[{"embeddable":true,"href":"http:\/\/esponsorama.ad\/es\/wp-json\/wp\/v2\/users\/6"}],"replies":[{"embeddable":true,"href":"http:\/\/esponsorama.ad\/es\/wp-json\/wp\/v2\/comments?post=16506"}],"version-history":[{"count":1,"href":"http:\/\/esponsorama.ad\/es\/wp-json\/wp\/v2\/posts\/16506\/revisions"}],"predecessor-version":[{"id":16518,"href":"http:\/\/esponsorama.ad\/es\/wp-json\/wp\/v2\/posts\/16506\/revisions\/16518"}],"wp:featuredmedia":[{"embeddable":true,"href":"http:\/\/esponsorama.ad\/es\/wp-json\/wp\/v2\/media\/16515"}],"wp:attachment":[{"href":"http:\/\/esponsorama.ad\/es\/wp-json\/wp\/v2\/media?parent=16506"}],"wp:term":[{"taxonomy":"category","embeddable":true,"href":"http:\/\/esponsorama.ad\/es\/wp-json\/wp\/v2\/categories?post=16506"},{"taxonomy":"post_tag","embeddable":true,"href":"http:\/\/esponsorama.ad\/es\/wp-json\/wp\/v2\/tags?post=16506"}],"curies":[{"name":"wp","href":"https:\/\/api.w.org\/{rel}","templated":true}]}}