{"id":16507,"date":"2020-10-24T10:32:54","date_gmt":"2020-10-24T08:32:54","guid":{"rendered":"http:\/\/esponsorama.ad\/?p=16507"},"modified":"2020-10-24T10:32:54","modified_gmt":"2020-10-24T08:32:54","slug":"reale-avintia-moto3-da-finalizado-primer-dia-entrenos-del-gran-premio-teruel","status":"publish","type":"post","link":"http:\/\/esponsorama.ad\/es\/reale-avintia-moto3-da-finalizado-primer-dia-entrenos-del-gran-premio-teruel\/","title":{"rendered":"EL REALE AVINTIA MOTO3 DA POR FINALIZADO EL PRIMER DIA DE ENTRENOS DEL GRAN PREMIO DE TERUEL"},"content":{"rendered":"<p>Carlos Tatay finaliza el primer d\u00eda de entrenamientos libres del Gran Premio de Teruel en la vig\u00e9simo sexta posici\u00f3n a s\u00f3lo 1.2 del primer clasificado.<\/p>\n<p>&nbsp;<\/p>\n<p>El entreno matutino daba comienzo a las 10:00 en unas condiciones de seco y muy diferentes a las del FP1 del fin de semana pasado. Carlos Tatay fij\u00f3 un tiempo de 1\u201959.797 a tan solo 1.7 del primer clasificado.<\/p>\n<p>&nbsp;<\/p>\n<p>Por la tarde, a pesar de que hubiera m\u00e1s viento que por la ma\u00f1ana, Carlos Tatay consigui\u00f3 mejorar su tiempo en cuatro d\u00e9cimas, parando el cron\u00f3metro en 1\u201959.386, cuatro d\u00e9cimas m\u00e1s r\u00e1pido que en el FP1. A pesar de esta mejora, la igualdad de tiempos reflejada en la tabla de tiempos no ha permitido que el piloto valenciano finalice en posiciones de Q2.<\/p>\n<p>&nbsp;<\/p>\n<p>Ma\u00f1ana a partir de las 10:00, Carlos Tatay y su equipo disputar\u00e1n la \u00faltima sesi\u00f3n de entrenos libres y las sesiones clasificatorias del Gran Premio de Teruel donde intentar\u00e1n mejorar los resultados del fin de semana anterior.<br \/>\n\t\t\t\t\t<div class=\"rider-short\">\n\t\t\t\t<a href=\"http:\/\/esponsorama.ad\/es\/piloto\/carlos-tatay\/\"><img loading=\"lazy\" decoding=\"async\" width=\"300\" height=\"300\" src=\"http:\/\/esponsorama.ad\/wp-content\/uploads\/2021\/02\/dorsal-tatay-gris-300x300.png\" class=\"attachment-medium size-medium\" alt=\"\" srcset=\"http:\/\/esponsorama.ad\/wp-content\/uploads\/2021\/02\/dorsal-tatay-gris-300x300.png 300w, http:\/\/esponsorama.ad\/wp-content\/uploads\/2021\/02\/dorsal-tatay-gris-150x150.png 150w, http:\/\/esponsorama.ad\/wp-content\/uploads\/2021\/02\/dorsal-tatay-gris.png 500w\" sizes=\"auto, (max-width: 300px) 100vw, 300px\" \/><\/a><div class=\"info\"><h3><a href=\"http:\/\/esponsorama.ad\/es\/piloto\/carlos-tatay\/\">Carlos Tatay<\/a> | P26<\/h3><div class=\"rrss\"><a target=\"_blank\" href=\"https:\/\/www.facebook.com\/carlostatay99\/\"><i class=\"fa fa-facebook\"><\/i><\/a><a target=\"_blank\" href=\"https:\/\/twitter.com\/carlostatay99\"><i class=\"fa fa-twitter\"><\/i><\/a><a target=\"_blank\" href=\"https:\/\/www.instagram.com\/carlostatay99\/\"><i class=\"fa fa-instagram\"><\/i><\/a><\/div><\/div>\t\t\t\t\t<\/div>\n\t\t\t\t<br \/>\n<em>\u201cHa sido un d\u00eda complicado debido al viento, no nos hemos podido adaptar bien a las condiciones meteorol\u00f3gicas. Lo positivo es que tenemos una buena base para ma\u00f1ana, que parece que habr\u00e1 menos viento, por lo que continuaremos trabajando e intentaremos conseguir una buena posici\u00f3n de parrilla\u201d<\/em><\/p>\n","protected":false},"excerpt":{"rendered":"<p>Carlos Tatay finaliza el primer d\u00eda de entrenamientos libres del Gran Premio de Teruel en la vig\u00e9simo sexta posici\u00f3n a s\u00f3lo 1.2 del primer clasificado. &nbsp; El entreno matutino daba comienzo a las 10:00 en unas condiciones de seco y muy diferentes a las del FP1 del fin de semana pasado. Carlos Tatay fij\u00f3 un [&hellip;]<\/p>\n","protected":false},"author":6,"featured_media":16510,"comment_status":"closed","ping_status":"closed","sticky":false,"template":"","format":"standard","meta":{"footnotes":""},"categories":[12],"tags":[],"class_list":["post-16507","post","type-post","status-publish","format-standard","has-post-thumbnail","hentry","category-moto3"],"yoast_head":"<!-- This site is optimized with the Yoast SEO plugin v27.1.1 - https:\/\/yoast.com\/product\/yoast-seo-wordpress\/ -->\n<title>EL REALE AVINTIA MOTO3 DA POR FINALIZADO EL PRIMER DIA DE ENTRENOS DEL GRAN PREMIO DE TERUEL - Esponsorama<\/title>\n<meta name=\"robots\" content=\"index, follow, max-snippet:-1, max-image-preview:large, max-video-preview:-1\" \/>\n<link rel=\"canonical\" href=\"http:\/\/esponsorama.ad\/es\/reale-avintia-moto3-da-finalizado-primer-dia-entrenos-del-gran-premio-teruel\/\" \/>\n<meta property=\"og:locale\" content=\"es_ES\" \/>\n<meta property=\"og:type\" content=\"article\" \/>\n<meta property=\"og:title\" content=\"EL REALE AVINTIA MOTO3 DA POR FINALIZADO EL PRIMER DIA DE ENTRENOS DEL GRAN PREMIO DE TERUEL - Esponsorama\" \/>\n<meta property=\"og:description\" content=\"Carlos Tatay finaliza el primer d\u00eda de entrenamientos libres del Gran Premio de Teruel en la vig\u00e9simo sexta posici\u00f3n a s\u00f3lo 1.2 del primer clasificado. &nbsp; El entreno matutino daba comienzo a las 10:00 en unas condiciones de seco y muy diferentes a las del FP1 del fin de semana pasado. Carlos Tatay fij\u00f3 un [&hellip;]\" \/>\n<meta property=\"og:url\" content=\"http:\/\/esponsorama.ad\/es\/reale-avintia-moto3-da-finalizado-primer-dia-entrenos-del-gran-premio-teruel\/\" \/>\n<meta property=\"og:site_name\" content=\"Esponsorama\" \/>\n<meta property=\"article:published_time\" content=\"2020-10-24T08:32:54+00:00\" \/>\n<meta property=\"og:image\" content=\"http:\/\/esponsorama.ad\/wp-content\/uploads\/2020\/10\/D1BFEE4A-5379-4FB6-AA82-27270351FF85-1024x683.jpg\" \/>\n\t<meta property=\"og:image:width\" content=\"1024\" \/>\n\t<meta property=\"og:image:height\" content=\"683\" \/>\n\t<meta property=\"og:image:type\" content=\"image\/jpeg\" \/>\n<meta name=\"author\" content=\"Xavi Andornet\" \/>\n<meta name=\"twitter:card\" content=\"summary_large_image\" \/>\n<meta name=\"twitter:label1\" content=\"Escrito por\" \/>\n\t<meta name=\"twitter:data1\" content=\"Xavi Andornet\" \/>\n\t<meta name=\"twitter:label2\" content=\"Tiempo de lectura\" \/>\n\t<meta name=\"twitter:data2\" content=\"1 minuto\" \/>\n<script type=\"application\/ld+json\" class=\"yoast-schema-graph\">{\"@context\":\"https:\/\/schema.org\",\"@graph\":[{\"@type\":\"Article\",\"@id\":\"http:\/\/esponsorama.ad\/es\/reale-avintia-moto3-da-finalizado-primer-dia-entrenos-del-gran-premio-teruel\/#article\",\"isPartOf\":{\"@id\":\"http:\/\/esponsorama.ad\/es\/reale-avintia-moto3-da-finalizado-primer-dia-entrenos-del-gran-premio-teruel\/\"},\"author\":{\"name\":\"Xavi Andornet\",\"@id\":\"http:\/\/esponsorama.ad\/es\/#\/schema\/person\/a5cde74945183d737066e46b61c6f9c4\"},\"headline\":\"EL REALE AVINTIA MOTO3 DA POR FINALIZADO EL PRIMER DIA DE ENTRENOS DEL GRAN PREMIO DE TERUEL\",\"datePublished\":\"2020-10-24T08:32:54+00:00\",\"mainEntityOfPage\":{\"@id\":\"http:\/\/esponsorama.ad\/es\/reale-avintia-moto3-da-finalizado-primer-dia-entrenos-del-gran-premio-teruel\/\"},\"wordCount\":247,\"image\":{\"@id\":\"http:\/\/esponsorama.ad\/es\/reale-avintia-moto3-da-finalizado-primer-dia-entrenos-del-gran-premio-teruel\/#primaryimage\"},\"thumbnailUrl\":\"http:\/\/esponsorama.ad\/wp-content\/uploads\/2020\/10\/D1BFEE4A-5379-4FB6-AA82-27270351FF85.jpg\",\"articleSection\":[\"Moto3\"],\"inLanguage\":\"es\"},{\"@type\":\"WebPage\",\"@id\":\"http:\/\/esponsorama.ad\/es\/reale-avintia-moto3-da-finalizado-primer-dia-entrenos-del-gran-premio-teruel\/\",\"url\":\"http:\/\/esponsorama.ad\/es\/reale-avintia-moto3-da-finalizado-primer-dia-entrenos-del-gran-premio-teruel\/\",\"name\":\"EL REALE AVINTIA MOTO3 DA POR FINALIZADO EL PRIMER DIA DE ENTRENOS DEL GRAN PREMIO DE TERUEL - Esponsorama\",\"isPartOf\":{\"@id\":\"http:\/\/esponsorama.ad\/es\/#website\"},\"primaryImageOfPage\":{\"@id\":\"http:\/\/esponsorama.ad\/es\/reale-avintia-moto3-da-finalizado-primer-dia-entrenos-del-gran-premio-teruel\/#primaryimage\"},\"image\":{\"@id\":\"http:\/\/esponsorama.ad\/es\/reale-avintia-moto3-da-finalizado-primer-dia-entrenos-del-gran-premio-teruel\/#primaryimage\"},\"thumbnailUrl\":\"http:\/\/esponsorama.ad\/wp-content\/uploads\/2020\/10\/D1BFEE4A-5379-4FB6-AA82-27270351FF85.jpg\",\"datePublished\":\"2020-10-24T08:32:54+00:00\",\"author\":{\"@id\":\"http:\/\/esponsorama.ad\/es\/#\/schema\/person\/a5cde74945183d737066e46b61c6f9c4\"},\"breadcrumb\":{\"@id\":\"http:\/\/esponsorama.ad\/es\/reale-avintia-moto3-da-finalizado-primer-dia-entrenos-del-gran-premio-teruel\/#breadcrumb\"},\"inLanguage\":\"es\",\"potentialAction\":[{\"@type\":\"ReadAction\",\"target\":[\"http:\/\/esponsorama.ad\/es\/reale-avintia-moto3-da-finalizado-primer-dia-entrenos-del-gran-premio-teruel\/\"]}]},{\"@type\":\"ImageObject\",\"inLanguage\":\"es\",\"@id\":\"http:\/\/esponsorama.ad\/es\/reale-avintia-moto3-da-finalizado-primer-dia-entrenos-del-gran-premio-teruel\/#primaryimage\",\"url\":\"http:\/\/esponsorama.ad\/wp-content\/uploads\/2020\/10\/D1BFEE4A-5379-4FB6-AA82-27270351FF85.jpg\",\"contentUrl\":\"http:\/\/esponsorama.ad\/wp-content\/uploads\/2020\/10\/D1BFEE4A-5379-4FB6-AA82-27270351FF85.jpg\",\"width\":5472,\"height\":3648,\"caption\":\"12 Teruel GP 26 al 29 de Octubre de 2020. Motorland, Arag\u00f3n, Espa\u00f1a\"},{\"@type\":\"BreadcrumbList\",\"@id\":\"http:\/\/esponsorama.ad\/es\/reale-avintia-moto3-da-finalizado-primer-dia-entrenos-del-gran-premio-teruel\/#breadcrumb\",\"itemListElement\":[{\"@type\":\"ListItem\",\"position\":1,\"name\":\"Home\",\"item\":\"http:\/\/esponsorama.ad\/es\/\"},{\"@type\":\"ListItem\",\"position\":2,\"name\":\"EL REALE AVINTIA MOTO3 DA POR FINALIZADO EL PRIMER DIA DE ENTRENOS DEL GRAN PREMIO DE TERUEL\"}]},{\"@type\":\"WebSite\",\"@id\":\"http:\/\/esponsorama.ad\/es\/#website\",\"url\":\"http:\/\/esponsorama.ad\/es\/\",\"name\":\"Esponsorama\",\"description\":\"Specialist in motorsport sponsorship and event promotions\",\"potentialAction\":[{\"@type\":\"SearchAction\",\"target\":{\"@type\":\"EntryPoint\",\"urlTemplate\":\"http:\/\/esponsorama.ad\/es\/?s={search_term_string}\"},\"query-input\":{\"@type\":\"PropertyValueSpecification\",\"valueRequired\":true,\"valueName\":\"search_term_string\"}}],\"inLanguage\":\"es\"},{\"@type\":\"Person\",\"@id\":\"http:\/\/esponsorama.ad\/es\/#\/schema\/person\/a5cde74945183d737066e46b61c6f9c4\",\"name\":\"Xavi Andornet\",\"image\":{\"@type\":\"ImageObject\",\"inLanguage\":\"es\",\"@id\":\"http:\/\/esponsorama.ad\/es\/#\/schema\/person\/image\/\",\"url\":\"https:\/\/secure.gravatar.com\/avatar\/f10eaf9ad601244a2357c9fd7cd9805ed166cfaaf76d5d9ab08a9d873e70147a?s=96&d=mm&r=g\",\"contentUrl\":\"https:\/\/secure.gravatar.com\/avatar\/f10eaf9ad601244a2357c9fd7cd9805ed166cfaaf76d5d9ab08a9d873e70147a?s=96&d=mm&r=g\",\"caption\":\"Xavi Andornet\"},\"sameAs\":[\"http:\/\/www.andornet.ad\"],\"url\":\"http:\/\/esponsorama.ad\/es\/author\/andornet\/\"}]}<\/script>\n<!-- \/ Yoast SEO plugin. -->","yoast_head_json":{"title":"EL REALE AVINTIA MOTO3 DA POR FINALIZADO EL PRIMER DIA DE ENTRENOS DEL GRAN PREMIO DE TERUEL - Esponsorama","robots":{"index":"index","follow":"follow","max-snippet":"max-snippet:-1","max-image-preview":"max-image-preview:large","max-video-preview":"max-video-preview:-1"},"canonical":"http:\/\/esponsorama.ad\/es\/reale-avintia-moto3-da-finalizado-primer-dia-entrenos-del-gran-premio-teruel\/","og_locale":"es_ES","og_type":"article","og_title":"EL REALE AVINTIA MOTO3 DA POR FINALIZADO EL PRIMER DIA DE ENTRENOS DEL GRAN PREMIO DE TERUEL - Esponsorama","og_description":"Carlos Tatay finaliza el primer d\u00eda de entrenamientos libres del Gran Premio de Teruel en la vig\u00e9simo sexta posici\u00f3n a s\u00f3lo 1.2 del primer clasificado. &nbsp; El entreno matutino daba comienzo a las 10:00 en unas condiciones de seco y muy diferentes a las del FP1 del fin de semana pasado. Carlos Tatay fij\u00f3 un [&hellip;]","og_url":"http:\/\/esponsorama.ad\/es\/reale-avintia-moto3-da-finalizado-primer-dia-entrenos-del-gran-premio-teruel\/","og_site_name":"Esponsorama","article_published_time":"2020-10-24T08:32:54+00:00","og_image":[{"width":1024,"height":683,"url":"http:\/\/esponsorama.ad\/wp-content\/uploads\/2020\/10\/D1BFEE4A-5379-4FB6-AA82-27270351FF85-1024x683.jpg","type":"image\/jpeg"}],"author":"Xavi Andornet","twitter_card":"summary_large_image","twitter_misc":{"Escrito por":"Xavi Andornet","Tiempo de lectura":"1 minuto"},"schema":{"@context":"https:\/\/schema.org","@graph":[{"@type":"Article","@id":"http:\/\/esponsorama.ad\/es\/reale-avintia-moto3-da-finalizado-primer-dia-entrenos-del-gran-premio-teruel\/#article","isPartOf":{"@id":"http:\/\/esponsorama.ad\/es\/reale-avintia-moto3-da-finalizado-primer-dia-entrenos-del-gran-premio-teruel\/"},"author":{"name":"Xavi Andornet","@id":"http:\/\/esponsorama.ad\/es\/#\/schema\/person\/a5cde74945183d737066e46b61c6f9c4"},"headline":"EL REALE AVINTIA MOTO3 DA POR FINALIZADO EL PRIMER DIA DE ENTRENOS DEL GRAN PREMIO DE TERUEL","datePublished":"2020-10-24T08:32:54+00:00","mainEntityOfPage":{"@id":"http:\/\/esponsorama.ad\/es\/reale-avintia-moto3-da-finalizado-primer-dia-entrenos-del-gran-premio-teruel\/"},"wordCount":247,"image":{"@id":"http:\/\/esponsorama.ad\/es\/reale-avintia-moto3-da-finalizado-primer-dia-entrenos-del-gran-premio-teruel\/#primaryimage"},"thumbnailUrl":"http:\/\/esponsorama.ad\/wp-content\/uploads\/2020\/10\/D1BFEE4A-5379-4FB6-AA82-27270351FF85.jpg","articleSection":["Moto3"],"inLanguage":"es"},{"@type":"WebPage","@id":"http:\/\/esponsorama.ad\/es\/reale-avintia-moto3-da-finalizado-primer-dia-entrenos-del-gran-premio-teruel\/","url":"http:\/\/esponsorama.ad\/es\/reale-avintia-moto3-da-finalizado-primer-dia-entrenos-del-gran-premio-teruel\/","name":"EL REALE AVINTIA MOTO3 DA POR FINALIZADO EL PRIMER DIA DE ENTRENOS DEL GRAN PREMIO DE TERUEL - Esponsorama","isPartOf":{"@id":"http:\/\/esponsorama.ad\/es\/#website"},"primaryImageOfPage":{"@id":"http:\/\/esponsorama.ad\/es\/reale-avintia-moto3-da-finalizado-primer-dia-entrenos-del-gran-premio-teruel\/#primaryimage"},"image":{"@id":"http:\/\/esponsorama.ad\/es\/reale-avintia-moto3-da-finalizado-primer-dia-entrenos-del-gran-premio-teruel\/#primaryimage"},"thumbnailUrl":"http:\/\/esponsorama.ad\/wp-content\/uploads\/2020\/10\/D1BFEE4A-5379-4FB6-AA82-27270351FF85.jpg","datePublished":"2020-10-24T08:32:54+00:00","author":{"@id":"http:\/\/esponsorama.ad\/es\/#\/schema\/person\/a5cde74945183d737066e46b61c6f9c4"},"breadcrumb":{"@id":"http:\/\/esponsorama.ad\/es\/reale-avintia-moto3-da-finalizado-primer-dia-entrenos-del-gran-premio-teruel\/#breadcrumb"},"inLanguage":"es","potentialAction":[{"@type":"ReadAction","target":["http:\/\/esponsorama.ad\/es\/reale-avintia-moto3-da-finalizado-primer-dia-entrenos-del-gran-premio-teruel\/"]}]},{"@type":"ImageObject","inLanguage":"es","@id":"http:\/\/esponsorama.ad\/es\/reale-avintia-moto3-da-finalizado-primer-dia-entrenos-del-gran-premio-teruel\/#primaryimage","url":"http:\/\/esponsorama.ad\/wp-content\/uploads\/2020\/10\/D1BFEE4A-5379-4FB6-AA82-27270351FF85.jpg","contentUrl":"http:\/\/esponsorama.ad\/wp-content\/uploads\/2020\/10\/D1BFEE4A-5379-4FB6-AA82-27270351FF85.jpg","width":5472,"height":3648,"caption":"12 Teruel GP 26 al 29 de Octubre de 2020. Motorland, Arag\u00f3n, Espa\u00f1a"},{"@type":"BreadcrumbList","@id":"http:\/\/esponsorama.ad\/es\/reale-avintia-moto3-da-finalizado-primer-dia-entrenos-del-gran-premio-teruel\/#breadcrumb","itemListElement":[{"@type":"ListItem","position":1,"name":"Home","item":"http:\/\/esponsorama.ad\/es\/"},{"@type":"ListItem","position":2,"name":"EL REALE AVINTIA MOTO3 DA POR FINALIZADO EL PRIMER DIA DE ENTRENOS DEL GRAN PREMIO DE TERUEL"}]},{"@type":"WebSite","@id":"http:\/\/esponsorama.ad\/es\/#website","url":"http:\/\/esponsorama.ad\/es\/","name":"Esponsorama","description":"Specialist in motorsport sponsorship and event promotions","potentialAction":[{"@type":"SearchAction","target":{"@type":"EntryPoint","urlTemplate":"http:\/\/esponsorama.ad\/es\/?s={search_term_string}"},"query-input":{"@type":"PropertyValueSpecification","valueRequired":true,"valueName":"search_term_string"}}],"inLanguage":"es"},{"@type":"Person","@id":"http:\/\/esponsorama.ad\/es\/#\/schema\/person\/a5cde74945183d737066e46b61c6f9c4","name":"Xavi Andornet","image":{"@type":"ImageObject","inLanguage":"es","@id":"http:\/\/esponsorama.ad\/es\/#\/schema\/person\/image\/","url":"https:\/\/secure.gravatar.com\/avatar\/f10eaf9ad601244a2357c9fd7cd9805ed166cfaaf76d5d9ab08a9d873e70147a?s=96&d=mm&r=g","contentUrl":"https:\/\/secure.gravatar.com\/avatar\/f10eaf9ad601244a2357c9fd7cd9805ed166cfaaf76d5d9ab08a9d873e70147a?s=96&d=mm&r=g","caption":"Xavi Andornet"},"sameAs":["http:\/\/www.andornet.ad"],"url":"http:\/\/esponsorama.ad\/es\/author\/andornet\/"}]}},"_links":{"self":[{"href":"http:\/\/esponsorama.ad\/es\/wp-json\/wp\/v2\/posts\/16507","targetHints":{"allow":["GET"]}}],"collection":[{"href":"http:\/\/esponsorama.ad\/es\/wp-json\/wp\/v2\/posts"}],"about":[{"href":"http:\/\/esponsorama.ad\/es\/wp-json\/wp\/v2\/types\/post"}],"author":[{"embeddable":true,"href":"http:\/\/esponsorama.ad\/es\/wp-json\/wp\/v2\/users\/6"}],"replies":[{"embeddable":true,"href":"http:\/\/esponsorama.ad\/es\/wp-json\/wp\/v2\/comments?post=16507"}],"version-history":[{"count":1,"href":"http:\/\/esponsorama.ad\/es\/wp-json\/wp\/v2\/posts\/16507\/revisions"}],"predecessor-version":[{"id":16516,"href":"http:\/\/esponsorama.ad\/es\/wp-json\/wp\/v2\/posts\/16507\/revisions\/16516"}],"wp:featuredmedia":[{"embeddable":true,"href":"http:\/\/esponsorama.ad\/es\/wp-json\/wp\/v2\/media\/16510"}],"wp:attachment":[{"href":"http:\/\/esponsorama.ad\/es\/wp-json\/wp\/v2\/media?parent=16507"}],"wp:term":[{"taxonomy":"category","embeddable":true,"href":"http:\/\/esponsorama.ad\/es\/wp-json\/wp\/v2\/categories?post=16507"},{"taxonomy":"post_tag","embeddable":true,"href":"http:\/\/esponsorama.ad\/es\/wp-json\/wp\/v2\/tags?post=16507"}],"curies":[{"name":"wp","href":"https:\/\/api.w.org\/{rel}","templated":true}]}}