{"id":16521,"date":"2020-10-26T11:48:36","date_gmt":"2020-10-26T09:48:36","guid":{"rendered":"http:\/\/esponsorama.ad\/?p=16521"},"modified":"2020-10-26T11:48:36","modified_gmt":"2020-10-26T09:48:36","slug":"reale-avintia-moto3-espera-poder-remontar-la-carrera-del-gran-premio-teruel","status":"publish","type":"post","link":"http:\/\/esponsorama.ad\/es\/reale-avintia-moto3-espera-poder-remontar-la-carrera-del-gran-premio-teruel\/","title":{"rendered":"EL REALE AVINTIA MOTO3 ESPERA PODER REMONTAR EN LA CARRERA DEL GRAN PREMIO DE TERUEL"},"content":{"rendered":"<p>Carlos Tatay y el Reale Avintia Moto3 esperan poder remontar en la carrera del Gran Premio de Teruel despu\u00e9s de una clasificaci\u00f3n dif\u00edcil.<\/p>\n<p><span class=\"im\">Durante el tercer y \u00faltimo entreno libre Carlos Tatay mejor\u00f3 en m\u00e1s de un segundo su tiempo del d\u00eda de ayer consiguiendo parar el cron\u00f3metro en 1\u201958.253. El piloto del Reale Avintia Moto3 finaliz\u00f3 a poco m\u00e1s de seis d\u00e9cimas del mejor registro, pero no fue suficiente para conseguir el pase directo a la Q2.<\/p>\n<p>El Reale Avintia Moto3 sali\u00f3 a la Q1 con ganas de continuar mejorando sus tiempos, pero a pesar de marcar un tiempo de 1\u201958,335 y ocupar durante gran parte de la sesi\u00f3n las posiciones que daban el pase a la Q2, Carlos Tatay tendr\u00e1 que conformarse con la vig\u00e9sima posici\u00f3n de parrilla.<\/p>\n<p><\/span>A las 11:20 dar\u00e1 comienzo la carrera de Moto3 del Gran Premio de Teruel.<br \/>\n\t\t\t\t\t<div class=\"rider-short\">\n\t\t\t\t<a href=\"http:\/\/esponsorama.ad\/es\/piloto\/carlos-tatay\/\"><img loading=\"lazy\" decoding=\"async\" width=\"300\" height=\"300\" src=\"http:\/\/esponsorama.ad\/wp-content\/uploads\/2021\/02\/dorsal-tatay-gris-300x300.png\" class=\"attachment-medium size-medium\" alt=\"\" srcset=\"http:\/\/esponsorama.ad\/wp-content\/uploads\/2021\/02\/dorsal-tatay-gris-300x300.png 300w, http:\/\/esponsorama.ad\/wp-content\/uploads\/2021\/02\/dorsal-tatay-gris-150x150.png 150w, http:\/\/esponsorama.ad\/wp-content\/uploads\/2021\/02\/dorsal-tatay-gris.png 500w\" sizes=\"auto, (max-width: 300px) 100vw, 300px\" \/><\/a><div class=\"info\"><h3><a href=\"http:\/\/esponsorama.ad\/es\/piloto\/carlos-tatay\/\">Carlos Tatay<\/a> | P20<\/h3><div class=\"rrss\"><a target=\"_blank\" href=\"https:\/\/www.facebook.com\/carlostatay99\/\"><i class=\"fa fa-facebook\"><\/i><\/a><a target=\"_blank\" href=\"https:\/\/twitter.com\/carlostatay99\"><i class=\"fa fa-twitter\"><\/i><\/a><a target=\"_blank\" href=\"https:\/\/www.instagram.com\/carlostatay99\/\"><i class=\"fa fa-instagram\"><\/i><\/a><\/div><\/div>\t\t\t\t\t<\/div>\n\t\t\t\t<br \/>\n<em>\u201cUn d\u00eda muy positivo en el que hemos descartado muchas cosas para ma\u00f1ana. No me siento c\u00f3modo del todo, pero a\u00fan as\u00ed he dado el m\u00e1ximo y he hecho un buen tiempo. Ma\u00f1ana ser\u00e1 una carrera complicada en la que daremos el m\u00e1ximo e intentaremos finalizar en la zona de puntos. Muchas gracias al equipo por todo el trabajo\u201d<\/em><\/p>\n<p>&nbsp;<\/p>\n","protected":false},"excerpt":{"rendered":"<p>Carlos Tatay y el Reale Avintia Moto3 esperan poder remontar en la carrera del Gran Premio de Teruel despu\u00e9s de una clasificaci\u00f3n dif\u00edcil. Durante el tercer y \u00faltimo entreno libre Carlos Tatay mejor\u00f3 en m\u00e1s de un segundo su tiempo del d\u00eda de ayer consiguiendo parar el cron\u00f3metro en 1\u201958.253. El piloto del Reale Avintia [&hellip;]<\/p>\n","protected":false},"author":6,"featured_media":16530,"comment_status":"closed","ping_status":"closed","sticky":false,"template":"","format":"standard","meta":{"footnotes":""},"categories":[12],"tags":[],"class_list":["post-16521","post","type-post","status-publish","format-standard","has-post-thumbnail","hentry","category-moto3"],"yoast_head":"<!-- This site is optimized with the Yoast SEO plugin v27.1.1 - https:\/\/yoast.com\/product\/yoast-seo-wordpress\/ -->\n<title>EL REALE AVINTIA MOTO3 ESPERA PODER REMONTAR EN LA CARRERA DEL GRAN PREMIO DE TERUEL - Esponsorama<\/title>\n<meta name=\"robots\" content=\"index, follow, max-snippet:-1, max-image-preview:large, max-video-preview:-1\" \/>\n<link rel=\"canonical\" href=\"http:\/\/esponsorama.ad\/es\/reale-avintia-moto3-espera-poder-remontar-la-carrera-del-gran-premio-teruel\/\" \/>\n<meta property=\"og:locale\" content=\"es_ES\" \/>\n<meta property=\"og:type\" content=\"article\" \/>\n<meta property=\"og:title\" content=\"EL REALE AVINTIA MOTO3 ESPERA PODER REMONTAR EN LA CARRERA DEL GRAN PREMIO DE TERUEL - Esponsorama\" \/>\n<meta property=\"og:description\" content=\"Carlos Tatay y el Reale Avintia Moto3 esperan poder remontar en la carrera del Gran Premio de Teruel despu\u00e9s de una clasificaci\u00f3n dif\u00edcil. Durante el tercer y \u00faltimo entreno libre Carlos Tatay mejor\u00f3 en m\u00e1s de un segundo su tiempo del d\u00eda de ayer consiguiendo parar el cron\u00f3metro en 1\u201958.253. El piloto del Reale Avintia [&hellip;]\" \/>\n<meta property=\"og:url\" content=\"http:\/\/esponsorama.ad\/es\/reale-avintia-moto3-espera-poder-remontar-la-carrera-del-gran-premio-teruel\/\" \/>\n<meta property=\"og:site_name\" content=\"Esponsorama\" \/>\n<meta property=\"article:published_time\" content=\"2020-10-26T09:48:36+00:00\" \/>\n<meta property=\"og:image\" content=\"http:\/\/esponsorama.ad\/wp-content\/uploads\/2020\/10\/55DCF19D-7038-44B1-A81A-3D77E37CA9DE.jpg\" \/>\n\t<meta property=\"og:image:width\" content=\"5472\" \/>\n\t<meta property=\"og:image:height\" content=\"3648\" \/>\n\t<meta property=\"og:image:type\" content=\"image\/jpeg\" \/>\n<meta name=\"author\" content=\"Xavi Andornet\" \/>\n<meta name=\"twitter:card\" content=\"summary_large_image\" \/>\n<meta name=\"twitter:label1\" content=\"Escrito por\" \/>\n\t<meta name=\"twitter:data1\" content=\"Xavi Andornet\" \/>\n\t<meta name=\"twitter:label2\" content=\"Tiempo de lectura\" \/>\n\t<meta name=\"twitter:data2\" content=\"1 minuto\" \/>\n<script type=\"application\/ld+json\" class=\"yoast-schema-graph\">{\"@context\":\"https:\/\/schema.org\",\"@graph\":[{\"@type\":\"Article\",\"@id\":\"http:\/\/esponsorama.ad\/es\/reale-avintia-moto3-espera-poder-remontar-la-carrera-del-gran-premio-teruel\/#article\",\"isPartOf\":{\"@id\":\"http:\/\/esponsorama.ad\/es\/reale-avintia-moto3-espera-poder-remontar-la-carrera-del-gran-premio-teruel\/\"},\"author\":{\"name\":\"Xavi Andornet\",\"@id\":\"http:\/\/esponsorama.ad\/es\/#\/schema\/person\/a5cde74945183d737066e46b61c6f9c4\"},\"headline\":\"EL REALE AVINTIA MOTO3 ESPERA PODER REMONTAR EN LA CARRERA DEL GRAN PREMIO DE TERUEL\",\"datePublished\":\"2020-10-26T09:48:36+00:00\",\"mainEntityOfPage\":{\"@id\":\"http:\/\/esponsorama.ad\/es\/reale-avintia-moto3-espera-poder-remontar-la-carrera-del-gran-premio-teruel\/\"},\"wordCount\":237,\"image\":{\"@id\":\"http:\/\/esponsorama.ad\/es\/reale-avintia-moto3-espera-poder-remontar-la-carrera-del-gran-premio-teruel\/#primaryimage\"},\"thumbnailUrl\":\"http:\/\/esponsorama.ad\/wp-content\/uploads\/2020\/10\/55DCF19D-7038-44B1-A81A-3D77E37CA9DE.jpg\",\"articleSection\":[\"Moto3\"],\"inLanguage\":\"es\"},{\"@type\":\"WebPage\",\"@id\":\"http:\/\/esponsorama.ad\/es\/reale-avintia-moto3-espera-poder-remontar-la-carrera-del-gran-premio-teruel\/\",\"url\":\"http:\/\/esponsorama.ad\/es\/reale-avintia-moto3-espera-poder-remontar-la-carrera-del-gran-premio-teruel\/\",\"name\":\"EL REALE AVINTIA MOTO3 ESPERA PODER REMONTAR EN LA CARRERA DEL GRAN PREMIO DE TERUEL - Esponsorama\",\"isPartOf\":{\"@id\":\"http:\/\/esponsorama.ad\/es\/#website\"},\"primaryImageOfPage\":{\"@id\":\"http:\/\/esponsorama.ad\/es\/reale-avintia-moto3-espera-poder-remontar-la-carrera-del-gran-premio-teruel\/#primaryimage\"},\"image\":{\"@id\":\"http:\/\/esponsorama.ad\/es\/reale-avintia-moto3-espera-poder-remontar-la-carrera-del-gran-premio-teruel\/#primaryimage\"},\"thumbnailUrl\":\"http:\/\/esponsorama.ad\/wp-content\/uploads\/2020\/10\/55DCF19D-7038-44B1-A81A-3D77E37CA9DE.jpg\",\"datePublished\":\"2020-10-26T09:48:36+00:00\",\"author\":{\"@id\":\"http:\/\/esponsorama.ad\/es\/#\/schema\/person\/a5cde74945183d737066e46b61c6f9c4\"},\"breadcrumb\":{\"@id\":\"http:\/\/esponsorama.ad\/es\/reale-avintia-moto3-espera-poder-remontar-la-carrera-del-gran-premio-teruel\/#breadcrumb\"},\"inLanguage\":\"es\",\"potentialAction\":[{\"@type\":\"ReadAction\",\"target\":[\"http:\/\/esponsorama.ad\/es\/reale-avintia-moto3-espera-poder-remontar-la-carrera-del-gran-premio-teruel\/\"]}]},{\"@type\":\"ImageObject\",\"inLanguage\":\"es\",\"@id\":\"http:\/\/esponsorama.ad\/es\/reale-avintia-moto3-espera-poder-remontar-la-carrera-del-gran-premio-teruel\/#primaryimage\",\"url\":\"http:\/\/esponsorama.ad\/wp-content\/uploads\/2020\/10\/55DCF19D-7038-44B1-A81A-3D77E37CA9DE.jpg\",\"contentUrl\":\"http:\/\/esponsorama.ad\/wp-content\/uploads\/2020\/10\/55DCF19D-7038-44B1-A81A-3D77E37CA9DE.jpg\",\"width\":5472,\"height\":3648,\"caption\":\"12 Teruel GP 26 al 29 de Octubre de 2020. Motorland, Arag\u00f3n, Espa\u00f1a\"},{\"@type\":\"BreadcrumbList\",\"@id\":\"http:\/\/esponsorama.ad\/es\/reale-avintia-moto3-espera-poder-remontar-la-carrera-del-gran-premio-teruel\/#breadcrumb\",\"itemListElement\":[{\"@type\":\"ListItem\",\"position\":1,\"name\":\"Home\",\"item\":\"http:\/\/esponsorama.ad\/ca\/\"},{\"@type\":\"ListItem\",\"position\":2,\"name\":\"EL REALE AVINTIA MOTO3 ESPERA PODER REMONTAR EN LA CARRERA DEL GRAN PREMIO DE TERUEL\"}]},{\"@type\":\"WebSite\",\"@id\":\"http:\/\/esponsorama.ad\/es\/#website\",\"url\":\"http:\/\/esponsorama.ad\/es\/\",\"name\":\"Esponsorama\",\"description\":\"Specialist in motorsport sponsorship and event promotions\",\"potentialAction\":[{\"@type\":\"SearchAction\",\"target\":{\"@type\":\"EntryPoint\",\"urlTemplate\":\"http:\/\/esponsorama.ad\/es\/?s={search_term_string}\"},\"query-input\":{\"@type\":\"PropertyValueSpecification\",\"valueRequired\":true,\"valueName\":\"search_term_string\"}}],\"inLanguage\":\"es\"},{\"@type\":\"Person\",\"@id\":\"http:\/\/esponsorama.ad\/es\/#\/schema\/person\/a5cde74945183d737066e46b61c6f9c4\",\"name\":\"Xavi Andornet\",\"image\":{\"@type\":\"ImageObject\",\"inLanguage\":\"es\",\"@id\":\"http:\/\/esponsorama.ad\/es\/#\/schema\/person\/image\/\",\"url\":\"https:\/\/secure.gravatar.com\/avatar\/f10eaf9ad601244a2357c9fd7cd9805ed166cfaaf76d5d9ab08a9d873e70147a?s=96&d=mm&r=g\",\"contentUrl\":\"https:\/\/secure.gravatar.com\/avatar\/f10eaf9ad601244a2357c9fd7cd9805ed166cfaaf76d5d9ab08a9d873e70147a?s=96&d=mm&r=g\",\"caption\":\"Xavi Andornet\"},\"sameAs\":[\"http:\/\/www.andornet.ad\"],\"url\":\"http:\/\/esponsorama.ad\/es\/author\/andornet\/\"}]}<\/script>\n<!-- \/ Yoast SEO plugin. -->","yoast_head_json":{"title":"EL REALE AVINTIA MOTO3 ESPERA PODER REMONTAR EN LA CARRERA DEL GRAN PREMIO DE TERUEL - Esponsorama","robots":{"index":"index","follow":"follow","max-snippet":"max-snippet:-1","max-image-preview":"max-image-preview:large","max-video-preview":"max-video-preview:-1"},"canonical":"http:\/\/esponsorama.ad\/es\/reale-avintia-moto3-espera-poder-remontar-la-carrera-del-gran-premio-teruel\/","og_locale":"es_ES","og_type":"article","og_title":"EL REALE AVINTIA MOTO3 ESPERA PODER REMONTAR EN LA CARRERA DEL GRAN PREMIO DE TERUEL - Esponsorama","og_description":"Carlos Tatay y el Reale Avintia Moto3 esperan poder remontar en la carrera del Gran Premio de Teruel despu\u00e9s de una clasificaci\u00f3n dif\u00edcil. Durante el tercer y \u00faltimo entreno libre Carlos Tatay mejor\u00f3 en m\u00e1s de un segundo su tiempo del d\u00eda de ayer consiguiendo parar el cron\u00f3metro en 1\u201958.253. El piloto del Reale Avintia [&hellip;]","og_url":"http:\/\/esponsorama.ad\/es\/reale-avintia-moto3-espera-poder-remontar-la-carrera-del-gran-premio-teruel\/","og_site_name":"Esponsorama","article_published_time":"2020-10-26T09:48:36+00:00","og_image":[{"width":5472,"height":3648,"url":"http:\/\/esponsorama.ad\/wp-content\/uploads\/2020\/10\/55DCF19D-7038-44B1-A81A-3D77E37CA9DE.jpg","type":"image\/jpeg"}],"author":"Xavi Andornet","twitter_card":"summary_large_image","twitter_misc":{"Escrito por":"Xavi Andornet","Tiempo de lectura":"1 minuto"},"schema":{"@context":"https:\/\/schema.org","@graph":[{"@type":"Article","@id":"http:\/\/esponsorama.ad\/es\/reale-avintia-moto3-espera-poder-remontar-la-carrera-del-gran-premio-teruel\/#article","isPartOf":{"@id":"http:\/\/esponsorama.ad\/es\/reale-avintia-moto3-espera-poder-remontar-la-carrera-del-gran-premio-teruel\/"},"author":{"name":"Xavi Andornet","@id":"http:\/\/esponsorama.ad\/es\/#\/schema\/person\/a5cde74945183d737066e46b61c6f9c4"},"headline":"EL REALE AVINTIA MOTO3 ESPERA PODER REMONTAR EN LA CARRERA DEL GRAN PREMIO DE TERUEL","datePublished":"2020-10-26T09:48:36+00:00","mainEntityOfPage":{"@id":"http:\/\/esponsorama.ad\/es\/reale-avintia-moto3-espera-poder-remontar-la-carrera-del-gran-premio-teruel\/"},"wordCount":237,"image":{"@id":"http:\/\/esponsorama.ad\/es\/reale-avintia-moto3-espera-poder-remontar-la-carrera-del-gran-premio-teruel\/#primaryimage"},"thumbnailUrl":"http:\/\/esponsorama.ad\/wp-content\/uploads\/2020\/10\/55DCF19D-7038-44B1-A81A-3D77E37CA9DE.jpg","articleSection":["Moto3"],"inLanguage":"es"},{"@type":"WebPage","@id":"http:\/\/esponsorama.ad\/es\/reale-avintia-moto3-espera-poder-remontar-la-carrera-del-gran-premio-teruel\/","url":"http:\/\/esponsorama.ad\/es\/reale-avintia-moto3-espera-poder-remontar-la-carrera-del-gran-premio-teruel\/","name":"EL REALE AVINTIA MOTO3 ESPERA PODER REMONTAR EN LA CARRERA DEL GRAN PREMIO DE TERUEL - Esponsorama","isPartOf":{"@id":"http:\/\/esponsorama.ad\/es\/#website"},"primaryImageOfPage":{"@id":"http:\/\/esponsorama.ad\/es\/reale-avintia-moto3-espera-poder-remontar-la-carrera-del-gran-premio-teruel\/#primaryimage"},"image":{"@id":"http:\/\/esponsorama.ad\/es\/reale-avintia-moto3-espera-poder-remontar-la-carrera-del-gran-premio-teruel\/#primaryimage"},"thumbnailUrl":"http:\/\/esponsorama.ad\/wp-content\/uploads\/2020\/10\/55DCF19D-7038-44B1-A81A-3D77E37CA9DE.jpg","datePublished":"2020-10-26T09:48:36+00:00","author":{"@id":"http:\/\/esponsorama.ad\/es\/#\/schema\/person\/a5cde74945183d737066e46b61c6f9c4"},"breadcrumb":{"@id":"http:\/\/esponsorama.ad\/es\/reale-avintia-moto3-espera-poder-remontar-la-carrera-del-gran-premio-teruel\/#breadcrumb"},"inLanguage":"es","potentialAction":[{"@type":"ReadAction","target":["http:\/\/esponsorama.ad\/es\/reale-avintia-moto3-espera-poder-remontar-la-carrera-del-gran-premio-teruel\/"]}]},{"@type":"ImageObject","inLanguage":"es","@id":"http:\/\/esponsorama.ad\/es\/reale-avintia-moto3-espera-poder-remontar-la-carrera-del-gran-premio-teruel\/#primaryimage","url":"http:\/\/esponsorama.ad\/wp-content\/uploads\/2020\/10\/55DCF19D-7038-44B1-A81A-3D77E37CA9DE.jpg","contentUrl":"http:\/\/esponsorama.ad\/wp-content\/uploads\/2020\/10\/55DCF19D-7038-44B1-A81A-3D77E37CA9DE.jpg","width":5472,"height":3648,"caption":"12 Teruel GP 26 al 29 de Octubre de 2020. Motorland, Arag\u00f3n, Espa\u00f1a"},{"@type":"BreadcrumbList","@id":"http:\/\/esponsorama.ad\/es\/reale-avintia-moto3-espera-poder-remontar-la-carrera-del-gran-premio-teruel\/#breadcrumb","itemListElement":[{"@type":"ListItem","position":1,"name":"Home","item":"http:\/\/esponsorama.ad\/ca\/"},{"@type":"ListItem","position":2,"name":"EL REALE AVINTIA MOTO3 ESPERA PODER REMONTAR EN LA CARRERA DEL GRAN PREMIO DE TERUEL"}]},{"@type":"WebSite","@id":"http:\/\/esponsorama.ad\/es\/#website","url":"http:\/\/esponsorama.ad\/es\/","name":"Esponsorama","description":"Specialist in motorsport sponsorship and event promotions","potentialAction":[{"@type":"SearchAction","target":{"@type":"EntryPoint","urlTemplate":"http:\/\/esponsorama.ad\/es\/?s={search_term_string}"},"query-input":{"@type":"PropertyValueSpecification","valueRequired":true,"valueName":"search_term_string"}}],"inLanguage":"es"},{"@type":"Person","@id":"http:\/\/esponsorama.ad\/es\/#\/schema\/person\/a5cde74945183d737066e46b61c6f9c4","name":"Xavi Andornet","image":{"@type":"ImageObject","inLanguage":"es","@id":"http:\/\/esponsorama.ad\/es\/#\/schema\/person\/image\/","url":"https:\/\/secure.gravatar.com\/avatar\/f10eaf9ad601244a2357c9fd7cd9805ed166cfaaf76d5d9ab08a9d873e70147a?s=96&d=mm&r=g","contentUrl":"https:\/\/secure.gravatar.com\/avatar\/f10eaf9ad601244a2357c9fd7cd9805ed166cfaaf76d5d9ab08a9d873e70147a?s=96&d=mm&r=g","caption":"Xavi Andornet"},"sameAs":["http:\/\/www.andornet.ad"],"url":"http:\/\/esponsorama.ad\/es\/author\/andornet\/"}]}},"_links":{"self":[{"href":"http:\/\/esponsorama.ad\/es\/wp-json\/wp\/v2\/posts\/16521","targetHints":{"allow":["GET"]}}],"collection":[{"href":"http:\/\/esponsorama.ad\/es\/wp-json\/wp\/v2\/posts"}],"about":[{"href":"http:\/\/esponsorama.ad\/es\/wp-json\/wp\/v2\/types\/post"}],"author":[{"embeddable":true,"href":"http:\/\/esponsorama.ad\/es\/wp-json\/wp\/v2\/users\/6"}],"replies":[{"embeddable":true,"href":"http:\/\/esponsorama.ad\/es\/wp-json\/wp\/v2\/comments?post=16521"}],"version-history":[{"count":1,"href":"http:\/\/esponsorama.ad\/es\/wp-json\/wp\/v2\/posts\/16521\/revisions"}],"predecessor-version":[{"id":16534,"href":"http:\/\/esponsorama.ad\/es\/wp-json\/wp\/v2\/posts\/16521\/revisions\/16534"}],"wp:featuredmedia":[{"embeddable":true,"href":"http:\/\/esponsorama.ad\/es\/wp-json\/wp\/v2\/media\/16530"}],"wp:attachment":[{"href":"http:\/\/esponsorama.ad\/es\/wp-json\/wp\/v2\/media?parent=16521"}],"wp:term":[{"taxonomy":"category","embeddable":true,"href":"http:\/\/esponsorama.ad\/es\/wp-json\/wp\/v2\/categories?post=16521"},{"taxonomy":"post_tag","embeddable":true,"href":"http:\/\/esponsorama.ad\/es\/wp-json\/wp\/v2\/tags?post=16521"}],"curies":[{"name":"wp","href":"https:\/\/api.w.org\/{rel}","templated":true}]}}