{"id":16557,"date":"2020-11-07T14:25:55","date_gmt":"2020-11-07T12:25:55","guid":{"rendered":"http:\/\/esponsorama.ad\/?p=16557"},"modified":"2020-11-07T14:25:55","modified_gmt":"2020-11-07T12:25:55","slug":"niccolo-antonelli-se-unira-al-esponsorama-racing-moto3-2021-2","status":"publish","type":"post","link":"http:\/\/esponsorama.ad\/es\/niccolo-antonelli-se-unira-al-esponsorama-racing-moto3-2021-2\/","title":{"rendered":"NICCOL\u00d2 ANTONELLI SE UNIR\u00c1 AL ESPONSORAMA RACING MOTO3 EN 2021"},"content":{"rendered":"<p style=\"text-align: justify;\"><span class=\"im\">Esponsorama Racing est\u00e1 feliz de comunicar la incorporaci\u00f3n del piloto de la VR46 Riders Academy, Niccol\u00f2 Antonelli, a su estructura de Moto3 para la pr\u00f3xima temporada donde compartir\u00e1 box junto al piloto ya confirmado Carlos Tatay.<\/span><\/p>\n<p>La llegada de Niccol\u00f2 reforzar\u00e1 al equipo en su expansi\u00f3n y ayudar\u00e1 a Carlos Tatay a consolidarse en el que ser\u00e1 su segundo a\u00f1o en la categor\u00eda.<\/p>\n<p>Ser\u00e1 la primera vez que el equipo tendr\u00e1 a dos pilotos en Moto3 con los que poder optar a las posiciones delanteras del campeonato gracias al apoyo de KTM con material de primera l\u00ednea para poder dar el salto de calidad.<\/p>\n<p>Ser un equipo de referencia es nuestra prioridad.<\/p>\n<p><strong>NICCOL\u00d2\u00a0ANTONELLI:<\/strong><br \/>\n<em>\u201cMuy feliz de poder formar parte de este gran equipo el a\u00f1o que viene. Estoy emocionado por comenzar ya la pr\u00f3xima temporada, en la cual dar\u00e9 lo mejor de m\u00ed y la preparar\u00e9 al doscientos por cien para ser el m\u00e1s r\u00e1pido\u201d<br \/>\n<\/em><br \/>\n<strong>CARLOS TATAY:<\/strong><br \/>\n<em>\u00abEstoy muy contento de continuar un a\u00f1o m\u00e1s en el equipo, ser\u00e1 mi segunda temporada completa en la que seguiremos trabajando para conseguir los mejores resultados posibles\u00bb<\/em><\/p>\n","protected":false},"excerpt":{"rendered":"<p>Esponsorama Racing est\u00e1 feliz de comunicar la incorporaci\u00f3n del piloto de la VR46 Riders Academy, Niccol\u00f2 Antonelli, a su estructura de Moto3 para la pr\u00f3xima temporada donde compartir\u00e1 box junto al piloto ya confirmado Carlos Tatay. La llegada de Niccol\u00f2 reforzar\u00e1 al equipo en su expansi\u00f3n y ayudar\u00e1 a Carlos Tatay a consolidarse en el [&hellip;]<\/p>\n","protected":false},"author":6,"featured_media":16549,"comment_status":"closed","ping_status":"closed","sticky":false,"template":"","format":"standard","meta":{"footnotes":""},"categories":[12],"tags":[],"class_list":["post-16557","post","type-post","status-publish","format-standard","has-post-thumbnail","hentry","category-moto3"],"yoast_head":"<!-- This site is optimized with the Yoast SEO plugin v27.1.1 - https:\/\/yoast.com\/product\/yoast-seo-wordpress\/ -->\n<title>NICCOL\u00d2 ANTONELLI SE UNIR\u00c1 AL ESPONSORAMA RACING MOTO3 EN 2021 - Esponsorama<\/title>\n<meta name=\"robots\" content=\"index, follow, max-snippet:-1, max-image-preview:large, max-video-preview:-1\" \/>\n<link rel=\"canonical\" href=\"http:\/\/esponsorama.ad\/es\/niccolo-antonelli-se-unira-al-esponsorama-racing-moto3-2021-2\/\" \/>\n<meta property=\"og:locale\" content=\"es_ES\" \/>\n<meta property=\"og:type\" content=\"article\" \/>\n<meta property=\"og:title\" content=\"NICCOL\u00d2 ANTONELLI SE UNIR\u00c1 AL ESPONSORAMA RACING MOTO3 EN 2021 - Esponsorama\" \/>\n<meta property=\"og:description\" content=\"Esponsorama Racing est\u00e1 feliz de comunicar la incorporaci\u00f3n del piloto de la VR46 Riders Academy, Niccol\u00f2 Antonelli, a su estructura de Moto3 para la pr\u00f3xima temporada donde compartir\u00e1 box junto al piloto ya confirmado Carlos Tatay. La llegada de Niccol\u00f2 reforzar\u00e1 al equipo en su expansi\u00f3n y ayudar\u00e1 a Carlos Tatay a consolidarse en el [&hellip;]\" \/>\n<meta property=\"og:url\" content=\"http:\/\/esponsorama.ad\/es\/niccolo-antonelli-se-unira-al-esponsorama-racing-moto3-2021-2\/\" \/>\n<meta property=\"og:site_name\" content=\"Esponsorama\" \/>\n<meta property=\"article:published_time\" content=\"2020-11-07T12:25:55+00:00\" \/>\n<meta property=\"og:image\" content=\"http:\/\/esponsorama.ad\/wp-content\/uploads\/2020\/11\/IMG_4178-1024x683.jpg\" \/>\n\t<meta property=\"og:image:width\" content=\"1024\" \/>\n\t<meta property=\"og:image:height\" content=\"683\" \/>\n\t<meta property=\"og:image:type\" content=\"image\/jpeg\" \/>\n<meta name=\"author\" content=\"Xavi Andornet\" \/>\n<meta name=\"twitter:card\" content=\"summary_large_image\" \/>\n<meta name=\"twitter:label1\" content=\"Escrito por\" \/>\n\t<meta name=\"twitter:data1\" content=\"Xavi Andornet\" \/>\n\t<meta name=\"twitter:label2\" content=\"Tiempo de lectura\" \/>\n\t<meta name=\"twitter:data2\" content=\"1 minuto\" \/>\n<script type=\"application\/ld+json\" class=\"yoast-schema-graph\">{\"@context\":\"https:\/\/schema.org\",\"@graph\":[{\"@type\":\"Article\",\"@id\":\"http:\/\/esponsorama.ad\/es\/niccolo-antonelli-se-unira-al-esponsorama-racing-moto3-2021-2\/#article\",\"isPartOf\":{\"@id\":\"http:\/\/esponsorama.ad\/es\/niccolo-antonelli-se-unira-al-esponsorama-racing-moto3-2021-2\/\"},\"author\":{\"name\":\"Xavi Andornet\",\"@id\":\"http:\/\/esponsorama.ad\/es\/#\/schema\/person\/a5cde74945183d737066e46b61c6f9c4\"},\"headline\":\"NICCOL\u00d2 ANTONELLI SE UNIR\u00c1 AL ESPONSORAMA RACING MOTO3 EN 2021\",\"datePublished\":\"2020-11-07T12:25:55+00:00\",\"mainEntityOfPage\":{\"@id\":\"http:\/\/esponsorama.ad\/es\/niccolo-antonelli-se-unira-al-esponsorama-racing-moto3-2021-2\/\"},\"wordCount\":206,\"image\":{\"@id\":\"http:\/\/esponsorama.ad\/es\/niccolo-antonelli-se-unira-al-esponsorama-racing-moto3-2021-2\/#primaryimage\"},\"thumbnailUrl\":\"http:\/\/esponsorama.ad\/wp-content\/uploads\/2020\/11\/IMG_4178.jpg\",\"articleSection\":[\"Moto3\"],\"inLanguage\":\"es\"},{\"@type\":\"WebPage\",\"@id\":\"http:\/\/esponsorama.ad\/es\/niccolo-antonelli-se-unira-al-esponsorama-racing-moto3-2021-2\/\",\"url\":\"http:\/\/esponsorama.ad\/es\/niccolo-antonelli-se-unira-al-esponsorama-racing-moto3-2021-2\/\",\"name\":\"NICCOL\u00d2 ANTONELLI SE UNIR\u00c1 AL ESPONSORAMA RACING MOTO3 EN 2021 - Esponsorama\",\"isPartOf\":{\"@id\":\"http:\/\/esponsorama.ad\/es\/#website\"},\"primaryImageOfPage\":{\"@id\":\"http:\/\/esponsorama.ad\/es\/niccolo-antonelli-se-unira-al-esponsorama-racing-moto3-2021-2\/#primaryimage\"},\"image\":{\"@id\":\"http:\/\/esponsorama.ad\/es\/niccolo-antonelli-se-unira-al-esponsorama-racing-moto3-2021-2\/#primaryimage\"},\"thumbnailUrl\":\"http:\/\/esponsorama.ad\/wp-content\/uploads\/2020\/11\/IMG_4178.jpg\",\"datePublished\":\"2020-11-07T12:25:55+00:00\",\"author\":{\"@id\":\"http:\/\/esponsorama.ad\/es\/#\/schema\/person\/a5cde74945183d737066e46b61c6f9c4\"},\"breadcrumb\":{\"@id\":\"http:\/\/esponsorama.ad\/es\/niccolo-antonelli-se-unira-al-esponsorama-racing-moto3-2021-2\/#breadcrumb\"},\"inLanguage\":\"es\",\"potentialAction\":[{\"@type\":\"ReadAction\",\"target\":[\"http:\/\/esponsorama.ad\/es\/niccolo-antonelli-se-unira-al-esponsorama-racing-moto3-2021-2\/\"]}]},{\"@type\":\"ImageObject\",\"inLanguage\":\"es\",\"@id\":\"http:\/\/esponsorama.ad\/es\/niccolo-antonelli-se-unira-al-esponsorama-racing-moto3-2021-2\/#primaryimage\",\"url\":\"http:\/\/esponsorama.ad\/wp-content\/uploads\/2020\/11\/IMG_4178.jpg\",\"contentUrl\":\"http:\/\/esponsorama.ad\/wp-content\/uploads\/2020\/11\/IMG_4178.jpg\",\"width\":4608,\"height\":3072},{\"@type\":\"BreadcrumbList\",\"@id\":\"http:\/\/esponsorama.ad\/es\/niccolo-antonelli-se-unira-al-esponsorama-racing-moto3-2021-2\/#breadcrumb\",\"itemListElement\":[{\"@type\":\"ListItem\",\"position\":1,\"name\":\"Home\",\"item\":\"http:\/\/esponsorama.ad\/es\/\"},{\"@type\":\"ListItem\",\"position\":2,\"name\":\"NICCOL\u00d2 ANTONELLI SE UNIR\u00c1 AL ESPONSORAMA RACING MOTO3 EN 2021\"}]},{\"@type\":\"WebSite\",\"@id\":\"http:\/\/esponsorama.ad\/es\/#website\",\"url\":\"http:\/\/esponsorama.ad\/es\/\",\"name\":\"Esponsorama\",\"description\":\"Specialist in motorsport sponsorship and event promotions\",\"potentialAction\":[{\"@type\":\"SearchAction\",\"target\":{\"@type\":\"EntryPoint\",\"urlTemplate\":\"http:\/\/esponsorama.ad\/es\/?s={search_term_string}\"},\"query-input\":{\"@type\":\"PropertyValueSpecification\",\"valueRequired\":true,\"valueName\":\"search_term_string\"}}],\"inLanguage\":\"es\"},{\"@type\":\"Person\",\"@id\":\"http:\/\/esponsorama.ad\/es\/#\/schema\/person\/a5cde74945183d737066e46b61c6f9c4\",\"name\":\"Xavi Andornet\",\"image\":{\"@type\":\"ImageObject\",\"inLanguage\":\"es\",\"@id\":\"http:\/\/esponsorama.ad\/es\/#\/schema\/person\/image\/\",\"url\":\"https:\/\/secure.gravatar.com\/avatar\/f10eaf9ad601244a2357c9fd7cd9805ed166cfaaf76d5d9ab08a9d873e70147a?s=96&d=mm&r=g\",\"contentUrl\":\"https:\/\/secure.gravatar.com\/avatar\/f10eaf9ad601244a2357c9fd7cd9805ed166cfaaf76d5d9ab08a9d873e70147a?s=96&d=mm&r=g\",\"caption\":\"Xavi Andornet\"},\"sameAs\":[\"http:\/\/www.andornet.ad\"],\"url\":\"http:\/\/esponsorama.ad\/es\/author\/andornet\/\"}]}<\/script>\n<!-- \/ Yoast SEO plugin. -->","yoast_head_json":{"title":"NICCOL\u00d2 ANTONELLI SE UNIR\u00c1 AL ESPONSORAMA RACING MOTO3 EN 2021 - Esponsorama","robots":{"index":"index","follow":"follow","max-snippet":"max-snippet:-1","max-image-preview":"max-image-preview:large","max-video-preview":"max-video-preview:-1"},"canonical":"http:\/\/esponsorama.ad\/es\/niccolo-antonelli-se-unira-al-esponsorama-racing-moto3-2021-2\/","og_locale":"es_ES","og_type":"article","og_title":"NICCOL\u00d2 ANTONELLI SE UNIR\u00c1 AL ESPONSORAMA RACING MOTO3 EN 2021 - Esponsorama","og_description":"Esponsorama Racing est\u00e1 feliz de comunicar la incorporaci\u00f3n del piloto de la VR46 Riders Academy, Niccol\u00f2 Antonelli, a su estructura de Moto3 para la pr\u00f3xima temporada donde compartir\u00e1 box junto al piloto ya confirmado Carlos Tatay. La llegada de Niccol\u00f2 reforzar\u00e1 al equipo en su expansi\u00f3n y ayudar\u00e1 a Carlos Tatay a consolidarse en el [&hellip;]","og_url":"http:\/\/esponsorama.ad\/es\/niccolo-antonelli-se-unira-al-esponsorama-racing-moto3-2021-2\/","og_site_name":"Esponsorama","article_published_time":"2020-11-07T12:25:55+00:00","og_image":[{"width":1024,"height":683,"url":"http:\/\/esponsorama.ad\/wp-content\/uploads\/2020\/11\/IMG_4178-1024x683.jpg","type":"image\/jpeg"}],"author":"Xavi Andornet","twitter_card":"summary_large_image","twitter_misc":{"Escrito por":"Xavi Andornet","Tiempo de lectura":"1 minuto"},"schema":{"@context":"https:\/\/schema.org","@graph":[{"@type":"Article","@id":"http:\/\/esponsorama.ad\/es\/niccolo-antonelli-se-unira-al-esponsorama-racing-moto3-2021-2\/#article","isPartOf":{"@id":"http:\/\/esponsorama.ad\/es\/niccolo-antonelli-se-unira-al-esponsorama-racing-moto3-2021-2\/"},"author":{"name":"Xavi Andornet","@id":"http:\/\/esponsorama.ad\/es\/#\/schema\/person\/a5cde74945183d737066e46b61c6f9c4"},"headline":"NICCOL\u00d2 ANTONELLI SE UNIR\u00c1 AL ESPONSORAMA RACING MOTO3 EN 2021","datePublished":"2020-11-07T12:25:55+00:00","mainEntityOfPage":{"@id":"http:\/\/esponsorama.ad\/es\/niccolo-antonelli-se-unira-al-esponsorama-racing-moto3-2021-2\/"},"wordCount":206,"image":{"@id":"http:\/\/esponsorama.ad\/es\/niccolo-antonelli-se-unira-al-esponsorama-racing-moto3-2021-2\/#primaryimage"},"thumbnailUrl":"http:\/\/esponsorama.ad\/wp-content\/uploads\/2020\/11\/IMG_4178.jpg","articleSection":["Moto3"],"inLanguage":"es"},{"@type":"WebPage","@id":"http:\/\/esponsorama.ad\/es\/niccolo-antonelli-se-unira-al-esponsorama-racing-moto3-2021-2\/","url":"http:\/\/esponsorama.ad\/es\/niccolo-antonelli-se-unira-al-esponsorama-racing-moto3-2021-2\/","name":"NICCOL\u00d2 ANTONELLI SE UNIR\u00c1 AL ESPONSORAMA RACING MOTO3 EN 2021 - Esponsorama","isPartOf":{"@id":"http:\/\/esponsorama.ad\/es\/#website"},"primaryImageOfPage":{"@id":"http:\/\/esponsorama.ad\/es\/niccolo-antonelli-se-unira-al-esponsorama-racing-moto3-2021-2\/#primaryimage"},"image":{"@id":"http:\/\/esponsorama.ad\/es\/niccolo-antonelli-se-unira-al-esponsorama-racing-moto3-2021-2\/#primaryimage"},"thumbnailUrl":"http:\/\/esponsorama.ad\/wp-content\/uploads\/2020\/11\/IMG_4178.jpg","datePublished":"2020-11-07T12:25:55+00:00","author":{"@id":"http:\/\/esponsorama.ad\/es\/#\/schema\/person\/a5cde74945183d737066e46b61c6f9c4"},"breadcrumb":{"@id":"http:\/\/esponsorama.ad\/es\/niccolo-antonelli-se-unira-al-esponsorama-racing-moto3-2021-2\/#breadcrumb"},"inLanguage":"es","potentialAction":[{"@type":"ReadAction","target":["http:\/\/esponsorama.ad\/es\/niccolo-antonelli-se-unira-al-esponsorama-racing-moto3-2021-2\/"]}]},{"@type":"ImageObject","inLanguage":"es","@id":"http:\/\/esponsorama.ad\/es\/niccolo-antonelli-se-unira-al-esponsorama-racing-moto3-2021-2\/#primaryimage","url":"http:\/\/esponsorama.ad\/wp-content\/uploads\/2020\/11\/IMG_4178.jpg","contentUrl":"http:\/\/esponsorama.ad\/wp-content\/uploads\/2020\/11\/IMG_4178.jpg","width":4608,"height":3072},{"@type":"BreadcrumbList","@id":"http:\/\/esponsorama.ad\/es\/niccolo-antonelli-se-unira-al-esponsorama-racing-moto3-2021-2\/#breadcrumb","itemListElement":[{"@type":"ListItem","position":1,"name":"Home","item":"http:\/\/esponsorama.ad\/es\/"},{"@type":"ListItem","position":2,"name":"NICCOL\u00d2 ANTONELLI SE UNIR\u00c1 AL ESPONSORAMA RACING MOTO3 EN 2021"}]},{"@type":"WebSite","@id":"http:\/\/esponsorama.ad\/es\/#website","url":"http:\/\/esponsorama.ad\/es\/","name":"Esponsorama","description":"Specialist in motorsport sponsorship and event promotions","potentialAction":[{"@type":"SearchAction","target":{"@type":"EntryPoint","urlTemplate":"http:\/\/esponsorama.ad\/es\/?s={search_term_string}"},"query-input":{"@type":"PropertyValueSpecification","valueRequired":true,"valueName":"search_term_string"}}],"inLanguage":"es"},{"@type":"Person","@id":"http:\/\/esponsorama.ad\/es\/#\/schema\/person\/a5cde74945183d737066e46b61c6f9c4","name":"Xavi Andornet","image":{"@type":"ImageObject","inLanguage":"es","@id":"http:\/\/esponsorama.ad\/es\/#\/schema\/person\/image\/","url":"https:\/\/secure.gravatar.com\/avatar\/f10eaf9ad601244a2357c9fd7cd9805ed166cfaaf76d5d9ab08a9d873e70147a?s=96&d=mm&r=g","contentUrl":"https:\/\/secure.gravatar.com\/avatar\/f10eaf9ad601244a2357c9fd7cd9805ed166cfaaf76d5d9ab08a9d873e70147a?s=96&d=mm&r=g","caption":"Xavi Andornet"},"sameAs":["http:\/\/www.andornet.ad"],"url":"http:\/\/esponsorama.ad\/es\/author\/andornet\/"}]}},"_links":{"self":[{"href":"http:\/\/esponsorama.ad\/es\/wp-json\/wp\/v2\/posts\/16557","targetHints":{"allow":["GET"]}}],"collection":[{"href":"http:\/\/esponsorama.ad\/es\/wp-json\/wp\/v2\/posts"}],"about":[{"href":"http:\/\/esponsorama.ad\/es\/wp-json\/wp\/v2\/types\/post"}],"author":[{"embeddable":true,"href":"http:\/\/esponsorama.ad\/es\/wp-json\/wp\/v2\/users\/6"}],"replies":[{"embeddable":true,"href":"http:\/\/esponsorama.ad\/es\/wp-json\/wp\/v2\/comments?post=16557"}],"version-history":[{"count":1,"href":"http:\/\/esponsorama.ad\/es\/wp-json\/wp\/v2\/posts\/16557\/revisions"}],"predecessor-version":[{"id":16559,"href":"http:\/\/esponsorama.ad\/es\/wp-json\/wp\/v2\/posts\/16557\/revisions\/16559"}],"wp:featuredmedia":[{"embeddable":true,"href":"http:\/\/esponsorama.ad\/es\/wp-json\/wp\/v2\/media\/16549"}],"wp:attachment":[{"href":"http:\/\/esponsorama.ad\/es\/wp-json\/wp\/v2\/media?parent=16557"}],"wp:term":[{"taxonomy":"category","embeddable":true,"href":"http:\/\/esponsorama.ad\/es\/wp-json\/wp\/v2\/categories?post=16557"},{"taxonomy":"post_tag","embeddable":true,"href":"http:\/\/esponsorama.ad\/es\/wp-json\/wp\/v2\/tags?post=16557"}],"curies":[{"name":"wp","href":"https:\/\/api.w.org\/{rel}","templated":true}]}}