{"id":16571,"date":"2020-11-20T22:01:44","date_gmt":"2020-11-20T20:01:44","guid":{"rendered":"http:\/\/esponsorama.ad\/?p=16571"},"modified":"2020-11-20T22:01:44","modified_gmt":"2020-11-20T20:01:44","slug":"johann-zarco-termina-mas-rapido-primer-dia-del-gran-premio-portugal","status":"publish","type":"post","link":"http:\/\/esponsorama.ad\/es\/johann-zarco-termina-mas-rapido-primer-dia-del-gran-premio-portugal\/","title":{"rendered":"JOHANN ZARCO TERMINA COMO EL M\u00c1S R\u00c1PIDO EL PRIMER D\u00cdA DEL GRAN PREMIO DE PORTUGAL"},"content":{"rendered":"<p>Esponsorama Racing y Johann Zarco consiguen finalizar como los m\u00e1s r\u00e1pidos del primer d\u00eda de entrenamientos en el Autodromo do Algarve, con Tito Rabat en la vig\u00e9sima posici\u00f3n.<\/p>\n<p>Despu\u00e9s del test que realizaron en octubre ambos pilotos, llegaban a Portim\u00e3o con ganas de rodar en este trazado tan peculiar con su Desmosedici. Tanto Rabat como Zarco han usado el FP1 para tomar referencias de frenadas e ir conociendo un poco m\u00e1s este circuito.<\/p>\n<p>En el FP2 ambos pilotos han mejorado sus registros de la ma\u00f1ana. Tito Rabat rebaj\u00f3 su registro en casi dos segundos con un tiempo de 1\u201941.256. El franc\u00e9s, par\u00f3 el cron\u00f3metro en 1\u201939.417, un segundo y medio m\u00e1s r\u00e1pido que por la ma\u00f1ana, lo que le ha permitido finalizar como el m\u00e1s r\u00e1pido del d\u00eda.<\/p>\n<p>Ma\u00f1ana a partir de las 9:55 se disputar\u00e1n los \u00faltimos entrenos libres y las sesiones clasificatorias del Gran Premio de Portugal.<\/p>\n<p><br \/>\n<em>\u201cEstoy muy contento con el d\u00eda de hoy. Con el neum\u00e1tico blando me he sentido muy c\u00f3modo y es un buen neum\u00e1tico para hacer una vuelta r\u00e1pida. Ma\u00f1ana trabajaremos c\u00f3mo tener m\u00e1s ritmo en este circuito tan complicado en el que la moto se mueve mucho, pero creo que encontraremos la soluci\u00f3n para estar m\u00e1s c\u00f3modo de cara a carrera\u201d<\/em><\/p>\n<p><br \/>\n<em>\u201cPor la ma\u00f1ana no me sent\u00eda c\u00f3modo con la moto ya que patinaba mucho la rueda trasera. Pero por la tarde, despu\u00e9s del gran trabajo que ha hecho el equipo he podido ir mucho mejor por lo que espero poder dar otro paso adelante ma\u00f1ana, en una pista nueva en la que creo que podemos hacer una buena carrera\u201d<\/em><\/p>\n","protected":false},"excerpt":{"rendered":"<p>Esponsorama Racing y Johann Zarco consiguen finalizar como los m\u00e1s r\u00e1pidos del primer d\u00eda de entrenamientos en el Autodromo do Algarve, con Tito Rabat en la vig\u00e9sima posici\u00f3n. Despu\u00e9s del test que realizaron en octubre ambos pilotos, llegaban a Portim\u00e3o con ganas de rodar en este trazado tan peculiar con su Desmosedici. Tanto Rabat como [&hellip;]<\/p>\n","protected":false},"author":6,"featured_media":16574,"comment_status":"closed","ping_status":"closed","sticky":false,"template":"","format":"standard","meta":{"footnotes":""},"categories":[3],"tags":[],"class_list":["post-16571","post","type-post","status-publish","format-standard","has-post-thumbnail","hentry","category-motogp"],"yoast_head":"<!-- This site is optimized with the Yoast SEO plugin v27.1.1 - https:\/\/yoast.com\/product\/yoast-seo-wordpress\/ -->\n<title>JOHANN ZARCO TERMINA COMO EL M\u00c1S R\u00c1PIDO EL PRIMER D\u00cdA DEL GRAN PREMIO DE PORTUGAL - Esponsorama<\/title>\n<meta name=\"robots\" content=\"index, follow, max-snippet:-1, max-image-preview:large, max-video-preview:-1\" \/>\n<link rel=\"canonical\" href=\"http:\/\/esponsorama.ad\/es\/johann-zarco-termina-mas-rapido-primer-dia-del-gran-premio-portugal\/\" \/>\n<meta property=\"og:locale\" content=\"es_ES\" \/>\n<meta property=\"og:type\" content=\"article\" \/>\n<meta property=\"og:title\" content=\"JOHANN ZARCO TERMINA COMO EL M\u00c1S R\u00c1PIDO EL PRIMER D\u00cdA DEL GRAN PREMIO DE PORTUGAL - Esponsorama\" \/>\n<meta property=\"og:description\" content=\"Esponsorama Racing y Johann Zarco consiguen finalizar como los m\u00e1s r\u00e1pidos del primer d\u00eda de entrenamientos en el Autodromo do Algarve, con Tito Rabat en la vig\u00e9sima posici\u00f3n. Despu\u00e9s del test que realizaron en octubre ambos pilotos, llegaban a Portim\u00e3o con ganas de rodar en este trazado tan peculiar con su Desmosedici. Tanto Rabat como [&hellip;]\" \/>\n<meta property=\"og:url\" content=\"http:\/\/esponsorama.ad\/es\/johann-zarco-termina-mas-rapido-primer-dia-del-gran-premio-portugal\/\" \/>\n<meta property=\"og:site_name\" content=\"Esponsorama\" \/>\n<meta property=\"article:published_time\" content=\"2020-11-20T20:01:44+00:00\" \/>\n<meta property=\"og:image\" content=\"http:\/\/esponsorama.ad\/wp-content\/uploads\/2020\/11\/IMG_4822.jpg\" \/>\n\t<meta property=\"og:image:width\" content=\"5472\" \/>\n\t<meta property=\"og:image:height\" content=\"3648\" \/>\n\t<meta property=\"og:image:type\" content=\"image\/jpeg\" \/>\n<meta name=\"author\" content=\"Xavi Andornet\" \/>\n<meta name=\"twitter:card\" content=\"summary_large_image\" \/>\n<meta name=\"twitter:label1\" content=\"Escrito por\" \/>\n\t<meta name=\"twitter:data1\" content=\"Xavi Andornet\" \/>\n\t<meta name=\"twitter:label2\" content=\"Tiempo de lectura\" \/>\n\t<meta name=\"twitter:data2\" content=\"2 minutos\" \/>\n<script type=\"application\/ld+json\" class=\"yoast-schema-graph\">{\"@context\":\"https:\/\/schema.org\",\"@graph\":[{\"@type\":\"Article\",\"@id\":\"http:\/\/esponsorama.ad\/es\/johann-zarco-termina-mas-rapido-primer-dia-del-gran-premio-portugal\/#article\",\"isPartOf\":{\"@id\":\"http:\/\/esponsorama.ad\/es\/johann-zarco-termina-mas-rapido-primer-dia-del-gran-premio-portugal\/\"},\"author\":{\"name\":\"Xavi Andornet\",\"@id\":\"http:\/\/esponsorama.ad\/es\/#\/schema\/person\/a5cde74945183d737066e46b61c6f9c4\"},\"headline\":\"JOHANN ZARCO TERMINA COMO EL M\u00c1S R\u00c1PIDO EL PRIMER D\u00cdA DEL GRAN PREMIO DE PORTUGAL\",\"datePublished\":\"2020-11-20T20:01:44+00:00\",\"mainEntityOfPage\":{\"@id\":\"http:\/\/esponsorama.ad\/es\/johann-zarco-termina-mas-rapido-primer-dia-del-gran-premio-portugal\/\"},\"wordCount\":324,\"image\":{\"@id\":\"http:\/\/esponsorama.ad\/es\/johann-zarco-termina-mas-rapido-primer-dia-del-gran-premio-portugal\/#primaryimage\"},\"thumbnailUrl\":\"http:\/\/esponsorama.ad\/wp-content\/uploads\/2020\/11\/IMG_4822.jpg\",\"articleSection\":[\"MotoGP\"],\"inLanguage\":\"es\"},{\"@type\":\"WebPage\",\"@id\":\"http:\/\/esponsorama.ad\/es\/johann-zarco-termina-mas-rapido-primer-dia-del-gran-premio-portugal\/\",\"url\":\"http:\/\/esponsorama.ad\/es\/johann-zarco-termina-mas-rapido-primer-dia-del-gran-premio-portugal\/\",\"name\":\"JOHANN ZARCO TERMINA COMO EL M\u00c1S R\u00c1PIDO EL PRIMER D\u00cdA DEL GRAN PREMIO DE PORTUGAL - Esponsorama\",\"isPartOf\":{\"@id\":\"http:\/\/esponsorama.ad\/es\/#website\"},\"primaryImageOfPage\":{\"@id\":\"http:\/\/esponsorama.ad\/es\/johann-zarco-termina-mas-rapido-primer-dia-del-gran-premio-portugal\/#primaryimage\"},\"image\":{\"@id\":\"http:\/\/esponsorama.ad\/es\/johann-zarco-termina-mas-rapido-primer-dia-del-gran-premio-portugal\/#primaryimage\"},\"thumbnailUrl\":\"http:\/\/esponsorama.ad\/wp-content\/uploads\/2020\/11\/IMG_4822.jpg\",\"datePublished\":\"2020-11-20T20:01:44+00:00\",\"author\":{\"@id\":\"http:\/\/esponsorama.ad\/es\/#\/schema\/person\/a5cde74945183d737066e46b61c6f9c4\"},\"breadcrumb\":{\"@id\":\"http:\/\/esponsorama.ad\/es\/johann-zarco-termina-mas-rapido-primer-dia-del-gran-premio-portugal\/#breadcrumb\"},\"inLanguage\":\"es\",\"potentialAction\":[{\"@type\":\"ReadAction\",\"target\":[\"http:\/\/esponsorama.ad\/es\/johann-zarco-termina-mas-rapido-primer-dia-del-gran-premio-portugal\/\"]}]},{\"@type\":\"ImageObject\",\"inLanguage\":\"es\",\"@id\":\"http:\/\/esponsorama.ad\/es\/johann-zarco-termina-mas-rapido-primer-dia-del-gran-premio-portugal\/#primaryimage\",\"url\":\"http:\/\/esponsorama.ad\/wp-content\/uploads\/2020\/11\/IMG_4822.jpg\",\"contentUrl\":\"http:\/\/esponsorama.ad\/wp-content\/uploads\/2020\/11\/IMG_4822.jpg\",\"width\":5472,\"height\":3648,\"caption\":\"15 Portimao GP 20 a 22 de Noviembre de 2020. Cto de Portimao, Portugal\"},{\"@type\":\"BreadcrumbList\",\"@id\":\"http:\/\/esponsorama.ad\/es\/johann-zarco-termina-mas-rapido-primer-dia-del-gran-premio-portugal\/#breadcrumb\",\"itemListElement\":[{\"@type\":\"ListItem\",\"position\":1,\"name\":\"Home\",\"item\":\"http:\/\/esponsorama.ad\/es\/\"},{\"@type\":\"ListItem\",\"position\":2,\"name\":\"JOHANN ZARCO TERMINA COMO EL M\u00c1S R\u00c1PIDO EL PRIMER D\u00cdA DEL GRAN PREMIO DE PORTUGAL\"}]},{\"@type\":\"WebSite\",\"@id\":\"http:\/\/esponsorama.ad\/es\/#website\",\"url\":\"http:\/\/esponsorama.ad\/es\/\",\"name\":\"Esponsorama\",\"description\":\"Specialist in motorsport sponsorship and event promotions\",\"potentialAction\":[{\"@type\":\"SearchAction\",\"target\":{\"@type\":\"EntryPoint\",\"urlTemplate\":\"http:\/\/esponsorama.ad\/es\/?s={search_term_string}\"},\"query-input\":{\"@type\":\"PropertyValueSpecification\",\"valueRequired\":true,\"valueName\":\"search_term_string\"}}],\"inLanguage\":\"es\"},{\"@type\":\"Person\",\"@id\":\"http:\/\/esponsorama.ad\/es\/#\/schema\/person\/a5cde74945183d737066e46b61c6f9c4\",\"name\":\"Xavi Andornet\",\"image\":{\"@type\":\"ImageObject\",\"inLanguage\":\"es\",\"@id\":\"http:\/\/esponsorama.ad\/es\/#\/schema\/person\/image\/\",\"url\":\"https:\/\/secure.gravatar.com\/avatar\/f10eaf9ad601244a2357c9fd7cd9805ed166cfaaf76d5d9ab08a9d873e70147a?s=96&d=mm&r=g\",\"contentUrl\":\"https:\/\/secure.gravatar.com\/avatar\/f10eaf9ad601244a2357c9fd7cd9805ed166cfaaf76d5d9ab08a9d873e70147a?s=96&d=mm&r=g\",\"caption\":\"Xavi Andornet\"},\"sameAs\":[\"http:\/\/www.andornet.ad\"],\"url\":\"http:\/\/esponsorama.ad\/es\/author\/andornet\/\"}]}<\/script>\n<!-- \/ Yoast SEO plugin. -->","yoast_head_json":{"title":"JOHANN ZARCO TERMINA COMO EL M\u00c1S R\u00c1PIDO EL PRIMER D\u00cdA DEL GRAN PREMIO DE PORTUGAL - Esponsorama","robots":{"index":"index","follow":"follow","max-snippet":"max-snippet:-1","max-image-preview":"max-image-preview:large","max-video-preview":"max-video-preview:-1"},"canonical":"http:\/\/esponsorama.ad\/es\/johann-zarco-termina-mas-rapido-primer-dia-del-gran-premio-portugal\/","og_locale":"es_ES","og_type":"article","og_title":"JOHANN ZARCO TERMINA COMO EL M\u00c1S R\u00c1PIDO EL PRIMER D\u00cdA DEL GRAN PREMIO DE PORTUGAL - Esponsorama","og_description":"Esponsorama Racing y Johann Zarco consiguen finalizar como los m\u00e1s r\u00e1pidos del primer d\u00eda de entrenamientos en el Autodromo do Algarve, con Tito Rabat en la vig\u00e9sima posici\u00f3n. Despu\u00e9s del test que realizaron en octubre ambos pilotos, llegaban a Portim\u00e3o con ganas de rodar en este trazado tan peculiar con su Desmosedici. Tanto Rabat como [&hellip;]","og_url":"http:\/\/esponsorama.ad\/es\/johann-zarco-termina-mas-rapido-primer-dia-del-gran-premio-portugal\/","og_site_name":"Esponsorama","article_published_time":"2020-11-20T20:01:44+00:00","og_image":[{"width":5472,"height":3648,"url":"http:\/\/esponsorama.ad\/wp-content\/uploads\/2020\/11\/IMG_4822.jpg","type":"image\/jpeg"}],"author":"Xavi Andornet","twitter_card":"summary_large_image","twitter_misc":{"Escrito por":"Xavi Andornet","Tiempo de lectura":"2 minutos"},"schema":{"@context":"https:\/\/schema.org","@graph":[{"@type":"Article","@id":"http:\/\/esponsorama.ad\/es\/johann-zarco-termina-mas-rapido-primer-dia-del-gran-premio-portugal\/#article","isPartOf":{"@id":"http:\/\/esponsorama.ad\/es\/johann-zarco-termina-mas-rapido-primer-dia-del-gran-premio-portugal\/"},"author":{"name":"Xavi Andornet","@id":"http:\/\/esponsorama.ad\/es\/#\/schema\/person\/a5cde74945183d737066e46b61c6f9c4"},"headline":"JOHANN ZARCO TERMINA COMO EL M\u00c1S R\u00c1PIDO EL PRIMER D\u00cdA DEL GRAN PREMIO DE PORTUGAL","datePublished":"2020-11-20T20:01:44+00:00","mainEntityOfPage":{"@id":"http:\/\/esponsorama.ad\/es\/johann-zarco-termina-mas-rapido-primer-dia-del-gran-premio-portugal\/"},"wordCount":324,"image":{"@id":"http:\/\/esponsorama.ad\/es\/johann-zarco-termina-mas-rapido-primer-dia-del-gran-premio-portugal\/#primaryimage"},"thumbnailUrl":"http:\/\/esponsorama.ad\/wp-content\/uploads\/2020\/11\/IMG_4822.jpg","articleSection":["MotoGP"],"inLanguage":"es"},{"@type":"WebPage","@id":"http:\/\/esponsorama.ad\/es\/johann-zarco-termina-mas-rapido-primer-dia-del-gran-premio-portugal\/","url":"http:\/\/esponsorama.ad\/es\/johann-zarco-termina-mas-rapido-primer-dia-del-gran-premio-portugal\/","name":"JOHANN ZARCO TERMINA COMO EL M\u00c1S R\u00c1PIDO EL PRIMER D\u00cdA DEL GRAN PREMIO DE PORTUGAL - Esponsorama","isPartOf":{"@id":"http:\/\/esponsorama.ad\/es\/#website"},"primaryImageOfPage":{"@id":"http:\/\/esponsorama.ad\/es\/johann-zarco-termina-mas-rapido-primer-dia-del-gran-premio-portugal\/#primaryimage"},"image":{"@id":"http:\/\/esponsorama.ad\/es\/johann-zarco-termina-mas-rapido-primer-dia-del-gran-premio-portugal\/#primaryimage"},"thumbnailUrl":"http:\/\/esponsorama.ad\/wp-content\/uploads\/2020\/11\/IMG_4822.jpg","datePublished":"2020-11-20T20:01:44+00:00","author":{"@id":"http:\/\/esponsorama.ad\/es\/#\/schema\/person\/a5cde74945183d737066e46b61c6f9c4"},"breadcrumb":{"@id":"http:\/\/esponsorama.ad\/es\/johann-zarco-termina-mas-rapido-primer-dia-del-gran-premio-portugal\/#breadcrumb"},"inLanguage":"es","potentialAction":[{"@type":"ReadAction","target":["http:\/\/esponsorama.ad\/es\/johann-zarco-termina-mas-rapido-primer-dia-del-gran-premio-portugal\/"]}]},{"@type":"ImageObject","inLanguage":"es","@id":"http:\/\/esponsorama.ad\/es\/johann-zarco-termina-mas-rapido-primer-dia-del-gran-premio-portugal\/#primaryimage","url":"http:\/\/esponsorama.ad\/wp-content\/uploads\/2020\/11\/IMG_4822.jpg","contentUrl":"http:\/\/esponsorama.ad\/wp-content\/uploads\/2020\/11\/IMG_4822.jpg","width":5472,"height":3648,"caption":"15 Portimao GP 20 a 22 de Noviembre de 2020. Cto de Portimao, Portugal"},{"@type":"BreadcrumbList","@id":"http:\/\/esponsorama.ad\/es\/johann-zarco-termina-mas-rapido-primer-dia-del-gran-premio-portugal\/#breadcrumb","itemListElement":[{"@type":"ListItem","position":1,"name":"Home","item":"http:\/\/esponsorama.ad\/es\/"},{"@type":"ListItem","position":2,"name":"JOHANN ZARCO TERMINA COMO EL M\u00c1S R\u00c1PIDO EL PRIMER D\u00cdA DEL GRAN PREMIO DE PORTUGAL"}]},{"@type":"WebSite","@id":"http:\/\/esponsorama.ad\/es\/#website","url":"http:\/\/esponsorama.ad\/es\/","name":"Esponsorama","description":"Specialist in motorsport sponsorship and event promotions","potentialAction":[{"@type":"SearchAction","target":{"@type":"EntryPoint","urlTemplate":"http:\/\/esponsorama.ad\/es\/?s={search_term_string}"},"query-input":{"@type":"PropertyValueSpecification","valueRequired":true,"valueName":"search_term_string"}}],"inLanguage":"es"},{"@type":"Person","@id":"http:\/\/esponsorama.ad\/es\/#\/schema\/person\/a5cde74945183d737066e46b61c6f9c4","name":"Xavi Andornet","image":{"@type":"ImageObject","inLanguage":"es","@id":"http:\/\/esponsorama.ad\/es\/#\/schema\/person\/image\/","url":"https:\/\/secure.gravatar.com\/avatar\/f10eaf9ad601244a2357c9fd7cd9805ed166cfaaf76d5d9ab08a9d873e70147a?s=96&d=mm&r=g","contentUrl":"https:\/\/secure.gravatar.com\/avatar\/f10eaf9ad601244a2357c9fd7cd9805ed166cfaaf76d5d9ab08a9d873e70147a?s=96&d=mm&r=g","caption":"Xavi Andornet"},"sameAs":["http:\/\/www.andornet.ad"],"url":"http:\/\/esponsorama.ad\/es\/author\/andornet\/"}]}},"_links":{"self":[{"href":"http:\/\/esponsorama.ad\/es\/wp-json\/wp\/v2\/posts\/16571","targetHints":{"allow":["GET"]}}],"collection":[{"href":"http:\/\/esponsorama.ad\/es\/wp-json\/wp\/v2\/posts"}],"about":[{"href":"http:\/\/esponsorama.ad\/es\/wp-json\/wp\/v2\/types\/post"}],"author":[{"embeddable":true,"href":"http:\/\/esponsorama.ad\/es\/wp-json\/wp\/v2\/users\/6"}],"replies":[{"embeddable":true,"href":"http:\/\/esponsorama.ad\/es\/wp-json\/wp\/v2\/comments?post=16571"}],"version-history":[{"count":1,"href":"http:\/\/esponsorama.ad\/es\/wp-json\/wp\/v2\/posts\/16571\/revisions"}],"predecessor-version":[{"id":16575,"href":"http:\/\/esponsorama.ad\/es\/wp-json\/wp\/v2\/posts\/16571\/revisions\/16575"}],"wp:featuredmedia":[{"embeddable":true,"href":"http:\/\/esponsorama.ad\/es\/wp-json\/wp\/v2\/media\/16574"}],"wp:attachment":[{"href":"http:\/\/esponsorama.ad\/es\/wp-json\/wp\/v2\/media?parent=16571"}],"wp:term":[{"taxonomy":"category","embeddable":true,"href":"http:\/\/esponsorama.ad\/es\/wp-json\/wp\/v2\/categories?post=16571"},{"taxonomy":"post_tag","embeddable":true,"href":"http:\/\/esponsorama.ad\/es\/wp-json\/wp\/v2\/tags?post=16571"}],"curies":[{"name":"wp","href":"https:\/\/api.w.org\/{rel}","templated":true}]}}