{"id":16586,"date":"2021-02-01T14:50:01","date_gmt":"2021-02-01T12:50:01","guid":{"rendered":"http:\/\/esponsorama.ad\/?p=16586"},"modified":"2021-02-05T13:20:33","modified_gmt":"2021-02-05T11:20:33","slug":"presentacion-avintia-esponsorama-sky-vr46-avintia-team-2021","status":"publish","type":"post","link":"http:\/\/esponsorama.ad\/es\/presentacion-avintia-esponsorama-sky-vr46-avintia-team-2021\/","title":{"rendered":"Presentaci\u00f3n Avintia Esponsorama y SKY VR46 Avintia Team 2021"},"content":{"rendered":"<p><strong>PRESENTACION AVINTIA ESPONSORAMA\u00a0 Y SKY VR46 AVINTIA TEAM 2021.<\/strong><\/p>\n<p>Un a\u00f1o mas, <strong>AVINTIA\u00a0ESPONSORAMA\u00a0 Y SKY VR46 AVINTIA TEAM<\/strong>\u00a0\u00a0tienen\u00a0el placer de presentar a sus nuevos pilotos y colores para la temporada 2021\u00a0en el\u00a0evento que tendr\u00e1 lugar en Andorra,\u00a0\u00a0el d\u00eda 5th de Febrero 2021\u00a0 a las 18:00h (CET)\u00a0\u00a0en las instalaciones de <strong>Andorracing Fuels<\/strong> .<\/p>\n<p>Debido a la dif\u00edcil situaci\u00f3n que estamos viviendo a causa de\u00a0la pandemia mundial del COVID 19 , la asistencia este a\u00f1o ser\u00e1 muy limitada, no pudiendo contar con vosotros como en\u00a0a\u00f1os anteriores.<\/p>\n<p>A\u00fan as\u00ed,\u00a0 poniendo todos los medios a nuestro alcance, y respetando al m\u00e1ximo el protocolo y medidas de seguridad exigidas por las autoridades, <strong>AVINTIA\u00a0ESPONSORAMA Y SKY VR46 AVINTIA<\/strong>\u00a0 celebrar\u00e1n un acto de presentaci\u00f3n al cual asistir\u00e1n nuestros nuevos pilotos en la\u00a0categor\u00eda reina;\u00a0 <strong>#10 LUCA MARINI y #23 ENEA<\/strong> <strong>BASTIANINI<\/strong> , en Moto3\u00a0 <strong>#23 NICOLLO ANTONELLI<\/strong> y en\u00a0MotoE ;<strong> #14 ANDR\u00c9 PIRES<\/strong> junto a los ya consolidados pilotos del equipo <strong>#99 CARLOS TATAY y #18 XAVI CARDEL\u00daS<\/strong>.<\/p>\n<p>Todo el evento se podr\u00e1 seguir en directo a trav\u00e9s de Instagram\u00a0 @realeavintia iniciando la retransmisi\u00f3n a las 18:00h ( CET ).<\/p>\n<p>Esperamos contar con vuestra asistencia virtual\u00a0 y compartir con\u00a0todos vosotros esta presentaci\u00f3n de la nueva temporada 2021.<\/p>\n","protected":false},"excerpt":{"rendered":"<p>PRESENTACION AVINTIA ESPONSORAMA\u00a0 Y SKY VR46 AVINTIA TEAM 2021. Un a\u00f1o mas, AVINTIA\u00a0ESPONSORAMA\u00a0 Y SKY VR46 AVINTIA TEAM\u00a0\u00a0tienen\u00a0el placer de presentar a sus nuevos pilotos y colores para la temporada 2021\u00a0en el\u00a0evento que tendr\u00e1 lugar en Andorra,\u00a0\u00a0el d\u00eda 5th de Febrero 2021\u00a0 a las 18:00h (CET)\u00a0\u00a0en las instalaciones de Andorracing Fuels . Debido a la [&hellip;]<\/p>\n","protected":false},"author":6,"featured_media":16562,"comment_status":"closed","ping_status":"closed","sticky":false,"template":"","format":"standard","meta":{"footnotes":""},"categories":[12,21,3],"tags":[],"class_list":["post-16586","post","type-post","status-publish","format-standard","has-post-thumbnail","hentry","category-moto3","category-motoe","category-motogp"],"yoast_head":"<!-- This site is optimized with the Yoast SEO plugin v27.1.1 - https:\/\/yoast.com\/product\/yoast-seo-wordpress\/ -->\n<title>Presentaci\u00f3n Avintia Esponsorama y SKY VR46 Avintia Team 2021 - Esponsorama<\/title>\n<meta name=\"robots\" content=\"index, follow, max-snippet:-1, max-image-preview:large, max-video-preview:-1\" \/>\n<link rel=\"canonical\" href=\"http:\/\/esponsorama.ad\/es\/presentacion-avintia-esponsorama-sky-vr46-avintia-team-2021\/\" \/>\n<meta property=\"og:locale\" content=\"es_ES\" \/>\n<meta property=\"og:type\" content=\"article\" \/>\n<meta property=\"og:title\" content=\"Presentaci\u00f3n Avintia Esponsorama y SKY VR46 Avintia Team 2021 - Esponsorama\" \/>\n<meta property=\"og:description\" content=\"PRESENTACION AVINTIA ESPONSORAMA\u00a0 Y SKY VR46 AVINTIA TEAM 2021. Un a\u00f1o mas, AVINTIA\u00a0ESPONSORAMA\u00a0 Y SKY VR46 AVINTIA TEAM\u00a0\u00a0tienen\u00a0el placer de presentar a sus nuevos pilotos y colores para la temporada 2021\u00a0en el\u00a0evento que tendr\u00e1 lugar en Andorra,\u00a0\u00a0el d\u00eda 5th de Febrero 2021\u00a0 a las 18:00h (CET)\u00a0\u00a0en las instalaciones de Andorracing Fuels . Debido a la [&hellip;]\" \/>\n<meta property=\"og:url\" content=\"http:\/\/esponsorama.ad\/es\/presentacion-avintia-esponsorama-sky-vr46-avintia-team-2021\/\" \/>\n<meta property=\"og:site_name\" content=\"Esponsorama\" \/>\n<meta property=\"article:published_time\" content=\"2021-02-01T12:50:01+00:00\" \/>\n<meta property=\"article:modified_time\" content=\"2021-02-05T11:20:33+00:00\" \/>\n<meta property=\"og:image\" content=\"http:\/\/esponsorama.ad\/wp-content\/uploads\/2020\/11\/DSC_2024.jpg\" \/>\n\t<meta property=\"og:image:width\" content=\"3745\" \/>\n\t<meta property=\"og:image:height\" content=\"2564\" \/>\n\t<meta property=\"og:image:type\" content=\"image\/jpeg\" \/>\n<meta name=\"author\" content=\"Xavi Andornet\" \/>\n<meta name=\"twitter:card\" content=\"summary_large_image\" \/>\n<meta name=\"twitter:label1\" content=\"Escrito por\" \/>\n\t<meta name=\"twitter:data1\" content=\"Xavi Andornet\" \/>\n\t<meta name=\"twitter:label2\" content=\"Tiempo de lectura\" \/>\n\t<meta name=\"twitter:data2\" content=\"1 minuto\" \/>\n<script type=\"application\/ld+json\" class=\"yoast-schema-graph\">{\"@context\":\"https:\/\/schema.org\",\"@graph\":[{\"@type\":\"Article\",\"@id\":\"http:\/\/esponsorama.ad\/es\/presentacion-avintia-esponsorama-sky-vr46-avintia-team-2021\/#article\",\"isPartOf\":{\"@id\":\"http:\/\/esponsorama.ad\/es\/presentacion-avintia-esponsorama-sky-vr46-avintia-team-2021\/\"},\"author\":{\"name\":\"Xavi Andornet\",\"@id\":\"http:\/\/esponsorama.ad\/es\/#\/schema\/person\/a5cde74945183d737066e46b61c6f9c4\"},\"headline\":\"Presentaci\u00f3n Avintia Esponsorama y SKY VR46 Avintia Team 2021\",\"datePublished\":\"2021-02-01T12:50:01+00:00\",\"dateModified\":\"2021-02-05T11:20:33+00:00\",\"mainEntityOfPage\":{\"@id\":\"http:\/\/esponsorama.ad\/es\/presentacion-avintia-esponsorama-sky-vr46-avintia-team-2021\/\"},\"wordCount\":220,\"image\":{\"@id\":\"http:\/\/esponsorama.ad\/es\/presentacion-avintia-esponsorama-sky-vr46-avintia-team-2021\/#primaryimage\"},\"thumbnailUrl\":\"http:\/\/esponsorama.ad\/wp-content\/uploads\/2020\/11\/DSC_2024.jpg\",\"articleSection\":[\"Moto3\",\"MotoE\",\"MotoGP\"],\"inLanguage\":\"es\"},{\"@type\":\"WebPage\",\"@id\":\"http:\/\/esponsorama.ad\/es\/presentacion-avintia-esponsorama-sky-vr46-avintia-team-2021\/\",\"url\":\"http:\/\/esponsorama.ad\/es\/presentacion-avintia-esponsorama-sky-vr46-avintia-team-2021\/\",\"name\":\"Presentaci\u00f3n Avintia Esponsorama y SKY VR46 Avintia Team 2021 - Esponsorama\",\"isPartOf\":{\"@id\":\"http:\/\/esponsorama.ad\/es\/#website\"},\"primaryImageOfPage\":{\"@id\":\"http:\/\/esponsorama.ad\/es\/presentacion-avintia-esponsorama-sky-vr46-avintia-team-2021\/#primaryimage\"},\"image\":{\"@id\":\"http:\/\/esponsorama.ad\/es\/presentacion-avintia-esponsorama-sky-vr46-avintia-team-2021\/#primaryimage\"},\"thumbnailUrl\":\"http:\/\/esponsorama.ad\/wp-content\/uploads\/2020\/11\/DSC_2024.jpg\",\"datePublished\":\"2021-02-01T12:50:01+00:00\",\"dateModified\":\"2021-02-05T11:20:33+00:00\",\"author\":{\"@id\":\"http:\/\/esponsorama.ad\/es\/#\/schema\/person\/a5cde74945183d737066e46b61c6f9c4\"},\"breadcrumb\":{\"@id\":\"http:\/\/esponsorama.ad\/es\/presentacion-avintia-esponsorama-sky-vr46-avintia-team-2021\/#breadcrumb\"},\"inLanguage\":\"es\",\"potentialAction\":[{\"@type\":\"ReadAction\",\"target\":[\"http:\/\/esponsorama.ad\/es\/presentacion-avintia-esponsorama-sky-vr46-avintia-team-2021\/\"]}]},{\"@type\":\"ImageObject\",\"inLanguage\":\"es\",\"@id\":\"http:\/\/esponsorama.ad\/es\/presentacion-avintia-esponsorama-sky-vr46-avintia-team-2021\/#primaryimage\",\"url\":\"http:\/\/esponsorama.ad\/wp-content\/uploads\/2020\/11\/DSC_2024.jpg\",\"contentUrl\":\"http:\/\/esponsorama.ad\/wp-content\/uploads\/2020\/11\/DSC_2024.jpg\",\"width\":3745,\"height\":2564},{\"@type\":\"BreadcrumbList\",\"@id\":\"http:\/\/esponsorama.ad\/es\/presentacion-avintia-esponsorama-sky-vr46-avintia-team-2021\/#breadcrumb\",\"itemListElement\":[{\"@type\":\"ListItem\",\"position\":1,\"name\":\"Home\",\"item\":\"http:\/\/esponsorama.ad\/es\/\"},{\"@type\":\"ListItem\",\"position\":2,\"name\":\"Presentaci\u00f3n Avintia Esponsorama y SKY VR46 Avintia Team 2021\"}]},{\"@type\":\"WebSite\",\"@id\":\"http:\/\/esponsorama.ad\/es\/#website\",\"url\":\"http:\/\/esponsorama.ad\/es\/\",\"name\":\"Esponsorama\",\"description\":\"Specialist in motorsport sponsorship and event promotions\",\"potentialAction\":[{\"@type\":\"SearchAction\",\"target\":{\"@type\":\"EntryPoint\",\"urlTemplate\":\"http:\/\/esponsorama.ad\/es\/?s={search_term_string}\"},\"query-input\":{\"@type\":\"PropertyValueSpecification\",\"valueRequired\":true,\"valueName\":\"search_term_string\"}}],\"inLanguage\":\"es\"},{\"@type\":\"Person\",\"@id\":\"http:\/\/esponsorama.ad\/es\/#\/schema\/person\/a5cde74945183d737066e46b61c6f9c4\",\"name\":\"Xavi Andornet\",\"image\":{\"@type\":\"ImageObject\",\"inLanguage\":\"es\",\"@id\":\"http:\/\/esponsorama.ad\/es\/#\/schema\/person\/image\/\",\"url\":\"https:\/\/secure.gravatar.com\/avatar\/f10eaf9ad601244a2357c9fd7cd9805ed166cfaaf76d5d9ab08a9d873e70147a?s=96&d=mm&r=g\",\"contentUrl\":\"https:\/\/secure.gravatar.com\/avatar\/f10eaf9ad601244a2357c9fd7cd9805ed166cfaaf76d5d9ab08a9d873e70147a?s=96&d=mm&r=g\",\"caption\":\"Xavi Andornet\"},\"sameAs\":[\"http:\/\/www.andornet.ad\"],\"url\":\"http:\/\/esponsorama.ad\/es\/author\/andornet\/\"}]}<\/script>\n<!-- \/ Yoast SEO plugin. -->","yoast_head_json":{"title":"Presentaci\u00f3n Avintia Esponsorama y SKY VR46 Avintia Team 2021 - Esponsorama","robots":{"index":"index","follow":"follow","max-snippet":"max-snippet:-1","max-image-preview":"max-image-preview:large","max-video-preview":"max-video-preview:-1"},"canonical":"http:\/\/esponsorama.ad\/es\/presentacion-avintia-esponsorama-sky-vr46-avintia-team-2021\/","og_locale":"es_ES","og_type":"article","og_title":"Presentaci\u00f3n Avintia Esponsorama y SKY VR46 Avintia Team 2021 - Esponsorama","og_description":"PRESENTACION AVINTIA ESPONSORAMA\u00a0 Y SKY VR46 AVINTIA TEAM 2021. Un a\u00f1o mas, AVINTIA\u00a0ESPONSORAMA\u00a0 Y SKY VR46 AVINTIA TEAM\u00a0\u00a0tienen\u00a0el placer de presentar a sus nuevos pilotos y colores para la temporada 2021\u00a0en el\u00a0evento que tendr\u00e1 lugar en Andorra,\u00a0\u00a0el d\u00eda 5th de Febrero 2021\u00a0 a las 18:00h (CET)\u00a0\u00a0en las instalaciones de Andorracing Fuels . Debido a la [&hellip;]","og_url":"http:\/\/esponsorama.ad\/es\/presentacion-avintia-esponsorama-sky-vr46-avintia-team-2021\/","og_site_name":"Esponsorama","article_published_time":"2021-02-01T12:50:01+00:00","article_modified_time":"2021-02-05T11:20:33+00:00","og_image":[{"width":3745,"height":2564,"url":"http:\/\/esponsorama.ad\/wp-content\/uploads\/2020\/11\/DSC_2024.jpg","type":"image\/jpeg"}],"author":"Xavi Andornet","twitter_card":"summary_large_image","twitter_misc":{"Escrito por":"Xavi Andornet","Tiempo de lectura":"1 minuto"},"schema":{"@context":"https:\/\/schema.org","@graph":[{"@type":"Article","@id":"http:\/\/esponsorama.ad\/es\/presentacion-avintia-esponsorama-sky-vr46-avintia-team-2021\/#article","isPartOf":{"@id":"http:\/\/esponsorama.ad\/es\/presentacion-avintia-esponsorama-sky-vr46-avintia-team-2021\/"},"author":{"name":"Xavi Andornet","@id":"http:\/\/esponsorama.ad\/es\/#\/schema\/person\/a5cde74945183d737066e46b61c6f9c4"},"headline":"Presentaci\u00f3n Avintia Esponsorama y SKY VR46 Avintia Team 2021","datePublished":"2021-02-01T12:50:01+00:00","dateModified":"2021-02-05T11:20:33+00:00","mainEntityOfPage":{"@id":"http:\/\/esponsorama.ad\/es\/presentacion-avintia-esponsorama-sky-vr46-avintia-team-2021\/"},"wordCount":220,"image":{"@id":"http:\/\/esponsorama.ad\/es\/presentacion-avintia-esponsorama-sky-vr46-avintia-team-2021\/#primaryimage"},"thumbnailUrl":"http:\/\/esponsorama.ad\/wp-content\/uploads\/2020\/11\/DSC_2024.jpg","articleSection":["Moto3","MotoE","MotoGP"],"inLanguage":"es"},{"@type":"WebPage","@id":"http:\/\/esponsorama.ad\/es\/presentacion-avintia-esponsorama-sky-vr46-avintia-team-2021\/","url":"http:\/\/esponsorama.ad\/es\/presentacion-avintia-esponsorama-sky-vr46-avintia-team-2021\/","name":"Presentaci\u00f3n Avintia Esponsorama y SKY VR46 Avintia Team 2021 - Esponsorama","isPartOf":{"@id":"http:\/\/esponsorama.ad\/es\/#website"},"primaryImageOfPage":{"@id":"http:\/\/esponsorama.ad\/es\/presentacion-avintia-esponsorama-sky-vr46-avintia-team-2021\/#primaryimage"},"image":{"@id":"http:\/\/esponsorama.ad\/es\/presentacion-avintia-esponsorama-sky-vr46-avintia-team-2021\/#primaryimage"},"thumbnailUrl":"http:\/\/esponsorama.ad\/wp-content\/uploads\/2020\/11\/DSC_2024.jpg","datePublished":"2021-02-01T12:50:01+00:00","dateModified":"2021-02-05T11:20:33+00:00","author":{"@id":"http:\/\/esponsorama.ad\/es\/#\/schema\/person\/a5cde74945183d737066e46b61c6f9c4"},"breadcrumb":{"@id":"http:\/\/esponsorama.ad\/es\/presentacion-avintia-esponsorama-sky-vr46-avintia-team-2021\/#breadcrumb"},"inLanguage":"es","potentialAction":[{"@type":"ReadAction","target":["http:\/\/esponsorama.ad\/es\/presentacion-avintia-esponsorama-sky-vr46-avintia-team-2021\/"]}]},{"@type":"ImageObject","inLanguage":"es","@id":"http:\/\/esponsorama.ad\/es\/presentacion-avintia-esponsorama-sky-vr46-avintia-team-2021\/#primaryimage","url":"http:\/\/esponsorama.ad\/wp-content\/uploads\/2020\/11\/DSC_2024.jpg","contentUrl":"http:\/\/esponsorama.ad\/wp-content\/uploads\/2020\/11\/DSC_2024.jpg","width":3745,"height":2564},{"@type":"BreadcrumbList","@id":"http:\/\/esponsorama.ad\/es\/presentacion-avintia-esponsorama-sky-vr46-avintia-team-2021\/#breadcrumb","itemListElement":[{"@type":"ListItem","position":1,"name":"Home","item":"http:\/\/esponsorama.ad\/es\/"},{"@type":"ListItem","position":2,"name":"Presentaci\u00f3n Avintia Esponsorama y SKY VR46 Avintia Team 2021"}]},{"@type":"WebSite","@id":"http:\/\/esponsorama.ad\/es\/#website","url":"http:\/\/esponsorama.ad\/es\/","name":"Esponsorama","description":"Specialist in motorsport sponsorship and event promotions","potentialAction":[{"@type":"SearchAction","target":{"@type":"EntryPoint","urlTemplate":"http:\/\/esponsorama.ad\/es\/?s={search_term_string}"},"query-input":{"@type":"PropertyValueSpecification","valueRequired":true,"valueName":"search_term_string"}}],"inLanguage":"es"},{"@type":"Person","@id":"http:\/\/esponsorama.ad\/es\/#\/schema\/person\/a5cde74945183d737066e46b61c6f9c4","name":"Xavi Andornet","image":{"@type":"ImageObject","inLanguage":"es","@id":"http:\/\/esponsorama.ad\/es\/#\/schema\/person\/image\/","url":"https:\/\/secure.gravatar.com\/avatar\/f10eaf9ad601244a2357c9fd7cd9805ed166cfaaf76d5d9ab08a9d873e70147a?s=96&d=mm&r=g","contentUrl":"https:\/\/secure.gravatar.com\/avatar\/f10eaf9ad601244a2357c9fd7cd9805ed166cfaaf76d5d9ab08a9d873e70147a?s=96&d=mm&r=g","caption":"Xavi Andornet"},"sameAs":["http:\/\/www.andornet.ad"],"url":"http:\/\/esponsorama.ad\/es\/author\/andornet\/"}]}},"_links":{"self":[{"href":"http:\/\/esponsorama.ad\/es\/wp-json\/wp\/v2\/posts\/16586","targetHints":{"allow":["GET"]}}],"collection":[{"href":"http:\/\/esponsorama.ad\/es\/wp-json\/wp\/v2\/posts"}],"about":[{"href":"http:\/\/esponsorama.ad\/es\/wp-json\/wp\/v2\/types\/post"}],"author":[{"embeddable":true,"href":"http:\/\/esponsorama.ad\/es\/wp-json\/wp\/v2\/users\/6"}],"replies":[{"embeddable":true,"href":"http:\/\/esponsorama.ad\/es\/wp-json\/wp\/v2\/comments?post=16586"}],"version-history":[{"count":15,"href":"http:\/\/esponsorama.ad\/es\/wp-json\/wp\/v2\/posts\/16586\/revisions"}],"predecessor-version":[{"id":16601,"href":"http:\/\/esponsorama.ad\/es\/wp-json\/wp\/v2\/posts\/16586\/revisions\/16601"}],"wp:featuredmedia":[{"embeddable":true,"href":"http:\/\/esponsorama.ad\/es\/wp-json\/wp\/v2\/media\/16562"}],"wp:attachment":[{"href":"http:\/\/esponsorama.ad\/es\/wp-json\/wp\/v2\/media?parent=16586"}],"wp:term":[{"taxonomy":"category","embeddable":true,"href":"http:\/\/esponsorama.ad\/es\/wp-json\/wp\/v2\/categories?post=16586"},{"taxonomy":"post_tag","embeddable":true,"href":"http:\/\/esponsorama.ad\/es\/wp-json\/wp\/v2\/tags?post=16586"}],"curies":[{"name":"wp","href":"https:\/\/api.w.org\/{rel}","templated":true}]}}