{"id":16671,"date":"2021-02-05T21:13:01","date_gmt":"2021-02-05T19:13:01","guid":{"rendered":"http:\/\/esponsorama.ad\/?p=16671"},"modified":"2021-02-09T14:12:10","modified_gmt":"2021-02-09T12:12:10","slug":"presentacion-nuevo-equipo-avintia-esponsorama-2021","status":"publish","type":"post","link":"http:\/\/esponsorama.ad\/es\/presentacion-nuevo-equipo-avintia-esponsorama-2021\/","title":{"rendered":"Presentaci\u00f3n nuevo equipo Avintia Esponsorama 2021"},"content":{"rendered":"<p>&nbsp;<\/p>\n<p><strong>LA PRESENTACI\u00d3N EN ANDORRA DEL EQUIPO AVINTIA ESPONSORAMA TODO UN \u00c9XITO.<\/strong><\/p>\n<p><em>\u00a0<\/em><\/p>\n<p><em>Cumpliendo al m\u00e1ximo todas las medidas y protocolo de seguridad marcados por las autoridades a causa de la pandemia global que estamos sufriendo, el <strong>Avintia Esponsorama<\/strong> <strong>Team<\/strong> ha celebrado la presentaci\u00f3n de su nuevo equipo.<\/em><\/p>\n<p><em>Con la participaci\u00f3n de todos los pilotos de las tres categor\u00edas presentes en el Mundial: <strong>Enea<\/strong> <strong>Bastiani<\/strong> y <strong>Luca Marini<\/strong> descubr\u00edan las Ducati Desmosedici con las que correr\u00e1n en MotoGP, <strong>Carlos Tatay<\/strong> y <strong>Niccol\u00f2 Antonelli<\/strong> en Moto3 con sus KTM AM80 y <strong>Xavi Cardelus<\/strong> y <strong>Andr\u00e9 Pires<\/strong> en sus monturas de MotoE Energica EGO corsa.<\/em><\/p>\n<p><em>El evento ha sido todo un \u00e9xito teniendo en cuenta el gran esfuerzo por parte de todos los organismos involucrados, en cumplir las medidas exigidas por el COVID 19. Sin duda un proyecto que luchara por conseguir los mejores resultados en esta nueva temporada 2021. <\/em><\/p>\n<p><strong><u>CATEGORIA MOTOGP<\/u><\/strong><\/p>\n<p><strong><em><u># 10 LUCA MARINI \u00a0<\/u><\/em><\/strong><\/p>\n<p><em>\u201cNo veo la hora de iniciar esta nueva estaci\u00f3n con el <strong>Sky VR46 Avintia <\/strong>: Ha sido dif\u00edcil esperar todos estos meses sin poder probar a finales de Noviembre la Ducati a como en una temporada normal. He pasado todo el invierno pensando c\u00f3mo ser\u00eda el primer d\u00eda de test. Con el apoyo de la Academia, me estoy entrenando muy fuerte para estar listo f\u00edsica y mentalmente. Habr\u00e1 muchas cosas por aprender y descubrir, trabajare concentrado para crecer y adaptarme a la nueva categor\u00eda lo m\u00e1s r\u00e1pido posible y obtener resultados que cada vez sean mejores. Aunque al mismo tiempo quiero disfrutar de mi primer a\u00f1o en MotoGP: Sera un momento especial en mi vida. Me gustar\u00eda agradecer a Ducati y al <strong>Sky Racing Team VR46<\/strong> su confianza, y poder devolver esa confianza depositada en mi con mi potencial, esperando que nuestra relaci\u00f3n se desarrolle de la mejor manera en los a\u00f1os venideros \u201c. <\/em><\/p>\n<p><em>\u00a0<\/em><\/p>\n<p><strong><em><u>#23 ENEA BASTIANINI <\/u><\/em><\/strong><\/p>\n<p><em>\u201cTodav\u00eda no podr\u00eda decir que espero de esta temporada 2021 es un cambio importante con una moto completamente nueva para m\u00ed, me gustar\u00eda ser r\u00e1pido, pero obviamente tendr\u00e9 que ir creciendo a lo largo del a\u00f1o. Las primeras carreras no ser\u00e1n f\u00e1ciles, aunque espero poder obtener buenos resultados lo antes posible. Sinceramente no veo la hora de comenzar. Quiero agradecer a <strong>Esponsorama Avintia<\/strong> y a Ducati su confianza y apoyo en esta temporada \u201c<\/em><\/p>\n<p><em>\u00a0<\/em><\/p>\n<p><strong><em><u>CATEGORIA MOTO3<\/u><\/em><\/strong><\/p>\n<p><strong><em>\u00a0<\/em><\/strong><\/p>\n<p><strong><em><u># 23 NICOLL\u00d2 ANTONELLI<\/u><\/em><\/strong><\/p>\n<p><strong><em>\u00a0<\/em><\/strong><\/p>\n<p><em>\u201cEspero dar el m\u00e1ximo en todas las carreras, el 200% de m\u00ed, quiero obtener los mejores resultados por m\u00ed y por el equipo. Estoy seguro de que trabajaremos muy bien juntos para alcanzar los mejores resultados juntos. Estoy impaciente por comenzar esta nueva temporada junto al equipo \u201c<\/em><\/p>\n<p><em>\u00a0<\/em><\/p>\n<p><strong><em><u>#99 CARLOS TATAY <\/u><\/em><\/strong><\/p>\n<p><em>\u00a0<\/em><\/p>\n<p><em>\u201cEstoy preparando esta temporada con muchas ganas, ser\u00e1 mi segundo a\u00f1o en el mundial por lo que hay que dar un paso m\u00e1s, los inconvenientes de la temporada pasada se han ido solucionando y poco a poco vamos mejorando. Lo m\u00e1s importante es trabajar duro sabiendo lo que hacemos para alcanzar los mejores resultados\u201d.<\/em><\/p>\n<p><em>\u00a0<\/em><\/p>\n<p><strong><em><u>CATEGORIA MOTOE<\/u><\/em><\/strong><\/p>\n<p><strong><em><u>#14 ANDR\u00c9 PIRES<\/u><\/em><\/strong><\/p>\n<p><em>\u201cEstoy muy contento por la oportunidad que me da el equipo Avintia Esponsorama para corres en el campeonato del mundo. Es un sue\u00f1o hecho realidad que me hace muy feliz. Intentare aprender y dar el m\u00e1ximo para obtener los mejores resultados y ser competitivo por m\u00ed, mi equipo y mis patrocinadores\u201d.<\/em><\/p>\n<p><em>\u00a0<\/em><\/p>\n<p><strong><em><u>#18 XAVI CARDELUS <\/u><\/em><\/strong><\/p>\n<p><em>\u201cLo primero me gustar\u00eda dar las gracias al equipo por confiar en m\u00ed una temporada m\u00e1s. Despu\u00e9s de la temporada pasada en MotoE he aprendido bastante y ya tenemos una base con la que comenzar a trabajar. Espero poder disfrutar este a\u00f1o y seguir aprendiendo para que todo mejore\u201d.<\/em><\/p>\n<p><em>\u00a0<\/em><\/p>\n<p><em>\u00a0<\/em><\/p>\n<p><em>\u00a0<\/em><\/p>\n<p><strong><em>\u00a0<\/em><\/strong><\/p>\n<p><strong><em>\u00a0<\/em><\/strong><\/p>\n<p><em>\u00a0<\/em><\/p>\n<p><em>\u00a0<\/em><\/p>\n<p><em>\u00a0<\/em><\/p>\n<p><strong><em>\u00a0<\/em><\/strong><\/p>\n<p><strong><em>\u00a0<\/em><\/strong><\/p>\n<p><em>\u00a0<\/em><\/p>\n","protected":false},"excerpt":{"rendered":"<p>&nbsp; LA PRESENTACI\u00d3N EN ANDORRA DEL EQUIPO AVINTIA ESPONSORAMA TODO UN \u00c9XITO. \u00a0 Cumpliendo al m\u00e1ximo todas las medidas y protocolo de seguridad marcados por las autoridades a causa de la pandemia global que estamos sufriendo, el Avintia Esponsorama Team ha celebrado la presentaci\u00f3n de su nuevo equipo. Con la participaci\u00f3n de todos los pilotos [&hellip;]<\/p>\n","protected":false},"author":6,"featured_media":16677,"comment_status":"closed","ping_status":"closed","sticky":false,"template":"","format":"standard","meta":{"footnotes":""},"categories":[9],"tags":[],"class_list":["post-16671","post","type-post","status-publish","format-standard","has-post-thumbnail","hentry","category-esponsorama"],"yoast_head":"<!-- This site is optimized with the Yoast SEO plugin v27.1.1 - https:\/\/yoast.com\/product\/yoast-seo-wordpress\/ -->\n<title>Presentaci\u00f3n nuevo equipo Avintia Esponsorama 2021 - Esponsorama<\/title>\n<meta name=\"robots\" content=\"index, follow, max-snippet:-1, max-image-preview:large, max-video-preview:-1\" \/>\n<link rel=\"canonical\" href=\"http:\/\/esponsorama.ad\/es\/presentacion-nuevo-equipo-avintia-esponsorama-2021\/\" \/>\n<meta property=\"og:locale\" content=\"es_ES\" \/>\n<meta property=\"og:type\" content=\"article\" \/>\n<meta property=\"og:title\" content=\"Presentaci\u00f3n nuevo equipo Avintia Esponsorama 2021 - Esponsorama\" \/>\n<meta property=\"og:description\" content=\"&nbsp; LA PRESENTACI\u00d3N EN ANDORRA DEL EQUIPO AVINTIA ESPONSORAMA TODO UN \u00c9XITO. \u00a0 Cumpliendo al m\u00e1ximo todas las medidas y protocolo de seguridad marcados por las autoridades a causa de la pandemia global que estamos sufriendo, el Avintia Esponsorama Team ha celebrado la presentaci\u00f3n de su nuevo equipo. Con la participaci\u00f3n de todos los pilotos [&hellip;]\" \/>\n<meta property=\"og:url\" content=\"http:\/\/esponsorama.ad\/es\/presentacion-nuevo-equipo-avintia-esponsorama-2021\/\" \/>\n<meta property=\"og:site_name\" content=\"Esponsorama\" \/>\n<meta property=\"article:published_time\" content=\"2021-02-05T19:13:01+00:00\" \/>\n<meta property=\"article:modified_time\" content=\"2021-02-09T12:12:10+00:00\" \/>\n<meta property=\"og:image\" content=\"http:\/\/esponsorama.ad\/wp-content\/uploads\/2021\/02\/011-IMAGEN-PRESENTACION-AVINTIA-2021-1024x683.jpg\" \/>\n\t<meta property=\"og:image:width\" content=\"1024\" \/>\n\t<meta property=\"og:image:height\" content=\"683\" \/>\n\t<meta property=\"og:image:type\" content=\"image\/jpeg\" \/>\n<meta name=\"author\" content=\"Xavi Andornet\" \/>\n<meta name=\"twitter:card\" content=\"summary_large_image\" \/>\n<meta name=\"twitter:label1\" content=\"Escrito por\" \/>\n\t<meta name=\"twitter:data1\" content=\"Xavi Andornet\" \/>\n\t<meta name=\"twitter:label2\" content=\"Tiempo de lectura\" \/>\n\t<meta name=\"twitter:data2\" content=\"3 minutos\" \/>\n<script type=\"application\/ld+json\" class=\"yoast-schema-graph\">{\"@context\":\"https:\/\/schema.org\",\"@graph\":[{\"@type\":\"Article\",\"@id\":\"http:\/\/esponsorama.ad\/es\/presentacion-nuevo-equipo-avintia-esponsorama-2021\/#article\",\"isPartOf\":{\"@id\":\"http:\/\/esponsorama.ad\/es\/presentacion-nuevo-equipo-avintia-esponsorama-2021\/\"},\"author\":{\"name\":\"Xavi Andornet\",\"@id\":\"http:\/\/esponsorama.ad\/es\/#\/schema\/person\/a5cde74945183d737066e46b61c6f9c4\"},\"headline\":\"Presentaci\u00f3n nuevo equipo Avintia Esponsorama 2021\",\"datePublished\":\"2021-02-05T19:13:01+00:00\",\"dateModified\":\"2021-02-09T12:12:10+00:00\",\"mainEntityOfPage\":{\"@id\":\"http:\/\/esponsorama.ad\/es\/presentacion-nuevo-equipo-avintia-esponsorama-2021\/\"},\"wordCount\":630,\"image\":{\"@id\":\"http:\/\/esponsorama.ad\/es\/presentacion-nuevo-equipo-avintia-esponsorama-2021\/#primaryimage\"},\"thumbnailUrl\":\"http:\/\/esponsorama.ad\/wp-content\/uploads\/2021\/02\/011-IMAGEN-PRESENTACION-AVINTIA-2021.jpg\",\"articleSection\":[\"Esponsorama\"],\"inLanguage\":\"es\"},{\"@type\":\"WebPage\",\"@id\":\"http:\/\/esponsorama.ad\/es\/presentacion-nuevo-equipo-avintia-esponsorama-2021\/\",\"url\":\"http:\/\/esponsorama.ad\/es\/presentacion-nuevo-equipo-avintia-esponsorama-2021\/\",\"name\":\"Presentaci\u00f3n nuevo equipo Avintia Esponsorama 2021 - Esponsorama\",\"isPartOf\":{\"@id\":\"http:\/\/esponsorama.ad\/es\/#website\"},\"primaryImageOfPage\":{\"@id\":\"http:\/\/esponsorama.ad\/es\/presentacion-nuevo-equipo-avintia-esponsorama-2021\/#primaryimage\"},\"image\":{\"@id\":\"http:\/\/esponsorama.ad\/es\/presentacion-nuevo-equipo-avintia-esponsorama-2021\/#primaryimage\"},\"thumbnailUrl\":\"http:\/\/esponsorama.ad\/wp-content\/uploads\/2021\/02\/011-IMAGEN-PRESENTACION-AVINTIA-2021.jpg\",\"datePublished\":\"2021-02-05T19:13:01+00:00\",\"dateModified\":\"2021-02-09T12:12:10+00:00\",\"author\":{\"@id\":\"http:\/\/esponsorama.ad\/es\/#\/schema\/person\/a5cde74945183d737066e46b61c6f9c4\"},\"breadcrumb\":{\"@id\":\"http:\/\/esponsorama.ad\/es\/presentacion-nuevo-equipo-avintia-esponsorama-2021\/#breadcrumb\"},\"inLanguage\":\"es\",\"potentialAction\":[{\"@type\":\"ReadAction\",\"target\":[\"http:\/\/esponsorama.ad\/es\/presentacion-nuevo-equipo-avintia-esponsorama-2021\/\"]}]},{\"@type\":\"ImageObject\",\"inLanguage\":\"es\",\"@id\":\"http:\/\/esponsorama.ad\/es\/presentacion-nuevo-equipo-avintia-esponsorama-2021\/#primaryimage\",\"url\":\"http:\/\/esponsorama.ad\/wp-content\/uploads\/2021\/02\/011-IMAGEN-PRESENTACION-AVINTIA-2021.jpg\",\"contentUrl\":\"http:\/\/esponsorama.ad\/wp-content\/uploads\/2021\/02\/011-IMAGEN-PRESENTACION-AVINTIA-2021.jpg\",\"width\":5863,\"height\":3909},{\"@type\":\"BreadcrumbList\",\"@id\":\"http:\/\/esponsorama.ad\/es\/presentacion-nuevo-equipo-avintia-esponsorama-2021\/#breadcrumb\",\"itemListElement\":[{\"@type\":\"ListItem\",\"position\":1,\"name\":\"Home\",\"item\":\"http:\/\/esponsorama.ad\/es\/\"},{\"@type\":\"ListItem\",\"position\":2,\"name\":\"Presentaci\u00f3n nuevo equipo Avintia Esponsorama 2021\"}]},{\"@type\":\"WebSite\",\"@id\":\"http:\/\/esponsorama.ad\/es\/#website\",\"url\":\"http:\/\/esponsorama.ad\/es\/\",\"name\":\"Esponsorama\",\"description\":\"Specialist in motorsport sponsorship and event promotions\",\"potentialAction\":[{\"@type\":\"SearchAction\",\"target\":{\"@type\":\"EntryPoint\",\"urlTemplate\":\"http:\/\/esponsorama.ad\/es\/?s={search_term_string}\"},\"query-input\":{\"@type\":\"PropertyValueSpecification\",\"valueRequired\":true,\"valueName\":\"search_term_string\"}}],\"inLanguage\":\"es\"},{\"@type\":\"Person\",\"@id\":\"http:\/\/esponsorama.ad\/es\/#\/schema\/person\/a5cde74945183d737066e46b61c6f9c4\",\"name\":\"Xavi Andornet\",\"image\":{\"@type\":\"ImageObject\",\"inLanguage\":\"es\",\"@id\":\"http:\/\/esponsorama.ad\/es\/#\/schema\/person\/image\/\",\"url\":\"https:\/\/secure.gravatar.com\/avatar\/f10eaf9ad601244a2357c9fd7cd9805ed166cfaaf76d5d9ab08a9d873e70147a?s=96&d=mm&r=g\",\"contentUrl\":\"https:\/\/secure.gravatar.com\/avatar\/f10eaf9ad601244a2357c9fd7cd9805ed166cfaaf76d5d9ab08a9d873e70147a?s=96&d=mm&r=g\",\"caption\":\"Xavi Andornet\"},\"sameAs\":[\"http:\/\/www.andornet.ad\"],\"url\":\"http:\/\/esponsorama.ad\/es\/author\/andornet\/\"}]}<\/script>\n<!-- \/ Yoast SEO plugin. -->","yoast_head_json":{"title":"Presentaci\u00f3n nuevo equipo Avintia Esponsorama 2021 - Esponsorama","robots":{"index":"index","follow":"follow","max-snippet":"max-snippet:-1","max-image-preview":"max-image-preview:large","max-video-preview":"max-video-preview:-1"},"canonical":"http:\/\/esponsorama.ad\/es\/presentacion-nuevo-equipo-avintia-esponsorama-2021\/","og_locale":"es_ES","og_type":"article","og_title":"Presentaci\u00f3n nuevo equipo Avintia Esponsorama 2021 - Esponsorama","og_description":"&nbsp; LA PRESENTACI\u00d3N EN ANDORRA DEL EQUIPO AVINTIA ESPONSORAMA TODO UN \u00c9XITO. \u00a0 Cumpliendo al m\u00e1ximo todas las medidas y protocolo de seguridad marcados por las autoridades a causa de la pandemia global que estamos sufriendo, el Avintia Esponsorama Team ha celebrado la presentaci\u00f3n de su nuevo equipo. Con la participaci\u00f3n de todos los pilotos [&hellip;]","og_url":"http:\/\/esponsorama.ad\/es\/presentacion-nuevo-equipo-avintia-esponsorama-2021\/","og_site_name":"Esponsorama","article_published_time":"2021-02-05T19:13:01+00:00","article_modified_time":"2021-02-09T12:12:10+00:00","og_image":[{"width":1024,"height":683,"url":"http:\/\/esponsorama.ad\/wp-content\/uploads\/2021\/02\/011-IMAGEN-PRESENTACION-AVINTIA-2021-1024x683.jpg","type":"image\/jpeg"}],"author":"Xavi Andornet","twitter_card":"summary_large_image","twitter_misc":{"Escrito por":"Xavi Andornet","Tiempo de lectura":"3 minutos"},"schema":{"@context":"https:\/\/schema.org","@graph":[{"@type":"Article","@id":"http:\/\/esponsorama.ad\/es\/presentacion-nuevo-equipo-avintia-esponsorama-2021\/#article","isPartOf":{"@id":"http:\/\/esponsorama.ad\/es\/presentacion-nuevo-equipo-avintia-esponsorama-2021\/"},"author":{"name":"Xavi Andornet","@id":"http:\/\/esponsorama.ad\/es\/#\/schema\/person\/a5cde74945183d737066e46b61c6f9c4"},"headline":"Presentaci\u00f3n nuevo equipo Avintia Esponsorama 2021","datePublished":"2021-02-05T19:13:01+00:00","dateModified":"2021-02-09T12:12:10+00:00","mainEntityOfPage":{"@id":"http:\/\/esponsorama.ad\/es\/presentacion-nuevo-equipo-avintia-esponsorama-2021\/"},"wordCount":630,"image":{"@id":"http:\/\/esponsorama.ad\/es\/presentacion-nuevo-equipo-avintia-esponsorama-2021\/#primaryimage"},"thumbnailUrl":"http:\/\/esponsorama.ad\/wp-content\/uploads\/2021\/02\/011-IMAGEN-PRESENTACION-AVINTIA-2021.jpg","articleSection":["Esponsorama"],"inLanguage":"es"},{"@type":"WebPage","@id":"http:\/\/esponsorama.ad\/es\/presentacion-nuevo-equipo-avintia-esponsorama-2021\/","url":"http:\/\/esponsorama.ad\/es\/presentacion-nuevo-equipo-avintia-esponsorama-2021\/","name":"Presentaci\u00f3n nuevo equipo Avintia Esponsorama 2021 - Esponsorama","isPartOf":{"@id":"http:\/\/esponsorama.ad\/es\/#website"},"primaryImageOfPage":{"@id":"http:\/\/esponsorama.ad\/es\/presentacion-nuevo-equipo-avintia-esponsorama-2021\/#primaryimage"},"image":{"@id":"http:\/\/esponsorama.ad\/es\/presentacion-nuevo-equipo-avintia-esponsorama-2021\/#primaryimage"},"thumbnailUrl":"http:\/\/esponsorama.ad\/wp-content\/uploads\/2021\/02\/011-IMAGEN-PRESENTACION-AVINTIA-2021.jpg","datePublished":"2021-02-05T19:13:01+00:00","dateModified":"2021-02-09T12:12:10+00:00","author":{"@id":"http:\/\/esponsorama.ad\/es\/#\/schema\/person\/a5cde74945183d737066e46b61c6f9c4"},"breadcrumb":{"@id":"http:\/\/esponsorama.ad\/es\/presentacion-nuevo-equipo-avintia-esponsorama-2021\/#breadcrumb"},"inLanguage":"es","potentialAction":[{"@type":"ReadAction","target":["http:\/\/esponsorama.ad\/es\/presentacion-nuevo-equipo-avintia-esponsorama-2021\/"]}]},{"@type":"ImageObject","inLanguage":"es","@id":"http:\/\/esponsorama.ad\/es\/presentacion-nuevo-equipo-avintia-esponsorama-2021\/#primaryimage","url":"http:\/\/esponsorama.ad\/wp-content\/uploads\/2021\/02\/011-IMAGEN-PRESENTACION-AVINTIA-2021.jpg","contentUrl":"http:\/\/esponsorama.ad\/wp-content\/uploads\/2021\/02\/011-IMAGEN-PRESENTACION-AVINTIA-2021.jpg","width":5863,"height":3909},{"@type":"BreadcrumbList","@id":"http:\/\/esponsorama.ad\/es\/presentacion-nuevo-equipo-avintia-esponsorama-2021\/#breadcrumb","itemListElement":[{"@type":"ListItem","position":1,"name":"Home","item":"http:\/\/esponsorama.ad\/es\/"},{"@type":"ListItem","position":2,"name":"Presentaci\u00f3n nuevo equipo Avintia Esponsorama 2021"}]},{"@type":"WebSite","@id":"http:\/\/esponsorama.ad\/es\/#website","url":"http:\/\/esponsorama.ad\/es\/","name":"Esponsorama","description":"Specialist in motorsport sponsorship and event promotions","potentialAction":[{"@type":"SearchAction","target":{"@type":"EntryPoint","urlTemplate":"http:\/\/esponsorama.ad\/es\/?s={search_term_string}"},"query-input":{"@type":"PropertyValueSpecification","valueRequired":true,"valueName":"search_term_string"}}],"inLanguage":"es"},{"@type":"Person","@id":"http:\/\/esponsorama.ad\/es\/#\/schema\/person\/a5cde74945183d737066e46b61c6f9c4","name":"Xavi Andornet","image":{"@type":"ImageObject","inLanguage":"es","@id":"http:\/\/esponsorama.ad\/es\/#\/schema\/person\/image\/","url":"https:\/\/secure.gravatar.com\/avatar\/f10eaf9ad601244a2357c9fd7cd9805ed166cfaaf76d5d9ab08a9d873e70147a?s=96&d=mm&r=g","contentUrl":"https:\/\/secure.gravatar.com\/avatar\/f10eaf9ad601244a2357c9fd7cd9805ed166cfaaf76d5d9ab08a9d873e70147a?s=96&d=mm&r=g","caption":"Xavi Andornet"},"sameAs":["http:\/\/www.andornet.ad"],"url":"http:\/\/esponsorama.ad\/es\/author\/andornet\/"}]}},"_links":{"self":[{"href":"http:\/\/esponsorama.ad\/es\/wp-json\/wp\/v2\/posts\/16671","targetHints":{"allow":["GET"]}}],"collection":[{"href":"http:\/\/esponsorama.ad\/es\/wp-json\/wp\/v2\/posts"}],"about":[{"href":"http:\/\/esponsorama.ad\/es\/wp-json\/wp\/v2\/types\/post"}],"author":[{"embeddable":true,"href":"http:\/\/esponsorama.ad\/es\/wp-json\/wp\/v2\/users\/6"}],"replies":[{"embeddable":true,"href":"http:\/\/esponsorama.ad\/es\/wp-json\/wp\/v2\/comments?post=16671"}],"version-history":[{"count":1,"href":"http:\/\/esponsorama.ad\/es\/wp-json\/wp\/v2\/posts\/16671\/revisions"}],"predecessor-version":[{"id":16674,"href":"http:\/\/esponsorama.ad\/es\/wp-json\/wp\/v2\/posts\/16671\/revisions\/16674"}],"wp:featuredmedia":[{"embeddable":true,"href":"http:\/\/esponsorama.ad\/es\/wp-json\/wp\/v2\/media\/16677"}],"wp:attachment":[{"href":"http:\/\/esponsorama.ad\/es\/wp-json\/wp\/v2\/media?parent=16671"}],"wp:term":[{"taxonomy":"category","embeddable":true,"href":"http:\/\/esponsorama.ad\/es\/wp-json\/wp\/v2\/categories?post=16671"},{"taxonomy":"post_tag","embeddable":true,"href":"http:\/\/esponsorama.ad\/es\/wp-json\/wp\/v2\/tags?post=16671"}],"curies":[{"name":"wp","href":"https:\/\/api.w.org\/{rel}","templated":true}]}}